{"id":13115,"date":"2019-05-02T22:27:26","date_gmt":"2019-05-02T20:27:26","guid":{"rendered":"http:\/\/www.moravecteam.cz\/?p=13115"},"modified":"2019-05-03T06:09:16","modified_gmt":"2019-05-03T04:09:16","slug":"uspesny-touskov","status":"publish","type":"post","link":"https:\/\/www.moravecteam.cz\/?p=13115","title":{"rendered":"\u00dasp\u011b\u0161n\u00fd Tou\u0161kov!"},"content":{"rendered":"<p style=\"text-align: justify;\"><strong><span style=\"color: #800000;\">Nejsem si jist, zda jsme n\u011bkdy dovezli v\u00edce medail\u00ed z jednoho z\u00e1vodu \u010cesk\u00e9ho poh\u00e1ru horsk\u00fdch kol, co se poda\u0159ilo\u00a0 vybojovat na\u0161im rajdr\u016fm minulou sobotu ve M\u011bst\u011b Tou\u0161kov\u011b&#8230; Jedna zlat\u00e1 a t\u0159i st\u0159\u00edbrn\u00e9 plus dal\u0161\u00ed kvalitn\u00ed v\u00fdkony na\u0161ich, kter\u00e9 jim zajistili pozice v horn\u00edch patrech tou\u0161kovsk\u00fdch v\u00fdsledkov\u00fdch listin &#8211; to je radostn\u00e9 zji\u0161t\u011bn\u00ed ze &#8222;z\u00e1padn\u00ed mise!&#8220; O placky se, podobn\u011b jako p\u0159i premi\u00e9\u0159e v Kutn\u00e9 Ho\u0159e postarala, star\u0161\u00ed \u017e\u00e1kyn\u011b Eli\u0161ka Han\u00e1kov\u00e1 (zlato) a Just\u00fdna Novotn\u00e1 (st\u0159\u00edbro &#8211; kategorie 9-10 let). Pobl\u00ed\u017e Plzn\u011b se k nim nav\u00edc p\u0159idali st\u0159\u00edbrn\u00ed Am\u00e1lka Gottwaldov\u00e1 (mlad\u0161\u00ed \u017e\u00e1kyn\u011b) a i Petr \u0160ich (mu\u017ei EXPERT). Bravo MORAVEC!<\/span><\/strong><\/p>\n<figure id=\"attachment_13121\" aria-describedby=\"caption-attachment-13121\" style=\"width: 5295px\" class=\"wp-caption alignnone\"><a href=\"http:\/\/www.moravecteam.cz\/?attachment_id=13121\" rel=\"attachment wp-att-13121\"><img decoding=\"async\" loading=\"lazy\" class=\" wp-image-13121\" alt=\"DSC_0222\" src=\"http:\/\/www.moravecteam.cz\/wp-content\/uploads\/2019\/05\/DSC_0222.jpg\" width=\"5295\" height=\"2623\" srcset=\"https:\/\/www.moravecteam.cz\/wp-content\/uploads\/2019\/05\/DSC_0222.jpg 5295w, https:\/\/www.moravecteam.cz\/wp-content\/uploads\/2019\/05\/DSC_0222-300x148.jpg 300w, https:\/\/www.moravecteam.cz\/wp-content\/uploads\/2019\/05\/DSC_0222-1024x507.jpg 1024w\" sizes=\"(max-width: 5295px) 100vw, 5295px\" \/><\/a><figcaption id=\"caption-attachment-13121\" class=\"wp-caption-text\">\u010cty\u0159i na\u0161i madailov\u00ed &#8222;mu\u0161ket\u00fd\u0159i&#8220; kr\u00e1tce po vyhl\u00e1\u0161en\u00ed v\u00edt\u011bz\u016f! Supr fotka! A co na tom, \u017ee na Eli\u0161ku nezbyl diplom&#8230;<\/figcaption><\/figure>\n<p style=\"text-align: justify;\">V\u00fdsledek je o to cenn\u011bj\u0161\u00ed, \u017ee do Tou\u0161kova jsme jeli oslaben\u00ed o \u010dty\u0159i rajdry: sourozenci Maty\u00e1\u0161 a Lucie Koudelkovi (mlad\u0161\u00ed \u017e\u00e1kyn\u011b, star\u0161\u00ed \u017e\u00e1k) dali p\u0159ednost z\u00e1vodu v r\u00e1mci seri\u00e1lu Kolo pro \u017eivot, ze studijn\u00edch d\u016fvod\u016f chyb\u011bl i dal\u0161\u00ed star\u0161\u00ed \u017e\u00e1k\u00a0 V\u00edtek Lipensk\u00fd a nemoc zabr\u00e1nila odcestovat na druh\u00fd poh\u00e1r juniorovi V\u00ed\u0165ovi Such\u00e1nkovi. Zbrusu nov\u00e1 tra\u0165 &#8222;vykovan\u00e1&#8220; nestorem \u010desk\u00e9ho bikingu. Milanem Sp\u011b\u0161n\u00fdm, byla po v\u0161ech str\u00e1nk\u00e1ch n\u00e1ro\u010dn\u00e1\u00a0 a notn\u011b prov\u011b\u0159ila na\u0161e jezdce p\u0159edev\u0161\u00edm po technick\u00e9 str\u00e1nce. Nutno dodat, \u017ee tito obst\u00e1li se ct\u00ed&#8230;<\/p>\n<figure id=\"attachment_13122\" aria-describedby=\"caption-attachment-13122\" style=\"width: 2169px\" class=\"wp-caption alignnone\"><a href=\"http:\/\/www.moravecteam.cz\/?attachment_id=13122\" rel=\"attachment wp-att-13122\"><img decoding=\"async\" loading=\"lazy\" class=\" wp-image-13122\" alt=\"DSC_0061\" src=\"http:\/\/www.moravecteam.cz\/wp-content\/uploads\/2019\/05\/DSC_0061.jpg\" width=\"2169\" height=\"2191\" srcset=\"https:\/\/www.moravecteam.cz\/wp-content\/uploads\/2019\/05\/DSC_0061.jpg 2169w, https:\/\/www.moravecteam.cz\/wp-content\/uploads\/2019\/05\/DSC_0061-25x25.jpg 25w, https:\/\/www.moravecteam.cz\/wp-content\/uploads\/2019\/05\/DSC_0061-296x300.jpg 296w, https:\/\/www.moravecteam.cz\/wp-content\/uploads\/2019\/05\/DSC_0061-1013x1024.jpg 1013w\" sizes=\"(max-width: 2169px) 100vw, 2169px\" \/><\/a><figcaption id=\"caption-attachment-13122\" class=\"wp-caption-text\">&#8222;D\u017eastyn&#8220; Novotn\u00e1 v pln\u00e9m soust\u0159ed\u011bn\u00ed uh\u00e1n\u00ed pro dal\u0161\u00ed st\u0159\u00edbro!<\/figcaption><\/figure>\n<p style=\"text-align: justify;\">N\u00e1\u0161 v\u00fdsledkov\u00fd \u00fa\u010det otev\u0159el v Tou\u0161kov\u011b um\u00edst\u011bn\u00edm v TOP10 <strong><span style=\"color: #800000;\">Jon\u00e1\u0161ek Janovsk\u00fd<\/span><\/strong>, kter\u00fd n\u00e1s reprezentuje v kategorii MINIME chlapc\u016f ml\u00e1d\u00ed 5-6 let. Druh\u00fdm na\u0161\u00edm reprezentantem v z\u00e1vodech MINIME byla Just\u00fdna Novotn\u00e1 (kat. 9-10 let), kter\u00e1 v Tou\u0161kov\u011b\u00a0 vybojovala op\u011bt st\u0159\u00edbro a tak potvrdila, \u017ee v\u00fdsledek z Kutn\u00e9 Hory nebyl zdaleka n\u00e1hodn\u00fd! Zdatn\u011b ji v z\u00e1vod\u011b sekundovali i jej\u00ed t\u00fdmov\u00e9 kolegyn\u011b: <strong><span style=\"color: #800000;\">Lucie Gottwaldov\u00e1<\/span><\/strong> (15. m\u00edsto) a <span style=\"color: #800000;\"><strong>Magdal\u00e9na Barto\u0161ov\u00e1<\/strong> <\/span>(23. m\u00edsto).<\/p>\n<figure id=\"attachment_13123\" aria-describedby=\"caption-attachment-13123\" style=\"width: 2000px\" class=\"wp-caption alignnone\"><a href=\"http:\/\/www.moravecteam.cz\/?attachment_id=13123\" rel=\"attachment wp-att-13123\"><img decoding=\"async\" loading=\"lazy\" class=\" wp-image-13123\" alt=\"DSC_0213\" src=\"http:\/\/www.moravecteam.cz\/wp-content\/uploads\/2019\/05\/DSC_0213.jpg\" width=\"2000\" height=\"1159\" srcset=\"https:\/\/www.moravecteam.cz\/wp-content\/uploads\/2019\/05\/DSC_0213.jpg 2000w, https:\/\/www.moravecteam.cz\/wp-content\/uploads\/2019\/05\/DSC_0213-300x173.jpg 300w, https:\/\/www.moravecteam.cz\/wp-content\/uploads\/2019\/05\/DSC_0213-1024x593.jpg 1024w\" sizes=\"(max-width: 2000px) 100vw, 2000px\" \/><\/a><figcaption id=\"caption-attachment-13123\" class=\"wp-caption-text\">&#8222;Doba st\u0159\u00edbrn\u00e1&#8220; zat\u00edm u Am\u00e1lky Gottwaldov\u00e9 pokra\u010duje&#8230; Zat\u00edm&#8230; V Tou\u0161kov\u011b j\u00ed k supr v\u00fdsledku pop\u0159\u00e1l i Jirka Je\u017eek!<\/figcaption><\/figure>\n<p style=\"text-align: justify;\">Soub\u011b\u017ene se starty kategori\u00ed MINIME se jeli j\u00edzdy v technick\u00fdch sekc\u00edch kategori\u00ed mlad\u0161\u00edch \u017e\u00e1k\u016f a \u017e\u00e1ky\u0148 a star\u0161\u00edch \u017e\u00e1k\u016f a \u017e\u00e1ky\u0148. Osmi na\u0161im, kte\u0159\u00ed byli v r\u00e1mci t\u00e9to\u00a0 discipliny v akci, se &#8211; podobn\u011b jako v KH &#8211; docela da\u0159ilo, nepropadli a prim zajeli p\u0159edev\u0161\u00edm Roman \u0160indel\u00e1\u0159 (45 bod\u016f) a Eli\u0161ka Han\u00e1kov\u00e1 (40 bod\u016f). P\u0159ipom\u00edn\u00e1m, \u017ee TOP v\u00fdsledkem v tomto dopl\u0148ku leto\u0161n\u00edho \u010cP je 50 bod\u016f.\u00a0Na st\u0159\u00edbrnou nit Just\u00fdny Novotn\u00e9 nav\u00e1zala z\u00e1hy v z\u00e1vod\u011b mlad\u0161\u00edch \u017e\u00e1ky\u0148 <strong><span style=\"color: #800000;\">Am\u00e1lka Gottwaldov\u00e1<\/span><\/strong>, kterou po v\u00fdborn\u00e9m v\u00fdkonu d\u011blilo v c\u00edli od zlata 11 vte\u0159inek&#8230; Po lo\u0148sk\u00fdch dvou st\u0159\u00edbrn\u00fdch (\u010cP Zadov a M\u010cR Pec pod Sn\u011b\u017ekou) m\u00ed\u0159\u00ed Am\u00e1lka zcela jist\u011b na zlatou bednu! A bylo by fajn, kdyby si toto um\u00edst\u011bn\u00ed po\u0161et\u0159ila na leto\u0161n\u00ed &#8222;mistr\u00e1k&#8220; do Hlinska&#8230; I &#8222;Am\u00e1la&#8220; m\u011bla ve zbyl\u00e9m triu na\u0161ich d\u00edvek, kter\u00e9 se postavili s n\u00ed v t\u00e9to kategorii na start, zdatn\u00e9 sekundantky. <strong><span style=\"color: #800000;\">Ani\u010dka Han\u00e1kov\u00e1<\/span><\/strong> dojela v TOP10, <span style=\"color: #800000;\"><strong>Bar\u010da Tlamkov\u00e1<\/strong><\/span> fini\u0161ovala v TOP20. a druh\u00e1 z na\u0161ich\u00a0 Barunek, <strong><span style=\"color: #800000;\">Bar\u010da Janovsk\u00e1<\/span><\/strong> dokon\u010dila z\u00e1vod v TOP30.<\/p>\n<figure id=\"attachment_13124\" aria-describedby=\"caption-attachment-13124\" style=\"width: 2000px\" class=\"wp-caption alignnone\"><a href=\"http:\/\/www.moravecteam.cz\/?attachment_id=13124\" rel=\"attachment wp-att-13124\"><img decoding=\"async\" loading=\"lazy\" class=\" wp-image-13124\" alt=\"DSC_0210\" src=\"http:\/\/www.moravecteam.cz\/wp-content\/uploads\/2019\/05\/DSC_0210.jpg\" width=\"2000\" height=\"1333\" srcset=\"https:\/\/www.moravecteam.cz\/wp-content\/uploads\/2019\/05\/DSC_0210.jpg 2000w, https:\/\/www.moravecteam.cz\/wp-content\/uploads\/2019\/05\/DSC_0210-300x199.jpg 300w, https:\/\/www.moravecteam.cz\/wp-content\/uploads\/2019\/05\/DSC_0210-1024x682.jpg 1024w\" sizes=\"(max-width: 2000px) 100vw, 2000px\" \/><\/a><figcaption id=\"caption-attachment-13124\" class=\"wp-caption-text\">Rovnice je jednoduch\u00e1: Talent + tr\u00e9ninkov\u00e1 p\u00edle + trp\u011blivost = \u00fasp\u011bch! Pracovit\u00fd Petr \u0160ich tento postul\u00e1t ov\u011b\u0159uje v praxi&#8230;<\/figcaption><\/figure>\n<p style=\"text-align: justify;\">V kategorii mlad\u0161\u00edch \u017e\u00e1k\u016f jsme m\u011bli\u00a0 jedin\u00e9ho reprezentanta. Konkurenci 88 soupe\u0159\u016f \u010delil <strong><span style=\"color: #800000;\">Matou\u0161 Lipensk\u00fd<\/span><\/strong> a v z\u00e1vod\u011b st\u00edhal um\u00edst\u011bn\u00ed zhruba uprost\u0159ed tohoto po\u010detn\u011b hutn\u00e9ho startovn\u00edho pole. Do t\u0159etice t\u0159\u00edbrnou radost n\u00e1m posledn\u00ed dubnovou sobotu ud\u011blal &#8222;EXPERT&#8220;\u00a0<strong><span style=\"color: #800000;\">Petr \u0160ich<\/span><\/strong>, kter\u00fd si druh\u00e9 m\u00edsto ohl\u00eddal s jistotou a naplnil v Tou\u0161kov\u011b jednozna\u010dn\u011b svoje leto\u0161n\u00ed meailov\u00e9 ambice v t\u00e9to kategorii. Trp\u011blivost a poctiv\u00e1 p\u0159\u00edprava dojde z\u00faro\u010den\u00ed &#8211; a\u0165 u\u017e d\u0159\u00edve nebo pozd\u011bji! Pe\u0165a je toho d\u016fkazem&#8230;<\/p>\n<figure id=\"attachment_13125\" aria-describedby=\"caption-attachment-13125\" style=\"width: 2207px\" class=\"wp-caption alignnone\"><a href=\"http:\/\/www.moravecteam.cz\/?attachment_id=13125\" rel=\"attachment wp-att-13125\"><img decoding=\"async\" loading=\"lazy\" class=\" wp-image-13125\" alt=\"DSC_0131\" src=\"http:\/\/www.moravecteam.cz\/wp-content\/uploads\/2019\/05\/DSC_0131.jpg\" width=\"2207\" height=\"2241\" srcset=\"https:\/\/www.moravecteam.cz\/wp-content\/uploads\/2019\/05\/DSC_0131.jpg 2207w, https:\/\/www.moravecteam.cz\/wp-content\/uploads\/2019\/05\/DSC_0131-25x25.jpg 25w, https:\/\/www.moravecteam.cz\/wp-content\/uploads\/2019\/05\/DSC_0131-295x300.jpg 295w, https:\/\/www.moravecteam.cz\/wp-content\/uploads\/2019\/05\/DSC_0131-1008x1024.jpg 1008w\" sizes=\"(max-width: 2207px) 100vw, 2207px\" \/><\/a><figcaption id=\"caption-attachment-13125\" class=\"wp-caption-text\">V tuto chv\u00edli je\u0161t\u011b Ad\u00e9la Pernick\u00e1 (Bike Pro Racing) dr\u017eela s Eli\u0161kou Han\u00e1kovou krok. Pozd\u011bji bylo &#8211; k na\u0161\u00ed velk\u00e9 radosti &#8211; v\u0161echno jinak!<\/figcaption><\/figure>\n<p style=\"text-align: justify;\">Z\u00e1v\u011br sobotn\u00edho programu pat\u0159il start\u016fm presti\u017en\u00edch kategori\u00ed star\u0161\u00edch \u017e\u00e1ky\u0148 a \u017e\u00e1k\u016f. Po trojn\u00e1sobn\u00e9 st\u0159\u00edbrn\u00e9 radosti jsme doufali ve zlatou te\u010dku a d\u00edky <strong><span style=\"color: #800000;\">Eli\u0161ce Han\u00e1kov\u00e9<\/span><\/strong> jsme se j\u00ed do\u010dkali! &#8222;Ellis&#8220; zvl\u00e1dla z\u00e1vod ve stylu zku\u0161en\u00e9 rutin\u00e9rky. V \u00favodu\u00a0 si pohl\u00eddala \u010delo, aby v prav\u00fd \u010das za\u00fato\u010dila! Velmi brzy j\u00ed tento r\u00e1zn\u00fd atak vynesl dostate\u010dn\u00fd n\u00e1skok p\u0159ed soupe\u0159kami, kter\u00fd pak u\u017e v klidu udr\u017eela a\u017e do c\u00edle! V z\u00e1v\u011bre\u010dn\u00e9m startu dne, kter\u00fd obstarali star\u0161\u00ed \u017e\u00e1ci brali dva na\u0161i borci um\u00edst\u011bn\u00ed v p\u00e1t\u00e9 des\u00edtce v\u00fdsledkov\u00e9 listiny (<strong><span style=\"color: #800000;\">Luk\u00e1\u0161 Sedl\u00e1k<\/span><\/strong>) resp. v \u0161est\u00e9 des\u00edtce (<strong><span style=\"color: #800000;\">Roman \u0160indel\u00e1\u0159<\/span><\/strong>). Startovn\u00ed listina t\u00e9to kategorie byla ten den rekordn\u00ed: souboj svedlo 90 borc\u016f..<\/p>\n<figure id=\"attachment_13126\" aria-describedby=\"caption-attachment-13126\" style=\"width: 6000px\" class=\"wp-caption alignnone\"><a href=\"http:\/\/www.moravecteam.cz\/?attachment_id=13126\" rel=\"attachment wp-att-13126\"><img decoding=\"async\" loading=\"lazy\" class=\" wp-image-13126\" alt=\"DSC_0189\" src=\"http:\/\/www.moravecteam.cz\/wp-content\/uploads\/2019\/05\/DSC_0189.jpg\" width=\"6000\" height=\"4000\" srcset=\"https:\/\/www.moravecteam.cz\/wp-content\/uploads\/2019\/05\/DSC_0189.jpg 6000w, https:\/\/www.moravecteam.cz\/wp-content\/uploads\/2019\/05\/DSC_0189-300x200.jpg 300w, https:\/\/www.moravecteam.cz\/wp-content\/uploads\/2019\/05\/DSC_0189-1024x682.jpg 1024w\" sizes=\"(max-width: 6000px) 100vw, 6000px\" \/><\/a><figcaption id=\"caption-attachment-13126\" class=\"wp-caption-text\">Luk\u00e1\u0161 Sedl\u00e1k v jednom z tvrd\u00fdch souboj\u016f o pozici v z\u00e1vod\u011b star\u0161\u00edch \u017e\u00e1k\u016f.<\/figcaption><\/figure>\n<p style=\"text-align: justify;\">Samojedin\u00e1 pak reprezentovala MORAVEC Team v ned\u011bli kadetka <strong><span style=\"color: #800000;\">Kl\u00e1ra Odehnalov\u00e1<\/span><\/strong>. Bohu\u017eel hned v \u00favodn\u00edm kole m\u011bla nep\u0159\u00edjemn\u00fd p\u00e1d, kter\u00fd zp\u016fsobil t\u011b\u017eko dohnatelnou \u010dasovou ztr\u00e1tu. Ka\u017edop\u00e1dn\u011b d\u00edl\u010d\u00ed nezdary z Tou\u0161kova ur\u010dit\u011b vyva\u017euje zisk rekordn\u00edch \u010dty\u0159 medail\u00ed pro MORAVEC Team! A \u0161ance si p\u0159\u00edpadn\u011b &#8222;spravit chu\u0165&#8220; je u\u017e tuto sobotu, <a href=\"http:\/\/www.pohardrahanskevrchoviny.cz\/monaco-se-blizi\/\"><strong>na premi\u00e9rov\u00e9 presti\u017en\u00ed MTB &#8222;Vrchovin\u011b&#8220;<\/strong><\/a>, kterou host\u00ed Valchov. D\u00edky v\u0161em z Tou\u0161kova za poctivou pr\u00e1ci, podp\u016frn\u00e9 rodinn\u00e9 t\u00fdmy nevyj\u00edmaje! Bravo MORAVEC! <strong><a href=\"https:\/\/cpxcmtb.sportsoft.cz\/2019\/teams.aspx\">Vedeme si zat\u00edm v \u010cP velmi zdatn\u011b!\u00a0<\/a><\/strong><\/p>\n<figure id=\"attachment_13127\" aria-describedby=\"caption-attachment-13127\" style=\"width: 2000px\" class=\"wp-caption alignnone\"><a href=\"http:\/\/www.moravecteam.cz\/?attachment_id=13127\" rel=\"attachment wp-att-13127\"><img decoding=\"async\" loading=\"lazy\" class=\" wp-image-13127\" alt=\"DSC_0219\" src=\"http:\/\/www.moravecteam.cz\/wp-content\/uploads\/2019\/05\/DSC_0219.jpg\" width=\"2000\" height=\"1399\" srcset=\"https:\/\/www.moravecteam.cz\/wp-content\/uploads\/2019\/05\/DSC_0219.jpg 2000w, https:\/\/www.moravecteam.cz\/wp-content\/uploads\/2019\/05\/DSC_0219-300x209.jpg 300w, https:\/\/www.moravecteam.cz\/wp-content\/uploads\/2019\/05\/DSC_0219-1024x716.jpg 1024w\" sizes=\"(max-width: 2000px) 100vw, 2000px\" \/><\/a><figcaption id=\"caption-attachment-13127\" class=\"wp-caption-text\">TOP star\u0161\u00ed \u017e\u00e1kyn\u011b z Tou\u0161kova! Moc p\u011bkn\u00e1 fotka&#8230;.<\/figcaption><\/figure>\n<h5 style=\"text-align: justify;\"><span style=\"color: #800000;\">M\u011bsto Tou\u0161kov &#8211; v\u00fdsledkov\u00fd souhrn MORAVEC Teamu<\/span><\/h5>\n<ul>\n<li style=\"text-align: justify;\">Kluci 5-6 let: 10. Jon\u00e1\u0161 Janovsk\u00fd \/ (celkov\u00e9 8. m\u00edsto po dvou z\u00e1vodech)<\/li>\n<li style=\"text-align: justify;\">Holky 9-10 let: <strong><span style=\"color: #808080;\">2. Just\u00fdna Novotna<\/span><\/strong> \/ (2.), 15. Lucie Gottwaldov\u00e1 \/ (15.), 23. Magdalena Barto\u0161ov\u00e1 (26.), nestartovala Marie Barto\u0161ov\u00e1 (zran\u011bn\u00ed) \/ (celkov\u011b je 34.)<\/li>\n<li style=\"text-align: justify;\">Mlad\u0161\u00ed \u017e\u00e1yn\u011b: <strong><span style=\"color: #808080;\">2. Am\u00e1lie Gottwaldov\u00e1<\/span><\/strong> \/ (3.), 7. Anna Han\u00e1kov\u00e1 \/ (7.), 14. Barbora Tlamkov\u00e1 \/ (10.), 28. Barbora Janovsk\u00e1 \/ 24.), nestartovala Lucie Koudelkov\u00e1 (Kolo pro \u017eivot) \/ (celkov\u011b je 34.)<\/li>\n<li style=\"text-align: justify;\">Mlad\u0161\u00ed \u017e\u00e1ci: 42. Matou\u0161 Lipensk\u00fd \/ (32.)<\/li>\n<li style=\"text-align: justify;\">Star\u0161\u00ed \u017e\u00e1kyn\u011b: <strong><span style=\"color: #ff6600;\">1. Eli\u0161ka Han\u00e1kov\u00e1<\/span><\/strong> \/ (1.)<\/li>\n<li style=\"text-align: justify;\">Star\u0161\u00ed \u017e\u00e1ci: 43. Luk\u0161 Sedl\u00e1k \/ (47.), 54. Roman \u0160indel\u00e1\u0159 \/ (35.), nestartoval V\u00edt Lipensk\u00fd (studijn\u00ed povinnosti) \/ celkov\u011b je 59.), nestartoval Maty\u00e1\u0161 Koudelka \/ (Kolo pro \u017eivot) \/ (celkov\u011b je 80.)<\/li>\n<li style=\"text-align: justify;\">Kadetky: 37. Kl\u00e1ra Odehnalov\u00e1 \/ (29.)<\/li>\n<li style=\"text-align: justify;\">Junio\u0159i:\u00a0nestartoval V\u00edt Such\u00e1nek\u00a0 (nemoc) \/ (celkov\u011b je 63.)<\/li>\n<li style=\"text-align: justify;\">Mu\u017ei EXPERT: <strong><span style=\"color: #808080;\">2. Petr \u0160ich<\/span> <\/strong>\/ (2.)<\/li>\n<\/ul>\n<p>Zde studujte <strong><a href=\"https:\/\/www.sportsoft.cz\/cs\/zavod\/overview\/4978\">kompletn\u00ed v\u00fdsledkov\u00fd servis<\/a><\/strong>, a tut jsou \u010dty\u0159i kvalitn\u00ed fotogalerie (d\u00edky Karle!):<\/p>\n<ul>\n<li><strong><a href=\"https:\/\/moravecteam.rajce.idnes.cz\/2019.04.27-28_CP_MTB_Mesto_Touskov\">Fotogalerie \u010d.1<\/a><\/strong><\/li>\n<li><strong><a href=\"https:\/\/moravecteam.rajce.idnes.cz\/2019.04.27-28_CP_MTB_Mesto_Touskov_-_2\">Fotogalerie \u010d.2<\/a><\/strong><\/li>\n<li><strong><a href=\"https:\/\/moravecteam.rajce.idnes.cz\/2019.04.27-28_CP_MTB_Mesto_Touskov_-_3\">Fotogalerie \u010d.3<\/a><\/strong><\/li>\n<li><strong><a href=\"https:\/\/moravecteam.rajce.idnes.cz\/2019.04.27-28_CP_MTB_Mesto_Touskov_-_4\">Fotogalerie \u010d.4<\/a><\/strong><\/li>\n<\/ul>\n<p style=\"text-align: justify;\">\n","protected":false},"excerpt":{"rendered":"<p>Nejsem si jist, zda jsme n\u011bkdy dovezli v\u00edce medail\u00ed z jednoho z\u00e1vodu \u010cesk\u00e9ho poh\u00e1ru horsk\u00fdch kol, co se poda\u0159ilo\u00a0 vybojovat na\u0161im rajdr\u016fm minulou sobotu ve M\u011bst\u011b Tou\u0161kov\u011b&#8230; Jedna zlat\u00e1 a t\u0159i st\u0159\u00edbrn\u00e9 plus dal\u0161\u00ed kvalitn\u00ed v\u00fdkony na\u0161ich, kter\u00e9 jim zajistili pozice v horn\u00edch patrech tou\u0161kovsk\u00fdch v\u00fdsledkov\u00fdch listin &#8211; to je radostn\u00e9 zji\u0161t\u011bn\u00ed ze &#8222;z\u00e1padn\u00ed mise!&#8220; &hellip; <a href=\"https:\/\/www.moravecteam.cz\/?p=13115\" class=\"more-link\">Pokra\u010dov\u00e1n\u00ed textu <span class=\"screen-reader-text\">\u00dasp\u011b\u0161n\u00fd Tou\u0161kov!<\/span> <span class=\"meta-nav\">&rarr;<\/span><\/a><\/p>\n","protected":false},"author":3,"featured_media":13120,"comment_status":"open","ping_status":"closed","sticky":false,"template":"","format":"standard","meta":[],"categories":[1],"tags":[],"_links":{"self":[{"href":"https:\/\/www.moravecteam.cz\/index.php?rest_route=\/wp\/v2\/posts\/13115"}],"collection":[{"href":"https:\/\/www.moravecteam.cz\/index.php?rest_route=\/wp\/v2\/posts"}],"about":[{"href":"https:\/\/www.moravecteam.cz\/index.php?rest_route=\/wp\/v2\/types\/post"}],"author":[{"embeddable":true,"href":"https:\/\/www.moravecteam.cz\/index.php?rest_route=\/wp\/v2\/users\/3"}],"replies":[{"embeddable":true,"href":"https:\/\/www.moravecteam.cz\/index.php?rest_route=%2Fwp%2Fv2%2Fcomments&post=13115"}],"version-history":[{"count":11,"href":"https:\/\/www.moravecteam.cz\/index.php?rest_route=\/wp\/v2\/posts\/13115\/revisions"}],"predecessor-version":[{"id":13131,"href":"https:\/\/www.moravecteam.cz\/index.php?rest_route=\/wp\/v2\/posts\/13115\/revisions\/13131"}],"wp:featuredmedia":[{"embeddable":true,"href":"https:\/\/www.moravecteam.cz\/index.php?rest_route=\/wp\/v2\/media\/13120"}],"wp:attachment":[{"href":"https:\/\/www.moravecteam.cz\/index.php?rest_route=%2Fwp%2Fv2%2Fmedia&parent=13115"}],"wp:term":[{"taxonomy":"category","embeddable":true,"href":"https:\/\/www.moravecteam.cz\/index.php?rest_route=%2Fwp%2Fv2%2Fcategories&post=13115"},{"taxonomy":"post_tag","embeddable":true,"href":"https:\/\/www.moravecteam.cz\/index.php?rest_route=%2Fwp%2Fv2%2Ftags&post=13115"}],"curies":[{"name":"wp","href":"https:\/\/api.w.org\/{rel}","templated":true}]}}