{"id":13135,"date":"2019-05-10T19:20:21","date_gmt":"2019-05-10T17:20:21","guid":{"rendered":"http:\/\/www.moravecteam.cz\/?p=13135"},"modified":"2019-05-10T23:24:04","modified_gmt":"2019-05-10T21:24:04","slug":"vysoka-kvalita","status":"publish","type":"post","link":"https:\/\/www.moravecteam.cz\/?p=13135","title":{"rendered":"Vysok\u00e1 kvalita..!"},"content":{"rendered":"<p style=\"text-align: justify;\"><strong><span style=\"color: #800000;\">Na legend\u00e1rn\u00ed valchovsk\u00e9 trati, kter\u00e9 se pro jej\u00ed technick\u00fd charakter p\u0159ezd\u00edv\u00e1 &#8222;Monaco&#8220; \u010di &#8222;Monte Carlo&#8220;, odstartovali bike\u0159i MORAVEC Teamu prvn\u00ed kv\u011btnovou sobotu svoje \u00fa\u010dinkov\u00e1n\u00ed v dal\u0161\u00edm, u\u017e 18. ro\u010dn\u00edku MTB &#8222;Vrchoviny&#8220;. A start to byl veskrze \u00fasp\u011b\u0161n\u00fd:\u00a031 reprezentant\u016f vybojovalo ve sv\u00fdch kategori\u00edch v po\u0159ad\u00ed OPEN t\u0159i zlat\u00e9, p\u011bt st\u0159\u00edbrn\u00fdch a jednu bronzovou medaili! A kdy\u017e k tomu p\u0159ipo\u010dteme\u00a0dvojn\u00e1sobn\u00e9 v\u00edt\u011bzstv\u00ed\u00a0ze z\u00e1vodu \u0161tafet, je v\u00edc ne\u017e jasn\u00e9, \u017ee vysok\u00e1 kvalita p\u0159ipravenosti na\u0161ich, kterou u\u017e nazna\u010dili prvn\u00ed &#8222;o\u0165uk\u00e1vc\u00ed&#8220; z\u00e1vody, je &#8211; k na\u0161\u00ed velk\u00e9 radosti &#8211; pozitivn\u00ed realitou!<\/span><\/strong><\/p>\n<figure id=\"attachment_13179\" aria-describedby=\"caption-attachment-13179\" style=\"width: 1438px\" class=\"wp-caption alignnone\"><a href=\"http:\/\/www.moravecteam.cz\/?attachment_id=13179\" rel=\"attachment wp-att-13179\"><img decoding=\"async\" loading=\"lazy\" class=\" wp-image-13179\" alt=\"DSC_0374\" src=\"http:\/\/www.moravecteam.cz\/wp-content\/uploads\/2019\/05\/DSC_0374.jpg\" width=\"1438\" height=\"1011\" srcset=\"https:\/\/www.moravecteam.cz\/wp-content\/uploads\/2019\/05\/DSC_0374.jpg 1438w, https:\/\/www.moravecteam.cz\/wp-content\/uploads\/2019\/05\/DSC_0374-300x210.jpg 300w, https:\/\/www.moravecteam.cz\/wp-content\/uploads\/2019\/05\/DSC_0374-1024x719.jpg 1024w\" sizes=\"(max-width: 1438px) 100vw, 1438px\" \/><\/a><figcaption id=\"caption-attachment-13179\" class=\"wp-caption-text\">Prvn\u00ed &#8222;double&#8220; pro MORAVEC Team za\u0159\u00eddily Am\u00e1lka s Ani\u010dkou. Z druh\u00e9ho jsme se t\u011b\u0161ili po z\u00e1vodu \u0161tafet!<\/figcaption><\/figure>\n<p style=\"text-align: justify;\">Podle o\u010dek\u00e1v\u00e1n\u00ed se prosazovali do pop\u0159ed\u00ed v\u00fdsledkov\u00fdch listin na\u0161i\u00a0ost\u0159\u00edlen\u00ed, licencovan\u00ed reprezentanti, se zku\u0161enostmi z nejvy\u0161\u0161\u00ed \u010desk\u00e9 MTB ligy. Ale zaznamenali jsme i\u00a0n\u011bkolik velmi p\u0159\u00edjemn\u00fdch v\u00fdsledkov\u00fdch p\u0159ekvapen\u00ed!<\/p>\n<p style=\"text-align: justify;\"><a href=\"http:\/\/www.moravecteam.cz\/?attachment_id=13200\" rel=\"attachment wp-att-13200\"><img decoding=\"async\" loading=\"lazy\" class=\"size-full wp-image-13200 alignleft\" title=\"Matou\u0161ek Usnul (MORAVEC Team), &quot;\u010dern\u00fd kon\u00edk&quot; z\u00e1vodu odr\u00e1\u017eedel, kter\u00e9mu medaile unikla o centimetry...\" alt=\"DSC_0038a\" src=\"http:\/\/www.moravecteam.cz\/wp-content\/uploads\/2019\/05\/DSC_0038a.jpg\" width=\"192\" height=\"300\" \/><\/a><\/p>\n<p style=\"text-align: justify;\">Hned v \u00favodn\u00edm startu odr\u00e1\u017eedel chlapc\u016f n\u00e1m\u00a0 ud\u011blal velkou radost &#8222;nov\u00fd mu\u017e&#8220; v na\u0161em \u00fadern\u00e9m \u0161iku, kter\u00fd se na startu &#8222;Vrchoviny&#8220; objevil \u00fapln\u011b poprv\u00e9. Letos \u010dty\u0159let\u00fd <strong><span style=\"color: #800000;\">Matou\u0161ek Usnul<\/span> <\/strong>se bez b\u00e1zn\u011b a hany pustil na 250m dlouh\u00e9m okruhu do souboje s dvan\u00e1cti zdatn\u00fdmi soupe\u0159i a v c\u00edli z toho bylo ne\u010dekan\u00e9 a v\u00fdborn\u00e9 4. m\u00edsto, s minim\u00e1ln\u00ed ztr\u00e1tou jedn\u00e9 vte\u0159inky na bronzovou \u00a0&#8222;bednu&#8220;! Bravo MORAVEC! Jablko\u00a0evidentn\u011b nepadlo daleko od stromu a kdo v\u00ed? Mo\u017en\u00e1 v budoucnu Matou\u0161ek p\u0159ekon\u00e1 sv\u00fdmi v\u00fdkony\u00a0 v\u00fdsledky i slavnou maminku &#8211; <a href=\"https:\/\/cs.wikipedia.org\/wiki\/Lada_Kozl%C3%ADkov%C3%A1\"><strong><span style=\"color: #800000;\"><span style=\"color: #008000;\">Ladu Kozl\u00edkovou<\/span><\/span><\/strong><\/a>! Samoz\u0159ejm\u011b, \u017ee MORAVEC Team k tomu bude r\u00e1d n\u00e1pomocen&#8230;<\/p>\n<figure id=\"attachment_13183\" aria-describedby=\"caption-attachment-13183\" style=\"width: 899px\" class=\"wp-caption alignnone\"><a href=\"http:\/\/www.moravecteam.cz\/?attachment_id=13183\" rel=\"attachment wp-att-13183\"><img decoding=\"async\" loading=\"lazy\" class=\" wp-image-13183\" alt=\"DSC_0082\" src=\"http:\/\/www.moravecteam.cz\/wp-content\/uploads\/2019\/05\/DSC_0082.jpg\" width=\"899\" height=\"589\" srcset=\"https:\/\/www.moravecteam.cz\/wp-content\/uploads\/2019\/05\/DSC_0082.jpg 899w, https:\/\/www.moravecteam.cz\/wp-content\/uploads\/2019\/05\/DSC_0082-300x196.jpg 300w\" sizes=\"(max-width: 899px) 100vw, 899px\" \/><\/a><figcaption id=\"caption-attachment-13183\" class=\"wp-caption-text\">Na fotce pozn\u00e1v\u00e1me t\u0159i na\u0161e rajdry v z\u00e1vod\u011b do 6-ti let. Vlevo Jon\u00e1\u0161ek Janovsk\u00fd, uprost\u0159ed medailista Jirka Va\u0161\u00ed\u010dek a vlevo Tonda Han\u00e1k.<\/figcaption><\/figure>\n<p style=\"text-align: justify;\"><a href=\"http:\/\/www.moravecteam.cz\/?attachment_id=13202\" rel=\"attachment wp-att-13202\"><img decoding=\"async\" loading=\"lazy\" class=\"size-full wp-image-13202 alignright\" title=\"T\u0159\u00edlet\u00e1 Barunka Va\u0161\u00ed\u010dkov\u00e1 (MORAVEC Team), jedna z nejmlad\u0161\u00edch z\u00e1vodnic, dojela 12. a ve sv\u00e9m ro\u010dn\u00edku byla nejlep\u0161\u00ed!\" alt=\"DSC_0059a\" src=\"http:\/\/www.moravecteam.cz\/wp-content\/uploads\/2019\/05\/DSC_0059a.jpg\" width=\"190\" height=\"300\" \/><\/a>Je\u0161t\u011b se neochladili na\u0161e dlan\u011b z potlesku pro Matou\u0161ka\u00a0 a u\u017e tady byla na\u0161e druh\u00e1 radost! Celkem 4 okruhy dlouh\u00e9 250m odkrou\u017eilo 20 mlad\u00fdch borc\u016f kategorie do 6 let a mezi nimi byly hodn\u011b vid\u011bt op\u011bt dresy MORAVEC Teamu: <strong><span style=\"color: #800000;\">Jirka Va\u0161\u00ed\u010dek<\/span><\/strong>, kter\u00fd se po startu pohyboval okolo 6. m\u00edsta, dok\u00e1zal kolo od kola zrychlovat, aby se po vynikaj\u00edc\u00edm\u00a0fini\u0161i mohl po z\u00e1sluze t\u011b\u0161it v c\u00edli ze st\u0159\u00edbrn\u00e9 medaile! Borec, kter\u00fd toho za n\u00e1s zat\u00edm moc nedoz\u00e1vodil, nazna\u010dil svoje leto\u0161n\u00ed mo\u017enosti a i on potvrzuje p\u0159\u00edslov\u00ed o jabl\u00ed\u010dku, kter\u00e9 od stromu daleko nepadlo&#8230; Jirkovi v z\u00e1vod\u011b zdatn\u011b sekundovali jak Jon\u00e1\u0161ek Janovsk\u00fd, tak i Ton\u00edk Han\u00e1k, kte\u0159\u00ed brali um\u00edst\u011bn\u00ed v TOP10. Bravo MORAVEC podruh\u00e9!<\/p>\n<figure id=\"attachment_13184\" aria-describedby=\"caption-attachment-13184\" style=\"width: 842px\" class=\"wp-caption alignnone\"><a href=\"http:\/\/www.moravecteam.cz\/?attachment_id=13184\" rel=\"attachment wp-att-13184\"><img decoding=\"async\" loading=\"lazy\" class=\" wp-image-13184\" alt=\"DSC_0120\" src=\"http:\/\/www.moravecteam.cz\/wp-content\/uploads\/2019\/05\/DSC_0120.jpg\" width=\"842\" height=\"909\" srcset=\"https:\/\/www.moravecteam.cz\/wp-content\/uploads\/2019\/05\/DSC_0120.jpg 842w, https:\/\/www.moravecteam.cz\/wp-content\/uploads\/2019\/05\/DSC_0120-277x300.jpg 277w\" sizes=\"(max-width: 842px) 100vw, 842px\" \/><\/a><figcaption id=\"caption-attachment-13184\" class=\"wp-caption-text\">Na Leonku Eclerovou je spoleh. Zd\u00e1 se, \u017ee i letos bude pravidelnou sb\u011bratelkou medail\u00ed!<\/figcaption><\/figure>\n<p style=\"text-align: justify;\">Kdy\u017e na st\u0159\u00edbrnou nitku Jirky Va\u0161\u00ed\u010dka nav\u00e1zala hned v n\u00e1sledn\u00e9m startu stejn\u011b mlad\u00fdch d\u011bv\u010dat ji\u017e zku\u0161en\u00e1, <strong><span style=\"color: #800000;\">Leonka Eclerov\u00e1<\/span><\/strong>, bylo n\u00e1m jasn\u00e9, \u017ee Valchov bude pro n\u00e1s z\u0159ejm\u011b \u00fasp\u011b\u0161nou &#8222;race&#8220;! Potvrdil to\u00a0 z\u00e1v\u011bre\u010dn\u00fd\u00a0z\u00e1vod prvn\u00edho\u00a0bloku start\u016f, start kategorie d\u00edvek 7-8 let, ve kter\u00e9m se za sebou od 4. do 6. m\u00edsta\u00a0 poskl\u00e1dala na\u0161e d\u011bv\u010data v po\u0159ad\u00ed: Veronika \u0160af\u00e1\u0159ov\u00e1 (pravda, ta nen\u00ed a\u017e zas tak \u00fapln\u011b na\u0161e, ale proto\u017ee s n\u00e1mi tr\u00e9nuje &#8211; m\u00e1me ji &#8211; tak \u0159\u00edkaj\u00edc &#8211; adoptovanou, jako by na\u0161e byla), Ad\u00e9lka V\u011brn\u00e1 a Jana Lipensk\u00e1.<\/p>\n<figure id=\"attachment_13185\" aria-describedby=\"caption-attachment-13185\" style=\"width: 2000px\" class=\"wp-caption alignnone\"><a href=\"http:\/\/www.moravecteam.cz\/?attachment_id=13185\" rel=\"attachment wp-att-13185\"><img decoding=\"async\" loading=\"lazy\" class=\" wp-image-13185\" alt=\"DSC_0200\" src=\"http:\/\/www.moravecteam.cz\/wp-content\/uploads\/2019\/05\/DSC_0200.jpg\" width=\"2000\" height=\"1394\" srcset=\"https:\/\/www.moravecteam.cz\/wp-content\/uploads\/2019\/05\/DSC_0200.jpg 2000w, https:\/\/www.moravecteam.cz\/wp-content\/uploads\/2019\/05\/DSC_0200-300x209.jpg 300w, https:\/\/www.moravecteam.cz\/wp-content\/uploads\/2019\/05\/DSC_0200-1024x713.jpg 1024w\" sizes=\"(max-width: 2000px) 100vw, 2000px\" \/><\/a><figcaption id=\"caption-attachment-13185\" class=\"wp-caption-text\">Poctiv\u00fd v\u00fdkon odvedla na\u0161e d\u011bv\u010data v z\u00e1vod\u011b 7-8 let. Gratulace od pan\u00ed sen\u00e1torky je zcela zaslou\u017een\u00e1!<\/figcaption><\/figure>\n<p style=\"text-align: justify;\">Tou\u017eebn\u00e9 zlato pro MORAVEC Team cinklo hned\u00a0n\u00e1sleduj\u00edc\u00edch z\u00e1vodech druh\u00e9ho startovn\u00edho bloku. Za dan\u00e9 situace je t\u0159eba pou\u017e\u00edt tvaru mno\u017en\u00e9ho \u010d\u00edsla, nebo\u0165 to byla zlata hned \u010dty\u0159i! Postupn\u011b je pro n\u00e1s po v\u00fdborn\u00fdch v\u00fdkonech vybojovali <strong><span style=\"color: #800000;\">Just\u00fdna Novotn\u00e1<\/span> <\/strong>(9-10 let), <span style=\"color: #800000;\"><strong>Anna Han\u00e1kov\u00e1<\/strong> <\/span>(mlad\u0161\u00ed \u017e\u00e1kyn\u011b), <strong><span style=\"color: #800000;\">Eli\u0161ka Han\u00e1kov\u00e1<\/span> <\/strong>(star\u0161\u00ed \u017e\u00e1kyn\u011b) a \u0161tafeta <strong><span style=\"color: #800000;\">MORAVEC Team I<\/span><\/strong> ve slo\u017een\u00ed <strong><span style=\"color: #800000;\">Am\u00e1lka Gottwaldov\u00e1, Eli\u0161ka Han\u00e1kov\u00e1 a Petr \u0160ich<\/span><\/strong>. A kdy\u017e k tomu p\u0159ipo\u010dteme st\u0159\u00edbrn\u00e9 placky <strong><span style=\"color: #800000;\">Am\u00e1lky Gottwaldov\u00e9<\/span> <\/strong>(mlad\u0161\u00ed \u017e\u00e1kyn\u011b), <strong><span style=\"color: #800000;\">Romana \u0160indel\u00e1\u0159e<\/span> <\/strong>(star\u0161\u00ed \u017e\u00e1ci) a \u0161tfety <strong><span style=\"color: #800000;\">MORAVEC Team II<\/span>\u00a0<\/strong>(v sestav\u011b <strong><span style=\"color: #800000;\">Just\u00fdna Novotn\u00e1, Anna Han\u00e1kov\u00e1 a Ji\u0159\u00ed Va\u0161\u00ed\u010dek<\/span><\/strong>)\u00a0plus bronz <strong><span style=\"color: #800000;\">Luk\u00e1\u0161e Sedl\u00e1ka<\/span> <\/strong>(taky star\u0161\u00ed \u017e\u00e1k), pak je v\u00edce ne\u017e jasn\u00e9, \u017ee i po druh\u00e9m bloku start\u016f jsme mohli zvolat\u00a0je\u0161t\u011b v\u00edce\u00a0nahlas: Bravo MORAVEC!<\/p>\n<figure id=\"attachment_13186\" aria-describedby=\"caption-attachment-13186\" style=\"width: 526px\" class=\"wp-caption alignnone\"><a href=\"http:\/\/www.moravecteam.cz\/?attachment_id=13186\" rel=\"attachment wp-att-13186\"><img decoding=\"async\" loading=\"lazy\" class=\" wp-image-13186\" alt=\"DSC_0286\" src=\"http:\/\/www.moravecteam.cz\/wp-content\/uploads\/2019\/05\/DSC_0286.jpg\" width=\"526\" height=\"732\" srcset=\"https:\/\/www.moravecteam.cz\/wp-content\/uploads\/2019\/05\/DSC_0286.jpg 526w, https:\/\/www.moravecteam.cz\/wp-content\/uploads\/2019\/05\/DSC_0286-215x300.jpg 215w\" sizes=\"(max-width: 526px) 100vw, 526px\" \/><\/a><figcaption id=\"caption-attachment-13186\" class=\"wp-caption-text\">Anna Han\u00e1kov\u00e1, ve Valchov\u011b nejrychlej\u0161\u00ed mlad\u0161\u00ed \u017e\u00e1kyn\u011b.<\/figcaption><\/figure>\n<p style=\"text-align: justify;\">&#8222;Vyp\u00edchnu&#8220; je\u0161t\u011b v\u00fdkony dal\u0161\u00edch n\u011bkter\u00fdch na\u0161ich, kte\u0159\u00ed sice neatakovali nejvy\u0161\u0161\u00ed stup\u00ednky, ale jejich v\u00fdsledky si zm\u00ed\u0148ku ur\u010dit\u011b zaslou\u017e\u00ed. V\u00edt\u011bzn\u00e9 Just\u00fdn\u011b Novotn\u00e9 v\u00fdborn\u011b v z\u00e1vod\u011b sekundovali\u00a0 Lucie Gottwaldov\u00e1 (4. m\u00edsto) a Magdal\u00e9na Barto\u0161ov\u00e1 (6. m\u00edsto) a ve stejn\u00e9 kategorii chlapc\u016f 9-10 let se v konkurenci\u00a023 soupe\u0159\u016f v\u016fbec neztratil Matou\u0161 Lipensk\u00fd\u00a0(8. m\u00edsto). V t\u011b\u017ek\u00fdch konkurenc\u00edch, kter\u00e9 se na startech ve Valchov\u011b se\u0161ly maj\u00ed svoji cenu i v\u00fdsledky v TOP10 mezi mlad\u0161\u00edmi \u017e\u00e1kyn\u011bmi Bar\u010di Janovsk\u00e9 (6. m\u00edsto) a Lucie Koudelkov\u00e9 (9. m\u00edsto) a i 12. m\u00edsto Maty\u00e1\u0161e Koudelky mezi star\u0161\u00edmi \u017e\u00e1ky star\u0161\u00edmi.<\/p>\n<figure id=\"attachment_13187\" aria-describedby=\"caption-attachment-13187\" style=\"width: 634px\" class=\"wp-caption alignnone\"><a href=\"http:\/\/www.moravecteam.cz\/?attachment_id=13187\" rel=\"attachment wp-att-13187\"><img decoding=\"async\" loading=\"lazy\" class=\" wp-image-13187\" alt=\"DSC_0136\" src=\"http:\/\/www.moravecteam.cz\/wp-content\/uploads\/2019\/05\/DSC_0136.jpg\" width=\"634\" height=\"486\" srcset=\"https:\/\/www.moravecteam.cz\/wp-content\/uploads\/2019\/05\/DSC_0136.jpg 634w, https:\/\/www.moravecteam.cz\/wp-content\/uploads\/2019\/05\/DSC_0136-300x229.jpg 300w\" sizes=\"(max-width: 634px) 100vw, 634px\" \/><\/a><figcaption id=\"caption-attachment-13187\" class=\"wp-caption-text\">V z\u00e1vod\u011b kluk\u016f 7-8 let se state\u010dn\u011b popasovali se soupe\u0159i i na\u0161i Jakub Dosko\u010dil a Honza Lipensk\u00fd.<\/figcaption><\/figure>\n<p style=\"text-align: justify;\">Z\u00e1v\u011bre\u010dn\u00fd startovn\u00ed blok na &#8222;full&#8220; 3000m\u00a0dlouh\u00e9m okruhu \u00a0s obl\u00edben\u00fdmi tra\u0165ov\u00fdmi pas\u00e1\u017eemi jako jsou &#8222;\u0160af\u00e1\u0159\u016fv dvore\u010dek 2&#8220;, &#8222;Pechova \u0161k\u00e1na&#8220;, &#8222;P\u00edse\u010d\u00e1k&#8220; \u010di &#8222;Zat\u00e1\u010dky u Casina&#8220;,\u00a0 byl pro n\u00e1s s p\u0159\u00edvlastkem &#8222;bramborov\u00fd&#8220;&#8230; Tohoto nepopul\u00e1rn\u00edho v\u00fdsledku dos\u00e1hli hned t\u0159i na\u0161i reprezentanti: Kl\u00e1ra Odehnalov\u00e1 (juniorky \/ kadetky), jej\u00ed t\u00e1ta, Vlast\u00edk Odehnal s n\u00ed dr\u017eel basu, kdy\u017e dojel tak\u00e9 na 4. m\u00edst\u011b v &#8222;nabu\u0161en\u00e9m&#8220; z\u00e1vod\u011b Masters III (podlehnout Kova\u0159\u00edkovi, Olejn\u00ed\u010dkovi a \u0160\u00edmovi nen\u00ed skute\u010dn\u011b \u017e\u00e1dnou ostudou&#8230;). Obdobnou vysokou \u00farove\u0148 m\u011bl i z\u00e1vod Masters II, ve kter\u00e9m jsme se do\u010dkali st\u0159\u00edbrn\u00e9 placky d\u00edky <strong><span style=\"color: #800000;\">Martinu Gottwaldovi<\/span> <\/strong>(Martin prohr\u00e1l souboj o zlato v c\u00edlov\u00e9m fini\u0161i, kdy\u017e podlehl o \u010dty\u0159i roky mlad\u0161\u00edmu, taky Martinovi &#8211; Haluz\u00edkovi, kter\u00fd\u00a0jezd\u00ed za \u00a0Cykloteam Kol\u00e1rna), a taky do t\u0159etice &#8222;bramborov\u00e9&#8220; placky, kterou po kvalitn\u00edm v\u00fdkonu vybojoval pro MORAVEC Team Honza \u0160indel\u00e1\u0159 st.<\/p>\n<figure id=\"attachment_13188\" aria-describedby=\"caption-attachment-13188\" style=\"width: 1203px\" class=\"wp-caption alignnone\"><a href=\"http:\/\/www.moravecteam.cz\/?attachment_id=13188\" rel=\"attachment wp-att-13188\"><img decoding=\"async\" loading=\"lazy\" class=\" wp-image-13188\" alt=\"DSC_0349\" src=\"http:\/\/www.moravecteam.cz\/wp-content\/uploads\/2019\/05\/DSC_0349.jpg\" width=\"1203\" height=\"1036\" srcset=\"https:\/\/www.moravecteam.cz\/wp-content\/uploads\/2019\/05\/DSC_0349.jpg 1203w, https:\/\/www.moravecteam.cz\/wp-content\/uploads\/2019\/05\/DSC_0349-300x258.jpg 300w, https:\/\/www.moravecteam.cz\/wp-content\/uploads\/2019\/05\/DSC_0349-1024x881.jpg 1024w\" sizes=\"(max-width: 1203px) 100vw, 1203px\" \/><\/a><figcaption id=\"caption-attachment-13188\" class=\"wp-caption-text\">Posledn\u00ed p\u0159ed\u00e1vka z\u00e1vodu \u0161tafet byla mezi Eli\u0161kou Han\u00e1kovou a Petrem \u0160ichem p\u0159\u00edmo vzorov\u00e1..! A zku\u0161en\u00fd Pe\u0165a u\u017e v\u00edt\u011bzstv\u00ed nepustil&#8230;<\/figcaption><\/figure>\n<p style=\"text-align: justify;\">V konkurenci \u010dty\u0159iadvaceti &#8222;eli\u0165\u00e1k\u016f&#8220; potvrdil formu p\u00e1t\u00fdm mistem v c\u00edli Petr \u0160ich (na v\u00edt\u011bzn\u00e9ho Kubu \u0158\u00edmana ztratil asi p\u016flt\u0159et\u00ed minuty a n\u011bco m\u00e1lo p\u0159es minutu d\u011blilo Petra od bronzov\u00e9 medaile) a ur\u010dit\u011b k zahozen\u00ed nen\u00ed ani 7. m\u00edsto v\u00a0konkurenci 15-ti \u00a0junior\u016f \/ kadet\u016f dom\u00e1c\u00edho V\u00edtka Such\u00e1nka. Jak jsem uvedl na za\u010d\u00e1tku, presti\u017en\u00ed z\u00e1vod ve Valchov\u011b uk\u00e1zal vysokou v\u00fdkonnostn\u00ed kvalitu borc\u016f a borek MORAVEC Teamu, co\u017e\u00a0n\u00e1s sv\u00e1d\u00ed \u00a0p\u0159ed t\u0159et\u00edm &#8222;poh\u00e1rem&#8220; v Peci pod Sn\u011b\u017ekou k dal\u0161\u00edmu opatrn\u00e9mu optimismu&#8230; Uvid\u00edme, budeme do Krkono\u0161 dr\u017eet palce! Za Valchov je\u0161t\u011b jednou nech\u0165 zazn\u00ed: Bravo MORAVEC!<\/p>\n<figure id=\"attachment_13189\" aria-describedby=\"caption-attachment-13189\" style=\"width: 655px\" class=\"wp-caption alignnone\"><a href=\"http:\/\/www.moravecteam.cz\/?attachment_id=13189\" rel=\"attachment wp-att-13189\"><img decoding=\"async\" loading=\"lazy\" class=\" wp-image-13189\" alt=\"DSC_0367\" src=\"http:\/\/www.moravecteam.cz\/wp-content\/uploads\/2019\/05\/DSC_0367.jpg\" width=\"655\" height=\"727\" srcset=\"https:\/\/www.moravecteam.cz\/wp-content\/uploads\/2019\/05\/DSC_0367.jpg 655w, https:\/\/www.moravecteam.cz\/wp-content\/uploads\/2019\/05\/DSC_0367-270x300.jpg 270w\" sizes=\"(max-width: 655px) 100vw, 655px\" \/><\/a><figcaption id=\"caption-attachment-13189\" class=\"wp-caption-text\">Just\u00fdnka Novotn\u00e1 jezd\u00ed letos v \u00fa\u017easn\u00e9 pohod\u011b! Po dvou &#8222;poh\u00e1rov\u00fdch&#8220; st\u0159\u00edbrech vybojovala ve Valchov\u011b cenn\u00e9 zlato!<\/figcaption><\/figure>\n<p style=\"text-align: justify;\"><strong><span style=\"color: #800000;\">Medailist\u00e9 MORAVEC Teamu &#8211; po\u0159ad\u00ed OPEN:<\/span><\/strong><\/p>\n<ul>\n<li style=\"text-align: justify;\">Zlat\u00e9 medaile vybojovali: <strong><span style=\"color: #ff6600;\">Just\u00fdna Novotn\u00e1<\/span><\/strong> (9-10 let), <strong><span style=\"color: #ff6600;\">Anna Han\u00e1kov\u00e1<\/span><\/strong> (11-12 let), <span style=\"color: #ff6600;\"><strong>Eli\u0161ka Han\u00e1kov\u00e1<\/strong><\/span> (13-14 let), \u0161tafeta <strong><span style=\"color: #ff6600;\">MORAVEC Team I<\/span><\/strong> (Am\u00e1lie Gottwaldov\u00e1, Eli\u0161ka Han\u00e1kov\u00e1 a Petr \u0160ich).<\/li>\n<li style=\"text-align: justify;\">St\u0159\u00edbrn\u00e9 medaile brali: <strong><span style=\"color: #808080;\">Jirka Va\u0161\u00ed\u010dek<\/span><\/strong> (do 6 let),<strong><span style=\"color: #808080;\"> Leona Eclerov\u00e1<\/span> <\/strong>(do 6 let), <strong><span style=\"color: #808080;\">Am\u00e1lie Gottwaldov\u00e1<\/span><\/strong> (11-12 let), <strong><span style=\"color: #808080;\">Roman \u0160indel\u00e1\u0159<\/span><\/strong> (13-14 let) a <strong><span style=\"color: #808080;\">Martin Gottwald<\/span><\/strong> (Masters II), \u0161tafeta <strong><span style=\"color: #808080;\">MORAVEC Team II<\/span> <\/strong>(Just\u00fdna Novotn\u00e1, Anna Han\u00e1kov\u00e1 a Jirka Va\u0161\u00ed\u010dek st.).<\/li>\n<li style=\"text-align: justify;\">Bronzov\u00e9 &#8222;placky&#8220;: <strong><span style=\"color: #993300;\">Luk\u00e1\u0161 Sedl\u00e1k<\/span><\/strong> (13-14 let)<\/li>\n<\/ul>\n<figure id=\"attachment_13190\" aria-describedby=\"caption-attachment-13190\" style=\"width: 1450px\" class=\"wp-caption alignnone\"><a href=\"http:\/\/www.moravecteam.cz\/?attachment_id=13190\" rel=\"attachment wp-att-13190\"><img decoding=\"async\" loading=\"lazy\" class=\" wp-image-13190\" alt=\"DSC_0222\" src=\"http:\/\/www.moravecteam.cz\/wp-content\/uploads\/2019\/05\/DSC_02221.jpg\" width=\"1450\" height=\"1543\" srcset=\"https:\/\/www.moravecteam.cz\/wp-content\/uploads\/2019\/05\/DSC_02221.jpg 1450w, https:\/\/www.moravecteam.cz\/wp-content\/uploads\/2019\/05\/DSC_02221-281x300.jpg 281w, https:\/\/www.moravecteam.cz\/wp-content\/uploads\/2019\/05\/DSC_02221-962x1024.jpg 962w\" sizes=\"(max-width: 1450px) 100vw, 1450px\" \/><\/a><figcaption id=\"caption-attachment-13190\" class=\"wp-caption-text\">I Tondovi Dosko\u010dilovo se po onemocn\u011bn\u00ed postupn\u011b vrac\u00ed forma!<\/figcaption><\/figure>\n<h5><span style=\"color: #800000;\">Medailist\u00e9 MORAVEC Teamu &#8211; po\u0159ad\u00ed OBCE:<\/span><\/h5>\n<ul>\n<li style=\"text-align: justify;\">Prvn\u00ed m\u00edsta: <strong><span style=\"color: #ff6600;\">Jirka Va\u0161\u00ed\u010dek<\/span><\/strong> (do 6 let), <strong><span style=\"color: #ff6600;\">Just\u00fdna Novotn\u00e1<\/span><\/strong> (9-10 let), <strong><span style=\"color: #ff6600;\">Anna Han\u00e1kov\u00e1<\/span><\/strong> (11-12 let), <strong><span style=\"color: #ff6600;\">Eli\u0161ka Han\u00e1kov\u00e1<\/span><\/strong> (13-14 let), <strong><span style=\"color: #ff6600;\">Luk\u00e1\u0161 Sedl\u00e1k<\/span><\/strong> (13-14 let).<\/li>\n<li style=\"text-align: justify;\">Druh\u00e1 m\u00edsta: <span style=\"color: #808080;\"><strong>Kl\u00e1ra V\u011brn\u00e1<\/strong><\/span> (do 6 let), <strong><span style=\"color: #808080;\">Ad\u00e9la V\u011brn\u00e1<\/span><\/strong> (7-8 let), <strong><span style=\"color: #808080;\">Maty\u00e1\u0161 Koudelka<\/span><\/strong> (13-14 let).<\/li>\n<li style=\"text-align: justify;\"><strong><span style=\"color: #993300;\">Jon\u00e1\u0161 Janovsk\u00fd<\/span><\/strong> (do 6 let), <span style=\"color: #993300;\"><strong>Dominik Pt\u00e1\u010dn\u00edk<\/strong><\/span> (9-10 let), <strong><span style=\"color: #993300;\">Barbora Janovsk\u00e1<\/span><\/strong> (11-12 let).<\/li>\n<\/ul>\n<figure id=\"attachment_13191\" aria-describedby=\"caption-attachment-13191\" style=\"width: 2000px\" class=\"wp-caption alignnone\"><a href=\"http:\/\/www.moravecteam.cz\/?attachment_id=13191\" rel=\"attachment wp-att-13191\"><img decoding=\"async\" loading=\"lazy\" class=\" wp-image-13191\" alt=\"DSC_0382\" src=\"http:\/\/www.moravecteam.cz\/wp-content\/uploads\/2019\/05\/DSC_0382.jpg\" width=\"2000\" height=\"1162\" srcset=\"https:\/\/www.moravecteam.cz\/wp-content\/uploads\/2019\/05\/DSC_0382.jpg 2000w, https:\/\/www.moravecteam.cz\/wp-content\/uploads\/2019\/05\/DSC_0382-300x174.jpg 300w, https:\/\/www.moravecteam.cz\/wp-content\/uploads\/2019\/05\/DSC_0382-1024x594.jpg 1024w\" sizes=\"(max-width: 2000px) 100vw, 2000px\" \/><\/a><figcaption id=\"caption-attachment-13191\" class=\"wp-caption-text\">Nap\u00ednav\u00fd z\u00e1vod dvan\u00e1cti \u0161tafet byl v re\u017eii jezdc\u016f MORAVEC Teamu!<\/figcaption><\/figure>\n<p style=\"text-align: justify;\">A je\u0161t\u011b\u00a0dva post\u0159ehy \u00fapln\u011b na z\u00e1v\u011br: Jedn\u00edm ze smola\u0159\u016f dne byl v z\u00e1vod\u011b kategorie 9-10 let n\u00e1\u0161\u00a0Filip Ecler: ulomen\u00e1 lev\u00e1 klika na jeho biku\u00a0 se zase tk \u010dasto nevid\u00ed&#8230;\u00a0No a medailov\u00fd souhrn MORAVEC Teamu mohl b\u00fdt mo\u017en\u00e1 je\u0161t\u011b vy\u0161\u0161\u00ed, kdyby se na marodce neocitnula\u00a0 dal\u0161\u00ed z na\u0161ich opor &#8211; mlad\u0161\u00ed \u017e\u00e1kyn\u011b Bar\u010da Tlamkov\u00e1! R\u00e1di jsme ji na Valchov\u011b &#8211; by\u0165 o berli\u010dk\u00e1ch &#8211; uvid\u011bli a p\u0159ejeme j\u00ed, stejn\u011b jako dal\u0161\u00edm dv\u011bma na\u0161im marod\u016fm v sukn\u00edch, Zit\u011b \u017dern\u00ed\u010dkov\u00e9 a Maru\u0161ce Barto\u0161ov\u00e9, brzk\u00e9 uzdraven\u00ed a rychl\u00fd n\u00e1vrat do sedel jejich MTB speci\u00e1l\u016f! Zde studujte <strong><a href=\"http:\/\/vysledky.pohardrahanskevrchoviny.cz\/2019\/?page=vysledky\">kompletn\u00ed v\u00fdsledkov\u00fd servis<\/a><\/strong>, ofici\u00e1ln\u00ed\u00a0<strong><a href=\"http:\/\/www.pohardrahanskevrchoviny.cz\/top-valchov\/\">report\u00e1\u017e ze z\u00e1vodu<\/a><\/strong> a taky \u010dty\u0159i supr fotogalerie Karla V\u0161etuly (d\u00edky Karle):<\/p>\n<ul>\n<li>\n<div style=\"text-align: justify;\"><strong><a href=\"https:\/\/moravecteam.rajce.idnes.cz\/2019.05.04_PDV_Valchov\">Fotogalerie \u010d.1<\/a><\/strong><\/div>\n<\/li>\n<li><strong><a href=\"https:\/\/moravecteam.rajce.idnes.cz\/2019.05.04_PDV_Valchov_-_2\">Fotogalerie \u010d.2<\/a><\/strong><\/li>\n<li><strong><a href=\"https:\/\/moravecteam.rajce.idnes.cz\/2019.05.04_PDV_Valchov_-_3\">Fotogalerie \u010d.3<\/a><\/strong><\/li>\n<li><strong><a href=\"https:\/\/moravecteam.rajce.idnes.cz\/2019.05.04_PDV_Valchov_-_4\">Fotogalerie \u010d.4<\/a><\/strong><\/li>\n<\/ul>\n<figure id=\"attachment_13205\" aria-describedby=\"caption-attachment-13205\" style=\"width: 1410px\" class=\"wp-caption alignnone\"><a href=\"http:\/\/www.moravecteam.cz\/?attachment_id=13205\" rel=\"attachment wp-att-13205\"><img decoding=\"async\" loading=\"lazy\" class=\" wp-image-13205\" alt=\"DSC_0379\" src=\"http:\/\/www.moravecteam.cz\/wp-content\/uploads\/2019\/05\/DSC_0379.jpg\" width=\"1410\" height=\"1197\" srcset=\"https:\/\/www.moravecteam.cz\/wp-content\/uploads\/2019\/05\/DSC_0379.jpg 1410w, https:\/\/www.moravecteam.cz\/wp-content\/uploads\/2019\/05\/DSC_0379-300x254.jpg 300w, https:\/\/www.moravecteam.cz\/wp-content\/uploads\/2019\/05\/DSC_0379-1024x869.jpg 1024w\" sizes=\"(max-width: 1410px) 100vw, 1410px\" \/><\/a><figcaption id=\"caption-attachment-13205\" class=\"wp-caption-text\">Zlatou medail\u00ed neopom\u011bla p\u0159isp\u011bt do na\u0161\u00ed sb\u00edrky z Valchova letos na v\u00edt\u011bzn\u00e9 vln\u011b jezd\u00edc\u00ed Eli\u0161ka Han\u00e1kov\u00e1!<\/figcaption><\/figure>\n","protected":false},"excerpt":{"rendered":"<p>Na legend\u00e1rn\u00ed valchovsk\u00e9 trati, kter\u00e9 se pro jej\u00ed technick\u00fd charakter p\u0159ezd\u00edv\u00e1 &#8222;Monaco&#8220; \u010di &#8222;Monte Carlo&#8220;, odstartovali bike\u0159i MORAVEC Teamu prvn\u00ed kv\u011btnovou sobotu svoje \u00fa\u010dinkov\u00e1n\u00ed v dal\u0161\u00edm, u\u017e 18. ro\u010dn\u00edku MTB &#8222;Vrchoviny&#8220;. A start to byl veskrze \u00fasp\u011b\u0161n\u00fd:\u00a031 reprezentant\u016f vybojovalo ve sv\u00fdch kategori\u00edch v po\u0159ad\u00ed OPEN t\u0159i zlat\u00e9, p\u011bt st\u0159\u00edbrn\u00fdch a jednu bronzovou medaili! A kdy\u017e &hellip; <a href=\"https:\/\/www.moravecteam.cz\/?p=13135\" class=\"more-link\">Pokra\u010dov\u00e1n\u00ed textu <span class=\"screen-reader-text\">Vysok\u00e1 kvalita..!<\/span> <span class=\"meta-nav\">&rarr;<\/span><\/a><\/p>\n","protected":false},"author":3,"featured_media":13178,"comment_status":"open","ping_status":"closed","sticky":false,"template":"","format":"standard","meta":[],"categories":[1],"tags":[],"_links":{"self":[{"href":"https:\/\/www.moravecteam.cz\/index.php?rest_route=\/wp\/v2\/posts\/13135"}],"collection":[{"href":"https:\/\/www.moravecteam.cz\/index.php?rest_route=\/wp\/v2\/posts"}],"about":[{"href":"https:\/\/www.moravecteam.cz\/index.php?rest_route=\/wp\/v2\/types\/post"}],"author":[{"embeddable":true,"href":"https:\/\/www.moravecteam.cz\/index.php?rest_route=\/wp\/v2\/users\/3"}],"replies":[{"embeddable":true,"href":"https:\/\/www.moravecteam.cz\/index.php?rest_route=%2Fwp%2Fv2%2Fcomments&post=13135"}],"version-history":[{"count":24,"href":"https:\/\/www.moravecteam.cz\/index.php?rest_route=\/wp\/v2\/posts\/13135\/revisions"}],"predecessor-version":[{"id":13210,"href":"https:\/\/www.moravecteam.cz\/index.php?rest_route=\/wp\/v2\/posts\/13135\/revisions\/13210"}],"wp:featuredmedia":[{"embeddable":true,"href":"https:\/\/www.moravecteam.cz\/index.php?rest_route=\/wp\/v2\/media\/13178"}],"wp:attachment":[{"href":"https:\/\/www.moravecteam.cz\/index.php?rest_route=%2Fwp%2Fv2%2Fmedia&parent=13135"}],"wp:term":[{"taxonomy":"category","embeddable":true,"href":"https:\/\/www.moravecteam.cz\/index.php?rest_route=%2Fwp%2Fv2%2Fcategories&post=13135"},{"taxonomy":"post_tag","embeddable":true,"href":"https:\/\/www.moravecteam.cz\/index.php?rest_route=%2Fwp%2Fv2%2Ftags&post=13135"}],"curies":[{"name":"wp","href":"https:\/\/api.w.org\/{rel}","templated":true}]}}