{"id":13139,"date":"2019-05-06T23:53:24","date_gmt":"2019-05-06T21:53:24","guid":{"rendered":"http:\/\/www.moravecteam.cz\/?p=13139"},"modified":"2019-05-07T12:36:20","modified_gmt":"2019-05-07T10:36:20","slug":"co-se-bude-dit-st19-3","status":"publish","type":"post","link":"https:\/\/www.moravecteam.cz\/?p=13139","title":{"rendered":"Co se bude d\u00edt? (ST19)"},"content":{"rendered":"<h5><span style=\"color: #800000;\">Term\u00ednov\u00fd kalend\u00e1\u0159 MORAVEC Team 2019:<\/span><\/h5>\n<p><strong><a href=\"http:\/\/www.moravecteam.cz\/?attachment_id=13036\" rel=\"attachment wp-att-13036\">MORAVEC Team &#8211; term\u00ednov\u00fd kalend\u00e1\u0159 2019<\/a><\/strong><\/p>\n<h5><span style=\"color: #800000;\">\u00dater\u00fd 7.5. 2019<\/span><\/h5>\n<p>Silni\u010dn\u00ed tr\u00e9nink pod veden\u00edm Vlast\u00edka Odehnala, Franti\u0161ka Pad\u011bry a Jirky \u0160t\u011bpan\u00edka\u00a0 &#8211; sraz v 17.00 u Z\u0160 Bene\u0161ov.<\/p>\n<h5><span style=\"color: #800000;\">St\u0159eda 8.5. 2019<\/span><\/h5>\n<ul>\n<li style=\"text-align: justify;\">Pravideln\u00e1 MTB\u00a0p\u0159\u00edprava s\u00a0Jirkou Va\u0161\u00ed\u010dkem, Milanem \u0160af\u00e1\u0159em, Liborem Barto\u0161em a Petrem Koudelkou.\u00a0Sraz v 17.00 na h\u0159i\u0161ti ve Valchov\u011b.<\/li>\n<li style=\"text-align: justify;\">Ofici\u00e1ln\u00ed zah\u00e1jen\u00ed provozu Sportparku Doubravy. Sou\u010d\u00e1st\u00ed je i doprovodn\u00fd z\u00e1vod&#8230;<\/li>\n<\/ul>\n<h5><span style=\"color: #800000;\">Sobota, ned\u011ble 11. &#8211; 12.5. 2019<\/span><\/h5>\n<p>T\u0159et\u00ed z\u00e1vod \u010cesk\u00e9ho poh\u00e1ru horsk\u00fdch kol v Peci pod Sn\u011b\u017ekou. Zde <strong><a href=\"https:\/\/www.poharmtb.cz\/pec-pod-snezkou-115\">studujte podrobnosti k z\u00e1vodu<\/a><\/strong>. Tu\u0165 jsou\u00a0<strong><a href=\"https:\/\/www.poharmtb.cz\/pec-pod-snezkou-115\">propozice<\/a><\/strong>.<a href=\"http:\/\/www.moravecteam.cz\/?attachment_id=12908\" rel=\"attachment wp-att-12908\"><br \/>\n<\/a><\/p>\n<p style=\"text-align: justify;\">Zde je nominace tren\u00e9r\u016f na t\u0159et\u00ed &#8222;poh\u00e1r&#8220; (jedn\u00e1 se o kategorie od mlad\u0161\u00edch \u017e\u00e1k\u016f &#8222;v\u00fd\u0161&#8220;, na d\u011bti kategori\u00ed MINIME se nominace nevztahuje, tyto d\u011bti m\u016f\u017eou jezdit na \u010cP dle sv\u00e9ho\u00a0uv\u00e1\u017een\u00ed,\u00a0resp.\u00a0uv\u00e1\u017een\u00ed\u00a0sv\u00fdch rodi\u010d\u016f a\u00a0 z\u00e1vodit\u00a0zde kdykoli).\u00a0\u00a0V\u00fdb\u011br tren\u00e9r\u016f\u00a0logicky koresponduje s v\u00fdsledky v Tou\u0161kov\u011b a ve Valchov\u011b. <strong><span style=\"color: #800000;\">Do Pece pod Sn\u011b\u017ekou jsou nominov\u00e1n\u00ed<\/span><\/strong>:<\/p>\n<ul>\n<li>\n<div style=\"text-align: justify;\">Mlad\u0161\u00ed \u017e\u00e1kyn\u011b:\u00a0<span style=\"color: #000000;\">Gottwaldov\u00e1 Am\u00e1lie, Han\u00e1kov\u00e1 Anna, Tlamkov\u00e1 Barbora, Janovsk\u00e1 Barbora a Koudelkov\u00e1 Lucie.<\/span><\/div>\n<\/li>\n<li style=\"text-align: justify;\">Mlad\u0161\u00ed \u017e\u00e1ci:\u00a0Lipensk\u00fd Matou\u0161<\/li>\n<li style=\"text-align: justify;\">Star\u0161\u00ed \u017e\u00e1kyn\u011b:\u00a0Han\u00e1kov\u00e1 Eli\u0161ka<\/li>\n<li style=\"text-align: justify;\">Star\u0161\u00ed \u017e\u00e1ci:\u00a0Koudelka Maty\u00e1\u0161, Lipensk\u00fd V\u00edt, Sedl\u00e1k Luk\u00e1\u0161, \u0160indel\u00e1\u0159 Roman<\/li>\n<li style=\"text-align: justify;\">Junio\u0159i:\u00a0Such\u00e1nek V\u00edt<\/li>\n<li style=\"text-align: justify;\">Mu\u017ei EXPERT:\u00a0\u0160ich Petr<\/li>\n<\/ul>\n<p style=\"text-align: justify;\"><strong><a href=\"https:\/\/cpxcmtb.sportsoft.cz\/mstartlist.aspx?m=241\">P\u0159ihl\u00e1\u0161en\u00ed do z\u00e1vodu<\/a><\/strong>\u00a0bude provedeno ve st\u0159edu, 8.5. 2019, odpoledne. Z nominovan\u00fdch je omluvena\u00a0 mlad\u0161\u00ed \u017e\u00e1kyn\u011b\u00a0Barbora Tlamkov\u00e1\u00a0 (aktu\u00e1ln\u011b v rekonvalescenci) a kdetka Kl\u00e1ra Odehnlov\u00e1.\u00a0<strong><span style=\"color: #800000;\">Kdo do Pece pod Sn\u011b\u017ekou nepojede, dejte mi v\u011bd\u011bt nejpozd\u011bji do st\u0159edy, 8.5.2019 do 12.00 hodin.<\/span><\/strong><\/p>\n<p style=\"text-align: justify;\">V kategori\u00edch MINIME n\u00e1s budou v Peci pod Sn\u011b\u017ekou s nejv\u011bt\u0161\u00ed pravd\u011bpodobnost\u00ed reprezentovat v kategorii d\u011bv\u010dat 9-10 let\u00a0Lucie Gottwaldov\u00e1 a Just\u00fdna Novotn\u00e1, a Jon\u00e1\u0161 Janovsk\u00fd (chlapci 5-6 let),\u00a0 na marodce je st\u00e1le &#8211; bohu\u017eel &#8211; Zita \u017dern\u00ed\u010dkov\u00e1.<\/p>\n<h5><span style=\"color: #800000;\">AKCE T\u011aSN\u011a ZA HORIZONTEM<\/span><\/h5>\n<ul>\n<li style=\"text-align: justify;\">18.5. 2019 &#8211; Druh\u00fd z\u00e1vod MTB &#8222;Vrchoviny&#8220;. Hostitelem bude Bene\u0161ov.<\/li>\n<li style=\"text-align: justify;\">24. &#8211; 26. 5.2019\u00a0 Sv\u011btov\u00fd poh\u00e1r horsk\u00fdch kol v Nov\u00e9m M\u011bst\u011b na Morav\u011b. P\u016fsobit zde bude ji\u017e ur\u010den\u00e1 skupina dobrovoln\u00edk\u016f MORAVEC Teamu.<\/li>\n<li style=\"text-align: justify;\">24. &#8211; 26. 5. 2019\u00a0\u00a0&#8211; na doporu\u010den\u00ed tren\u00e9r\u016f navrhuje odd\u00edl k reprezentaci MORAVEC Teamu na etapov\u00e9m silni\u010dn\u00edm z\u00e1vod\u011b v Lan\u0161kroun\u011b (star\u0161\u00ed \u017e\u00e1ci a kadetky) tyto jezdce:\u00a0Roman \u0160indel\u00e1\u0159, V\u00edt Lipensk\u00fd, Luk\u00e1\u0161 Sedl\u00e1k a Kl\u00e1ra Odehnalov\u00e1.\u00a0Tuto reprezentaci odd\u00edl podpo\u0159\u00ed.\u00a0 Obdobn\u011b je odd\u00edl p\u0159ipraven podpo\u0159it jezdce MORAVEC Teamu v p\u0159\u00edpad\u011b reprezentace na dal\u0161\u00edch silni\u010dn\u00edch z\u00e1vodech, kter\u00e9 nebudou kolidovat s MTB \u010cP XCO a MTB &#8222;Vrchovinou&#8220; za t\u011bchto podm\u00ednek: Skupina minim\u00e1ln\u011b t\u0159\u00ed jezdc\u016f &#8211; pak je mo\u017enost domluvy na zap\u016fj\u010den\u00ed odd\u00edlov\u00e9 dod\u00e1vky a odd\u00edlov\u00e9ho t\u00fdmov\u00e9ho z\u00e1zem\u00ed. S proplacen\u00edm startovn\u00e9ho (oproti dokladu), se samoz\u0159ejm\u011b po\u010d\u00edt\u00e1. Obdobn\u011b je odd\u00edl p\u0159ipraven p\u0159isp\u011bt na reprezentanty \u010cR z \u0159ad MORAVEC Teamu &#8211; aktu\u00e1ln\u011b se toto t\u00fdk\u00e1\u00a0Eli\u0161ky Han\u00e1kov\u00e9,\u00a0kter\u00e1 je nominov\u00e1na pro r. 2019 do reprezentace \u010cR &#8211; lv\u00ed\u010data (\u017e\u00e1ci a kadeti).<\/li>\n<li style=\"text-align: justify;\">1.6. 2019 &#8211; \u010cesk\u00fd poh\u00e1r horsk\u00fdch kol &#8211; 4. z\u00e1vod &#8211; Zadov. Zde\u00a0<strong><a href=\"https:\/\/www.poharmtb.cz\/zadov-16\">studujte propozice<\/a>.<\/strong><\/li>\n<li style=\"text-align: justify;\">1.6. 2019 &#8211; Poutn\u00ed pochod Bene\u0161ov &#8211; K\u0159tiny. Sraz poutn\u00edk\u016f v 6.00 u Kostela Pov\u00fd\u0161en\u00ed Svat\u00e9ho k\u0159\u00ed\u017ee v Bene\u0161ov\u011b.<\/li>\n<\/ul>\n<h5 style=\"text-align: justify;\"><span style=\"color: #800000;\">AKCE ZA DV\u011aMA HORIZONTY<\/span><\/h5>\n<ul>\n<li style=\"text-align: justify;\">23. &#8211; 28. 6.\u00a02019\u00a0&#8211; Olympi\u00e1da d\u011bt\u00ed a ml\u00e1de\u017ee v Liberci. Za MORAVEC Team byli doporu\u010deni na reprezentaci JmK (t\u00fdk\u00e1 se kadet\u016f-kadetek a star\u0161\u00edch \u017e\u00e1k\u016f &#8211; \u017ea\u010dek)\u00a0Kl\u00e1ra Odehnalov\u00e1, Eli\u0161ka Han\u00e1kov\u00e1, Luk\u00e1\u0161 Sedl\u00e1k a Roman \u0160indel\u00e1\u0159.\u00a0Na\u0161e rajdry \u010dekaj\u00ed nomina\u010dn\u00ed z\u00e1vody, na z\u00e1klad\u011b kter\u00fdch rozhodnou pov\u011b\u0159en\u00ed tren\u00e9\u0159i Luk\u00e1\u0161 Petr a Petr Herman o jejich p\u0159\u00edpadn\u00e9 nominaci. V r\u00e1mci nominace na ODM\u00a0za Olomouck\u00fd\u00a0 kraj budeme\u00a0je navr\u017een \u00a0k reprezentaci\u00a0V\u00edt Lipensk\u00fd,\u00a0 Podrobnosti k ODM v Liberci za Jihomoravsk\u00fd kraj \u00a0najdete zde,\u00a0<strong><a href=\"http:\/\/www.moravecteam.cz\/?attachment_id=12921\" rel=\"attachment wp-att-12921\">J<\/a><a href=\"http:\/\/www.moravecteam.cz\/?attachment_id=12921\" rel=\"attachment wp-att-12921\">MKSC-LODM2019-nominacni_kriteria_v1_sLT (2)<\/a><\/strong>,\u00a0za Olomouck\u00fd kraj zase tu\u0165:\u00a0<strong><a href=\"https:\/\/www.olomouckysvazcyklistiky.cz\/images\/documents\/2019\/LODM2019.pdf\">Nomina\u010dn\u00ed krit\u00e9ria-Olomouck\u00fd kraj.<\/a><\/strong><\/li>\n<li style=\"text-align: justify;\">Pr\u00e1zdninov\u00fd Kemp MORAVEC Teamu\u00a0prob\u011bhne v t\u00fddnu od\u00a029.7. do 2.8. 2019. Opera\u010dn\u00ed prostor: Ji\u017en\u00ed Morava \/ Severn\u00ed\u00a0 Rakousko.<\/li>\n<\/ul>\n","protected":false},"excerpt":{"rendered":"<p>Term\u00ednov\u00fd kalend\u00e1\u0159 MORAVEC Team 2019: MORAVEC Team &#8211; term\u00ednov\u00fd kalend\u00e1\u0159 2019 \u00dater\u00fd 7.5. 2019 Silni\u010dn\u00ed tr\u00e9nink pod veden\u00edm Vlast\u00edka Odehnala, Franti\u0161ka Pad\u011bry a Jirky \u0160t\u011bpan\u00edka\u00a0 &#8211; sraz v 17.00 u Z\u0160 Bene\u0161ov. St\u0159eda 8.5. 2019 Pravideln\u00e1 MTB\u00a0p\u0159\u00edprava s\u00a0Jirkou Va\u0161\u00ed\u010dkem, Milanem \u0160af\u00e1\u0159em, Liborem Barto\u0161em a Petrem Koudelkou.\u00a0Sraz v 17.00 na h\u0159i\u0161ti ve Valchov\u011b. Ofici\u00e1ln\u00ed zah\u00e1jen\u00ed provozu &hellip; <a href=\"https:\/\/www.moravecteam.cz\/?p=13139\" class=\"more-link\">Pokra\u010dov\u00e1n\u00ed textu <span class=\"screen-reader-text\">Co se bude d\u00edt? (ST19)<\/span> <span class=\"meta-nav\">&rarr;<\/span><\/a><\/p>\n","protected":false},"author":3,"featured_media":13142,"comment_status":"open","ping_status":"closed","sticky":false,"template":"","format":"standard","meta":[],"categories":[11],"tags":[],"_links":{"self":[{"href":"https:\/\/www.moravecteam.cz\/index.php?rest_route=\/wp\/v2\/posts\/13139"}],"collection":[{"href":"https:\/\/www.moravecteam.cz\/index.php?rest_route=\/wp\/v2\/posts"}],"about":[{"href":"https:\/\/www.moravecteam.cz\/index.php?rest_route=\/wp\/v2\/types\/post"}],"author":[{"embeddable":true,"href":"https:\/\/www.moravecteam.cz\/index.php?rest_route=\/wp\/v2\/users\/3"}],"replies":[{"embeddable":true,"href":"https:\/\/www.moravecteam.cz\/index.php?rest_route=%2Fwp%2Fv2%2Fcomments&post=13139"}],"version-history":[{"count":6,"href":"https:\/\/www.moravecteam.cz\/index.php?rest_route=\/wp\/v2\/posts\/13139\/revisions"}],"predecessor-version":[{"id":13147,"href":"https:\/\/www.moravecteam.cz\/index.php?rest_route=\/wp\/v2\/posts\/13139\/revisions\/13147"}],"wp:featuredmedia":[{"embeddable":true,"href":"https:\/\/www.moravecteam.cz\/index.php?rest_route=\/wp\/v2\/media\/13142"}],"wp:attachment":[{"href":"https:\/\/www.moravecteam.cz\/index.php?rest_route=%2Fwp%2Fv2%2Fmedia&parent=13139"}],"wp:term":[{"taxonomy":"category","embeddable":true,"href":"https:\/\/www.moravecteam.cz\/index.php?rest_route=%2Fwp%2Fv2%2Fcategories&post=13139"},{"taxonomy":"post_tag","embeddable":true,"href":"https:\/\/www.moravecteam.cz\/index.php?rest_route=%2Fwp%2Fv2%2Ftags&post=13139"}],"curies":[{"name":"wp","href":"https:\/\/api.w.org\/{rel}","templated":true}]}}