{"id":13149,"date":"2019-05-08T13:40:57","date_gmt":"2019-05-08T11:40:57","guid":{"rendered":"http:\/\/www.moravecteam.cz\/?p=13149"},"modified":"2019-05-08T22:01:32","modified_gmt":"2019-05-08T20:01:32","slug":"na-jinych-frontach","status":"publish","type":"post","link":"https:\/\/www.moravecteam.cz\/?p=13149","title":{"rendered":"Na jin\u00fdch front\u00e1ch&#8230;"},"content":{"rendered":"<p style=\"text-align: justify;\"><strong><span style=\"color: #800000;\">Soub\u011b\u017en\u011b se z\u00e1vodem \u010cesk\u00e9ho poh\u00e1ru horsk\u00fdch kol v Tou\u0161kov\u011b se jelo za aktivn\u00ed \u00fa\u010dasti rajdr\u016f MORAVEC Teamu i prvn\u00ed Kolo pro \u017eivot, den po druh\u00e9m poh\u00e1rov\u00e9m z\u00e1vod\u011b odstartovala v Moravsk\u00e9 T\u0159ebov\u00e9 &#8211; op\u011bt za aktivn\u00ed \u00fa\u010dasti rajdra MORAVEC Teamu &#8211; MTB s\u00e9rie Cykloman a na prvn\u00edho m\u00e1je tak\u00e9 p\u0159ev\u00e1\u017en\u00e1 v\u011bt\u0161ina biker\u016f pravd\u011bpodobn\u011b ne\u0161la do pr\u016fvodu&#8230; Jel se nap\u0159\u00edklad dal\u0161\u00ed z\u00e1vod Pra\u017esk\u00e9ho MTB poh\u00e1ru. Samo, \u017ee taky za \u00fa\u010dasti na\u0161ich barev&#8230;<\/span><\/strong><\/p>\n<figure id=\"attachment_13163\" aria-describedby=\"caption-attachment-13163\" style=\"width: 896px\" class=\"wp-caption alignnone\"><a href=\"http:\/\/www.moravecteam.cz\/?attachment_id=13163\" rel=\"attachment wp-att-13163\"><img decoding=\"async\" loading=\"lazy\" class=\" wp-image-13163\" alt=\"e15a5ef4e6689a9a7efad97511565e56\" src=\"http:\/\/www.moravecteam.cz\/wp-content\/uploads\/2019\/05\/e15a5ef4e6689a9a7efad97511565e56.jpeg\" width=\"896\" height=\"823\" srcset=\"https:\/\/www.moravecteam.cz\/wp-content\/uploads\/2019\/05\/e15a5ef4e6689a9a7efad97511565e56.jpeg 896w, https:\/\/www.moravecteam.cz\/wp-content\/uploads\/2019\/05\/e15a5ef4e6689a9a7efad97511565e56-300x275.jpeg 300w\" sizes=\"(max-width: 896px) 100vw, 896px\" \/><\/a><figcaption id=\"caption-attachment-13163\" class=\"wp-caption-text\">Maty\u00e1\u0161 Koudelka na trati z\u00e1vodu v Dob\u0159ichovic\u00edch.<\/figcaption><\/figure>\n<h5 style=\"text-align: justify;\"><strong><span style=\"color: #800000;\">Kolo pro \u017eivot, Dob\u0159ichovice, 27.4.2019<\/span><\/strong><\/h5>\n<p style=\"text-align: justify;\">Obec Dob\u0159ichovice byla posledn\u00ed leto\u0161n\u00ed dubnovou sobotu prvn\u00edm po\u0159adatelem\u00a0 bikov\u00e9 s\u00e9rie MTB maraton\u016f &#8211; Kolo pro \u017eivot. Ofici\u00e1ln\u00ed n\u00e1zev z\u00e1vodu byl Praha &#8211; Karl\u0161tejn Tour \u010cesk\u00e9 spo\u0159itelny a barvy MORAVEC Teamu &#8211; d\u00edky sourozenc\u016fm Lucii a Maty\u00e1\u0161ovi Koudelkov\u00fdm &#8211; byly p\u0159i tom! V kategorii d\u00edvek 10-11 let se v konkurenci dvaceti soupe\u0159ek dok\u00e1zala na\u0161e <strong><span style=\"color: #800000;\">Lucka Koudelkov\u00e1<\/span> <\/strong>prosadit v c\u00edli na 6. m\u00edsto a jej\u00ed br\u00e1cha, <strong><span style=\"color: #800000;\">Maty\u00e1\u0161 Koudelka<\/span><\/strong> skon\u010dil v z\u00e1vod\u011b chlapc\u016f 12-13 jen o stup\u00ednek po zadu &#8211; v c\u00edli bral 7. m\u00edsto. Zaj\u00edmavost\u00ed tohoto letit\u00e9ho z\u00e1vodu je, \u017ee po\u0159adatel\u00e9 doposud nesladili v\u011bkov\u00e9 kategorie s obecn\u011b celosv\u011btov\u011b uzn\u00e1van\u00fdm standardem&#8230; A to i p\u0159esto, \u017ee cel\u00fd seri\u00e1l vlastn\u00ed takov\u00fd sportovn\u00ed odborn\u00edk na slovo vzat\u00fd, jak\u00fdm Petr \u010cech beze sporu je&#8230; T\u011b\u017eko \u0159\u00edct, pro\u010d..? A\u0165 tak &#8211; \u010di tak:\u00a0Zde si ov\u011b\u0159te z prvn\u00edho Kola pro \u017eivot\u00a0<strong><a href=\"https:\/\/kpzresults.sportsoft.cz\/cs\/zavod\/results\/3760?rid=4204&amp;eventid=2\">v<\/a><a href=\"https:\/\/kpzresults.sportsoft.cz\/cs\/zavod\/results\/3760?rid=4204&amp;eventid=2\">\u00fdsledky MORAVC\u016e<\/a>,<\/strong>\u00a0kter\u00fdm touto cestou d\u011bkuji za vzorn\u00e9 repre odd\u00edlu! A d\u00edk pat\u0159\u00ed ur\u010do i podp\u016frn\u00e9mu rodinn\u00e9mu t\u00fdmu!<\/p>\n<figure id=\"attachment_13164\" aria-describedby=\"caption-attachment-13164\" style=\"width: 1920px\" class=\"wp-caption alignnone\"><a href=\"http:\/\/www.moravecteam.cz\/?attachment_id=13164\" rel=\"attachment wp-att-13164\"><img decoding=\"async\" loading=\"lazy\" class=\" wp-image-13164\" alt=\"9f2826c45a5130680950ab033e0dc77d\" src=\"http:\/\/www.moravecteam.cz\/wp-content\/uploads\/2019\/05\/9f2826c45a5130680950ab033e0dc77d.jpeg\" width=\"1920\" height=\"1080\" srcset=\"https:\/\/www.moravecteam.cz\/wp-content\/uploads\/2019\/05\/9f2826c45a5130680950ab033e0dc77d.jpeg 1920w, https:\/\/www.moravecteam.cz\/wp-content\/uploads\/2019\/05\/9f2826c45a5130680950ab033e0dc77d-300x168.jpeg 300w, https:\/\/www.moravecteam.cz\/wp-content\/uploads\/2019\/05\/9f2826c45a5130680950ab033e0dc77d-1024x576.jpeg 1024w\" sizes=\"(max-width: 1920px) 100vw, 1920px\" \/><\/a><figcaption id=\"caption-attachment-13164\" class=\"wp-caption-text\">Zdrcuj\u00edc\u00ed \u00fatok Lucie Koudelkov\u00e9!<\/figcaption><\/figure>\n<h5><span style=\"color: #800000;\">Cykloman, Moravsk\u00e1 T\u0159ebov\u00e1 &#8211; 28.4.2019<\/span><\/h5>\n<p style=\"text-align: justify;\">V sobotu v na z\u00e1vod\u011b \u010cesk\u00e9ho poh\u00e1ru Horsk\u00fdch kol\u00a0 ve M\u011bst\u011b Tou\u0161kov\u011b zajel <strong><span style=\"color: #800000;\">Petr \u0160ich<\/span><\/strong> svoji premi\u00e9rovou bednu v kategorii mu\u017e\u016f EXPERT, aby den pot\u00e9 byl hlavn\u00ed postavou MTB \u010dasovky, kter\u00e1 se jela v Moravsk\u00e9 T\u0159ebov\u00e9 v r\u00e1mci seri\u00e1lu Cykloman. Petr vyhr\u00e1l nejen svoji kategorii, ale byl i absolutn\u011b nejrychlej\u0161\u00edm bikerem dne! Blahop\u0159ejeme a d\u00edky za vzorn\u00e9 repre odd\u00edlu! A jak t\u011b\u017ek\u00e9 bylo pro Petra po n\u00e1ro\u010dn\u00e9m Tou\u0161kov\u011b zvl\u00e1dnout dal\u0161\u00ed n\u00e1ro\u010dnou race? <em>&#8222;Bylo to leh\u010d\u00ed ne\u017e v sobotu v Tou\u0161kov\u011b, ale nohy u\u017e tu \u00fanavu taky poci\u0165ovaly, tak\u017ee to zas nebylo tak jednozna\u010dn\u00fd&#8230;&#8220;<\/em>, odpov\u011bd\u011bl mi Petr na m\u016fj dotaz, zda po t\u011b\u017ek\u00e9m Tou\u0161kov\u011b byl Cykloman &#8222;brnka\u010dkou&#8220;? Zde si odkontrolujte Pe\u0165\u016fv dal\u0161\u00ed supr v\u00fdsledek:\u00a0<strong><a href=\"http:\/\/www.moravecteam.cz\/?attachment_id=13155\" rel=\"attachment wp-att-13155\">cykloman-2019-04-28-casovka<\/a>, <\/strong>no a<strong>\u00a0<span style=\"color: #339966;\">z<\/span><a href=\"http:\/\/www.cykloman.cz\/\">de jsou dal\u0161\u00ed podrobnosti<\/a>&#8230;<\/strong><\/p>\n<figure id=\"attachment_13156\" aria-describedby=\"caption-attachment-13156\" style=\"width: 2048px\" class=\"wp-caption alignnone\"><a href=\"http:\/\/www.moravecteam.cz\/?attachment_id=13156\" rel=\"attachment wp-att-13156\"><img decoding=\"async\" loading=\"lazy\" class=\" wp-image-13156\" alt=\"102_2748\" src=\"http:\/\/www.moravecteam.cz\/wp-content\/uploads\/2019\/05\/102_2748.jpg\" width=\"2048\" height=\"1536\" srcset=\"https:\/\/www.moravecteam.cz\/wp-content\/uploads\/2019\/05\/102_2748.jpg 2048w, https:\/\/www.moravecteam.cz\/wp-content\/uploads\/2019\/05\/102_2748-300x225.jpg 300w, https:\/\/www.moravecteam.cz\/wp-content\/uploads\/2019\/05\/102_2748-1024x768.jpg 1024w\" sizes=\"(max-width: 2048px) 100vw, 2048px\" \/><\/a><figcaption id=\"caption-attachment-13156\" class=\"wp-caption-text\">Petr \u0160ich se aktu\u00e1ln\u011b veze na medailov\u00e9 vln\u011b. V\u011b\u0159\u00edme, \u017ee mu vydr\u017e\u00ed i do Pece pod Sn\u011b\u017ekou!<\/figcaption><\/figure>\n<h5 style=\"text-align: justify;\"><span style=\"color: #800000;\"><strong>Pra\u017esk\u00fd MTB poh\u00e1r, Praha &#8211; 1.5. 2019<\/strong><\/span><\/h5>\n<p style=\"text-align: justify;\">Dal\u0161\u00ed dva na\u0161i mlad\u00ed rajd\u0159i ud\u011blali sympatickou premi\u00e9rovou stopu MORAVEC Teamu na Pra\u017esk\u00e9m MTB poh\u00e1ru, kter\u00e9ho se jel na prvn\u00edho m\u00e1je u\u017e t\u0159et\u00ed z\u00e1vod! Aktivita, za kterou stoji reprezenta\u010dn\u00ed tren\u00e9r a \u0161\u00e9f Nutrend Specialized racing, Viktor Zapletal, nabrala letos &#8222;v\u00edtr do plachet&#8220; a konkurence se na jednotliv\u00fdch &#8222;\u0161tac\u00edch seri\u00e1lu&#8220; sch\u00e1z\u00ed vskutku hojn\u00e1! O to radostn\u011bj\u0161\u00ed je v\u00fdsledek dvou na\u0161ich reprezentant\u016f: v kategorii chlapc\u016f 5-6 let dojel <strong><span style=\"color: #800000;\">Jon\u00e1\u0161ek Janovsk\u00fd<\/span><\/strong> v TOP20 (18. m\u00edsto) a jeho star\u0161\u00ed sestra, <strong><span style=\"color: #800000;\">Bar\u010da Janovsk\u00e1<\/span><\/strong> brala dokonce um\u00edst\u011bn\u00ed v TOP10 (7. m\u00edsto)! I t\u011bmto dv\u011bma pat\u0159\u00ed d\u00edk za vzorn\u00e9 repre odd\u00edlu, p\u0159i\u010dem\u017e s pod\u011bkov\u00e1n\u00edm nevynech\u00e1v\u00e1m, samo \u017ee, ani jejich podp\u016frn\u00fd rodinn\u00fd t\u00fdm&#8230;\u00a0Zde je k prostudov\u00e1n\u00ed leto\u0161n\u00ed prvn\u00ed <strong><a href=\"https:\/\/www.sportt.cz\/racesResults\/resultlist\/859\">v\u00fdsledkov\u00e1 stopa MORAVC\u016e <\/a><\/strong>na Pra\u017esk\u00e9m MTB poh\u00e1ru&#8230;<\/p>\n<p style=\"text-align: justify;\"><strong><a href=\"http:\/\/www.cykloman.cz\/\">\u00a0<\/a><\/strong><\/p>\n","protected":false},"excerpt":{"rendered":"<p>Soub\u011b\u017en\u011b se z\u00e1vodem \u010cesk\u00e9ho poh\u00e1ru horsk\u00fdch kol v Tou\u0161kov\u011b se jelo za aktivn\u00ed \u00fa\u010dasti rajdr\u016f MORAVEC Teamu i prvn\u00ed Kolo pro \u017eivot, den po druh\u00e9m poh\u00e1rov\u00e9m z\u00e1vod\u011b odstartovala v Moravsk\u00e9 T\u0159ebov\u00e9 &#8211; op\u011bt za aktivn\u00ed \u00fa\u010dasti rajdra MORAVEC Teamu &#8211; MTB s\u00e9rie Cykloman a na prvn\u00edho m\u00e1je tak\u00e9 p\u0159ev\u00e1\u017en\u00e1 v\u011bt\u0161ina biker\u016f pravd\u011bpodobn\u011b ne\u0161la do pr\u016fvodu&#8230; &hellip; <a href=\"https:\/\/www.moravecteam.cz\/?p=13149\" class=\"more-link\">Pokra\u010dov\u00e1n\u00ed textu <span class=\"screen-reader-text\">Na jin\u00fdch front\u00e1ch&#8230;<\/span> <span class=\"meta-nav\">&rarr;<\/span><\/a><\/p>\n","protected":false},"author":3,"featured_media":13162,"comment_status":"open","ping_status":"closed","sticky":false,"template":"","format":"standard","meta":[],"categories":[1],"tags":[],"_links":{"self":[{"href":"https:\/\/www.moravecteam.cz\/index.php?rest_route=\/wp\/v2\/posts\/13149"}],"collection":[{"href":"https:\/\/www.moravecteam.cz\/index.php?rest_route=\/wp\/v2\/posts"}],"about":[{"href":"https:\/\/www.moravecteam.cz\/index.php?rest_route=\/wp\/v2\/types\/post"}],"author":[{"embeddable":true,"href":"https:\/\/www.moravecteam.cz\/index.php?rest_route=\/wp\/v2\/users\/3"}],"replies":[{"embeddable":true,"href":"https:\/\/www.moravecteam.cz\/index.php?rest_route=%2Fwp%2Fv2%2Fcomments&post=13149"}],"version-history":[{"count":13,"href":"https:\/\/www.moravecteam.cz\/index.php?rest_route=\/wp\/v2\/posts\/13149\/revisions"}],"predecessor-version":[{"id":13168,"href":"https:\/\/www.moravecteam.cz\/index.php?rest_route=\/wp\/v2\/posts\/13149\/revisions\/13168"}],"wp:featuredmedia":[{"embeddable":true,"href":"https:\/\/www.moravecteam.cz\/index.php?rest_route=\/wp\/v2\/media\/13162"}],"wp:attachment":[{"href":"https:\/\/www.moravecteam.cz\/index.php?rest_route=%2Fwp%2Fv2%2Fmedia&parent=13149"}],"wp:term":[{"taxonomy":"category","embeddable":true,"href":"https:\/\/www.moravecteam.cz\/index.php?rest_route=%2Fwp%2Fv2%2Fcategories&post=13149"},{"taxonomy":"post_tag","embeddable":true,"href":"https:\/\/www.moravecteam.cz\/index.php?rest_route=%2Fwp%2Fv2%2Ftags&post=13149"}],"curies":[{"name":"wp","href":"https:\/\/api.w.org\/{rel}","templated":true}]}}