{"id":13211,"date":"2019-05-19T18:55:50","date_gmt":"2019-05-19T16:55:50","guid":{"rendered":"http:\/\/www.moravecteam.cz\/?p=13211"},"modified":"2019-05-19T20:47:36","modified_gmt":"2019-05-19T18:47:36","slug":"dalsi-paradni-cislo","status":"publish","type":"post","link":"https:\/\/www.moravecteam.cz\/?p=13211","title":{"rendered":"Dal\u0161\u00ed par\u00e1dn\u00ed \u010d\u00edslo..!"},"content":{"rendered":"<p style=\"text-align: justify;\"><strong><span style=\"color: #800000;\">Na trat\u00edch v Peci pod Sn\u011b\u017ekou m\u00e1me se n\u00e1m u\u017e v minulosti zpravidla dob\u0159e da\u0159ilo a leto\u0161n\u00ed z\u00e1vod \u010cesk\u00e9ho poh\u00e1ru horsk\u00fdch kol s po\u0159adov\u00fdm \u010d.3, kter\u00fd pohostilo toto horsk\u00e9 letovisko nebyl v\u00fdjimkou. Po medailov\u00fdch hodech ve M\u011bst\u011b Tou\u0161kov\u011b to na\u0161im cinkalo i v Krkono\u0161\u00edch o \u010dem\u017e sv\u011bd\u010d\u00ed dv\u011b zlata a jeden bronz. Vyv\u00e1l\u010dit tento v\u00fdsledek nebylo jednoduch\u00e9, do pr\u016fb\u011bhu z\u00e1vodu tentokr\u00e1t razantn\u011b promluvilo po\u010das\u00ed&#8230;<\/span><\/strong><\/p>\n<figure id=\"attachment_13230\" aria-describedby=\"caption-attachment-13230\" style=\"width: 5914px\" class=\"wp-caption alignnone\"><a href=\"http:\/\/www.moravecteam.cz\/?attachment_id=13230\" rel=\"attachment wp-att-13230\"><img decoding=\"async\" loading=\"lazy\" class=\" wp-image-13230\" alt=\"DSC_0293\" src=\"http:\/\/www.moravecteam.cz\/wp-content\/uploads\/2019\/05\/DSC_0293.jpg\" width=\"5914\" height=\"3453\" srcset=\"https:\/\/www.moravecteam.cz\/wp-content\/uploads\/2019\/05\/DSC_0293.jpg 5914w, https:\/\/www.moravecteam.cz\/wp-content\/uploads\/2019\/05\/DSC_0293-300x175.jpg 300w, https:\/\/www.moravecteam.cz\/wp-content\/uploads\/2019\/05\/DSC_0293-1024x597.jpg 1024w\" sizes=\"(max-width: 5914px) 100vw, 5914px\" \/><\/a><figcaption id=\"caption-attachment-13230\" class=\"wp-caption-text\">Medailist\u00e9 z Pece pod Sn\u011b\u017ekou: zleva bronzov\u00e1 Am\u00e1lka Gottwaldov\u00e1, d\u00e1le zlat\u00ed Petr \u0160ich a Eli\u0161ka Han\u00e1kov\u00e1.<\/figcaption><\/figure>\n<p style=\"text-align: justify;\">Zima, de\u0161tivo, vlhko a i sn\u011bhov\u00e9 vlo\u010dky &#8211; to v\u0161e prov\u00e1zelo a ovliv\u0148ovalo\u00a0 \u00fasil\u00ed biker\u016f na t\u0159et\u00edm poh\u00e1ru a n\u00e1s jen m\u016f\u017ee t\u011b\u0161it, \u017ee v\u00fdkony reprezentant\u016f MORAVEC Teamu byly za dan\u00fdch klimatick\u00fdch podm\u00ednek podle \u00faslov\u00ed: &#8222;\u010c\u00edm h\u016f\u0159, t\u00edm l\u00edp..!&#8220;.<\/p>\n<p style=\"text-align: justify;\">Podle leto\u0161n\u00edho zaveden\u00e9ho \u010dasov\u00e9ho harmonogramu se v sobotu po r\u00e1nu rozb\u011bhly soub\u011b\u017en\u011b sout\u011b\u017ee mlad\u0161\u00edch a star\u0161\u00edch \u017e\u00e1k\u016f v technick\u00fdch sekc\u00edch a z\u00e1vody d\u011bt\u00ed MINIME. Na technice odvedli na\u0161i sv\u016fj standard &#8211; nic v\u00edc, nic m\u00ed\u0148, nejv\u00edce bod\u016f (45 z maxima 50 bod\u016f) vyjeli <strong><span style=\"color: #800000;\">Roman \u0160indel\u00e1\u0159<\/span><\/strong> a <strong><span style=\"color: #800000;\">V\u00edt Lipensk\u00fd<\/span><\/strong>. T\u0159i reprezentanty jsme sledovali ve startech kategori\u00ed MINIME a zat\u00edm co <strong><span style=\"color: #800000;\">Jon\u00e1\u0161ek Janovsk\u00fd<\/span><\/strong> (kat. 5-6 let) a <strong><span style=\"color: #800000;\">Just\u00fdna Novotn\u00e1<\/span><\/strong> (kat. 9-10 let) &#8211; se dok\u00e1zali prosadit do TOP 10, <strong><span style=\"color: #800000;\">Lucii Gottwaldov\u00e9<\/span><\/strong> (kat. 9-10 let) unikla elitn\u00ed des\u00edtka jen velmi t\u011bsne..!<\/p>\n<figure id=\"attachment_13233\" aria-describedby=\"caption-attachment-13233\" style=\"width: 1005px\" class=\"wp-caption alignnone\"><a href=\"http:\/\/www.moravecteam.cz\/?attachment_id=13233\" rel=\"attachment wp-att-13233\"><img decoding=\"async\" loading=\"lazy\" class=\" wp-image-13233\" alt=\"DSC_0047\" src=\"http:\/\/www.moravecteam.cz\/wp-content\/uploads\/2019\/05\/DSC_0047.jpg\" width=\"1005\" height=\"811\" srcset=\"https:\/\/www.moravecteam.cz\/wp-content\/uploads\/2019\/05\/DSC_0047.jpg 1005w, https:\/\/www.moravecteam.cz\/wp-content\/uploads\/2019\/05\/DSC_0047-300x242.jpg 300w\" sizes=\"(max-width: 1005px) 100vw, 1005px\" \/><\/a><figcaption id=\"caption-attachment-13233\" class=\"wp-caption-text\">Jon\u00e1\u0161ek Janovsk\u00fd si zajel v Peci svoje leto\u0161n\u00ed v\u00fdsledkov\u00e9 poh\u00e1rov\u00e9 maximum.<\/figcaption><\/figure>\n<p style=\"text-align: justify;\">Odpoledne pak u\u017e nade\u0161el n\u00e1\u0161 medailov\u00fd \u010das&#8230; Prvn\u00ed velkou zlatou &#8222;poh\u00e1rovou&#8220; medaili vybojoval n\u00e1\u0161 pracovit\u00fd &#8222;mu\u017e- EXPERT&#8220; <strong><span style=\"color: #800000;\">Petr \u0160ich<\/span><\/strong>\u00a0a dok\u00e1zal, \u017ee st\u0159\u00edbro z M\u011bsta Tou\u0161kova nebylo zdaleka n\u00e1hodou! Petr\u016fv v\u00fdsledek je o to cenn\u011bj\u0161\u00ed, nebo\u0165 z\u00e1vod dokon\u010doval s velkou bolest\u00ed, kterou zp\u016fsobil vyklouben\u00fd mal\u00ed\u010dek na prav\u00e9 ruce! Klobouk dol\u016f p\u0159ed jeho heroick\u00fdm v\u00fdkonem, jen\u017e byl po z\u00e1sluze korunov\u00e1n zlatem! \u017de je Pe\u0165a po t\u0159ech z\u00e1vodech celkov\u00fdm l\u00eddrem t\u00e9to kategorie, nemus\u00edm zd\u016fraz\u0148ovat! Blahop\u0159ejeme, bravo MORAVEC a d\u00edky za vzorn\u00e9 repre odd\u00edlu za hranic\u00ed sebeob\u011btov\u00e1n\u00ed..!<\/p>\n<figure id=\"attachment_13234\" aria-describedby=\"caption-attachment-13234\" style=\"width: 3268px\" class=\"wp-caption alignnone\"><a href=\"http:\/\/www.moravecteam.cz\/?attachment_id=13234\" rel=\"attachment wp-att-13234\"><img decoding=\"async\" loading=\"lazy\" class=\" wp-image-13234\" alt=\"DSC_0054\" src=\"http:\/\/www.moravecteam.cz\/wp-content\/uploads\/2019\/05\/DSC_0054.jpg\" width=\"3268\" height=\"3284\" srcset=\"https:\/\/www.moravecteam.cz\/wp-content\/uploads\/2019\/05\/DSC_0054.jpg 3268w, https:\/\/www.moravecteam.cz\/wp-content\/uploads\/2019\/05\/DSC_0054-25x25.jpg 25w, https:\/\/www.moravecteam.cz\/wp-content\/uploads\/2019\/05\/DSC_0054-298x300.jpg 298w, https:\/\/www.moravecteam.cz\/wp-content\/uploads\/2019\/05\/DSC_0054-1019x1024.jpg 1019w\" sizes=\"(max-width: 3268px) 100vw, 3268px\" \/><\/a><figcaption id=\"caption-attachment-13234\" class=\"wp-caption-text\">Poh\u00e1rov\u00fdmi v\u00fdsledkov\u00fdmi listinami stoup\u00e1 i Lucka Gottwaldov\u00e1.<\/figcaption><\/figure>\n<p style=\"text-align: justify;\">Vyklouben\u00fd mal\u00ed\u010dek napravil l\u00e9ka\u0159 hned na m\u00edst\u011b a v sou\u010dasnosti Petr ji\u017e op\u011bt za\u010d\u00edn\u00e1 tr\u00e9novat, a i kdy\u017e vynechal MTB &#8222;Vrchovinu&#8220; na Bene\u0161ov\u011b (tento seri\u00e1l m\u00e1 letos jako jednu z priorit) v\u0161e nasv\u011bd\u010duje tomu, \u017ee na Zadov\u011b chyb\u011bt nebude.<\/p>\n<p style=\"text-align: justify;\">Petr\u016fv p\u0159\u00edkladn\u00fd v\u00fdkon jakoby &#8222;nakopl&#8220; k limitn\u00edm v\u00fdkon\u016fm na bahnit\u00fdch trat\u00edch i dal\u0161\u00ed MORAVCE, kte\u0159\u00ed m\u011bli je\u0161t\u011b svoje starty p\u0159ed sebou\u00a0 a mo\u017en\u00e1 i d\u00edky tomu\u00a0 z toho byly dal\u0161\u00ed dv\u011b nedaile! O bronzovou se postarala v z\u00e1vod\u011b mlad\u0161\u00edch \u017e\u00e1ky\u0148 <strong><span style=\"color: #800000;\">Am\u00e1lka Gottwaldov\u00e1,<\/span><\/strong> kdy\u017e v medailov\u00e9 bitv\u011b prosvi\u0161t\u011bli prvn\u00ed t\u0159i z\u00e1vodnice do c\u00edle v rozmez\u00ed necel\u00fdch \u010dty\u0159(!) vte\u0159in! A co mysl\u00edte, \u017ee bude po st\u0159\u00edbru z Tou\u0161kova a bronzu z Pece n\u00e1sledovat mo\u017en\u00e1 u\u017e na Zadov\u011b? Mysl\u00edm, \u017ee na tuto ot\u00e1zku\u00a0 nen\u00ed slo\u017eit\u00e1 odpov\u011bd..!\u00a0 Bravo MORAVEC podruh\u00e9!<\/p>\n<figure id=\"attachment_13235\" aria-describedby=\"caption-attachment-13235\" style=\"width: 3072px\" class=\"wp-caption alignnone\"><a href=\"http:\/\/www.moravecteam.cz\/?attachment_id=13235\" rel=\"attachment wp-att-13235\"><img decoding=\"async\" loading=\"lazy\" class=\" wp-image-13235\" alt=\"DSC_0084\" src=\"http:\/\/www.moravecteam.cz\/wp-content\/uploads\/2019\/05\/DSC_0084.jpg\" width=\"3072\" height=\"2946\" srcset=\"https:\/\/www.moravecteam.cz\/wp-content\/uploads\/2019\/05\/DSC_0084.jpg 3072w, https:\/\/www.moravecteam.cz\/wp-content\/uploads\/2019\/05\/DSC_0084-25x25.jpg 25w, https:\/\/www.moravecteam.cz\/wp-content\/uploads\/2019\/05\/DSC_0084-300x287.jpg 300w, https:\/\/www.moravecteam.cz\/wp-content\/uploads\/2019\/05\/DSC_0084-1024x982.jpg 1024w\" sizes=\"(max-width: 3072px) 100vw, 3072px\" \/><\/a><figcaption id=\"caption-attachment-13235\" class=\"wp-caption-text\">Just\u00fdna Novotn\u00e1 v pln\u00e9m tempu v z\u00e1vod\u011b d\u00edvek MINIME 9-10 let.<\/figcaption><\/figure>\n<p style=\"text-align: justify;\">Bylo by chybou nezm\u00ednit se o v\u00fdborn\u00e9m 5. m\u00edst\u011b <strong><span style=\"color: #800000;\">Anny Han\u00e1kov\u00e9<\/span><\/strong>, kter\u00e1 se zlep\u0161uje z\u00e1vod od z\u00e1vodu a &#8222;zraje&#8220; tak\u00e9 pro brzk\u00e9 medailov\u00e9 um\u00edst\u011bn\u00ed. Zabojovaly state\u010dn\u011b i <strong><span style=\"color: #800000;\">Barbora Janovsk\u00e1<\/span><\/strong> s <strong><span style=\"color: #800000;\">Luci\u00ed Koudelkovu<\/span><\/strong> a odm\u011bnou jim bylo um\u00edst\u011bn\u00ed v prvn\u00ed polovin\u011b t\u0159et\u00ed des\u00edtky v\u00fdsledkov\u00e9 listiny kategorie mlad\u0161\u00edch \u017e\u00e1ky\u0148. Mlad\u0161\u00ed \u017e\u00e1k <strong><span style=\"color: #800000;\">Matou\u0161 Lipensk\u00fd<\/span><\/strong> \u010delil op\u011bt v\u00edce ne\u017e osmdes\u00e1tce soupe\u0159\u016f a z\u00e1vod dokon\u010dil v p\u00e1t\u00e9 des\u00edtce v\u00fdsledkov\u00e9 listiny.<\/p>\n<figure id=\"attachment_13236\" aria-describedby=\"caption-attachment-13236\" style=\"width: 3027px\" class=\"wp-caption alignnone\"><a href=\"http:\/\/www.moravecteam.cz\/?attachment_id=13236\" rel=\"attachment wp-att-13236\"><img decoding=\"async\" loading=\"lazy\" class=\" wp-image-13236\" alt=\"DSC_0022\" src=\"http:\/\/www.moravecteam.cz\/wp-content\/uploads\/2019\/05\/DSC_0022.jpg\" width=\"3027\" height=\"2892\" srcset=\"https:\/\/www.moravecteam.cz\/wp-content\/uploads\/2019\/05\/DSC_0022.jpg 3027w, https:\/\/www.moravecteam.cz\/wp-content\/uploads\/2019\/05\/DSC_0022-25x25.jpg 25w, https:\/\/www.moravecteam.cz\/wp-content\/uploads\/2019\/05\/DSC_0022-300x286.jpg 300w, https:\/\/www.moravecteam.cz\/wp-content\/uploads\/2019\/05\/DSC_0022-1024x978.jpg 1024w\" sizes=\"(max-width: 3027px) 100vw, 3027px\" \/><\/a><figcaption id=\"caption-attachment-13236\" class=\"wp-caption-text\">Pohodov\u00e1 Ani\u010dka Han\u00e1kov\u00e1 na startu z\u00e1vodu mla\u0161\u00edch \u017e\u00e1ky\u0148. I ona se &#8211; k na\u0161\u00ed radosti &#8211; poh\u00e1r od poh\u00e1ru zlep\u0161uje!<\/figcaption><\/figure>\n<p style=\"text-align: justify;\">Zlatou te\u010dku MORAVC\u016e ud\u011blala v krkon\u0161sk\u00e9 &#8222;ps\u00edrn\u011b&#8220; v tu druhou kv\u011btnovou sobotu dal\u0161\u00ed na\u0161e spoehliv\u00e1 reprezentantka, star\u0161\u00ed \u017e\u00e1kyn\u011b, <strong><span style=\"color: #800000;\">Eli\u0161ka Han\u00e1kov\u00e1<\/span><\/strong>, kter\u00e1 sv\u016fj start prom\u011bnila na t\u011b\u017ek\u00e9 trati v s\u00f3lo z\u00e1vod a po Kutn\u00e9 Ho\u0159e a Tou\u0161kov\u011b slavila do t\u0159etice zalou\u017een\u00e9 v\u00edt\u011bzstv\u00ed s doposud rekordn\u00edm n\u00e1skokem na svoje pron\u00e1sledovatelky. V c\u00edli na n\u011b m\u011bla k dobru t\u00e9m\u011b\u0159 p\u016fl druh\u00e9 minuty! Bravo MORAVEC do t\u0159etice!<\/p>\n<figure id=\"attachment_13237\" aria-describedby=\"caption-attachment-13237\" style=\"width: 922px\" class=\"wp-caption alignnone\"><a href=\"http:\/\/www.moravecteam.cz\/?attachment_id=13237\" rel=\"attachment wp-att-13237\"><img decoding=\"async\" loading=\"lazy\" class=\" wp-image-13237\" alt=\"DSC_0153\" src=\"http:\/\/www.moravecteam.cz\/wp-content\/uploads\/2019\/05\/DSC_0153.jpg\" width=\"922\" height=\"1015\" srcset=\"https:\/\/www.moravecteam.cz\/wp-content\/uploads\/2019\/05\/DSC_0153.jpg 922w, https:\/\/www.moravecteam.cz\/wp-content\/uploads\/2019\/05\/DSC_0153-272x300.jpg 272w\" sizes=\"(max-width: 922px) 100vw, 922px\" \/><\/a><figcaption id=\"caption-attachment-13237\" class=\"wp-caption-text\">Hrdina z Pece,kter\u00e1 tentokr\u00e1t byla jak hork\u00e1, tak i studen\u00e1 &#8211; Petr \u0160ich.<\/figcaption><\/figure>\n<p style=\"text-align: justify;\">Sobotn\u00ed program uzav\u0159el start v\u00edce ja devades\u00e1ti star\u0161\u00edch \u017e\u00e1k\u016f se \u010dty\u0159mi na\u0161imi reprezentanty na startu. Nejrychlej\u0161\u00ed z nich byl v c\u00edli 47. <strong><span style=\"color: #800000;\">Luk\u00e1\u0161 Sedl\u00e1k<\/span><\/strong>, <strong><span style=\"color: #800000;\">Roman \u0160indel\u00e1\u0159,<\/span> <span style=\"color: #800000;\">V\u00edt Lipensk\u00fd<\/span><\/strong> a <strong><span style=\"color: #800000;\">Maty\u00e1\u0161 Koudelka<\/span> <\/strong>figuruj\u00ed v sedm\u00e9 des\u00edtce v\u00fdsledkov\u00e9 listiny. V ned\u011bli n\u00e1s reprezentoval v z\u00e1vod\u011b junior\u016f <strong><span style=\"color: #800000;\">V\u00ed\u0165a Such\u00e1nek<\/span><\/strong> a po dobr\u00e9m v\u00fdkonu si vylep\u0161il svoje leto\u0161n\u00ed v\u00fdsledkov\u00e9 poh\u00e1rov\u00e9 maximum.<\/p>\n<figure id=\"attachment_13238\" aria-describedby=\"caption-attachment-13238\" style=\"width: 2768px\" class=\"wp-caption alignnone\"><a href=\"http:\/\/www.moravecteam.cz\/?attachment_id=13238\" rel=\"attachment wp-att-13238\"><img decoding=\"async\" loading=\"lazy\" class=\" wp-image-13238\" alt=\"DSC_0280\" src=\"http:\/\/www.moravecteam.cz\/wp-content\/uploads\/2019\/05\/DSC_0280.jpg\" width=\"2768\" height=\"2789\" srcset=\"https:\/\/www.moravecteam.cz\/wp-content\/uploads\/2019\/05\/DSC_0280.jpg 2768w, https:\/\/www.moravecteam.cz\/wp-content\/uploads\/2019\/05\/DSC_0280-25x25.jpg 25w, https:\/\/www.moravecteam.cz\/wp-content\/uploads\/2019\/05\/DSC_0280-297x300.jpg 297w, https:\/\/www.moravecteam.cz\/wp-content\/uploads\/2019\/05\/DSC_0280-1016x1024.jpg 1016w\" sizes=\"(max-width: 2768px) 100vw, 2768px\" \/><\/a><figcaption id=\"caption-attachment-13238\" class=\"wp-caption-text\">TOP mlad\u0161\u00ed \u017e\u00e1kyn\u011b.<\/figcaption><\/figure>\n<p style=\"text-align: justify;\"><span style=\"color: #800000; font-size: 18px; font-weight: bold;\">Pec pod Sn\u011b\u017ekou\u00a0&#8211; v\u00fdsledky MORAVEC Teamu<\/span><\/p>\n<ul>\n<li style=\"text-align: justify;\">Kluci 5-6 let: 6. Jon\u00e1\u0161 Janovsk\u00fd \/ (celkov\u00e9 7. m\u00edsto po\u00a0t\u0159ech z\u00e1vodech)<\/li>\n<li style=\"text-align: justify;\">Holky 9-10 let: 7<strong>. <\/strong>Just\u00fdna Novotn\u00e1 \/ (3.), 11. Lucie Gottwaldov\u00e1 \/ (14.),\u00a0nestartovala Magdalena Barto\u0161ov\u00e1 (27.), nestartovala Marie Barto\u0161ov\u00e1 (zran\u011bn\u00ed) \/ (celkov\u011b je 36.)<\/li>\n<li style=\"text-align: justify;\">Mlad\u0161\u00ed \u017e\u00e1kyn\u011b: <strong><span style=\"color: #800000;\">3. Am\u00e1lie Gottwaldov\u00e1<\/span><\/strong> \/ (3.), 5. Anna Han\u00e1kov\u00e1 \/ (6.),\u00a0nestartovala Barbora Tlamkov\u00e1\u00a0(zran\u011bn\u00ed) \/ (22.), 22. Barbora Janovsk\u00e1 \/ 21.),\u00a025. Lucie Koudelkov\u00e1 \/ (celkov\u011b je 33.)<\/li>\n<li style=\"text-align: justify;\">Mlad\u0161\u00ed \u017e\u00e1ci: 47. Matou\u0161 Lipensk\u00fd \/ (30.)<\/li>\n<li style=\"text-align: justify;\">Star\u0161\u00ed \u017e\u00e1kyn\u011b: <strong><span style=\"color: #ff6600;\">1. Eli\u0161ka Han\u00e1kov\u00e1<\/span><\/strong> \/ (1.)<\/li>\n<li style=\"text-align: justify;\">Star\u0161\u00ed \u017e\u00e1ci: 46. Luk\u00e1\u0161 Sedl\u00e1k \/ (47.), 61. V\u00edt Lipensk\u00fd \/ (53.), 62. Roman \u0160indel\u00e1\u0159 \/ (39.),\u00a069. Maty\u00e1\u0161 Koudelka \/\u00a0(celkov\u011b je 73.)<\/li>\n<li style=\"text-align: justify;\">Kadetky:\u00a0nestartovala Kl\u00e1ra Odehnalov\u00e1 \/ (37.)<\/li>\n<li style=\"text-align: justify;\">Junio\u0159i: 39. V\u00edt Such\u00e1nek\u00a0 \/ (celkov\u011b je 37.)<\/li>\n<li style=\"text-align: justify;\">Mu\u017ei EXPERT: <strong><span style=\"color: #ff6600;\">1. Petr \u0160ich <\/span><\/strong>\/ (1.)<\/li>\n<\/ul>\n<figure id=\"attachment_13239\" aria-describedby=\"caption-attachment-13239\" style=\"width: 4505px\" class=\"wp-caption alignnone\"><a href=\"http:\/\/www.moravecteam.cz\/?attachment_id=13239\" rel=\"attachment wp-att-13239\"><img decoding=\"async\" loading=\"lazy\" class=\" wp-image-13239\" alt=\"DSC_0273\" src=\"http:\/\/www.moravecteam.cz\/wp-content\/uploads\/2019\/05\/DSC_0273.jpg\" width=\"4505\" height=\"3526\" srcset=\"https:\/\/www.moravecteam.cz\/wp-content\/uploads\/2019\/05\/DSC_0273.jpg 4505w, https:\/\/www.moravecteam.cz\/wp-content\/uploads\/2019\/05\/DSC_0273-300x234.jpg 300w, https:\/\/www.moravecteam.cz\/wp-content\/uploads\/2019\/05\/DSC_0273-1024x801.jpg 1024w\" sizes=\"(max-width: 4505px) 100vw, 4505px\" \/><\/a><figcaption id=\"caption-attachment-13239\" class=\"wp-caption-text\">Skalp &#8222;Kozl\u00edka&#8220; ur\u010dit\u011b Pe\u0165u pot\u011b\u0161il!<\/figcaption><\/figure>\n<p style=\"text-align: justify;\"><span style=\"text-align: justify;\">D\u00edky v\u0161em rajdr\u016fm za repre odd\u00edlu ve slo\u017eit\u00fdch krkono\u0161sk\u00fdch klimatick\u00fdch podm\u00ednk\u00e1ch! Zde studujte <strong><a href=\"https:\/\/sportsoft.cz\/cs\/zavod\/overview\/4994\">kompletn\u00ed v\u00fdsledkov\u00fd servis<\/a><\/strong> a tady jsou fotogalerie bezchybn\u00e9ho Karla V\u0161etuly:<\/span><\/p>\n<ol>\n<li><strong><a href=\"https:\/\/moravecteam.rajce.idnes.cz\/2019.05.11_CP_MTB_Pec_pod_Snezkou\">Fotogalerie<\/a><\/strong><\/li>\n<li><strong><a href=\"https:\/\/moravecteam.rajce.idnes.cz\/2019.05.11_CP_MTB_Pec_pod_Snezkou_-_2\">Fotogalerie<\/a><\/strong><\/li>\n<li><strong><a href=\"https:\/\/moravecteam.rajce.idnes.cz\/2019.05.11_-_12_CP_MTB_Pec_pod_Snezkou_-_3\">Fotogalerie<\/a><\/strong><\/li>\n<\/ol>\n<figure id=\"attachment_13240\" aria-describedby=\"caption-attachment-13240\" style=\"width: 4457px\" class=\"wp-caption alignnone\"><a href=\"http:\/\/www.moravecteam.cz\/?attachment_id=13240\" rel=\"attachment wp-att-13240\"><img decoding=\"async\" loading=\"lazy\" class=\" wp-image-13240\" alt=\"DSC_0287\" src=\"http:\/\/www.moravecteam.cz\/wp-content\/uploads\/2019\/05\/DSC_0287.jpg\" width=\"4457\" height=\"3131\" srcset=\"https:\/\/www.moravecteam.cz\/wp-content\/uploads\/2019\/05\/DSC_0287.jpg 4457w, https:\/\/www.moravecteam.cz\/wp-content\/uploads\/2019\/05\/DSC_0287-300x210.jpg 300w, https:\/\/www.moravecteam.cz\/wp-content\/uploads\/2019\/05\/DSC_0287-1024x719.jpg 1024w\" sizes=\"(max-width: 4457px) 100vw, 4457px\" \/><\/a><figcaption id=\"caption-attachment-13240\" class=\"wp-caption-text\">Eli\u0161ka Han\u00e1kov\u00e1 dovr\u0161ila v Krkono\u0161ich leto\u0161n\u00ed poh\u00e1rov\u00fd zlat\u00fd hattrick!<\/figcaption><\/figure>\n","protected":false},"excerpt":{"rendered":"<p>Na trat\u00edch v Peci pod Sn\u011b\u017ekou m\u00e1me se n\u00e1m u\u017e v minulosti zpravidla dob\u0159e da\u0159ilo a leto\u0161n\u00ed z\u00e1vod \u010cesk\u00e9ho poh\u00e1ru horsk\u00fdch kol s po\u0159adov\u00fdm \u010d.3, kter\u00fd pohostilo toto horsk\u00e9 letovisko nebyl v\u00fdjimkou. Po medailov\u00fdch hodech ve M\u011bst\u011b Tou\u0161kov\u011b to na\u0161im cinkalo i v Krkono\u0161\u00edch o \u010dem\u017e sv\u011bd\u010d\u00ed dv\u011b zlata a jeden bronz. Vyv\u00e1l\u010dit tento v\u00fdsledek &hellip; <a href=\"https:\/\/www.moravecteam.cz\/?p=13211\" class=\"more-link\">Pokra\u010dov\u00e1n\u00ed textu <span class=\"screen-reader-text\">Dal\u0161\u00ed par\u00e1dn\u00ed \u010d\u00edslo..!<\/span> <span class=\"meta-nav\">&rarr;<\/span><\/a><\/p>\n","protected":false},"author":3,"featured_media":13231,"comment_status":"open","ping_status":"closed","sticky":false,"template":"","format":"standard","meta":[],"categories":[1],"tags":[],"_links":{"self":[{"href":"https:\/\/www.moravecteam.cz\/index.php?rest_route=\/wp\/v2\/posts\/13211"}],"collection":[{"href":"https:\/\/www.moravecteam.cz\/index.php?rest_route=\/wp\/v2\/posts"}],"about":[{"href":"https:\/\/www.moravecteam.cz\/index.php?rest_route=\/wp\/v2\/types\/post"}],"author":[{"embeddable":true,"href":"https:\/\/www.moravecteam.cz\/index.php?rest_route=\/wp\/v2\/users\/3"}],"replies":[{"embeddable":true,"href":"https:\/\/www.moravecteam.cz\/index.php?rest_route=%2Fwp%2Fv2%2Fcomments&post=13211"}],"version-history":[{"count":10,"href":"https:\/\/www.moravecteam.cz\/index.php?rest_route=\/wp\/v2\/posts\/13211\/revisions"}],"predecessor-version":[{"id":13244,"href":"https:\/\/www.moravecteam.cz\/index.php?rest_route=\/wp\/v2\/posts\/13211\/revisions\/13244"}],"wp:featuredmedia":[{"embeddable":true,"href":"https:\/\/www.moravecteam.cz\/index.php?rest_route=\/wp\/v2\/media\/13231"}],"wp:attachment":[{"href":"https:\/\/www.moravecteam.cz\/index.php?rest_route=%2Fwp%2Fv2%2Fmedia&parent=13211"}],"wp:term":[{"taxonomy":"category","embeddable":true,"href":"https:\/\/www.moravecteam.cz\/index.php?rest_route=%2Fwp%2Fv2%2Fcategories&post=13211"},{"taxonomy":"post_tag","embeddable":true,"href":"https:\/\/www.moravecteam.cz\/index.php?rest_route=%2Fwp%2Fv2%2Ftags&post=13211"}],"curies":[{"name":"wp","href":"https:\/\/api.w.org\/{rel}","templated":true}]}}