{"id":13215,"date":"2019-05-13T07:17:20","date_gmt":"2019-05-13T05:17:20","guid":{"rendered":"http:\/\/www.moravecteam.cz\/?p=13215"},"modified":"2019-05-13T12:45:26","modified_gmt":"2019-05-13T10:45:26","slug":"co-se-bude-dit-st20-4","status":"publish","type":"post","link":"https:\/\/www.moravecteam.cz\/?p=13215","title":{"rendered":"Co se bude d\u00edt? (ST20)-2"},"content":{"rendered":"<h5><span style=\"color: #800000;\">Term\u00ednov\u00fd kalend\u00e1\u0159 MORAVEC Team 2019:<\/span><\/h5>\n<p><strong><a href=\"http:\/\/www.moravecteam.cz\/?attachment_id=13036\" rel=\"attachment wp-att-13036\">MORAVEC Team &#8211; term\u00ednov\u00fd kalend\u00e1\u0159 2019<\/a><\/strong><\/p>\n<h5><strong><span style=\"color: #800000;\">Pond\u011bl\u00ed 13.5. 2019<\/span><\/strong><\/h5>\n<p style=\"text-align: justify;\">Zahajuj\u00ed p\u0159\u00edpravn\u00e9 pr\u00e1ce na trat\u00edch velk\u00e9 ceny Bene\u0161ova. Info pro dobrovoln\u00edky, kte\u0159\u00ed\u00a0n\u00e1m budou\u00a0cht\u00edt \u00a0pomoci: <strong><span style=\"color: #800000;\">sraz ka\u017ed\u00fd den od pond\u011bl\u00ed do \u010dtvrtku\u00a0v 17.00 hodin na fotbalov\u00e9m h\u0159i\u0161ti v Bene\u0161ov\u011b<\/span><\/strong>.\u00a0\u00a0Na \u00faklid trat\u00ed si s sebou berte hr\u00e1b\u011b. P\u0159edem d\u00edky moc!<\/p>\n<h5><span style=\"color: #800000;\">\u00dater\u00fd 14.5. 2019<\/span><\/h5>\n<p style=\"text-align: justify;\">Silni\u010dn\u00ed tr\u00e9nink pod veden\u00edm Vlast\u00edka Odehnala a Jirky \u0160t\u011bpan\u00edka\u00a0 &#8211; sraz v 17.00 u Z\u0160 Bene\u0161ov.<\/p>\n<h5><span style=\"color: #800000;\">St\u0159eda 15.5. 2019<\/span><\/h5>\n<ul>\n<li>\n<div style=\"text-align: justify;\">Pravideln\u00e1 MTB\u00a0p\u0159\u00edprava s\u00a0Jirkou Va\u0161\u00ed\u010dkem, Milanem \u0160af\u00e1\u0159em Liborem Barto\u0161em a Petrem Koudelkou. \u00a0Sraz v 17.00 &#8211; tentokr\u00e1t v\u00fdjime\u010dn\u011b (vzledem k bl\u00ed\u017e\u00edc\u00ed se MTB &#8222;Vrchovin\u011b&#8220; na Bene\u0161ov\u011b) na h\u0159i\u0161ti v Bene\u0161ov\u011b.<\/div>\n<\/li>\n<li style=\"text-align: justify;\">Nomina\u010dn\u00ed MTB z\u00e1vod \u017e\u00e1k\u016f a kadet\u016f Jihomoravsk\u00e9ho kraje, kte\u0159\u00ed se uch\u00e1zej\u00ed o\u00a0reprezenta\u010dn\u00ed dres JmK \u00a0na \u010dervnovou Olympi\u00e1du d\u011bt\u00ed a ml\u00e1de\u017ee. T\u00fdk\u00e1 se to kvarteta: Han\u00e1kov\u00e1 Eli\u0161ka, Sedl\u00e1k Luk\u00e1\u0161 \u0160indel\u00e1\u0159 Roman a Odehnalov\u00e1 Kl\u00e1ra. Zde mrkn\u011bte na podrobnosti: <strong><a href=\"http:\/\/www.moravecteam.cz\/?attachment_id=13224\" rel=\"attachment wp-att-13224\">JmC Cup Anthropos<\/a><\/strong><\/li>\n<\/ul>\n<h5><span style=\"color: #800000;\"><strong>P\u00e1tek 17.5. 2019<\/strong><\/span><\/h5>\n<p style=\"text-align: justify;\">Od 17.00 ofici\u00e1ln\u00ed prohl\u00eddka trat\u00ed prvn\u00edho z\u00e1vodu MTB &#8222;Vrchoviny&#8220; 2019, kter\u00fd po\u0159\u00e1d\u00e1 obec Bene\u0161ov.<\/p>\n<h5><span style=\"color: #800000;\"><strong>Sobota 18.5. 2019<\/strong><\/span><\/h5>\n<p style=\"text-align: justify;\">Druh\u00fd\u00a0z\u00e1vod 18. ro\u010dn\u00edku MTB Superior &#8211; Colorprofi Poh\u00e1ru Drahansk\u00e9 vrchoviny, kter\u00fd po\u0159\u00e1d\u00e1 obec Bene\u0161ov. Zde jsou k prostudov\u00e1n\u00ed propozice <strong><a href=\"http:\/\/www.moravecteam.cz\/?attachment_id=13217\" rel=\"attachment wp-att-13217\">PDV-2017_Bene\u0161ov_propozice_T<\/a><\/strong>\u00a0tu\u0165 sledujte <a href=\"http:\/\/www.pohardrahanskevrchoviny.cz\/benesov-se-zmenami\/\"><strong>novinky z p\u0159\u00edprav<\/strong> <\/a>z\u00e1vodu a mrkn\u011bte taky je\u0161t\u011b jednou na ofici\u00e1ln\u00ed let\u00e1k a plak\u00e1t leto\u0161n\u00edho seri\u00e1lu:<\/p>\n<ul>\n<li><strong><a href=\"http:\/\/www.moravecteam.cz\/?attachment_id=13105\" rel=\"attachment wp-att-13105\">MTB-Superior-COLORprofi-2019-letacekA5-nahled2<\/a><\/strong><\/li>\n<li><strong><a href=\"http:\/\/www.moravecteam.cz\/?attachment_id=13106\" rel=\"attachment wp-att-13106\">MTB-Superior-COLORprofi-2019-nahled2<\/a><\/strong><\/li>\n<\/ul>\n<h5><strong><span style=\"color: #800000;\">AKCE T\u011aSN\u011a ZA HORIZONTEM<\/span><\/strong><\/h5>\n<ul>\n<li style=\"text-align: justify;\">24. &#8211; 26. 5.2019\u00a0 Sv\u011btov\u00fd poh\u00e1r horsk\u00fdch kol v Nov\u00e9m M\u011bst\u011b na Morav\u011b. P\u016fsobit zde bude ji\u017e ur\u010den\u00e1 skupina dobrovoln\u00edk\u016f MORAVEC Teamu, pokyny v\u0161em nahl\u00e1\u0161en\u00fdm ji\u017e Jirka Kutal poslal, koordinovat budu tuto misi od pond\u011bl\u00ed, 20.5. 2019.<\/li>\n<li style=\"text-align: justify;\">24. &#8211; 26. 5. 2019\u00a0\u00a0&#8211; na doporu\u010den\u00ed tren\u00e9r\u016f navrhuje odd\u00edl k reprezentaci MORAVEC Teamu na etapov\u00e9m silni\u010dn\u00edm z\u00e1vod\u011b v Lan\u0161kroun\u011b (star\u0161\u00ed \u017e\u00e1ci a kadetky) tyto jezdce:\u00a0Roman \u0160indel\u00e1\u0159, V\u00edt Lipensk\u00fd, Luk\u00e1\u0161 Sedl\u00e1k a Kl\u00e1ra Odehnalov\u00e1.\u00a0Tuto reprezentaci odd\u00edl podpo\u0159\u00ed.\u00a0 Obdobn\u011b je odd\u00edl p\u0159ipraven podpo\u0159it jezdce MORAVEC Teamu v p\u0159\u00edpad\u011b reprezentace na dal\u0161\u00edch silni\u010dn\u00edch z\u00e1vodech, kter\u00e9 nebudou kolidovat s MTB \u010cP XCO a MTB &#8222;Vrchovinou&#8220; za t\u011bchto podm\u00ednek: Skupina minim\u00e1ln\u011b t\u0159\u00ed jezdc\u016f &#8211; pak je mo\u017enost domluvy na zap\u016fj\u010den\u00ed odd\u00edlov\u00e9 dod\u00e1vky a odd\u00edlov\u00e9ho t\u00fdmov\u00e9ho z\u00e1zem\u00ed. S proplacen\u00edm startovn\u00e9ho (oproti dokladu), se samoz\u0159ejm\u011b po\u010d\u00edt\u00e1. Obdobn\u011b je odd\u00edl p\u0159ipraven p\u0159isp\u011bt na reprezentanty \u010cR z \u0159ad MORAVEC Teamu &#8211; aktu\u00e1ln\u011b se toto t\u00fdk\u00e1\u00a0Eli\u0161ky Han\u00e1kov\u00e9,\u00a0kter\u00e1 je nominov\u00e1na pro r. 2019 do reprezentace \u010cR &#8211; lv\u00ed\u010data (\u017e\u00e1ci a kadeti).<\/li>\n<li style=\"text-align: justify;\">1.6. 2019 &#8211; \u010cesk\u00fd poh\u00e1r horsk\u00fdch kol &#8211; 4. z\u00e1vod &#8211; Zadov. Zde\u00a0<strong><a href=\"https:\/\/www.poharmtb.cz\/zadov-16\">studujte propozice<\/a>.<\/strong><\/li>\n<li style=\"text-align: justify;\">1.6. 2019 &#8211; Poutn\u00ed pochod Bene\u0161ov &#8211; K\u0159tiny. Sraz poutn\u00edk\u016f v 6.00 u Kostela Pov\u00fd\u0161en\u00ed Svat\u00e9ho k\u0159\u00ed\u017ee v Bene\u0161ov\u011b.<\/li>\n<\/ul>\n<h5 style=\"text-align: justify;\"><span style=\"color: #800000;\">AKCE ZA DV\u011aMA HORIZONTY<\/span><\/h5>\n<ul>\n<li style=\"text-align: justify;\">23. &#8211; 28. 6.\u00a02019\u00a0&#8211; Olympi\u00e1da d\u011bt\u00ed a ml\u00e1de\u017ee v Liberci. Za MORAVEC Team byli doporu\u010deni na reprezentaci JmK (t\u00fdk\u00e1 se kadet\u016f-kadetek a star\u0161\u00edch \u017e\u00e1k\u016f &#8211; \u017ea\u010dek)\u00a0Kl\u00e1ra Odehnalov\u00e1, Eli\u0161ka Han\u00e1kov\u00e1, Luk\u00e1\u0161 Sedl\u00e1k a Roman \u0160indel\u00e1\u0159.\u00a0Na\u0161e rajdry \u010dekaj\u00ed nomina\u010dn\u00ed z\u00e1vody, na z\u00e1klad\u011b kter\u00fdch rozhodnou pov\u011b\u0159en\u00ed tren\u00e9\u0159i Luk\u00e1\u0161 Petr a Petr Herman o jejich p\u0159\u00edpadn\u00e9 nominaci. V r\u00e1mci nominace na ODM\u00a0za Olomouck\u00fd\u00a0 kraj budeme\u00a0je navr\u017een \u00a0k reprezentaci\u00a0V\u00edt Lipensk\u00fd,\u00a0 Podrobnosti k ODM v Liberci za Jihomoravsk\u00fd kraj \u00a0najdete zde,\u00a0<strong><a href=\"http:\/\/www.moravecteam.cz\/?attachment_id=12921\" rel=\"attachment wp-att-12921\">J<\/a><a href=\"http:\/\/www.moravecteam.cz\/?attachment_id=12921\" rel=\"attachment wp-att-12921\">MKSC-LODM2019-nominacni_kriteria_v1_sLT (2)<\/a><\/strong>,\u00a0za Olomouck\u00fd kraj zase tu\u0165:\u00a0<strong><a href=\"https:\/\/www.olomouckysvazcyklistiky.cz\/images\/documents\/2019\/LODM2019.pdf\">Nomina\u010dn\u00ed krit\u00e9ria-Olomouck\u00fd kraj.<\/a><\/strong><\/li>\n<li style=\"text-align: justify;\">Pr\u00e1zdninov\u00fd Kemp MORAVEC Teamu\u00a0prob\u011bhne v t\u00fddnu od\u00a029.7. do 2.8. 2019. Opera\u010dn\u00ed prostor: Ji\u017en\u00ed Morava \/ Severn\u00ed\u00a0 Rakousko.<\/li>\n<\/ul>\n","protected":false},"excerpt":{"rendered":"<p>Term\u00ednov\u00fd kalend\u00e1\u0159 MORAVEC Team 2019: MORAVEC Team &#8211; term\u00ednov\u00fd kalend\u00e1\u0159 2019 Pond\u011bl\u00ed 13.5. 2019 Zahajuj\u00ed p\u0159\u00edpravn\u00e9 pr\u00e1ce na trat\u00edch velk\u00e9 ceny Bene\u0161ova. Info pro dobrovoln\u00edky, kte\u0159\u00ed\u00a0n\u00e1m budou\u00a0cht\u00edt \u00a0pomoci: sraz ka\u017ed\u00fd den od pond\u011bl\u00ed do \u010dtvrtku\u00a0v 17.00 hodin na fotbalov\u00e9m h\u0159i\u0161ti v Bene\u0161ov\u011b.\u00a0\u00a0Na \u00faklid trat\u00ed si s sebou berte hr\u00e1b\u011b. P\u0159edem d\u00edky moc! \u00dater\u00fd 14.5. 2019 &hellip; <a href=\"https:\/\/www.moravecteam.cz\/?p=13215\" class=\"more-link\">Pokra\u010dov\u00e1n\u00ed textu <span class=\"screen-reader-text\">Co se bude d\u00edt? (ST20)-2<\/span> <span class=\"meta-nav\">&rarr;<\/span><\/a><\/p>\n","protected":false},"author":3,"featured_media":13221,"comment_status":"open","ping_status":"closed","sticky":false,"template":"","format":"standard","meta":[],"categories":[11],"tags":[],"_links":{"self":[{"href":"https:\/\/www.moravecteam.cz\/index.php?rest_route=\/wp\/v2\/posts\/13215"}],"collection":[{"href":"https:\/\/www.moravecteam.cz\/index.php?rest_route=\/wp\/v2\/posts"}],"about":[{"href":"https:\/\/www.moravecteam.cz\/index.php?rest_route=\/wp\/v2\/types\/post"}],"author":[{"embeddable":true,"href":"https:\/\/www.moravecteam.cz\/index.php?rest_route=\/wp\/v2\/users\/3"}],"replies":[{"embeddable":true,"href":"https:\/\/www.moravecteam.cz\/index.php?rest_route=%2Fwp%2Fv2%2Fcomments&post=13215"}],"version-history":[{"count":7,"href":"https:\/\/www.moravecteam.cz\/index.php?rest_route=\/wp\/v2\/posts\/13215\/revisions"}],"predecessor-version":[{"id":13225,"href":"https:\/\/www.moravecteam.cz\/index.php?rest_route=\/wp\/v2\/posts\/13215\/revisions\/13225"}],"wp:featuredmedia":[{"embeddable":true,"href":"https:\/\/www.moravecteam.cz\/index.php?rest_route=\/wp\/v2\/media\/13221"}],"wp:attachment":[{"href":"https:\/\/www.moravecteam.cz\/index.php?rest_route=%2Fwp%2Fv2%2Fmedia&parent=13215"}],"wp:term":[{"taxonomy":"category","embeddable":true,"href":"https:\/\/www.moravecteam.cz\/index.php?rest_route=%2Fwp%2Fv2%2Fcategories&post=13215"},{"taxonomy":"post_tag","embeddable":true,"href":"https:\/\/www.moravecteam.cz\/index.php?rest_route=%2Fwp%2Fv2%2Ftags&post=13215"}],"curies":[{"name":"wp","href":"https:\/\/api.w.org\/{rel}","templated":true}]}}