{"id":13245,"date":"2019-05-19T21:41:10","date_gmt":"2019-05-19T19:41:10","guid":{"rendered":"http:\/\/www.moravecteam.cz\/?p=13245"},"modified":"2019-05-19T21:41:39","modified_gmt":"2019-05-19T19:41:39","slug":"co-se-bude-dit-st21-4","status":"publish","type":"post","link":"https:\/\/www.moravecteam.cz\/?p=13245","title":{"rendered":"Co se bude d\u00edt? (ST21)"},"content":{"rendered":"<h5><span style=\"color: #800000;\">Term\u00ednov\u00fd kalend\u00e1\u0159 MORAVEC Team 2019:<\/span><\/h5>\n<p><strong><a href=\"http:\/\/www.moravecteam.cz\/?attachment_id=13036\" rel=\"attachment wp-att-13036\">MORAVEC Team &#8211; term\u00ednov\u00fd kalend\u00e1\u0159 2019<\/a><\/strong><\/p>\n<h5><span style=\"color: #800000;\">\u00dater\u00fd 21.5. 2019<\/span><\/h5>\n<p style=\"text-align: justify; padding-left: 30px;\">Silni\u010dn\u00ed tr\u00e9nink pod veden\u00edm Vlast\u00edka Odehnala a Franti\u0161ka Pad\u011bry. Sraz v 17.00 u Z\u0160 Bene\u0161ov.<\/p>\n<h5><span style=\"color: #800000;\">St\u0159eda 22.5. 2019<\/span><\/h5>\n<p style=\"text-align: justify;\">Pravideln\u00e1 MTB\u00a0p\u0159\u00edprava s\u00a0Jirkou Va\u0161\u00ed\u010dkem, Milanem \u0160af\u00e1\u0159em, Liborem Barto\u0161em a Petrem Koudelkou.\u00a0Sraz v 17.00 ve Sportparku Boskovice &#8211; Doubravy.<\/p>\n<h5><strong><span style=\"font-size: 18px; color: #800000;\">\u010ctvrtek, p\u00e1tek, sobota, ned\u011ble 23. &#8211; 26.5. 2019<\/span><\/strong><\/h5>\n<ul>\n<li style=\"text-align: justify;\">Sv\u011btov\u00fd poh\u00e1r horsk\u00fdch kol v Nov\u00e9m M\u011bst\u011b na Morav\u011b. P\u016fsobit zde bude ji\u017e ur\u010den\u00e1 skupina dobrovoln\u00edk\u016f MORAVEC Teamu. Zde jsou ke &#8222;sv\u011b\u0165\u00e1ku&#8220; v\u0161echny <strong><a href=\"https:\/\/www.mtbnmnm.cz\/vstupenky?utm_source=seznam&amp;utm_medium=cpc&amp;utm_campaign=2+%7c+SEA+%7c+Sv%C4%9Btov%C3%BD+poh%C3%A1r+MTB+NMNM+%7c+EXT&amp;utm_content=Sv%C4%9Btov%C3%BD+poh%C3%A1r+horsk%C3%BDch+kol&amp;utm_term=sv%C4%9Btov%C3%BD+poh%C3%A1r+horsk%C3%BDch+kol+nov%C3%A9+m%C4%9Bsto+na+morav%C4%9B\">pot\u0159ebn\u00e9 informace<\/a>.<\/strong><\/li>\n<li style=\"text-align: justify;\">24. &#8211; 26. 5. 2019\u00a0\u00a0&#8211; na doporu\u010den\u00ed tren\u00e9r\u016f navrhuje odd\u00edl k reprezentaci MORAVEC Teamu na etapov\u00e9m silni\u010dn\u00edm z\u00e1vod\u011b v Lan\u0161kroun\u011b (star\u0161\u00ed \u017e\u00e1ci a kadetky) tyto jezdce:\u00a0Roman \u0160indel\u00e1\u0159, V\u00edt Lipensk\u00fd, Luk\u00e1\u0161 Sedl\u00e1k a Kl\u00e1ra Odehnalov\u00e1.\u00a0Tuto reprezentaci odd\u00edl podpo\u0159\u00ed.\u00a0 Obdobn\u011b je odd\u00edl p\u0159ipraven podpo\u0159it jezdce MORAVEC Teamu v p\u0159\u00edpad\u011b reprezentace na dal\u0161\u00edch silni\u010dn\u00edch z\u00e1vodech, kter\u00e9 nebudou kolidovat s MTB \u010cP XCO a MTB &#8222;Vrchovinou&#8220; za t\u011bchto podm\u00ednek: Skupina minim\u00e1ln\u011b t\u0159\u00ed jezdc\u016f &#8211; pak je mo\u017enost domluvy na zap\u016fj\u010den\u00ed odd\u00edlov\u00e9 dod\u00e1vky a odd\u00edlov\u00e9ho t\u00fdmov\u00e9ho z\u00e1zem\u00ed. S proplacen\u00edm startovn\u00e9ho (oproti dokladu), se samoz\u0159ejm\u011b po\u010d\u00edt\u00e1. Obdobn\u011b je odd\u00edl p\u0159ipraven p\u0159isp\u011bt na reprezentanty \u010cR z \u0159ad MORAVEC Teamu &#8211; aktu\u00e1ln\u011b se toto t\u00fdk\u00e1\u00a0Eli\u0161ky Han\u00e1kov\u00e9,\u00a0kter\u00e1 je nominov\u00e1na pro r. 2019 do reprezentace \u010cR &#8211; lv\u00ed\u010data (\u017e\u00e1ci a kadeti).<\/li>\n<\/ul>\n<p style=\"text-align: justify;\"><span style=\"color: #800000; font-size: 18px; font-weight: bold;\">AKCE T\u011aSN\u011a ZA HORIZONTEM<\/span><\/p>\n<ul>\n<li style=\"text-align: justify;\">1.6. &#8211; 2.6. 2019 &#8211; \u010cesk\u00fd poh\u00e1r horsk\u00fdch kol &#8211; 4. z\u00e1vod &#8211; Zadov. Zde\u00a0<strong><a href=\"https:\/\/www.poharmtb.cz\/zadov-16\">studujte propozice<\/a>.<\/strong><\/li>\n<li style=\"text-align: justify;\">1.6. 2019 &#8211; Poutn\u00ed pochod Bene\u0161ov &#8211; K\u0159tiny. Sraz poutn\u00edk\u016f v 6.00 u Kostela Pov\u00fd\u0161en\u00ed Svat\u00e9ho k\u0159\u00ed\u017ee v Bene\u0161ov\u011b.<\/li>\n<li style=\"text-align: justify;\">8.6. 2019 &#8211; t\u0159et\u00ed MTB &#8222;Vrchovina&#8220; na poh\u00e1rov\u00fdch trat\u00edch v Okrouhl\u00e9.<\/li>\n<\/ul>\n<h5><span style=\"color: #800000;\">AKCE ZA DV\u011aMA HORIZONTY<\/span><\/h5>\n<ul>\n<li style=\"text-align: justify;\">22. 6. &#8211; \u010dtvrt\u00e1 MTB &#8222;Vrchovina&#8220; ve \u017d\u010f\u00e1rn\u00e9.<\/li>\n<li style=\"text-align: justify;\">23. &#8211; 28. 6.\u00a02019\u00a0&#8211; Olympi\u00e1da d\u011bt\u00ed a ml\u00e1de\u017ee v Liberci. Za MORAVEC Team byli doporu\u010deni na reprezentaci JmK (t\u00fdk\u00e1 se kadet\u016f-kadetek a star\u0161\u00edch \u017e\u00e1k\u016f &#8211; \u017ea\u010dek)\u00a0Kl\u00e1ra Odehnalov\u00e1, Eli\u0161ka Han\u00e1kov\u00e1, Luk\u00e1\u0161 Sedl\u00e1k a Roman \u0160indel\u00e1\u0159.\u00a0Na\u0161e rajdry \u010dekaj\u00ed nomina\u010dn\u00ed z\u00e1vody, na z\u00e1klad\u011b kter\u00fdch rozhodnou pov\u011b\u0159en\u00ed tren\u00e9\u0159i Luk\u00e1\u0161 Petr a Petr Herman o jejich p\u0159\u00edpadn\u00e9 nominaci. V r\u00e1mci nominace na ODM\u00a0za Olomouck\u00fd\u00a0 kraj budeme\u00a0je navr\u017een \u00a0k reprezentaci\u00a0V\u00edt Lipensk\u00fd,\u00a0 Podrobnosti k ODM v Liberci za Jihomoravsk\u00fd kraj \u00a0najdete zde,\u00a0<strong><a href=\"http:\/\/www.moravecteam.cz\/?attachment_id=12921\" rel=\"attachment wp-att-12921\">J<\/a><a href=\"http:\/\/www.moravecteam.cz\/?attachment_id=12921\" rel=\"attachment wp-att-12921\">MKSC-LODM2019-nominacni_kriteria_v1_sLT (2)<\/a>,<\/strong>\u00a0za Olomouck\u00fd kraj zase tu\u0165:\u00a0<strong><a href=\"https:\/\/www.olomouckysvazcyklistiky.cz\/images\/documents\/2019\/LODM2019.pdf\">Nomina\u010dn\u00ed krit\u00e9ria-Olomouck\u00fd kraj.<\/a><\/strong><\/li>\n<li style=\"text-align: justify;\">Pr\u00e1zdninov\u00fd Kemp MORAVEC Teamu\u00a0prob\u011bhne v t\u00fddnu od\u00a029.7. do 2.8. 2019. Opera\u010dn\u00ed prostor: Ji\u017en\u00ed Morava \/ Severn\u00ed\u00a0 Rakousko.<\/li>\n<\/ul>\n","protected":false},"excerpt":{"rendered":"<p>Term\u00ednov\u00fd kalend\u00e1\u0159 MORAVEC Team 2019: MORAVEC Team &#8211; term\u00ednov\u00fd kalend\u00e1\u0159 2019 \u00dater\u00fd 21.5. 2019 Silni\u010dn\u00ed tr\u00e9nink pod veden\u00edm Vlast\u00edka Odehnala a Franti\u0161ka Pad\u011bry. Sraz v 17.00 u Z\u0160 Bene\u0161ov. St\u0159eda 22.5. 2019 Pravideln\u00e1 MTB\u00a0p\u0159\u00edprava s\u00a0Jirkou Va\u0161\u00ed\u010dkem, Milanem \u0160af\u00e1\u0159em, Liborem Barto\u0161em a Petrem Koudelkou.\u00a0Sraz v 17.00 ve Sportparku Boskovice &#8211; Doubravy. \u010ctvrtek, p\u00e1tek, sobota, ned\u011ble 23. &hellip; <a href=\"https:\/\/www.moravecteam.cz\/?p=13245\" class=\"more-link\">Pokra\u010dov\u00e1n\u00ed textu <span class=\"screen-reader-text\">Co se bude d\u00edt? (ST21)<\/span> <span class=\"meta-nav\">&rarr;<\/span><\/a><\/p>\n","protected":false},"author":3,"featured_media":13249,"comment_status":"open","ping_status":"closed","sticky":false,"template":"","format":"standard","meta":[],"categories":[11],"tags":[],"_links":{"self":[{"href":"https:\/\/www.moravecteam.cz\/index.php?rest_route=\/wp\/v2\/posts\/13245"}],"collection":[{"href":"https:\/\/www.moravecteam.cz\/index.php?rest_route=\/wp\/v2\/posts"}],"about":[{"href":"https:\/\/www.moravecteam.cz\/index.php?rest_route=\/wp\/v2\/types\/post"}],"author":[{"embeddable":true,"href":"https:\/\/www.moravecteam.cz\/index.php?rest_route=\/wp\/v2\/users\/3"}],"replies":[{"embeddable":true,"href":"https:\/\/www.moravecteam.cz\/index.php?rest_route=%2Fwp%2Fv2%2Fcomments&post=13245"}],"version-history":[{"count":5,"href":"https:\/\/www.moravecteam.cz\/index.php?rest_route=\/wp\/v2\/posts\/13245\/revisions"}],"predecessor-version":[{"id":13251,"href":"https:\/\/www.moravecteam.cz\/index.php?rest_route=\/wp\/v2\/posts\/13245\/revisions\/13251"}],"wp:featuredmedia":[{"embeddable":true,"href":"https:\/\/www.moravecteam.cz\/index.php?rest_route=\/wp\/v2\/media\/13249"}],"wp:attachment":[{"href":"https:\/\/www.moravecteam.cz\/index.php?rest_route=%2Fwp%2Fv2%2Fmedia&parent=13245"}],"wp:term":[{"taxonomy":"category","embeddable":true,"href":"https:\/\/www.moravecteam.cz\/index.php?rest_route=%2Fwp%2Fv2%2Fcategories&post=13245"},{"taxonomy":"post_tag","embeddable":true,"href":"https:\/\/www.moravecteam.cz\/index.php?rest_route=%2Fwp%2Fv2%2Ftags&post=13245"}],"curies":[{"name":"wp","href":"https:\/\/api.w.org\/{rel}","templated":true}]}}