{"id":13252,"date":"2019-05-22T22:36:49","date_gmt":"2019-05-22T20:36:49","guid":{"rendered":"http:\/\/www.moravecteam.cz\/?p=13252"},"modified":"2019-05-23T09:48:59","modified_gmt":"2019-05-23T07:48:59","slug":"sest-placek-z-horky","status":"publish","type":"post","link":"https:\/\/www.moravecteam.cz\/?p=13252","title":{"rendered":"\u0160est &#8222;placek&#8220; z &#8222;Horky&#8220;!"},"content":{"rendered":"<p style=\"text-align: justify;\"><strong><span style=\"color: #800000;\">Rovn\u00fd p\u016fltucet medail\u00ed vybojovali rajd\u0159i MORAVEC Teamu na druh\u00e9 MTB &#8222;Vrchovin\u011b&#8220;, kterou minulou sobotu pohostila po Valchov\u011b dal\u0161\u00ed z &#8222;Grand Slamov\u00fdch&#8220; trat\u00ed &#8211; ta Bene\u0161ovsk\u00e1. Oproti Valchovu\u00a0pon\u011bkud chudobn\u011bj\u0161\u00ed medailov\u00e1 bilance byla zap\u0159\u00ed\u010din\u011bna z \u010d\u00e1sti absenc\u00ed n\u011bkter\u00fdch na\u0161ich opor (sourozenci Janov\u0161t\u00ed, Bar\u010da Tlamkov\u00e1, Pe\u0165a \u0160ich&#8230;) a taky neb\u00fdvale \u010dasto chyb\u011bl &#8222;pod Horkou&#8220; k medaili pov\u011bstn\u00fd kr\u016f\u010dek&#8230; To dokazuje celkem p\u011bt &#8222;brambor&#8220;, kter\u00e9 jsme na Bene\u0161ov\u011b po kvalitn\u00edch v\u00fdkonech tak\u00e9 vyv\u00e1l\u010dili&#8230; Jak by ne: v\u017edy\u0165 ter\u00e9ny v okol\u00ed Bene\u0161ova jsou vyhl\u00e1\u0161enou brambor\u00e1\u0159skou lokalitou&#8230;<\/span><\/strong><\/p>\n<figure id=\"attachment_13268\" aria-describedby=\"caption-attachment-13268\" style=\"width: 1383px\" class=\"wp-caption alignnone\"><a href=\"http:\/\/www.moravecteam.cz\/?attachment_id=13268\" rel=\"attachment wp-att-13268\"><img decoding=\"async\" loading=\"lazy\" class=\" wp-image-13268\" alt=\"DSC_0055\" src=\"http:\/\/www.moravecteam.cz\/wp-content\/uploads\/2019\/05\/DSC_0055.jpg\" width=\"1383\" height=\"1502\" srcset=\"https:\/\/www.moravecteam.cz\/wp-content\/uploads\/2019\/05\/DSC_0055.jpg 1383w, https:\/\/www.moravecteam.cz\/wp-content\/uploads\/2019\/05\/DSC_0055-276x300.jpg 276w, https:\/\/www.moravecteam.cz\/wp-content\/uploads\/2019\/05\/DSC_0055-942x1024.jpg 942w\" sizes=\"(max-width: 1383px) 100vw, 1383px\" \/><\/a><figcaption id=\"caption-attachment-13268\" class=\"wp-caption-text\">Leonka Eclerov\u00e1 po st\u0159\u00edbru ve Valchov\u011b na Bebe\u0161ov\u011b zv\u00edt\u011bzila a celkov\u011b se v kategorii d\u00edvek do 6-ti let ujala veden\u00ed!<\/figcaption><\/figure>\n<p style=\"text-align: justify;\">\u0160est\u00e9 m\u00edsto <strong><span style=\"color: #800000;\">Barborky Va\u0161\u00ed\u010dkov\u00e9<\/span> <\/strong>v dramatick\u00e9m z\u00e1vod\u011b d\u011bv\u010dat na odr\u00e1\u017eedlech bylo ten den prvn\u00edm slibn\u00fdm po\u010dinem na\u0161eho \u00fadern\u00e9ho \u0161iku. Bohu\u017eel, ve Valchov\u011b na odr\u00e1\u017eedle v\u00fdborn\u011b z\u00e1vod\u00edc\u00ed Matou\u0161ek Usnul se na startu v Bene\u0161ov\u011b neobjevil, a kdy\u017e <strong><span style=\"color: #800000;\">Jirka Va\u0161\u00ed\u010dek<\/span> <\/strong>(kat. do 6 let) po kvalitn\u00edm v\u00fdkonu na c\u00edlov\u00e9 \u010d\u00e1\u0159e velmi t\u011bsn\u011b prohr\u00e1l boj o bronz (a &#8222;nastartoval&#8220; tak na\u0161i sobotn\u00ed bramborovou \u00farodu, <strong><span style=\"color: #800000;\">Tonda Han\u00e1k<\/span> <\/strong>fini\u0161oval v tomto z\u00e1vod\u011b na 10. m\u00edst\u011b), byli jsme po t\u0159ech \u00favodn\u00edch startech\u00a0 bez medailov\u00e9ho \u00fasp\u011bchu&#8230; To se ale zm\u011bnilo z\u00e1hy. <strong><span style=\"color: #800000;\">Leonka Eclerov\u00e1<\/span> <\/strong>odjela sv\u016fj z\u00e1vod kategorie d\u00edvek do 6-ti let zp\u016fsobem start-c\u00edl a byla to pr\u00e1v\u011b ona,\u00a0kter\u00e1 jako prvn\u00ed p\u0159isp\u011bla do na\u0161\u00ed\u00a0 bene\u0161ovsk\u00e9 medailov\u00e9 pokladni\u010dky.<\/p>\n<figure id=\"attachment_13269\" aria-describedby=\"caption-attachment-13269\" style=\"width: 1078px\" class=\"wp-caption alignnone\"><a href=\"http:\/\/www.moravecteam.cz\/?attachment_id=13269\" rel=\"attachment wp-att-13269\"><img decoding=\"async\" loading=\"lazy\" class=\" wp-image-13269\" alt=\"DSC_0156\" src=\"http:\/\/www.moravecteam.cz\/wp-content\/uploads\/2019\/05\/DSC_0156.jpg\" width=\"1078\" height=\"1167\" srcset=\"https:\/\/www.moravecteam.cz\/wp-content\/uploads\/2019\/05\/DSC_0156.jpg 1078w, https:\/\/www.moravecteam.cz\/wp-content\/uploads\/2019\/05\/DSC_0156-277x300.jpg 277w, https:\/\/www.moravecteam.cz\/wp-content\/uploads\/2019\/05\/DSC_0156-945x1024.jpg 945w\" sizes=\"(max-width: 1078px) 100vw, 1078px\" \/><\/a><figcaption id=\"caption-attachment-13269\" class=\"wp-caption-text\">Just\u00fdna Novotn\u00e1 (kat. 9-10 let) pod Horkou obh\u00e1jila zaslou\u017een\u011b prenstv\u00ed z Valchova.<\/figcaption><\/figure>\n<p style=\"text-align: justify;\">V\u00a0 startech d\u011bt\u00ed 7-8 let brala dal\u0161\u00ed dv\u011b na\u0161e \u0161ikovn\u00e1 d\u011bv\u010data &#8211; <strong><span style=\"color: #800000;\">Jana Lipensk\u00e1<\/span><\/strong> s <strong><span style=\"color: #800000;\">Ad\u00e9lkou V\u011brnou<\/span> <\/strong>kvalitn\u00ed um\u00edst\u011bn\u00ed v TOP\u00a05.\u00a0A nav\u00edc, jejich tr\u00e9ninkov\u00e1 par\u0165\u010dka a na\u0161e k\u00e1mo\u0161ka, \u00a0Veronika\u00a0\u00a0\u0160af\u00e1\u0159ov\u00e1 (Nutrend Specialized Racing) vybojovala v tomto z\u00e1vod\u011b cenn\u00fd bronz! \u00a0Vyhla\u0161ov\u00e1n\u00ed v\u00edt\u011bz\u016f m\u011bli o bene\u0161ovsk\u00e9m bikov\u00e9m dnu na starosti &#8211; vedle starosty obce Bene\u0161ova &#8211; p. <strong><span style=\"color: #800000;\">Anton\u00edna Rusa<\/span> <\/strong>&#8211; p\u0159\u00e1tel\u00e9 tragicky zesnul\u00e9ho skv\u011bl\u00e9ho \u010deskoslovensk\u00e9ho silni\u010d\u00e1\u0159e, Vlastimila MORAVCE (v\u00edt\u011bz presti\u017en\u00edho Z\u00e1vodu m\u00edru z r. 1972 by se 9. kv\u011btna 2019 by se do\u017eil 70 rok\u016f) v sestav\u011b: <strong><span style=\"color: #800000;\">Mirek Baksa<\/span><\/strong>, <strong><span style=\"color: #800000;\">V\u00e1clav Kurd\u00edk<\/span> <\/strong>a <strong><span style=\"color: #800000;\">Rudolf Labus<\/span> <\/strong>a byl to pr\u00e1v\u011b cyklistick\u00fd silni\u010dn\u00ed Mistr \u010ceskoslovenska \u00a0z r. 1971, Rudla Labus (v zahrani\u010d\u00ed, p\u0159edev\u0161\u00edm v It\u00e1lii\u00a0v\u00edce zn\u00e1m\u00fd pod p\u0159ezd\u00edvkou &#8222;Piccolo el Bandito&#8220; &#8211; &#8222;Mal\u00fd bandita&#8220;), kter\u00fd na\u0161\u00ed prvn\u00ed\u00a0v\u00edt\u011bzce pot\u0159\u00e1sl pravic\u00ed a p\u0159edal medaili!<\/p>\n<figure id=\"attachment_13267\" aria-describedby=\"caption-attachment-13267\" style=\"width: 1050px\" class=\"wp-caption alignnone\"><a href=\"http:\/\/www.moravecteam.cz\/?attachment_id=13267\" rel=\"attachment wp-att-13267\"><img decoding=\"async\" loading=\"lazy\" class=\" wp-image-13267\" alt=\"DSC_0163\" src=\"http:\/\/www.moravecteam.cz\/wp-content\/uploads\/2019\/05\/DSC_0163.jpg\" width=\"1050\" height=\"1196\" srcset=\"https:\/\/www.moravecteam.cz\/wp-content\/uploads\/2019\/05\/DSC_0163.jpg 1050w, https:\/\/www.moravecteam.cz\/wp-content\/uploads\/2019\/05\/DSC_0163-263x300.jpg 263w, https:\/\/www.moravecteam.cz\/wp-content\/uploads\/2019\/05\/DSC_0163-898x1024.jpg 898w\" sizes=\"(max-width: 1050px) 100vw, 1050px\" \/><\/a><figcaption id=\"caption-attachment-13267\" class=\"wp-caption-text\">Skute\u010dn\u011b silnou \u00faderku m\u00e1me v kategorii d\u00edvek 9-10 let. Pat\u0159\u00ed do n\u00ed i Lucie Gottwaldov\u00e1 a Magdalena Barto\u0161ov\u00e1.<\/figcaption><\/figure>\n<p style=\"text-align: justify;\">V z\u00e1vod\u011b d\u00edvek 9-10 let, kter\u00fd n\u00e1sledoval po prvn\u00edm slavnostn\u00edm ceremoni\u00e1lu, se v\u00fdkonem Leonky Eclerov\u00e9 inspirovala <strong><span style=\"color: #800000;\">Just\u00fdna Novotn\u00e1<\/span><\/strong>, a i kdy\u017e cestu za prvenstv\u00edm se j\u00ed sna\u017eila co nejv\u00edce zt\u00ed\u017eit v\u00fdborn\u00e1 Am\u00e1lka Srnsk\u00e1, boskovick\u00e1 roda\u010dka to zvl\u00e1dla nakonec &#8222;na jedni\u010dku&#8220; a svoji silnou soupe\u0159ku porazila o 6 vte\u0159in.\u00a0\u00a0I dal\u0161\u00ed dv\u011b d\u00edvenky MORAVEC Teamu, <strong><span style=\"color: #800000;\">Lucie Gottwaldov\u00e1<\/span> <\/strong>a <strong><span style=\"color: #800000;\">Magdal\u00e9nka Barto\u0161ov\u00e1\u00a0<\/span><\/strong>se p\u0159edvedli\u00a0poctiv\u00fdmi v\u00fdkony\u00a0a odm\u011bnou jim bylo\u00a0um\u00edst\u011bn\u00ed v TOP10. V\u00a0n\u00e1sledn\u00e9m, jednom \u00a0z po\u010detn\u011b nejobsazen\u011bj\u0161\u00edch start\u016f chlapc\u016f 9-10 let (jelo jich 21) dojel <strong><span style=\"color: #800000;\">Filip Ecler<\/span> <\/strong>na 14. m\u00edst\u011b, kdy\u017e tratil na sm\u016fle z Valchova: po nedokon\u010den\u00e9m z\u00e1vod\u011b (vzpom\u00edn\u00e1te? &#8211; zlomen\u00e1 klika&#8230;) startoval a\u017e z posledn\u00edch pozic. P\u0159esto se dok\u00e1zal prosadit do\u00a0TOP15 v\u00fdsledkov\u00e9 listiny a d\u00edky\u00a0bodov\u00e9mu zisku z Bene\u0161ova\u00a0se mu p\u0159i startu na Okrouhl\u00e9 u\u017e bude ur\u010dit\u011b &#8222;d\u00fdchat lip&#8220;&#8230;<\/p>\n<figure id=\"attachment_13270\" aria-describedby=\"caption-attachment-13270\" style=\"width: 1632px\" class=\"wp-caption alignnone\"><a href=\"http:\/\/www.moravecteam.cz\/?attachment_id=13270\" rel=\"attachment wp-att-13270\"><img decoding=\"async\" loading=\"lazy\" class=\" wp-image-13270\" alt=\"DSC_0187 (1)\" src=\"http:\/\/www.moravecteam.cz\/wp-content\/uploads\/2019\/05\/DSC_0187-1.jpg\" width=\"1632\" height=\"1596\" srcset=\"https:\/\/www.moravecteam.cz\/wp-content\/uploads\/2019\/05\/DSC_0187-1.jpg 1632w, https:\/\/www.moravecteam.cz\/wp-content\/uploads\/2019\/05\/DSC_0187-1-25x25.jpg 25w, https:\/\/www.moravecteam.cz\/wp-content\/uploads\/2019\/05\/DSC_0187-1-300x293.jpg 300w, https:\/\/www.moravecteam.cz\/wp-content\/uploads\/2019\/05\/DSC_0187-1-1024x1001.jpg 1024w\" sizes=\"(max-width: 1632px) 100vw, 1632px\" \/><\/a><figcaption id=\"caption-attachment-13270\" class=\"wp-caption-text\">&#8222;Double&#8220; ro MORAVEC Team je &#8222;na spadnut\u00ed&#8220;! Postarali se o n\u011bj na Bene\u0161ov\u011b mlad\u0161\u00ed \u017e\u00e1kyn\u011b . Am\u00e1lka Gottwaldov\u00e1 s Ani\u010dkou Han\u00e1kovou!<\/figcaption><\/figure>\n<p style=\"text-align: justify;\">Ani v ost\u0159e sledovan\u00fdch ro\u010dn\u00edc\u00edch mlad\u0161\u00edch a star\u0161\u00edch \u017e\u00e1k\u016f jsme medailov\u011b nevy\u0161li napr\u00e1zdno&#8230; Naopak! &#8222;Double&#8220; pro MORAVEC Team zopakovali z Valchova <strong><span style=\"color: #800000;\">Anna Han\u00e1kov\u00e1<\/span> <\/strong>s <strong><span style=\"color: #800000;\">Am\u00e1lkou Gottwaldovou\u00a0<\/span> <\/strong>s t\u00edm rozd\u00edlem, \u017ee po\u0159ad\u00ed na &#8222;bedn\u011b&#8220; si d\u011bv\u010data na Bene\u0161ov\u011b prohodila! Cenu ur\u010do m\u00e1 i 6. m\u00edsto <strong><span style=\"color: #800000;\">Lucky Koudelkov\u00e9<\/span><\/strong>, kter\u00e1 je v t\u00e9to kategorii letos prvoro\u010da\u010dka. Stejn\u00e9 um\u00edst\u011bn\u00ed vyjel mezi mlad\u0161\u00edmi \u017e\u00e1ky <strong><span style=\"color: #800000;\">Matou\u0161 Lipensk\u00fd<\/span><\/strong>, kdy\u017e i on je v t\u00e9to kategorii el\u00e9vem &#8211; prvoro\u010d\u00e1kem. T\u0159et\u00ed zlatou placku vyjela podle pl\u00e1nu ve druh\u00e9 t\u0159etin\u011b bene\u0161ovsk\u00e9ho bikov\u00e9ho dne star\u0161\u00ed \u017e\u00e1kyn\u011b <strong><span style=\"color: #800000;\">Eli\u0161ka Han\u00e1kov\u00e1<\/span><\/strong>, startuj\u00edc\u00ed spole\u010dn\u011b se stejn\u011b mlad\u00fdmi chlapci. <strong><span style=\"color: #800000;\">Luk\u00e1\u0161 Sedl\u00e1k<\/span><\/strong>\u00a0s <strong><span style=\"color: #800000;\">Romanem \u0160indel\u00e1\u0159em<\/span> <\/strong>medailov\u00e9 pozice z Valchova neobh\u00e1jili (5. m\u00edsto Sedl\u00e1k, 4. m\u00edsto \u0160indel\u00e1\u0159), kdy\u017e na mimo-medailov\u00e1 um\u00edst\u011bn\u00ed je posunuli dva v\u00fdborn\u00ed borci VRV Teamu: Mirek Urban s Davidem Zonigou vyjeli &#8222;double&#8220; pro zm\u011bnu pro b\u00edlo-\u010derno-\u010derven\u00e9 barvy. V elitn\u00ed des\u00edtce v\u00fdsledkov\u00e9 listiny figuruje i <strong><span style=\"color: #800000;\">V\u00ed\u0165a Lipensk\u00fd<\/span> <\/strong>a t\u011bsn\u011b mimo ni dojel <strong><span style=\"color: #800000;\">Maty\u00e1\u0161 Koudelka<\/span><\/strong>.<\/p>\n<p style=\"text-align: justify;\"><a href=\"http:\/\/www.moravecteam.cz\/?attachment_id=13271\" rel=\"attachment wp-att-13271\"><img decoding=\"async\" loading=\"lazy\" class=\"size-full wp-image-13271 alignleft\" title=\"Maty\u00e1\u0161 Koudelka p\u0159edvedl na jednokole par\u00e1dn\u00ed j\u00edzdu! Legend\u00e1rn\u00ed Ve\u010dern\u00ed\u010dek by mo\u017en\u00e1 i z\u00e1vid\u011bl...\" alt=\"DSC_0222\" src=\"http:\/\/www.moravecteam.cz\/wp-content\/uploads\/2019\/05\/DSC_02222.jpg\" width=\"160\" height=\"300\" \/><\/a>UKRAYNA Cup &#8211; z\u00e1vod na kolech s jedn\u00edm p\u0159evodem a v komick\u00e9m p\u0159evleku &#8211; byl v\u00fdhradn\u011b v re\u017eii dev\u00edti rajdr\u016f MORAVEC Teamu a nejv\u00edce hlas\u016f ( a zlatou medaili) z\u00edskal\u00a0 na jednokole jezd\u00edc\u00ed, n\u00e1padit\u00fd <strong><span style=\"color: #800000;\">Maty\u00e1\u0161 Koudelka<\/span><\/strong>. Po z\u00e1sluze byl ocen\u011bn v r\u00e1mci druh\u00e9ho slavnostn\u00edho ceremoni\u00e1lu nejen on, ale i jeho kolegov\u00e9 &#8222;Ukraynici&#8220;\u00a0 a samoz\u0159ejm\u011b i nejlep\u0161\u00ed rajd\u0159i z druh\u00e9ho startovn\u00edho bloku.<\/p>\n<p style=\"text-align: justify;\">Posledn\u00ed t\u0159etina z\u00e1vodu byla ve znamen\u00ed dramatick\u00e9ho souboje v kategorii mu\u017e\u016f Elite, kdy a\u017e na c\u00edlov\u00e9 \u010d\u00e1\u0159e o sv\u00e9m triumfu rozhodnul b\u00fdvaal\u00fd MORAVEC Dominik Prudek (Ethic Sport Cycling Team),\u00a0\u00a0po cel\u00fd z\u00e1vod\u00a0bojoj\u00edc\u00ed o prvenstv\u00ed s p\u0159erovsk\u00fdm Martinem Tvr\u00f3gem\u00a0 a zku\u0161en\u00fdm &#8222;li\u0161\u00e1kem Vrchoviny&#8220; Jirkou O\u0161\u0165\u00e1dalem (Enjoy Riding Team), kter\u00fd obhajuje letos v t\u00e9to kategorii celkov\u00e9 prvenstv\u00ed. MORAVCI dr\u017eeli palce na\u0161im mu\u017e\u016fm &#8211; masters a <strong><span style=\"color: #800000;\">Vlast\u00edk Odehnal<\/span><\/strong>, se dok\u00e1zal prosadit v &#8222;trojka\u0159\u00edch&#8220; na st\u0159\u00edbrnou &#8222;bednu&#8220;, kdy\u017e nest\u00edhal jen v\u00fdborn\u00e9ho Ivo Kova\u0159\u00edka (SK Ji\u0159\u00ed Team). Ve &#8222;dvojka\u0159\u00edch&#8220; bral <strong><span style=\"color: #800000;\">Martin Gottwald<\/span> <\/strong>dal\u0161\u00ed z mnoha\u010detn\u00fdch &#8222;brambor&#8220; a <strong><span style=\"color: #800000;\">Franta Pad\u011bra<\/span> <\/strong>dokon\u010dil\u00a0race po z\u00e1vodnick\u00e9 pauze na 7. m\u00edst\u011b. Pouh\u00fdch p\u011bt vte\u0159in od bronzu fini\u0161oval v z\u00e1vod\u011b junior\u016f \/ kadet\u016f na 4. m\u00edst\u011b <strong><span style=\"color: #800000;\">V\u00ed\u0165a Such\u00e1nek<\/span><\/strong>&#8230;<\/p>\n<figure id=\"attachment_13272\" aria-describedby=\"caption-attachment-13272\" style=\"width: 700px\" class=\"wp-caption alignnone\"><a href=\"http:\/\/www.moravecteam.cz\/?attachment_id=13272\" rel=\"attachment wp-att-13272\"><img decoding=\"async\" loading=\"lazy\" class=\" wp-image-13272\" alt=\"DSC_0272\" src=\"http:\/\/www.moravecteam.cz\/wp-content\/uploads\/2019\/05\/DSC_0272.jpg\" width=\"700\" height=\"466\" srcset=\"https:\/\/www.moravecteam.cz\/wp-content\/uploads\/2019\/05\/DSC_0272.jpg 700w, https:\/\/www.moravecteam.cz\/wp-content\/uploads\/2019\/05\/DSC_0272-300x199.jpg 300w\" sizes=\"(max-width: 700px) 100vw, 700px\" \/><\/a><figcaption id=\"caption-attachment-13272\" class=\"wp-caption-text\">Hned po startu kategorie Masters III byli v pop\u0159ed\u00ed pozd\u011bj\u0161\u00ed medailist\u00e9: vlevo bronzov\u00fd Jirka Sedl\u00e1\u010dek (SK Ji\u0159\u00ed Team), uprost\u0159ed st\u0159\u00edbrn\u00fd n\u00e1\u0161 Vlastimil Odehnal a vpravo v\u00edt\u011bz z\u00e1vodu Ivo Kova\u0159\u00edk (DK Bike ShopRacing Team).<\/figcaption><\/figure>\n<p><span style=\"color: #800000;\"><strong>Medailist\u00e9 MORAVEC Teamu &#8211; po\u0159ad\u00ed OPEN:<\/strong><\/span><\/p>\n<ul>\n<li>Zlat\u00e9 medaile vybojovali: <strong><span style=\"color: #ff6600;\">Leona Eclerov\u00e1<\/span><\/strong> (do 6 let), <span style=\"color: #ff6600;\"><strong>Just\u00fdna Novotn\u00e1<\/strong><\/span> (9-10 let),\u00a0<strong><span style=\"color: #ff6600;\">Am\u00e1lie Gottwaldov\u00e1<\/span><\/strong> (11-12 let) a\u00a0<span style=\"color: #ff6600;\"><strong>Eli\u0161ka Han\u00e1kov\u00e1<\/strong><\/span> (13-14 let).<\/li>\n<li>St\u0159\u00edbrn\u00e9 medaile brali:\u00a0<span style=\"color: #808080;\"><strong>Anna Han\u00e1kov\u00e1<\/strong><\/span>\u00a0(11-12 let) a\u00a0<span style=\"color: #808080;\"><strong>Vlastimil Odehnal<\/strong> <\/span>(Masters III).<\/li>\n<\/ul>\n<figure id=\"attachment_13276\" aria-describedby=\"caption-attachment-13276\" style=\"width: 1602px\" class=\"wp-caption alignnone\"><a href=\"http:\/\/www.moravecteam.cz\/?attachment_id=13276\" rel=\"attachment wp-att-13276\"><img decoding=\"async\" loading=\"lazy\" class=\" wp-image-13276\" alt=\"DSC_0005\" src=\"http:\/\/www.moravecteam.cz\/wp-content\/uploads\/2019\/05\/DSC_0005.jpg\" width=\"1602\" height=\"1481\" srcset=\"https:\/\/www.moravecteam.cz\/wp-content\/uploads\/2019\/05\/DSC_0005.jpg 1602w, https:\/\/www.moravecteam.cz\/wp-content\/uploads\/2019\/05\/DSC_0005-300x277.jpg 300w, https:\/\/www.moravecteam.cz\/wp-content\/uploads\/2019\/05\/DSC_0005-1024x946.jpg 1024w\" sizes=\"(max-width: 1602px) 100vw, 1602px\" \/><\/a><figcaption id=\"caption-attachment-13276\" class=\"wp-caption-text\">Z nastupuj\u00edc\u00ed cyklistick\u00e9 generace m\u00e1 legenda \u010desk\u00e9 silni\u010dn\u00ed cyklistiky, Rudolf Labus, radost.<\/figcaption><\/figure>\n<dl id=\"attachment_13190\">\n<dt><\/dt>\n<dd><strong><span style=\"color: #800000;\">Medailist\u00e9 MORAVEC Teamu &#8211; po\u0159ad\u00ed OBCE:<\/span><\/strong><\/dd>\n<\/dl>\n<ul>\n<li>Prvn\u00ed m\u00edsta: <span style=\"color: #ff6600;\"><strong>Jirka Va\u0161\u00ed\u010dek<\/strong><\/span> (do 6 let), <span style=\"color: #ff6600;\"><strong>Just\u00fdna Novotn\u00e1<\/strong><\/span> (9-10 let),\u00a0<strong><span style=\"color: #ff6600;\">Anna Han\u00e1kov\u00e1<\/span><\/strong> (11-12 let), <span style=\"color: #ff6600;\"><strong>Eli\u0161ka Han\u00e1kov\u00e1<\/strong><\/span> (13-14 let), <span style=\"color: #ff6600;\"><strong>Luk\u00e1\u0161 Sedl\u00e1k<\/strong><\/span> (13-14 let).<\/li>\n<li>Druh\u00e9 m\u00edsto: <span style=\"color: #808080;\"><strong>Kl\u00e1ra V\u011brn\u00e1<\/strong><\/span> (do 6 let)<\/li>\n<li>T\u0159et\u00ed v po\u0159ad\u00ed byli:<span style=\"color: #800000;\"><strong> Anton\u00edn Han\u00e1k<\/strong><\/span>\u00a0(do 6 let),\u00a0<span style=\"color: #800000;\"><strong>Lucie Koudelkov\u00e1<\/strong><\/span>\u00a0(11-12 let), a\u00a0<span style=\"color: #800000;\"><strong>Maty\u00e1\u0161 Koudelka<\/strong><\/span>\u00a0(13-14 let).<\/li>\n<\/ul>\n<figure id=\"attachment_13273\" aria-describedby=\"caption-attachment-13273\" style=\"width: 3363px\" class=\"wp-caption alignnone\"><a href=\"http:\/\/www.moravecteam.cz\/?attachment_id=13273\" rel=\"attachment wp-att-13273\"><img decoding=\"async\" loading=\"lazy\" class=\" wp-image-13273\" alt=\"DSC_0251\" src=\"http:\/\/www.moravecteam.cz\/wp-content\/uploads\/2019\/05\/DSC_0251.jpg\" width=\"3363\" height=\"2478\" srcset=\"https:\/\/www.moravecteam.cz\/wp-content\/uploads\/2019\/05\/DSC_0251.jpg 3363w, https:\/\/www.moravecteam.cz\/wp-content\/uploads\/2019\/05\/DSC_0251-300x221.jpg 300w, https:\/\/www.moravecteam.cz\/wp-content\/uploads\/2019\/05\/DSC_0251-1024x754.jpg 1024w\" sizes=\"(max-width: 3363px) 100vw, 3363px\" \/><\/a><figcaption id=\"caption-attachment-13273\" class=\"wp-caption-text\">Zleva Lucie Koudelkov\u00e1, uprost\u0159ed Vlastimil MORAVEC a vpravo Mirek Baksa. Vlast\u00edk MORAVEC byl d\u00edky jeho p\u0159\u00e1tel\u016fm z Kohoutovic po cel\u00fd bikov\u00fd den s n\u00e1mi!<\/figcaption><\/figure>\n<p style=\"text-align: justify;\">D\u00edky v\u0161em za vzorn\u00e9 repre odd\u00edlu, na skoro-dom\u00e1c\u00ed trati jsme si p\u0159ed bohatou div\u00e1ckou kulisou a VIP hosty od cyklistick\u00e9ho &#8222;fochu&#8220; ur\u010dit\u011b ostudu neud\u011blali a\u00a0na\u0161i rajd\u0159i op\u011bt potvrdili, \u017ee \u00fasp\u011bchy\u00a0 MORAVEC Teamu ze z\u00e1vod\u016f \u010cesk\u00e9ho poh\u00e1ru, nejsou d\u00edlem n\u00e1hody&#8230; Speci\u00e1ln\u00ed pod\u011bkov\u00e1n\u00ed pak pat\u0159\u00ed v\u0161em, kdo se pod\u00edleli na bene\u0161ovsk\u00e9m z\u00e1vod\u011b po organiza\u010dn\u00ed str\u00e1nce. Zde studujte <a href=\"http:\/\/vysledky.pohardrahanskevrchoviny.cz\/2019\/?page=zavod&amp;mode=get\"><strong>kompletn\u00ed v\u00fdsledkov\u00fd servis<\/strong><\/a>, a hned\u00a07 fotogaleri\u00ed! Za ty je t\u0159eba pod\u011bkovat: <strong><span style=\"color: #800000;\">L\u00edd\u011b Ad\u00e1mkov\u00e9<\/span> <\/strong>(fotogalerie 1), <strong><span style=\"color: #800000;\">Karlovi V\u0161etulovi<\/span> <\/strong>(fg \u010d. 2; 3; 4 a 5), a pilotu dronu, na\u0161emu kamar\u00e1dovi a p\u0159\u00edznivci z Nizozem\u00ed\u00a0&#8211; <strong><span style=\"color: #800000;\">Floranu Adamsovi<\/span> <\/strong>(fg \u010d. 6) a dal\u0161\u00edmu p\u0159\u00edznivci MTB &#8222;Vrchoviny&#8220;, <strong><span style=\"color: #800000;\">Franti\u0161ku \u010cefel\u00ednovi <\/span><\/strong><span style=\"color: #800000;\"><span style=\"color: #000000;\">(fg \u010d.7)<\/span><\/span><span style=\"color: #000000;\">.\u00a0<\/span>D\u00edky moc Lidu\u0161ko, Franti\u0161ku \u00a0a Karle! Thank you very much Floran!<\/p>\n<ul>\n<li>\n<div style=\"text-align: justify;\"><strong><a href=\"https:\/\/moravecteam.rajce.idnes.cz\/2019.05.18_PDV_Benesov\">Fotogalerie \u010d.1<\/a><\/strong><\/div>\n<\/li>\n<li><strong><a href=\"https:\/\/moravecteam.rajce.idnes.cz\/2019.05.18_MTB_PDV_Benesov_-2\">Fotogalerie \u010d.2<\/a><\/strong><\/li>\n<li><strong><a href=\"https:\/\/moravecteam.rajce.idnes.cz\/2019.05.18_MTB_PDV_Benesov_-_3\">Fotogalerie \u010d.3<\/a><\/strong><\/li>\n<li><strong><a href=\"https:\/\/moravecteam.rajce.idnes.cz\/2019.05.18_MTB_PDV_Benesov_-_4\">Fotogalerie \u010d.4<\/a><\/strong><\/li>\n<li><strong><a href=\"https:\/\/moravecteam.rajce.idnes.cz\/2019.05.18_MTB_PDV_Benesov_-_5\">Fotogalerie \u010d.5<\/a><\/strong><\/li>\n<li><strong><a href=\"https:\/\/moravecteam.rajce.idnes.cz\/2019.05.18_MTB_PDV_Benesov_-_6_videa_z_dronu\">Fotogalerie \u010d.6<\/a><\/strong><\/li>\n<li><strong><a href=\"https:\/\/cefra.rajce.idnes.cz\/PDV_2_Benesov_18._5._2019_-_Pohar_Drahanske_Vrchoviny\">Fotogalerie \u010d.7<\/a><\/strong><\/li>\n<\/ul>\n<figure id=\"attachment_13274\" aria-describedby=\"caption-attachment-13274\" style=\"width: 2000px\" class=\"wp-caption alignnone\"><a href=\"http:\/\/www.moravecteam.cz\/?attachment_id=13274\" rel=\"attachment wp-att-13274\"><img decoding=\"async\" loading=\"lazy\" class=\" wp-image-13274\" alt=\"DSC_0186\" src=\"http:\/\/www.moravecteam.cz\/wp-content\/uploads\/2019\/05\/DSC_0186.jpg\" width=\"2000\" height=\"1356\" srcset=\"https:\/\/www.moravecteam.cz\/wp-content\/uploads\/2019\/05\/DSC_0186.jpg 2000w, https:\/\/www.moravecteam.cz\/wp-content\/uploads\/2019\/05\/DSC_0186-300x203.jpg 300w, https:\/\/www.moravecteam.cz\/wp-content\/uploads\/2019\/05\/DSC_0186-1024x694.jpg 1024w\" sizes=\"(max-width: 2000px) 100vw, 2000px\" \/><\/a><figcaption id=\"caption-attachment-13274\" class=\"wp-caption-text\">V\u017edy\u0165 to \u0159\u00edk\u00e1m po\u0159\u00e1d: sport sbli\u017euje..!<\/figcaption><\/figure>\n<p>&nbsp;<\/p>\n<p>&nbsp;<\/p>\n","protected":false},"excerpt":{"rendered":"<p>Rovn\u00fd p\u016fltucet medail\u00ed vybojovali rajd\u0159i MORAVEC Teamu na druh\u00e9 MTB &#8222;Vrchovin\u011b&#8220;, kterou minulou sobotu pohostila po Valchov\u011b dal\u0161\u00ed z &#8222;Grand Slamov\u00fdch&#8220; trat\u00ed &#8211; ta Bene\u0161ovsk\u00e1. Oproti Valchovu\u00a0pon\u011bkud chudobn\u011bj\u0161\u00ed medailov\u00e1 bilance byla zap\u0159\u00ed\u010din\u011bna z \u010d\u00e1sti absenc\u00ed n\u011bkter\u00fdch na\u0161ich opor (sourozenci Janov\u0161t\u00ed, Bar\u010da Tlamkov\u00e1, Pe\u0165a \u0160ich&#8230;) a taky neb\u00fdvale \u010dasto chyb\u011bl &#8222;pod Horkou&#8220; k medaili pov\u011bstn\u00fd kr\u016f\u010dek&#8230; &hellip; <a href=\"https:\/\/www.moravecteam.cz\/?p=13252\" class=\"more-link\">Pokra\u010dov\u00e1n\u00ed textu <span class=\"screen-reader-text\">\u0160est &#8222;placek&#8220; z &#8222;Horky&#8220;!<\/span> <span class=\"meta-nav\">&rarr;<\/span><\/a><\/p>\n","protected":false},"author":3,"featured_media":13266,"comment_status":"open","ping_status":"closed","sticky":false,"template":"","format":"standard","meta":[],"categories":[1],"tags":[],"_links":{"self":[{"href":"https:\/\/www.moravecteam.cz\/index.php?rest_route=\/wp\/v2\/posts\/13252"}],"collection":[{"href":"https:\/\/www.moravecteam.cz\/index.php?rest_route=\/wp\/v2\/posts"}],"about":[{"href":"https:\/\/www.moravecteam.cz\/index.php?rest_route=\/wp\/v2\/types\/post"}],"author":[{"embeddable":true,"href":"https:\/\/www.moravecteam.cz\/index.php?rest_route=\/wp\/v2\/users\/3"}],"replies":[{"embeddable":true,"href":"https:\/\/www.moravecteam.cz\/index.php?rest_route=%2Fwp%2Fv2%2Fcomments&post=13252"}],"version-history":[{"count":13,"href":"https:\/\/www.moravecteam.cz\/index.php?rest_route=\/wp\/v2\/posts\/13252\/revisions"}],"predecessor-version":[{"id":13279,"href":"https:\/\/www.moravecteam.cz\/index.php?rest_route=\/wp\/v2\/posts\/13252\/revisions\/13279"}],"wp:featuredmedia":[{"embeddable":true,"href":"https:\/\/www.moravecteam.cz\/index.php?rest_route=\/wp\/v2\/media\/13266"}],"wp:attachment":[{"href":"https:\/\/www.moravecteam.cz\/index.php?rest_route=%2Fwp%2Fv2%2Fmedia&parent=13252"}],"wp:term":[{"taxonomy":"category","embeddable":true,"href":"https:\/\/www.moravecteam.cz\/index.php?rest_route=%2Fwp%2Fv2%2Fcategories&post=13252"},{"taxonomy":"post_tag","embeddable":true,"href":"https:\/\/www.moravecteam.cz\/index.php?rest_route=%2Fwp%2Fv2%2Ftags&post=13252"}],"curies":[{"name":"wp","href":"https:\/\/api.w.org\/{rel}","templated":true}]}}