{"id":13280,"date":"2019-05-26T22:11:44","date_gmt":"2019-05-26T20:11:44","guid":{"rendered":"http:\/\/www.moravecteam.cz\/?p=13280"},"modified":"2019-05-29T09:49:05","modified_gmt":"2019-05-29T07:49:05","slug":"co-se-bud-dit-st22","status":"publish","type":"post","link":"https:\/\/www.moravecteam.cz\/?p=13280","title":{"rendered":"Co se bud d\u00edt? (ST22)-2"},"content":{"rendered":"<h5><span style=\"color: #800000;\">Term\u00ednov\u00fd kalend\u00e1\u0159 MORAVEC Team 2019:<\/span><\/h5>\n<p><strong><a href=\"http:\/\/www.moravecteam.cz\/?attachment_id=13036\" rel=\"attachment wp-att-13036\">MORAVEC Team &#8211; term\u00ednov\u00fd kalend\u00e1\u0159 2019<\/a><\/strong><\/p>\n<h5><span style=\"color: #800000;\">\u00dater\u00fd 28.5. 2019<\/span><\/h5>\n<p style=\"text-align: justify;\">Silni\u010dn\u00ed tr\u00e9nink pod veden\u00edm Vlast\u00edka Odehnala, Franti\u0161ka Pad\u011bry a Jirky \u0160t\u011bpan\u00edka\u00a0 &#8211; sraz v 17.00 u Z\u0160 Bene\u0161ov.<\/p>\n<h5><span style=\"color: #800000;\">St\u0159eda 29.5. 2019<\/span><\/h5>\n<p style=\"text-align: justify;\"><span style=\"text-align: justify;\">Pravideln\u00e1 MTB\u00a0p\u0159\u00edprava s\u00a0Jirkou Va\u0161\u00ed\u010dkem, Milanem \u0160af\u00e1\u0159em,\u00a0 Jardou P\u00e1nkem, Liborem Barto\u0161em a Petrem Koudelkou.\u00a0Sraz v 17.00 na h\u0159i\u0161ti ve Valchov\u011b.<\/span><\/p>\n<p><span style=\"font-size: 18px; font-weight: bold; color: #800000;\">Sobota, ned\u011ble 1. &#8211; 2.6. 2019<\/span><\/p>\n<p style=\"text-align: justify;\">\u010ctvrt\u00fd z\u00e1vod \u010cesk\u00e9ho poh\u00e1ru horsk\u00fdch kol na Zadov\u011b. Zde<strong>\u00a0<a href=\"https:\/\/www.poharmtb.cz\/zadov-16\">studujte ve\u0161ker\u00e9 podrobnosti k z\u00e1vodu<\/a><\/strong>.\u00a0<a href=\"http:\/\/www.moravecteam.cz\/?attachment_id=12908\" rel=\"attachment wp-att-12908\"><br \/>\n<\/a><\/p>\n<p style=\"text-align: justify;\">Na \u010dtvrt\u00fd &#8222;poh\u00e1r&#8220; nehl\u00e1s\u00ed tren\u00e9\u0159i \u017e\u00e1dn\u00e9 nomina\u010dn\u00ed zm\u011bny (t\u00fdk\u00e1 se to kategori\u00ed od mlad\u0161\u00edch \u017e\u00e1k\u016f &#8222;v\u00fd\u0161&#8220;, na d\u011bti kategori\u00ed MINIME se nominace nevztahuje, tyto d\u011bti m\u016f\u017eou jezdit na \u010cP dle sv\u00e9ho\u00a0uv\u00e1\u017een\u00ed,\u00a0resp.\u00a0uv\u00e1\u017een\u00ed\u00a0sv\u00fdch rodi\u010d\u016f a\u00a0 z\u00e1vodit\u00a0zde kdykoli)\u00a0 Na Zadov n\u00e1s tedy jedou reprezentovat:<\/p>\n<ul>\n<li>\n<div>Mlad\u0161\u00ed \u017e\u00e1kyn\u011b:\u00a0Gottwaldov\u00e1 Am\u00e1lie, Han\u00e1kov\u00e1 Anna, Tlamkov\u00e1 Barbora, Janovsk\u00e1 Barbora a Koudelkov\u00e1 Lucie.<\/div>\n<\/li>\n<li>Mlad\u0161\u00ed \u017e\u00e1ci:\u00a0Lipensk\u00fd Matou\u0161<\/li>\n<li>Star\u0161\u00ed \u017e\u00e1kyn\u011b:\u00a0Han\u00e1kov\u00e1 Eli\u0161ka<\/li>\n<li>Star\u0161\u00ed \u017e\u00e1ci:\u00a0Koudelka Maty\u00e1\u0161, Lipensk\u00fd V\u00edt, Sedl\u00e1k Luk\u00e1\u0161, \u0160indel\u00e1\u0159 Roman<\/li>\n<li>Kadtky: Odehnalov\u00e1 Kl\u00e1ra<\/li>\n<li>Junio\u0159i:\u00a0Such\u00e1nek V\u00edt<\/li>\n<li>Mu\u017ei EXPERT:\u00a0\u0160ich Petr<\/li>\n<\/ul>\n<p style=\"text-align: justify;\">V kategori\u00edch MINIME n\u00e1s budou na Zadov\u011b s nejv\u011bt\u0161\u00ed pravd\u011bpodobnost\u00ed op\u011bt reprezentovat v kategorii d\u011bv\u010dat 9-10 let\u00a0Lucie Gottwaldov\u00e1 a Just\u00fdna Novotn\u00e1, a Jon\u00e1\u0161 Janovsk\u00fd (chlapci 5-6 let),\u00a0 na marodce je st\u00e1le &#8211; bohu\u017eel &#8211; Zita \u017dern\u00ed\u010dkov\u00e1.<\/p>\n<p style=\"text-align: justify;\"><strong><a href=\"https:\/\/cpxcmtb.sportsoft.cz\/?AspxAutoDetectCookieSupport=1&amp;AspxAutoDetectCookieSupport=1&amp;AspxAutoDetectCookieSupport=1\">P\u0159ihl\u00e1\u0161en\u00ed do z\u00e1vodu<\/a><\/strong>\u00a0bude provedeno ve st\u0159edu, 29.5. 2019, ve\u010der. Z nominovan\u00fdch jsou omluveni sourozenci Koudelkovi (mlad\u0161\u00ed \u017e\u00e1kyn\u011b &#8211; star\u0161\u00ed \u017e\u00e1k) a\u00a0 mlad\u0161\u00ed \u017e\u00e1kyn\u011b\u00a0Barbora Tlamkov\u00e1\u00a0 (aktu\u00e1ln\u011b v rekonvalescenci).\u00a0 Kdo dal\u0161\u00ed na Zadov ze z\u00e1va\u017en\u00fdch d\u016fvod\u016f nebude moci jet, dejte mi v\u011bd\u011bt nejpozd\u011bji do st\u0159edy, 29.5.2019 do 12.00 hodin. Odd\u00edlov\u00e9 z\u00e1zem\u00ed bude na Zadov\u011b k dispozici od p\u00e1tku 31.5. 2019 zave\u010dera.<\/p>\n<h5><span style=\"color: #800000;\">Sobota 1.6. 2019\u00a0<\/span><\/h5>\n<p style=\"text-align: justify;\">Poutn\u00ed pochod Bene\u0161ov &#8211; K\u0159tiny. Sraz poutn\u00edk\u016f v 6.00 u Kostela Pov\u00fd\u0161en\u00ed Svat\u00e9ho k\u0159\u00ed\u017ee v Bene\u0161ov\u011b.<\/p>\n<h5><span style=\"color: #800000;\"><strong>AKCE T\u011aSN\u011a ZA HORIZONTEM<\/strong><\/span><\/h5>\n<ul>\n<li style=\"text-align: justify;\">8.6. 2019 &#8211; t\u0159et\u00ed MTB &#8222;Vrchovina&#8220; na poh\u00e1rov\u00fdch trat\u00edch v Okrouhl\u00e9.<\/li>\n<li style=\"text-align: justify;\">22. 6. 2019 &#8211; \u010dtvrt\u00e1 MTB &#8222;Vrchovina&#8220; ve \u017d\u010f\u00e1rn\u00e9.<\/li>\n<li style=\"text-align: justify;\">23. &#8211; 28. 6.\u00a02019\u00a0&#8211; Olympi\u00e1da d\u011bt\u00ed a ml\u00e1de\u017ee v Liberci. Za MORAVEC Team byli doporu\u010deni na reprezentaci JmK (t\u00fdk\u00e1 se kadet\u016f-kadetek a star\u0161\u00edch \u017e\u00e1k\u016f &#8211; \u017ea\u010dek)\u00a0Kl\u00e1ra Odehnalov\u00e1, Eli\u0161ka Han\u00e1kov\u00e1, Luk\u00e1\u0161 Sedl\u00e1k a Roman \u0160indel\u00e1\u0159.\u00a0Na\u0161e rajdry \u010dekaj\u00ed nomina\u010dn\u00ed z\u00e1vody, na z\u00e1klad\u011b kter\u00fdch rozhodnou pov\u011b\u0159en\u00ed tren\u00e9\u0159i Luk\u00e1\u0161 Petr a Petr Herman o jejich p\u0159\u00edpadn\u00e9 nominaci. V r\u00e1mci nominace na ODM\u00a0za Olomouck\u00fd\u00a0 kraj budeme\u00a0je navr\u017een \u00a0k reprezentaci\u00a0V\u00edt Lipensk\u00fd,\u00a0 Podrobnosti k ODM v Liberci za Jihomoravsk\u00fd kraj \u00a0najdete zde,\u00a0<strong><a href=\"http:\/\/www.moravecteam.cz\/?attachment_id=12921\" rel=\"attachment wp-att-12921\">J<\/a><a href=\"http:\/\/www.moravecteam.cz\/?attachment_id=12921\" rel=\"attachment wp-att-12921\">MKSC-LODM2019-nominacni_kriteria_v1_sLT (2)<\/a>,<\/strong>\u00a0za Olomouck\u00fd kraj zase tu\u0165:\u00a0<strong><a href=\"https:\/\/www.olomouckysvazcyklistiky.cz\/images\/documents\/2019\/LODM2019.pdf\">Nomina\u010dn\u00ed krit\u00e9ria-Olomouck\u00fd kraj.<\/a><\/strong><\/li>\n<\/ul>\n<h5><span style=\"color: #800000;\">AKCE ZA DV\u011aMA HORIZONTY<\/span><\/h5>\n<ul>\n<li style=\"text-align: justify;\">13. 7. 2019 &#8211; p\u00e1t\u00e1 MTB &#8222;Vrchovina&#8220; v Protivanov\u011b.<\/li>\n<li style=\"text-align: justify;\">Pr\u00e1zdninov\u00fd Kemp MORAVEC Teamu\u00a0prob\u011bhne v t\u00fddnu od\u00a029.7. do 2.8. 2019. Opera\u010dn\u00ed prostor: Ji\u017en\u00ed Morava \/ Severn\u00ed\u00a0 Rakousko. Z\u00e1jemci, kte\u0159\u00ed se budou cht\u00edt \u00fa\u010dastnit dal\u0161\u00edho riskantn\u00edho podniku, p\u0159ihlaste se mi\u00a0 nejpozd\u011bji do 30.6.2019.<\/li>\n<\/ul>\n<p>&nbsp;<\/p>\n","protected":false},"excerpt":{"rendered":"<p>Term\u00ednov\u00fd kalend\u00e1\u0159 MORAVEC Team 2019: MORAVEC Team &#8211; term\u00ednov\u00fd kalend\u00e1\u0159 2019 \u00dater\u00fd 28.5. 2019 Silni\u010dn\u00ed tr\u00e9nink pod veden\u00edm Vlast\u00edka Odehnala, Franti\u0161ka Pad\u011bry a Jirky \u0160t\u011bpan\u00edka\u00a0 &#8211; sraz v 17.00 u Z\u0160 Bene\u0161ov. St\u0159eda 29.5. 2019 Pravideln\u00e1 MTB\u00a0p\u0159\u00edprava s\u00a0Jirkou Va\u0161\u00ed\u010dkem, Milanem \u0160af\u00e1\u0159em,\u00a0 Jardou P\u00e1nkem, Liborem Barto\u0161em a Petrem Koudelkou.\u00a0Sraz v 17.00 na h\u0159i\u0161ti ve Valchov\u011b. Sobota, &hellip; <a href=\"https:\/\/www.moravecteam.cz\/?p=13280\" class=\"more-link\">Pokra\u010dov\u00e1n\u00ed textu <span class=\"screen-reader-text\">Co se bud d\u00edt? (ST22)-2<\/span> <span class=\"meta-nav\">&rarr;<\/span><\/a><\/p>\n","protected":false},"author":3,"featured_media":13281,"comment_status":"open","ping_status":"closed","sticky":false,"template":"","format":"standard","meta":[],"categories":[11],"tags":[],"_links":{"self":[{"href":"https:\/\/www.moravecteam.cz\/index.php?rest_route=\/wp\/v2\/posts\/13280"}],"collection":[{"href":"https:\/\/www.moravecteam.cz\/index.php?rest_route=\/wp\/v2\/posts"}],"about":[{"href":"https:\/\/www.moravecteam.cz\/index.php?rest_route=\/wp\/v2\/types\/post"}],"author":[{"embeddable":true,"href":"https:\/\/www.moravecteam.cz\/index.php?rest_route=\/wp\/v2\/users\/3"}],"replies":[{"embeddable":true,"href":"https:\/\/www.moravecteam.cz\/index.php?rest_route=%2Fwp%2Fv2%2Fcomments&post=13280"}],"version-history":[{"count":8,"href":"https:\/\/www.moravecteam.cz\/index.php?rest_route=\/wp\/v2\/posts\/13280\/revisions"}],"predecessor-version":[{"id":13310,"href":"https:\/\/www.moravecteam.cz\/index.php?rest_route=\/wp\/v2\/posts\/13280\/revisions\/13310"}],"wp:featuredmedia":[{"embeddable":true,"href":"https:\/\/www.moravecteam.cz\/index.php?rest_route=\/wp\/v2\/media\/13281"}],"wp:attachment":[{"href":"https:\/\/www.moravecteam.cz\/index.php?rest_route=%2Fwp%2Fv2%2Fmedia&parent=13280"}],"wp:term":[{"taxonomy":"category","embeddable":true,"href":"https:\/\/www.moravecteam.cz\/index.php?rest_route=%2Fwp%2Fv2%2Fcategories&post=13280"},{"taxonomy":"post_tag","embeddable":true,"href":"https:\/\/www.moravecteam.cz\/index.php?rest_route=%2Fwp%2Fv2%2Ftags&post=13280"}],"curies":[{"name":"wp","href":"https:\/\/api.w.org\/{rel}","templated":true}]}}