{"id":13293,"date":"2019-05-28T21:08:10","date_gmt":"2019-05-28T19:08:10","guid":{"rendered":"http:\/\/www.moravecteam.cz\/?p=13293"},"modified":"2019-05-28T21:33:14","modified_gmt":"2019-05-28T19:33:14","slug":"moravec-ve-smutku","status":"publish","type":"post","link":"https:\/\/www.moravecteam.cz\/?p=13293","title":{"rendered":"MORAVEC ve smutku&#8230;"},"content":{"rendered":"<p style=\"text-align: justify;\"><strong><span style=\"color: #000000;\">Je \u00fapln\u011b nejhor\u0161\u00ed sd\u011blovat zpr\u00e1vy tohoto typu&#8230; P\u0159ed p\u00e1r dny tragicky zem\u0159el n\u00e1\u0161 b\u00fdval\u00fd v\u00fdborn\u00fd reprezentant,\u00a0pohodov\u00fd kamar\u00e1dsk\u00fd kluk, kter\u00fd nezkazil nikdy \u017e\u00e1dnou srandu, sympa\u0165\u00e1k s dlouh\u00fdmi tmav\u00fdmi vlasy &#8211; Ond\u0159ej Schmachtel&#8230; Osudnou se mu stala l\u00e1ska k vysok\u00fdm rychlostem, adrenalinu&#8230; Jeho mlad\u00fd \u017eivot ukon\u010dila tragick\u00e1 nehoda na motokrosov\u00e9 motorce&#8230; Posledn\u00ed rozlou\u010den\u00ed s Ondrou bude z\u00edtra, ve st\u0159edu 29. kv\u011btna, v 11.30 ve smute\u010dn\u00ed s\u00edni m\u011bsta Svitavy&#8230;\u00a0<\/span><\/strong><\/p>\n<figure id=\"attachment_13297\" aria-describedby=\"caption-attachment-13297\" style=\"width: 228px\" class=\"wp-caption alignleft\"><a href=\"http:\/\/www.moravecteam.cz\/?attachment_id=13297\" rel=\"attachment wp-att-13297\"><img decoding=\"async\" loading=\"lazy\" class=\"size-full wp-image-13297 \" alt=\"DSC03579a\" src=\"http:\/\/www.moravecteam.cz\/wp-content\/uploads\/2019\/05\/DSC03579a.jpg\" width=\"228\" height=\"400\" srcset=\"https:\/\/www.moravecteam.cz\/wp-content\/uploads\/2019\/05\/DSC03579a.jpg 228w, https:\/\/www.moravecteam.cz\/wp-content\/uploads\/2019\/05\/DSC03579a-171x300.jpg 171w\" sizes=\"(max-width: 228px) 100vw, 228px\" \/><\/a><figcaption id=\"caption-attachment-13297\" class=\"wp-caption-text\">Ondra Schmachtel u\u017e tady s n\u00e1mi nen\u00ed&#8230;<\/figcaption><\/figure>\n<p style=\"text-align: justify;\">Ondra (*1991), spolu se sv\u00fdm star\u0161\u00edm kamar\u00e1dem, Michalem Vyroubalem, se k n\u00e1m p\u0159ipojili v r. 2006 a u\u017e v sez\u00f3n\u011b 2007 rozpoznal v tmavovlas\u00e9m sympa\u0165\u00e1kovi tehdej\u0161\u00ed tren\u00e9r tehdej\u0161\u00edho MORAVEC Czech MTB Teamu, Martin Bezd\u00ed\u010dek, zna\u010dn\u00fd z\u00e1vodnick\u00fd potenci\u00e1l, kter\u00fd ve zmi\u0148ovan\u00e9m roce prok\u00e1zal Ondra Schmachtel 17. m\u00edstem v kategorii kadet\u016f\u00a0 na bikov\u00e9m Mistrovstv\u00ed \u010cR na Zadov\u011b a celkov\u00fdm 5. m\u00edstem ve spole\u010dn\u00e9 kategorii junior\u016f a kadet\u016f na tehdy ji\u017e docela presti\u017en\u00ed MTB &#8222;Vrchovin\u011b&#8220;. V\u00fdsledek v tomto seri\u00e1lu si je\u0161t\u011b vylep\u0161il hned v n\u00e1sleduj\u00edc\u00edm roce 2008, kdy ve stejn\u00e9 kategorii dokonce vybojoval presti\u017en\u00ed poh\u00e1r za t\u0159et\u00ed m\u00edsto&#8230;\u00a0 Spolu s Michalem Vyroubalem, Michalem \u0160imerlem a R\u00e1\u010fou Kov\u00e1\u0159em byli v t\u00e9 dob\u011b nerozlu\u010dnou \u010dty\u0159kou.. Reprezentoval n\u00e1s nejen v \u010cesk\u00e9m poh\u00e1ru, ale i v zahrani\u010dn\u00edch bikov\u00fdch z\u00e1vodech, na Slovensku a v Polsku&#8230;. Jezdil s n\u00e1mi na pr\u00e1zdninov\u00e9 kempy&#8230; Vzpome\u0148te na n\u011bho v t\u00e9to <strong><a href=\"https:\/\/moravecteam.rajce.idnes.cz\/Ondra_Schmachtel_1991_-_2019_-_vzpominame%2C_nezapomeneme...\">fotogalerii<\/a><\/strong>&#8230; Bude\u0161 n\u00e1m Ondro, moc, moc, moc chyb\u011bt&#8230; Nezapomeneme na Tebe&#8230;<\/p>\n<figure id=\"attachment_13303\" aria-describedby=\"caption-attachment-13303\" style=\"width: 527px\" class=\"wp-caption alignnone\"><a href=\"http:\/\/www.moravecteam.cz\/?attachment_id=13303\" rel=\"attachment wp-att-13303\"><img decoding=\"async\" loading=\"lazy\" class=\" wp-image-13303\" alt=\"P1100863\" src=\"http:\/\/www.moravecteam.cz\/wp-content\/uploads\/2019\/05\/P1100863.jpg\" width=\"527\" height=\"772\" srcset=\"https:\/\/www.moravecteam.cz\/wp-content\/uploads\/2019\/05\/P1100863.jpg 527w, https:\/\/www.moravecteam.cz\/wp-content\/uploads\/2019\/05\/P1100863-204x300.jpg 204w\" sizes=\"(max-width: 527px) 100vw, 527px\" \/><\/a><figcaption id=\"caption-attachment-13303\" class=\"wp-caption-text\">Takhle si Ondru budeme pamatovat: MTB PDV 9.7.2016, Velk\u00e1 cena B\u0159ezov\u00e9 nad Svitavou&#8230;<\/figcaption><\/figure>\n<p style=\"text-align: justify;\">\n","protected":false},"excerpt":{"rendered":"<p>Je \u00fapln\u011b nejhor\u0161\u00ed sd\u011blovat zpr\u00e1vy tohoto typu&#8230; P\u0159ed p\u00e1r dny tragicky zem\u0159el n\u00e1\u0161 b\u00fdval\u00fd v\u00fdborn\u00fd reprezentant,\u00a0pohodov\u00fd kamar\u00e1dsk\u00fd kluk, kter\u00fd nezkazil nikdy \u017e\u00e1dnou srandu, sympa\u0165\u00e1k s dlouh\u00fdmi tmav\u00fdmi vlasy &#8211; Ond\u0159ej Schmachtel&#8230; Osudnou se mu stala l\u00e1ska k vysok\u00fdm rychlostem, adrenalinu&#8230; Jeho mlad\u00fd \u017eivot ukon\u010dila tragick\u00e1 nehoda na motokrosov\u00e9 motorce&#8230; Posledn\u00ed rozlou\u010den\u00ed s Ondrou bude z\u00edtra, &hellip; <a href=\"https:\/\/www.moravecteam.cz\/?p=13293\" class=\"more-link\">Pokra\u010dov\u00e1n\u00ed textu <span class=\"screen-reader-text\">MORAVEC ve smutku&#8230;<\/span> <span class=\"meta-nav\">&rarr;<\/span><\/a><\/p>\n","protected":false},"author":3,"featured_media":13299,"comment_status":"open","ping_status":"closed","sticky":false,"template":"","format":"standard","meta":[],"categories":[13],"tags":[],"_links":{"self":[{"href":"https:\/\/www.moravecteam.cz\/index.php?rest_route=\/wp\/v2\/posts\/13293"}],"collection":[{"href":"https:\/\/www.moravecteam.cz\/index.php?rest_route=\/wp\/v2\/posts"}],"about":[{"href":"https:\/\/www.moravecteam.cz\/index.php?rest_route=\/wp\/v2\/types\/post"}],"author":[{"embeddable":true,"href":"https:\/\/www.moravecteam.cz\/index.php?rest_route=\/wp\/v2\/users\/3"}],"replies":[{"embeddable":true,"href":"https:\/\/www.moravecteam.cz\/index.php?rest_route=%2Fwp%2Fv2%2Fcomments&post=13293"}],"version-history":[{"count":8,"href":"https:\/\/www.moravecteam.cz\/index.php?rest_route=\/wp\/v2\/posts\/13293\/revisions"}],"predecessor-version":[{"id":13306,"href":"https:\/\/www.moravecteam.cz\/index.php?rest_route=\/wp\/v2\/posts\/13293\/revisions\/13306"}],"wp:featuredmedia":[{"embeddable":true,"href":"https:\/\/www.moravecteam.cz\/index.php?rest_route=\/wp\/v2\/media\/13299"}],"wp:attachment":[{"href":"https:\/\/www.moravecteam.cz\/index.php?rest_route=%2Fwp%2Fv2%2Fmedia&parent=13293"}],"wp:term":[{"taxonomy":"category","embeddable":true,"href":"https:\/\/www.moravecteam.cz\/index.php?rest_route=%2Fwp%2Fv2%2Fcategories&post=13293"},{"taxonomy":"post_tag","embeddable":true,"href":"https:\/\/www.moravecteam.cz\/index.php?rest_route=%2Fwp%2Fv2%2Ftags&post=13293"}],"curies":[{"name":"wp","href":"https:\/\/api.w.org\/{rel}","templated":true}]}}