{"id":13528,"date":"2019-07-18T22:30:05","date_gmt":"2019-07-18T20:30:05","guid":{"rendered":"http:\/\/www.moravecteam.cz\/?p=13528"},"modified":"2019-07-19T06:37:04","modified_gmt":"2019-07-19T04:37:04","slug":"boskovicka-mezihra","status":"publish","type":"post","link":"https:\/\/www.moravecteam.cz\/?p=13528","title":{"rendered":"Boskovick\u00e1 mezihra&#8230;"},"content":{"rendered":"<p style=\"text-align: justify;\"><strong><span style=\"color: #800000;\">\u017de discipl\u00edna MTB ELIMINATOR je z hlediska z\u00e1jmu biker\u016f nad\u00e1le na \u00fastupu, potvrdilo n\u00e1rodn\u00ed Mistrovstv\u00ed \u010cR, kter\u00e9 uspo\u0159\u00e1dal\u00a0 Drahansk\u00fd sport t\u00fdm minulou sobotu ve Sport parku Doubravy v Boskovic\u00edch. By\u0165 celou akci zast\u0159e\u0161oval \u010cesk\u00fd svaz cyklistiky a by\u0165 pro juniory a dosp\u011bl\u00e9\u00a0 byl tento z\u00e1vod kvalifikac\u00ed na bl\u00ed\u017e\u00edc\u00ed se MTB Mistrovstv\u00ed Evropy v Brn\u011b, n\u00edzk\u00e1 \u00fa\u010dast pouh\u00fdch 134 rajdr\u016f ve v\u0161ech kategori\u00edch, v\u010detn\u011b d\u011btsk\u00fdch, potvrdila, \u017ee tato &#8211; d\u0159\u00edve atraktivn\u00ed discipl\u00edna &#8211; je v sou\u010dasnosti u\u017e opravdu hodn\u011b na periferii z\u00e1jmu biker\u016f&#8230; I kdy\u017e jezdci MORAVEC Teamu tuto discipl\u00ednu netr\u00e9nuj\u00ed a ani na Boskovice nebyla \u0159e\u0161ena speci\u00e1ln\u00ed p\u0159\u00edprava,\u00a0osm na\u0161ich\u00a0reprezentant\u016f vybojovalo celkem 3 medaile!<\/span><\/strong><\/p>\n<figure id=\"attachment_13545\" aria-describedby=\"caption-attachment-13545\" style=\"width: 643px\" class=\"wp-caption alignnone\"><a href=\"http:\/\/www.moravecteam.cz\/?attachment_id=13545\" rel=\"attachment wp-att-13545\"><img decoding=\"async\" loading=\"lazy\" class=\" wp-image-13545\" alt=\"IMG_5880\" src=\"http:\/\/www.moravecteam.cz\/wp-content\/uploads\/2019\/07\/IMG_5880.jpg\" width=\"643\" height=\"801\" srcset=\"https:\/\/www.moravecteam.cz\/wp-content\/uploads\/2019\/07\/IMG_5880.jpg 643w, https:\/\/www.moravecteam.cz\/wp-content\/uploads\/2019\/07\/IMG_5880-240x300.jpg 240w\" sizes=\"(max-width: 643px) 100vw, 643px\" \/><\/a><figcaption id=\"caption-attachment-13545\" class=\"wp-caption-text\">Eli\u0161ka Han\u00e1kov\u00e1 je vicemistryn\u00ed \u010cR mezi star\u0161\u00edmi \u017e\u00e1kyn\u011bm\u00ed v MTB sprintu!<\/figcaption><\/figure>\n<p style=\"text-align: justify;\">Boskovice byli pro sestry Han\u00e1kovy, Am\u00e1lku Gottwaldovou, Barboru Tlamkovou, V\u00edtka Such\u00e1nka, Romana \u0160indel\u00e1\u0159e, Kl\u00e1ru Odehnalovou a Luk\u00e1\u0161e Sedl\u00e1ka jakousi mezihrou v mozaice kam\u00ednk\u016f, tvo\u0159\u00edc\u00ed p\u0159\u00edpravu pro prvn\u00ed vrchol sez\u00f3ny, kter\u00fdm bude o t\u0159et\u00edm \u010dervencov\u00e9m v\u00edkendu Mistrovstv\u00ed \u010cR z\u00e1vod\u016f horsk\u00fdch kol v Hlinsku. Pevn\u011b v\u011b\u0159\u00edme, \u017ee z hlediska jejich \u00fa\u010dast na sprintech splnila \u00fa\u010dast\u00a0 \u00fa\u010del, a byla pro n\u011b prosp\u011b\u0161nou.\u00a0To n\u00e1m bl\u00ed\u017e\u00edc\u00ed se Mistr\u00e1k v Hlinsku u\u017e vlastn\u011b brzy uk\u00e1\u017ee.<\/p>\n<figure id=\"attachment_13543\" aria-describedby=\"caption-attachment-13543\" style=\"width: 639px\" class=\"wp-caption alignnone\"><a href=\"http:\/\/www.moravecteam.cz\/?attachment_id=13543\" rel=\"attachment wp-att-13543\"><img decoding=\"async\" loading=\"lazy\" class=\" wp-image-13543\" alt=\"IMG_5864\" src=\"http:\/\/www.moravecteam.cz\/wp-content\/uploads\/2019\/07\/IMG_5864.jpg\" width=\"639\" height=\"484\" srcset=\"https:\/\/www.moravecteam.cz\/wp-content\/uploads\/2019\/07\/IMG_5864.jpg 639w, https:\/\/www.moravecteam.cz\/wp-content\/uploads\/2019\/07\/IMG_5864-300x227.jpg 300w\" sizes=\"(max-width: 639px) 100vw, 639px\" \/><\/a><figcaption id=\"caption-attachment-13543\" class=\"wp-caption-text\">Dojezd fin\u00e1le z\u00e1vodu mlad\u0161\u00edch \u017e\u00e1ky\u0148. Z fotky je patrn\u00e9, kolik ztratily v c\u00edli na\u0161e holky na v\u00edt\u011bzku Veroniku Srnskou.<\/figcaption><\/figure>\n<p style=\"text-align: justify;\">Prapor MORAVEC Teamu op\u011bt hodn\u011b vysoko podr\u017eela d\u011bv\u010data. Hned t\u0159i na\u0161e mlad\u0161\u00ed \u017e\u00e1kyn\u011b se probojovaly do \u010dty\u0159\u010dlenn\u00e9 fin\u00e1lov\u00e9 j\u00edzdy.\u00a0Mo\u017en\u00e1 v\u0161ichni\u00a0odborn\u00edci tipovali, \u017ee to bude pr\u00e1v\u011b jedna z na\u0161ich d\u011bv\u010dat, kter\u00e1 z\u00e1vod ovl\u00e1dne, vzhledem k na\u0161\u00ed p\u0159esile 3:1 oproti, z MTB &#8222;Vrchoviny&#8220; n\u00e1m dob\u0159e zn\u00e1m\u011b Veronice Srnsk\u00e9 (Bike Team Nov\u00e9 M\u011bsto na Morav\u011b). Sprint je ale specifick\u00e1 a hlavn\u011b jednozna\u010dn\u011b individu\u00e1ln\u00ed discipl\u00edna, kde se t\u00fdmov\u00e1 spolupr\u00e1ce d\u00e1 n\u011bjak \u0159e\u0161it v\u017edy jen velmi t\u011b\u017eko. A tak v ot\u00e1zce v\u00edt\u011bzky z\u00e1vodu byl opak pravdou,\u00a0kdy\u017e\u00a0Ver\u010da Srnsk\u00e1, kter\u00e1 se na\u0161\u00ed p\u0159esilovky nijak nezlekla, z\u00e1vod ovl\u00e1dla! S minim\u00e1ln\u00ed ztr\u00e1tou za n\u00ed dospurtovala na\u0161e d\u011bv\u010data v po\u0159ad\u00ed: <strong><span style=\"color: #800000;\">Anna Han\u00e1kov\u00e1, Am\u00e1lka Gottwaldov\u00e1, Barbora Tlamkov\u00e1.<\/span><\/strong><\/p>\n<figure id=\"attachment_13542\" aria-describedby=\"caption-attachment-13542\" style=\"width: 430px\" class=\"wp-caption alignnone\"><a href=\"http:\/\/www.moravecteam.cz\/?attachment_id=13542\" rel=\"attachment wp-att-13542\"><img decoding=\"async\" loading=\"lazy\" class=\"size-full wp-image-13542\" alt=\"IMG_5846\" src=\"http:\/\/www.moravecteam.cz\/wp-content\/uploads\/2019\/07\/IMG_5846.jpg\" width=\"430\" height=\"498\" srcset=\"https:\/\/www.moravecteam.cz\/wp-content\/uploads\/2019\/07\/IMG_5846.jpg 430w, https:\/\/www.moravecteam.cz\/wp-content\/uploads\/2019\/07\/IMG_5846-259x300.jpg 259w\" sizes=\"(max-width: 430px) 100vw, 430px\" \/><\/a><figcaption id=\"caption-attachment-13542\" class=\"wp-caption-text\">Bar\u010da Tlamkov\u00e1 je zp\u011bt! V Boskovic\u00edch si po nucen\u00e9 p\u0159est\u00e1vce nevedla v\u016fbec \u0161patn\u011b!<\/figcaption><\/figure>\n<p style=\"text-align: justify;\">T\u0159et\u00ed &#8222;placku&#8220;,\u00a0ten den druhou \u00a0st\u0159\u00edbrnou, vybojovala v Boskovic\u00edch star\u0161\u00ed \u017e\u00e1kyn\u011b <strong><span style=\"color: #800000;\">Eli\u0161ka Han\u00e1kov\u00e1<\/span><\/strong>, kter\u00e1 svedla souboj o prvenstv\u00ed se svoj\u00ed leto\u0161n\u00ed tradi\u010dn\u00ed soupe\u0159kou, Ad\u00e9lou Pernickou (Bike Pro Racing). Ostan\u00edm na\u0161im se u\u017e toliko neda\u0159ilo a fin\u00e1lov\u00e9 pozice si nevyjeli. V konkurenci 13-ti kadetek byla <strong><span style=\"color: #800000;\">Kl\u00e1ra Odehnalov\u00e1<\/span> <\/strong>klasifikov\u00e1na na 9. m\u00edst\u011b a mezi 12-ti juniory pak <strong><span style=\"color: #800000;\">V\u00ed\u0165a Such\u00e1nek<\/span> <\/strong>jako 10. V nejpo\u010detn\u011bji obsazen\u00e9 kategorii star\u0161\u00edch \u017e\u00e1k\u016f (na start se jich postavilo 23) jsou v ofici\u00e1ln\u00edm \u00a0&#8222;resultu&#8220; zaps\u00e1n\u00ed <strong><span style=\"color: #800000;\">Roman \u0160indel\u00e1\u0159<\/span> <\/strong>na 17. a <strong><span style=\"color: #800000;\">Luk\u00e1\u0161 Sedl\u00e1k<\/span> <\/strong>na 20. m\u00edst\u011b.<\/p>\n<figure id=\"attachment_13546\" aria-describedby=\"caption-attachment-13546\" style=\"width: 478px\" class=\"wp-caption alignnone\"><a href=\"http:\/\/www.moravecteam.cz\/?attachment_id=13546\" rel=\"attachment wp-att-13546\"><img decoding=\"async\" loading=\"lazy\" class=\" wp-image-13546\" alt=\"IMG_5829\" src=\"http:\/\/www.moravecteam.cz\/wp-content\/uploads\/2019\/07\/IMG_5829.jpg\" width=\"478\" height=\"483\" srcset=\"https:\/\/www.moravecteam.cz\/wp-content\/uploads\/2019\/07\/IMG_5829.jpg 478w, https:\/\/www.moravecteam.cz\/wp-content\/uploads\/2019\/07\/IMG_5829-25x25.jpg 25w, https:\/\/www.moravecteam.cz\/wp-content\/uploads\/2019\/07\/IMG_5829-296x300.jpg 296w\" sizes=\"(max-width: 478px) 100vw, 478px\" \/><\/a><figcaption id=\"caption-attachment-13546\" class=\"wp-caption-text\">Na startu kvalifia\u010dn\u00ed j\u00edzdy pozd\u011bj\u0161\u00ed vicemistryn\u011b \u010cR v kategorii mlad\u0161\u00edch \u017e\u00e1ky\u0148, Ani\u010dka Han\u00e1kov\u00e1.<\/figcaption><\/figure>\n<p style=\"text-align: justify;\">Nad v\u00fdsledky si nen\u00ed t\u0159eba nijak l\u00e1mat hlavu i v Boskovic\u00edch \u0161lo p\u0159edev\u0161\u00edm\u00a0o kvalitn\u00ed p\u0159\u00edpravu na Hlinsko a\u00a0onen pov\u011bstn\u00fd chleba se bude l\u00e1mat a\u017e tam. Krom\u011b medailov\u00fdch profit\u016f n\u00e1s ale v\u0161echny pot\u011b\u0161il tak\u00e9 n\u00e1vrat na trat\u011b ji\u017e uzdraven\u00e9 Barbory Tlamkov\u00e9. A \u017ee to byl &#8222;come back&#8220; hned m\u00e1lem medailov\u00fd, n\u00e1s t\u011b\u0161\u00ed dvojn\u00e1sob.\u00a0A by\u0165 Ba\u010da je\u0161t\u011b Hlinsko vynech\u00e1v\u00e1, pevn\u011b v\u011b\u0159\u00edme, \u017ee 10. srpna v Bukov\u00e9\u00a0 ji u\u017e uvid\u00edme z\u00e1vodit i v klasick\u00e9m &#8222;iksc\u00e9\u00f3\u010dku&#8220;. Zde studujte <strong><a href=\"http:\/\/www.championchip.cz\/akce\/2019071310\">v\u00fdsledky z Boskovic<\/a><\/strong>,\u00a0 tu\u0165 je zase k omrknut\u00ed <strong><a href=\"https:\/\/moravecteam.rajce.idnes.cz\/2019.07.13_MCR_MTB_XCE_Boskovice\">fotogalerie<\/a><\/strong>. (d\u00edky Tondo).<\/p>\n<p style=\"text-align: justify;\">\n","protected":false},"excerpt":{"rendered":"<p>\u017de discipl\u00edna MTB ELIMINATOR je z hlediska z\u00e1jmu biker\u016f nad\u00e1le na \u00fastupu, potvrdilo n\u00e1rodn\u00ed Mistrovstv\u00ed \u010cR, kter\u00e9 uspo\u0159\u00e1dal\u00a0 Drahansk\u00fd sport t\u00fdm minulou sobotu ve Sport parku Doubravy v Boskovic\u00edch. By\u0165 celou akci zast\u0159e\u0161oval \u010cesk\u00fd svaz cyklistiky a by\u0165 pro juniory a dosp\u011bl\u00e9\u00a0 byl tento z\u00e1vod kvalifikac\u00ed na bl\u00ed\u017e\u00edc\u00ed se MTB Mistrovstv\u00ed Evropy v Brn\u011b, n\u00edzk\u00e1 &hellip; <a href=\"https:\/\/www.moravecteam.cz\/?p=13528\" class=\"more-link\">Pokra\u010dov\u00e1n\u00ed textu <span class=\"screen-reader-text\">Boskovick\u00e1 mezihra&#8230;<\/span> <span class=\"meta-nav\">&rarr;<\/span><\/a><\/p>\n","protected":false},"author":3,"featured_media":13544,"comment_status":"open","ping_status":"closed","sticky":false,"template":"","format":"standard","meta":[],"categories":[1],"tags":[],"_links":{"self":[{"href":"https:\/\/www.moravecteam.cz\/index.php?rest_route=\/wp\/v2\/posts\/13528"}],"collection":[{"href":"https:\/\/www.moravecteam.cz\/index.php?rest_route=\/wp\/v2\/posts"}],"about":[{"href":"https:\/\/www.moravecteam.cz\/index.php?rest_route=\/wp\/v2\/types\/post"}],"author":[{"embeddable":true,"href":"https:\/\/www.moravecteam.cz\/index.php?rest_route=\/wp\/v2\/users\/3"}],"replies":[{"embeddable":true,"href":"https:\/\/www.moravecteam.cz\/index.php?rest_route=%2Fwp%2Fv2%2Fcomments&post=13528"}],"version-history":[{"count":12,"href":"https:\/\/www.moravecteam.cz\/index.php?rest_route=\/wp\/v2\/posts\/13528\/revisions"}],"predecessor-version":[{"id":13562,"href":"https:\/\/www.moravecteam.cz\/index.php?rest_route=\/wp\/v2\/posts\/13528\/revisions\/13562"}],"wp:featuredmedia":[{"embeddable":true,"href":"https:\/\/www.moravecteam.cz\/index.php?rest_route=\/wp\/v2\/media\/13544"}],"wp:attachment":[{"href":"https:\/\/www.moravecteam.cz\/index.php?rest_route=%2Fwp%2Fv2%2Fmedia&parent=13528"}],"wp:term":[{"taxonomy":"category","embeddable":true,"href":"https:\/\/www.moravecteam.cz\/index.php?rest_route=%2Fwp%2Fv2%2Fcategories&post=13528"},{"taxonomy":"post_tag","embeddable":true,"href":"https:\/\/www.moravecteam.cz\/index.php?rest_route=%2Fwp%2Fv2%2Ftags&post=13528"}],"curies":[{"name":"wp","href":"https:\/\/api.w.org\/{rel}","templated":true}]}}