{"id":13534,"date":"2019-07-18T23:05:26","date_gmt":"2019-07-18T21:05:26","guid":{"rendered":"http:\/\/www.moravecteam.cz\/?p=13534"},"modified":"2019-07-19T06:47:11","modified_gmt":"2019-07-19T04:47:11","slug":"protivanovske-radosti","status":"publish","type":"post","link":"https:\/\/www.moravecteam.cz\/?p=13534","title":{"rendered":"Protivanovsk\u00e9 radosti!"},"content":{"rendered":"<p style=\"text-align: justify;\"><strong><span style=\"color: #800000;\">P\u00e1t\u00e1 MTB &#8222;Vrchovina&#8220; v Protivanov\u011b byla jednou z posledn\u00edch ostr\u00fdch p\u0159\u00edprav na bl\u00ed\u017e\u00edc\u00ed se bikov\u00fd n\u00e1rodn\u00ed \u0161ampion\u00e1t, kter\u00fd pohost\u00ed o v\u00edkendu od 19. do 21. \u010dervence v\u00fdchodo\u010desk\u00e9 Hlinsko. Forma v\u0161ech \u00a0na\u0161ich\u00a0leto\u0161n\u00edch \u00a0poh\u00e1rov\u00fdch reprezentant\u016f,\u00a0monitorov\u00e1na \u00fahlem pohledu dvou posledn\u00edch p\u0159\u00edpravn\u00fdch z\u00e1vod\u016f (<a href=\"http:\/\/www.moravecteam.cz\/?p=13528\">XCE Boskovice <\/a>a XCO Protivanov) se jev\u00ed jako velmi slibn\u00e1 a sv\u00e1d\u00ed n\u00e1s p\u0159ed prvn\u00edm vrcholem sez\u00f3ny k opatrn\u00e9mu optimismu. Radost\u00ed pak\u00a0pro n\u00e1s z Protivanova je fakt, \u017ee hned t\u0159i na\u0161i rajd\u0159i, kte\u0159\u00ed n\u00e1s budou v Hlinsku reprezentovat, a kte\u0159\u00ed se na medailov\u00e9 pozice v r\u00e1mci &#8222;Vrchoviny&#8220; zpravidla neprosazuj\u00ed, to v m\u011bstysu &#8222;pod vrtulemi&#8220; dok\u00e1zali!<\/span><\/strong><\/p>\n<figure id=\"attachment_13549\" aria-describedby=\"caption-attachment-13549\" style=\"width: 662px\" class=\"wp-caption alignnone\"><a href=\"http:\/\/www.moravecteam.cz\/?attachment_id=13549\" rel=\"attachment wp-att-13549\"><img decoding=\"async\" loading=\"lazy\" class=\" wp-image-13549\" alt=\"098\" src=\"http:\/\/www.moravecteam.cz\/wp-content\/uploads\/2019\/07\/098.jpg\" width=\"662\" height=\"749\" srcset=\"https:\/\/www.moravecteam.cz\/wp-content\/uploads\/2019\/07\/098.jpg 662w, https:\/\/www.moravecteam.cz\/wp-content\/uploads\/2019\/07\/098-265x300.jpg 265w\" sizes=\"(max-width: 662px) 100vw, 662px\" \/><\/a><figcaption id=\"caption-attachment-13549\" class=\"wp-caption-text\">&#8222;Double&#8220; pro MORAVEC Team vybojovali mlad\u0161\u00ed \u017e\u00e1kyn\u011b Barbora Janovsk\u00e1 a Lucie Koudelkov\u00e1.<\/figcaption><\/figure>\n<p style=\"text-align: justify;\">Prvn\u00edm z nich byl mlad\u0161\u00ed \u017e\u00e1k <strong><span style=\"color: #800000;\">Matou\u0161 Lipensk\u00fd<\/span><\/strong>, kter\u00fd jist\u00fdm v\u00edt\u011bzstv\u00edm potvrdil\u00a0p\u0159etrv\u00e1vaj\u00edc\u00ed r\u016fst formy \u00a0z posledn\u00edch t\u00fddn\u016f. V z\u00e1vod\u011b svedl\u00a0vyrovnan\u00fd souboj s v\u00fdborn\u00fdm Kri\u0161tofem Friedlem (ACT Lerak), kter\u00e9mu se v posledn\u00edm kole\u00a0d\u00edky\u00a0v\u00fdte\u010dn\u00e9 akceleraci\u00a0 vzd\u00e1lil a do c\u00edle fini\u0161oval jako v\u00edt\u011bz s n\u00e1skokem osmi vte\u0159in! Stejn\u011b mlad\u00fdm d\u00edvk\u00e1m kralovala hned dv\u011b na\u0161e d\u011bv\u010data: pracovit\u00e1\u00a0<strong><span style=\"color: #800000;\">Barbora Janovsk\u00e1<\/span> <\/strong>\u0161la do veden\u00ed hned po startu, kdy\u017e &#8222;z\u00e1da&#8220; j\u00ed od sam\u00e9ho za\u010d\u00e1tku zdatn\u011b kryla jej\u00ed t\u00fdmov\u00e1 kolegyn\u011b <strong><span style=\"color: #800000;\">Lucie Koudelkov\u00e1<\/span><\/strong>. V tomto po\u0159ad\u00ed projela d\u011bv\u010data po necel\u00e9 \u010dtvrthodince, kterou na trati\u00a0str\u00e1vila, i c\u00edlov\u00fdm obloukem. Prvn\u00ed leto\u0161n\u00ed &#8222;Vrchovinovou&#8220; bednu tedy mohla slavit i v c\u00edli druh\u00e1 Lucie, nav\u00edc holky vyv\u00e1l\u010dili pro MORAVEC Team i cen\u011bn\u00e9 dvojit\u00e9 v\u00edt\u011bzstv\u00ed &#8211; &#8222;double&#8220;.<\/p>\n<figure id=\"attachment_13550\" aria-describedby=\"caption-attachment-13550\" style=\"width: 646px\" class=\"wp-caption alignnone\"><a href=\"http:\/\/www.moravecteam.cz\/?attachment_id=13550\" rel=\"attachment wp-att-13550\"><img decoding=\"async\" loading=\"lazy\" class=\" wp-image-13550\" alt=\"DSC_0139\" src=\"http:\/\/www.moravecteam.cz\/wp-content\/uploads\/2019\/07\/DSC_0139.jpg\" width=\"646\" height=\"652\" srcset=\"https:\/\/www.moravecteam.cz\/wp-content\/uploads\/2019\/07\/DSC_0139.jpg 646w, https:\/\/www.moravecteam.cz\/wp-content\/uploads\/2019\/07\/DSC_0139-25x25.jpg 25w, https:\/\/www.moravecteam.cz\/wp-content\/uploads\/2019\/07\/DSC_0139-297x300.jpg 297w\" sizes=\"(max-width: 646px) 100vw, 646px\" \/><\/a><figcaption id=\"caption-attachment-13550\" class=\"wp-caption-text\">Souboj Lipensk\u00fd &#8211; Friedl o prvenstv\u00ed v z\u00e1vod\u011b mlad\u0161\u00edch \u017e\u00e1k\u016f vyzn\u011bl v z\u00e1v\u011bru z\u00e1vodu jasn\u011b pro borce MORAVEC Teamu!<\/figcaption><\/figure>\n<p style=\"text-align: justify;\">V z\u00e1vod\u011b mu\u017e\u016f ELITE se po \u010dase na &#8222;Vrchovin\u011b&#8220; objevil <strong><span style=\"color: #800000;\">Petr \u0160ich<\/span> <\/strong>a zat\u00edm co p\u0159i premi\u00e9\u0159e ve Valchov\u011b na &#8222;bednu&#8220; nedos\u00e1hnul (5. m\u00edsto), v Protivanov\u011b dojel za Radimem Kone\u010dn\u00fdm (T\u00dcV S\u00dcD Rusava Bike Team) velmi t\u011bsn\u011b na druh\u00e9m m\u00edst\u011b!\u00a0 Jeho um\u00edst\u011bn\u00ed ale hlavn\u011b v\u00fdte\u010dn\u00fd z\u00e1vodnick\u00fd projev tak\u00e9 napov\u00eddaj\u00ed, \u017ee Petr je p\u0159ed\u00a0Hlinskem ve form\u011b, v pohod\u011b\u00a0a hlavn\u011b dost &#8222;nadupan\u00fd&#8220;&#8230;<\/p>\n<figure id=\"attachment_13551\" aria-describedby=\"caption-attachment-13551\" style=\"width: 556px\" class=\"wp-caption alignnone\"><a href=\"http:\/\/www.moravecteam.cz\/?attachment_id=13551\" rel=\"attachment wp-att-13551\"><img decoding=\"async\" loading=\"lazy\" class=\" wp-image-13551\" alt=\"DSC_0184\" src=\"http:\/\/www.moravecteam.cz\/wp-content\/uploads\/2019\/07\/DSC_0184.jpg\" width=\"556\" height=\"585\" srcset=\"https:\/\/www.moravecteam.cz\/wp-content\/uploads\/2019\/07\/DSC_0184.jpg 556w, https:\/\/www.moravecteam.cz\/wp-content\/uploads\/2019\/07\/DSC_0184-25x25.jpg 25w, https:\/\/www.moravecteam.cz\/wp-content\/uploads\/2019\/07\/DSC_0184-285x300.jpg 285w\" sizes=\"(max-width: 556px) 100vw, 556px\" \/><\/a><figcaption id=\"caption-attachment-13551\" class=\"wp-caption-text\">Petr \u0160ich startuje! O necelou hodinu prohr\u00e1l bitvu o zlato na c\u00edlov\u00e9 \u010d\u00e1\u0159e s Radimem Kone\u010dn\u00fdm o galusku&#8230;<\/figcaption><\/figure>\n<p style=\"text-align: justify;\">Ale i dal\u0161\u00ed na\u0161i reprezentanti dob\u0159e \u00a0&#8222;tvrdili&#8220; ve sv\u00fdch startech protivanovskou &#8222;muziku&#8220;&#8230; Osm\u00fdm m\u00edstem ve startu odr\u00e1\u017eedel d\u011bv\u010dat si vyrovnala sv\u016fj nejlep\u0161\u00ed leto\u0161n\u00ed v\u00fdsledek na\u0161e nejmlad\u0161\u00ed z\u00e1vodnice &#8211; t\u0159\u00edlet\u00e1 <strong><span style=\"color: #800000;\">Barborka Va\u0161\u00ed\u010dkov\u00e1<\/span><\/strong>. Radost n\u00e1m ud\u011blali i &#8222;repro\u0161i&#8220; do 6-ti let. V\u0161ichni t\u0159i na\u0161i mlad\u00ed mu\u0161ket\u00fd\u0159i brali um\u00edst\u011bn\u00ed v TOP10: 6. <strong><span style=\"color: #800000;\">Jirka Va\u0161\u00ed\u010dek<\/span><\/strong>, 7. <strong><span style=\"color: #800000;\">Jon\u00e1\u0161 Janovsk\u00fd<\/span> <\/strong>a 9. <strong><span style=\"color: #800000;\">Ton\u00edk Han\u00e1k<\/span><\/strong>. Po st\u0159\u00edbrn\u00e9 \u017d\u010f\u00e1rn\u00e9 si jako na zlat\u00fd Protivanov bude pamatovat dal\u0161\u00ed na\u0161e spolehliv\u00e1 reprezentantka v kategorii do 6 let &#8211;\u00a0<strong><span style=\"color: #800000;\">Leonka Eclerov\u00e1<\/span><\/strong>, kter\u00e1 vzhledem ke stabiln\u00ed\u00a0 a dobr\u00e9 form\u011b\u00a0zkus\u00ed i &#8222;mistr\u00e1k&#8220; v Hlinsku.<\/p>\n<figure id=\"attachment_13552\" aria-describedby=\"caption-attachment-13552\" style=\"width: 3016px\" class=\"wp-caption alignnone\"><a href=\"http:\/\/www.moravecteam.cz\/?attachment_id=13552\" rel=\"attachment wp-att-13552\"><img decoding=\"async\" loading=\"lazy\" class=\" wp-image-13552\" alt=\"DSC_0097\" src=\"http:\/\/www.moravecteam.cz\/wp-content\/uploads\/2019\/07\/DSC_0097.jpg\" width=\"3016\" height=\"2787\" srcset=\"https:\/\/www.moravecteam.cz\/wp-content\/uploads\/2019\/07\/DSC_0097.jpg 3016w, https:\/\/www.moravecteam.cz\/wp-content\/uploads\/2019\/07\/DSC_0097-300x277.jpg 300w, https:\/\/www.moravecteam.cz\/wp-content\/uploads\/2019\/07\/DSC_0097-1024x946.jpg 1024w\" sizes=\"(max-width: 3016px) 100vw, 3016px\" \/><\/a><figcaption id=\"caption-attachment-13552\" class=\"wp-caption-text\">Leonka Eclerov\u00e1 po pomalej\u0161\u00edm \u00favodu nakonec v\u00fdborn\u00e9 sestry Pol\u00e1\u010dkovy porazila!<\/figcaption><\/figure>\n<p style=\"text-align: justify;\">Zaj\u00edmal n\u00e1s samoz\u0159ejm\u011b hodn\u011b i start d\u00edvek 7-8 let, kde po medailov\u00fdch pozic\u00edch zpravidla pokukuj\u00ed jak <strong><span style=\"color: #800000;\">Jana Maru\u0161ka<\/span> <span style=\"color: #800000;\">Lip<\/span><\/strong><span style=\"color: #800000;\"><strong>ensk\u00e1<\/strong>,<\/span> tak i <span style=\"color: #800000;\"><strong>Ad\u00e9lka V\u011brn\u00e1<\/strong><\/span>. I kdy\u017e to tentokr\u00e1t\u00a0 t\u011bsn\u011b nevy\u0161lo (od v c\u00edli bronzov\u00e9 na\u0161\u00ed tr\u00e9ninkov\u00e9 par\u0165a\u010dky Veroniky \u0160af\u00e1\u0159ov\u00e9 odd\u011blovala Janu s Ad\u00e9lkou p\u016flminuta), mysl\u00edm, \u017ee je ot\u00e1zkou \u010dasu, kdy se ob\u011b dok\u00e1\u017eou tak\u00e9 medailov\u011b prosadit. P\u00e1t\u00fdm m\u00edstem v kategorii 9-10 let (doposud letos nejlep\u0161\u00ed &#8222;Vrchovinov\u00fd&#8220; v\u00fdsledek) v\u00fdborn\u011b zabodoval i <strong><span style=\"color: #800000;\">Filip Ecler<\/span><\/strong>, kter\u00fd tak\u00e9 pravd\u011bpodobn\u011b v Hlinsku\u00a0p\u0159i mistrovsk\u00e9m startu nebude chyb\u011bt.<\/p>\n<figure id=\"attachment_13553\" aria-describedby=\"caption-attachment-13553\" style=\"width: 875px\" class=\"wp-caption alignnone\"><a href=\"http:\/\/www.moravecteam.cz\/?attachment_id=13553\" rel=\"attachment wp-att-13553\"><img decoding=\"async\" loading=\"lazy\" class=\" wp-image-13553\" alt=\"DSC_0130\" src=\"http:\/\/www.moravecteam.cz\/wp-content\/uploads\/2019\/07\/DSC_0130.jpg\" width=\"875\" height=\"942\" srcset=\"https:\/\/www.moravecteam.cz\/wp-content\/uploads\/2019\/07\/DSC_0130.jpg 875w, https:\/\/www.moravecteam.cz\/wp-content\/uploads\/2019\/07\/DSC_0130-278x300.jpg 278w\" sizes=\"(max-width: 875px) 100vw, 875px\" \/><\/a><figcaption id=\"caption-attachment-13553\" class=\"wp-caption-text\">Vyrovnan\u00fd souboj o zlato s borkami z Nov\u00e9ho M\u011bsta na Morav\u011b svadla Lucie Gotwaldov\u00e1.<\/figcaption><\/figure>\n<p style=\"text-align: justify;\">V\u00fdborn\u00fdm v\u00fdkonem se bl\u00fdskli v Protivanov\u011b i na\u0161e reprezentantky ve stejn\u00e9 kategorii d\u00edvek. Souboj <strong><span style=\"color: #800000;\">Lucie Gottwaldov\u00e9<\/span> <\/strong>a <strong><span style=\"color: #800000;\">Magdal\u00e9ny Barto\u0161ov\u00e9<\/span><\/strong> se dv\u011bma rychl\u00fdmi borkami Bike teamu Nov\u00e9 M\u011bsto na Morav\u011b &#8211; Ad\u00e9lkou Kop\u0159ivovou a Nat\u00e1lkou Mare\u0161ovou hodn\u011b div\u00e1ky bavil a k na\u0161\u00ed velk\u00e9 radosti byla v c\u00edli jako prvn\u00ed Lucka Gottwaldov\u00e1! By\u0165 na &#8222;Majdu&#8220; Barto\u0161ovou sice zbyla nepopul\u00e1rn\u00ed &#8222;brambora&#8220;, za\u00a0 p\u0159edveden\u00fd v\u00fdkon pat\u0159\u00ed i j\u00ed plec nahoru! V\u017edy\u0165 holky z Vyso\u010diny, z\u00e1vod\u00edc\u00ed v kr\u00e1sn\u00fdch azurov\u00fdch dresech,\u00a0\u00a0jsou fakt dost dobr\u00e9&#8230;<\/p>\n<figure id=\"attachment_13554\" aria-describedby=\"caption-attachment-13554\" style=\"width: 436px\" class=\"wp-caption alignnone\"><a href=\"http:\/\/www.moravecteam.cz\/?attachment_id=13554\" rel=\"attachment wp-att-13554\"><img decoding=\"async\" loading=\"lazy\" class=\"size-full wp-image-13554\" alt=\"100\" src=\"http:\/\/www.moravecteam.cz\/wp-content\/uploads\/2019\/07\/100.jpg\" width=\"436\" height=\"521\" srcset=\"https:\/\/www.moravecteam.cz\/wp-content\/uploads\/2019\/07\/100.jpg 436w, https:\/\/www.moravecteam.cz\/wp-content\/uploads\/2019\/07\/100-251x300.jpg 251w\" sizes=\"(max-width: 436px) 100vw, 436px\" \/><\/a><figcaption id=\"caption-attachment-13554\" class=\"wp-caption-text\">V\u00edtek Lipensk\u00fd pokra\u010doval v Protivanov\u011b v j\u00edzd\u011b na \u017ed\u00e1\u0159ensk\u00e9 medeilov\u00e9 vln\u011b!<\/figcaption><\/figure>\n<p style=\"text-align: justify;\">Namlsan\u00ed p\u0159edchoz\u00edmi &#8222;vrchovinov\u00fdmi&#8220; v\u00edt\u011bzstv\u00edmi star\u0161\u00edch \u017e\u00e1k\u016f Luk\u00e1\u0161e Sedl\u00e1ka (Okrouhl\u00e1) a <strong><span style=\"color: #800000;\">V\u00edti\u00a0Lipensk\u00e9ho<\/span> <\/strong>(\u017d\u010f\u00e1rn\u00e1), jsem v\u011b\u0159ili v dal\u0161\u00ed podobn\u00fd \u00fasp\u011bch na\u0161ich i v Protivanov\u011b. Nakonec to zlat\u011b necinklo, ale mnoho k tomu nechyb\u011blo&#8230; P\u0159esn\u011bji \u0159e\u010deno &#8211; 21 vte\u0159in. Tento \u010das m\u011bl v c\u00edli k dobru na V\u00edtka Lipensk\u00e9ho borec HEAD PRO Teamu Opava, Pep\u00edk S\u00fdkora. Na p\u00e1t\u00e9m m\u00edst\u011b fini\u0161oval v konkurenci jeden\u00e1cti borc\u016f <strong><span style=\"color: #800000;\">Roman \u0160indel\u00e1\u0159<\/span> <\/strong>(vzhledem k v\u00fdvoji z\u00e1vodu ve sprintech v Boskovic\u00edch se stihl\u00a0p\u0159esunout do Protivanova a i tento z\u00e1vod absolvovat), dev\u00e1t\u00fd dojel <strong><span style=\"color: #800000;\">Maty\u00e1\u0161 Koudelka<\/span><\/strong>. N\u00e1\u0161 hodn\u011b sympatick\u00fd projev v Protivanov\u011b potvrdil i z\u00e1vod \u0161tafet: \u010dlenkou t\u00e9 v\u00edt\u011bzn\u00e9, kombinovan\u00e9, byla krom\u011b\u00a0Dominika Hor\u00e1ka (Jaroslav Kulhav\u00fd Cycling Team) a\u00a0Tom\u00e1\u0161e Ra\u0161ky (Short Bike Academy Opletal) i na\u0161e <strong><span style=\"color: #800000;\">Barbora Janovsk\u00e1<\/span> <\/strong>a na\u0161e &#8222;full&#8220; dru\u017estvo slo\u017een\u00e9 jen z MORAVC\u016e (<strong><span style=\"color: #800000;\">Maty\u00e1\u0161 Koudelka<\/span><\/strong>, <strong><span style=\"color: #800000;\">Franta Pad\u011bra<\/span> <\/strong>a fini\u0161manka\u00a0 <strong><span style=\"color: #800000;\">Lucie Koudelkov\u00e1<\/span><\/strong>) bralo bronz!\u00a0 Zde mrkn\u011bte na komplet souhrn na\u0161ich medailist\u016f:<\/p>\n<p><strong><span style=\"color: #800000;\">Medailist\u00e9 MORAVEC Teamu &#8211; po\u0159ad\u00ed OPEN:<\/span><\/strong><\/p>\n<ul>\n<li style=\"text-align: justify;\">Zlat\u00e9 medaile vybojovali: <strong><span style=\"color: #ff6600;\">Leona Eclerov\u00e1<\/span> <\/strong>(6 let), <span style=\"color: #ff6600;\"><strong>Matou\u0161 Lipensk\u00fd <\/strong><\/span>(9-10 let) a\u00a0<span style=\"color: #ff6600;\"><strong>Lucie\u00a0Gottwaldov\u00e1<\/strong>\u00a0<\/span>(9-10 let) a <strong><span style=\"color: #ff6600;\">Barbora Janovsk\u00e1<\/span><\/strong> (11-12 let),<\/li>\n<li>St\u0159\u00edbrn\u00e9 medaile brali:\u00a0<span style=\"color: #808080;\"><strong>Lucie Koudelkov\u00e1 <\/strong><\/span>(11-12 let), <span style=\"color: #808080;\"><strong>V\u00edt Lipensk\u00fd <\/strong><\/span>(13-14 let), a <span style=\"color: #808080;\"><b>Petr \u0160ich <\/b><\/span>(mu\u017ei ELITE)<\/li>\n<\/ul>\n<figure id=\"attachment_13555\" aria-describedby=\"caption-attachment-13555\" style=\"width: 5613px\" class=\"wp-caption alignnone\"><a href=\"http:\/\/www.moravecteam.cz\/?attachment_id=13555\" rel=\"attachment wp-att-13555\"><img decoding=\"async\" loading=\"lazy\" class=\" wp-image-13555\" alt=\"DSC_0178\" src=\"http:\/\/www.moravecteam.cz\/wp-content\/uploads\/2019\/07\/DSC_0178.jpg\" width=\"5613\" height=\"3486\" srcset=\"https:\/\/www.moravecteam.cz\/wp-content\/uploads\/2019\/07\/DSC_0178.jpg 5613w, https:\/\/www.moravecteam.cz\/wp-content\/uploads\/2019\/07\/DSC_0178-300x186.jpg 300w, https:\/\/www.moravecteam.cz\/wp-content\/uploads\/2019\/07\/DSC_0178-1024x635.jpg 1024w\" sizes=\"(max-width: 5613px) 100vw, 5613px\" \/><\/a><figcaption id=\"caption-attachment-13555\" class=\"wp-caption-text\">Trio MORAVEC Teamu v z\u00e1vod\u011b \u0161tafet bronzov\u00e9, Bar\u010da Janovsk\u00e1 \u010dlenkou v\u00edt\u011bzn\u00e9 \u0161tafety!<\/figcaption><\/figure>\n<p><span style=\"color: #800000;\"><strong>Medailist\u00e9 MORAVEC Teamu &#8211; po\u0159ad\u00ed OBCE:<\/strong><\/span><\/p>\n<ul>\n<li>Prvn\u00ed m\u00edsta:\u00a0<span style=\"color: #ff6600;\"><strong>Ji\u0159\u00ed Va\u0161\u00ed\u010dek <\/strong><\/span>(do 6 let),\u00a0 <span style=\"color: #ff6600;\"><strong>Barbora\u00a0 Janovsk\u00e1 <\/strong><\/span>(11-12 let) a <span style=\"color: #ff6600;\"><strong>Maty\u00e1\u0161 Koudelka <\/strong><\/span>(13-14 let).<\/li>\n<li>Druh\u00e1 m\u00edsta:\u00a0<span style=\"color: #808080;\"><strong>Jon\u00e1\u0161 Janovsk\u00fd <\/strong><\/span>(do 6 let),\u00a0<strong><span style=\"color: #808080;\"> Ad\u00e9la V\u011brn\u00e1<\/span> <\/strong>(7-8 let) a\u00a0 <span style=\"color: #808080;\"><strong>Lucie Koudelkov\u00e1 <\/strong><\/span>(11-12 let).<\/li>\n<li>T\u0159et\u00ed v po\u0159ad\u00ed byli: <strong><span style=\"color: #993300;\">Anton\u00edn Han\u00e1k<\/span>\u00a0 <\/strong>(do 6 let), <span style=\"color: #993300;\"><strong>Kl\u00e1ra V\u011brn\u00e1<\/strong><\/span> (do 6 let)\u00a0a\u00a0<span style=\"color: #993300;\"><strong>Dominik Pt\u00e1\u010dn\u00edk <\/strong><\/span>(9-10 let).<\/li>\n<\/ul>\n<figure id=\"attachment_13556\" aria-describedby=\"caption-attachment-13556\" style=\"width: 3612px\" class=\"wp-caption alignnone\"><a href=\"http:\/\/www.moravecteam.cz\/?attachment_id=13556\" rel=\"attachment wp-att-13556\"><img decoding=\"async\" loading=\"lazy\" class=\" wp-image-13556\" alt=\"DSC_0116\" src=\"http:\/\/www.moravecteam.cz\/wp-content\/uploads\/2019\/07\/DSC_0116.jpg\" width=\"3612\" height=\"2889\" srcset=\"https:\/\/www.moravecteam.cz\/wp-content\/uploads\/2019\/07\/DSC_0116.jpg 3612w, https:\/\/www.moravecteam.cz\/wp-content\/uploads\/2019\/07\/DSC_0116-300x239.jpg 300w, https:\/\/www.moravecteam.cz\/wp-content\/uploads\/2019\/07\/DSC_0116-1024x819.jpg 1024w\" sizes=\"(max-width: 3612px) 100vw, 3612px\" \/><\/a><figcaption id=\"caption-attachment-13556\" class=\"wp-caption-text\">Filip Ecler se na MTB &#8222;Vrchovin\u011b&#8220; lep\u0161\u00ed z\u00e1vod od z\u00e1vodu!<\/figcaption><\/figure>\n<p style=\"text-align: justify;\">Bravo MORAVEC v Protivanov\u011b! D\u00edky v\u0161em za vzorn\u00e9 repre odd\u00edlu a v\u00fdkony na doraz! Zvl\u00e1\u0161tn\u00ed pod\u011bkov\u00e1n\u00ed pat\u0159\u00ed i <strong><span style=\"color: #800000;\">Karlu V\u0161etulovi,<\/span> <span style=\"color: #800000;\">Jardovi Pt\u00e1\u010dn\u00edkovi<\/span> <\/strong>a <strong><span style=\"color: #800000;\">Jirkovi \u017dern\u00ed\u010dkovi<\/span> <\/strong>za pomoc s p\u0159\u00edpravou trat\u00ed, z\u00e1vodu, ne jeho\u017e spolupo\u0159\u00e1d\u00e1n\u00ed se MORAVEC Team, ve srovn\u00e1n\u00ed s jin\u00fdmi z\u00e1vody, \u00a0nadstandardn\u011b pod\u00edl\u00ed.\u00a0Zde studujte <strong><a href=\"http:\/\/vysledky.pohardrahanskevrchoviny.cz\/2019\/?page=vysledky\">kompletn\u00ed v\u00fdsledky<\/a><\/strong>, a t\u0159i fotogalerie z &#8222;d\u00edlny&#8220; <strong><span style=\"color: #800000;\">Lidu\u0161ky Ad\u00e1mkov\u00e9<\/span> <\/strong>a <strong><span style=\"color: #800000;\">Karla V\u0161etuly<\/span><\/strong>. Tak\u00e9 d\u00edky moc ob\u011bma!<\/p>\n<ul>\n<li><strong><a href=\"https:\/\/moravecteam.rajce.idnes.cz\/2019.07.13_MTB_PDV_Protivanov\">Fotogalerie \u010d.1<\/a><\/strong><\/li>\n<li><strong><a href=\"https:\/\/moravecteam.rajce.idnes.cz\/2019.07.13_MTB_PDV_Protivanov_-_2\">Fotogalerie \u010d.2<\/a><\/strong><\/li>\n<li><strong><a href=\"https:\/\/moravecteam.rajce.idnes.cz\/2019.07.13_MTB_PDV_Protivanov_-_3\">Fotogalerie \u010d.3<\/a><\/strong><\/li>\n<\/ul>\n<p style=\"text-align: justify;\">\n","protected":false},"excerpt":{"rendered":"<p>P\u00e1t\u00e1 MTB &#8222;Vrchovina&#8220; v Protivanov\u011b byla jednou z posledn\u00edch ostr\u00fdch p\u0159\u00edprav na bl\u00ed\u017e\u00edc\u00ed se bikov\u00fd n\u00e1rodn\u00ed \u0161ampion\u00e1t, kter\u00fd pohost\u00ed o v\u00edkendu od 19. do 21. \u010dervence v\u00fdchodo\u010desk\u00e9 Hlinsko. Forma v\u0161ech \u00a0na\u0161ich\u00a0leto\u0161n\u00edch \u00a0poh\u00e1rov\u00fdch reprezentant\u016f,\u00a0monitorov\u00e1na \u00fahlem pohledu dvou posledn\u00edch p\u0159\u00edpravn\u00fdch z\u00e1vod\u016f (XCE Boskovice a XCO Protivanov) se jev\u00ed jako velmi slibn\u00e1 a sv\u00e1d\u00ed n\u00e1s p\u0159ed prvn\u00edm vrcholem &hellip; <a href=\"https:\/\/www.moravecteam.cz\/?p=13534\" class=\"more-link\">Pokra\u010dov\u00e1n\u00ed textu <span class=\"screen-reader-text\">Protivanovsk\u00e9 radosti!<\/span> <span class=\"meta-nav\">&rarr;<\/span><\/a><\/p>\n","protected":false},"author":3,"featured_media":13548,"comment_status":"open","ping_status":"closed","sticky":false,"template":"","format":"standard","meta":[],"categories":[1],"tags":[],"_links":{"self":[{"href":"https:\/\/www.moravecteam.cz\/index.php?rest_route=\/wp\/v2\/posts\/13534"}],"collection":[{"href":"https:\/\/www.moravecteam.cz\/index.php?rest_route=\/wp\/v2\/posts"}],"about":[{"href":"https:\/\/www.moravecteam.cz\/index.php?rest_route=\/wp\/v2\/types\/post"}],"author":[{"embeddable":true,"href":"https:\/\/www.moravecteam.cz\/index.php?rest_route=\/wp\/v2\/users\/3"}],"replies":[{"embeddable":true,"href":"https:\/\/www.moravecteam.cz\/index.php?rest_route=%2Fwp%2Fv2%2Fcomments&post=13534"}],"version-history":[{"count":8,"href":"https:\/\/www.moravecteam.cz\/index.php?rest_route=\/wp\/v2\/posts\/13534\/revisions"}],"predecessor-version":[{"id":13558,"href":"https:\/\/www.moravecteam.cz\/index.php?rest_route=\/wp\/v2\/posts\/13534\/revisions\/13558"}],"wp:featuredmedia":[{"embeddable":true,"href":"https:\/\/www.moravecteam.cz\/index.php?rest_route=\/wp\/v2\/media\/13548"}],"wp:attachment":[{"href":"https:\/\/www.moravecteam.cz\/index.php?rest_route=%2Fwp%2Fv2%2Fmedia&parent=13534"}],"wp:term":[{"taxonomy":"category","embeddable":true,"href":"https:\/\/www.moravecteam.cz\/index.php?rest_route=%2Fwp%2Fv2%2Fcategories&post=13534"},{"taxonomy":"post_tag","embeddable":true,"href":"https:\/\/www.moravecteam.cz\/index.php?rest_route=%2Fwp%2Fv2%2Ftags&post=13534"}],"curies":[{"name":"wp","href":"https:\/\/api.w.org\/{rel}","templated":true}]}}