{"id":13576,"date":"2019-07-22T11:19:21","date_gmt":"2019-07-22T09:19:21","guid":{"rendered":"http:\/\/www.moravecteam.cz\/?p=13576"},"modified":"2019-07-22T11:19:21","modified_gmt":"2019-07-22T09:19:21","slug":"co-se-bude-dit-st30-3","status":"publish","type":"post","link":"https:\/\/www.moravecteam.cz\/?p=13576","title":{"rendered":"Co se bude d\u00edt? (ST30)"},"content":{"rendered":"<h5><span style=\"color: #800000;\"><strong>Term\u00ednov\u00fd kalend\u00e1\u0159 MORAVEC Team 2019:<\/strong><\/span><\/h5>\n<p><strong><a href=\"http:\/\/www.moravecteam.cz\/?attachment_id=13036\" rel=\"attachment wp-att-13036\">MORAVEC Team &#8211; term\u00ednov\u00fd kalend\u00e1\u0159 2019<\/a><\/strong><\/p>\n<ul>\n<li>\n<h5 style=\"text-align: justify;\"><span style=\"color: #800000;\">Po pro MORAVEC Team velmi \u00fasp\u011b\u0161n\u00e9m M\u010cR v Hlinsku bude tento t\u00fdden v regenera\u010dn\u00edm a odpo\u010dinkov\u00e9m m\u00f3du, bez organizovan\u00fdch tr\u00e9nink\u016f. V\u011b\u0159\u00edm ale pevn\u011b, \u017ee \u00fapln\u011b zah\u00e1let ur\u010dit\u011b nebudete a na kole se na pohodu tu a tam svezete&#8230;<\/span><\/h5>\n<\/li>\n<li>\n<h5><strong><span style=\"color: #800000;\">25.- 28. \u010dervence 2019 &#8211; <a href=\"https:\/\/www.mtbbrno.eu\/\">Mistrovstv\u00ed Evropy horsk\u00fdch kol v Brn\u011b<\/a>.<\/span><\/strong><\/h5>\n<\/li>\n<\/ul>\n<h5><span style=\"color: #800000;\">AKCE T\u011aSN\u011a ZA HORIZONTEM<\/span><\/h5>\n<ul>\n<li>\n<div style=\"text-align: justify;\">Pr\u00e1zdninov\u00fd Kemp MORAVEC Teamu\u00a0prob\u011bhne v t\u00fddnu od\u00a029.7. do 2.8. 2019. Opera\u010dn\u00ed prostor: Ji\u017en\u00ed Morava &#8211;\u00a0<strong><a href=\"http:\/\/www.straznice-mesto.cz\/\">Str\u00e1\u017enice<\/a><\/strong>\u00a0&#8211; pl\u00e1novan\u00e9 jsou v\u00fdj\u00ed\u017e\u010fky \u00fadol\u00edm Ba\u0165ova kan\u00e1lu, jsou tam v\u0161ede n\u011bjak\u00e9 z\u00e1mky a jin\u00e9 historick\u00e9 atrakce, zva\u017euje se i p\u0159\u00edpadn\u00fd v\u00fdlet na nedalek\u00e9 Slovensko&#8230; Ubytov\u00e1n\u00ed &#8211;<a href=\"http:\/\/www.ubytovna-straznice.cz\/#utm_source=search.seznam.cz&amp;utm_medium=ppd&amp;utm_content=premise_link_firmy&amp;utm_term=ubytovna%20tj%20jiskra%20str%c3%a1%c5%benice&amp;utm_campaign=firmy.cz-413797\">\u00a0<strong>v\u00a0rekontruovan\u00e9 ubytovn\u011b fotbalov\u00e9ho klubu Jiskra Str\u00e1\u017enice<\/strong><\/a><strong>,<\/strong>\u00a0cena za nocleh 230.- K\u010d\/osoba\/noc. Sn\u00eddan\u011b-ve\u010de\u0159e budou p\u0159\u00edpadn\u011b v na\u0161\u00ed re\u017eii, ubytov\u00e1n\u00ed d\u011btem uhrad\u00ed &#8211; jako v\u017edy odd\u00edl.\u00a0 Opera\u010dn\u00ed prostor byl prvotn\u011b ov\u011b\u0159en, mrkn\u011bte na v\u00fdstupy z &#8222;pr\u016fzkumn\u00e9 cesty&#8220;&#8230;<\/div>\n<\/li>\n<\/ul>\n<dl id=\"attachment_13445\">\n<dt><a href=\"http:\/\/www.moravecteam.cz\/?attachment_id=13445\" rel=\"attachment wp-att-13445\"><img decoding=\"async\" loading=\"lazy\" alt=\"20190610_163602\" src=\"http:\/\/www.moravecteam.cz\/wp-content\/uploads\/2019\/06\/20190610_163602.jpg\" width=\"1522\" height=\"1106\" \/><\/a><\/dt>\n<dd>Ubytovna je po rekonstrukci a je ur\u010dena pro sportovn\u00ed skupiny.<\/dd>\n<\/dl>\n<div>\n<dl id=\"attachment_13446\">\n<dt><a href=\"http:\/\/www.moravecteam.cz\/?attachment_id=13446\" rel=\"attachment wp-att-13446\"><img decoding=\"async\" loading=\"lazy\" alt=\"20190610_163616\" src=\"http:\/\/www.moravecteam.cz\/wp-content\/uploads\/2019\/06\/20190610_163616.jpg\" width=\"1129\" height=\"1139\" \/><\/a><\/dt>\n<dd>Ve druh\u00e9m pat\u0159e m\u00e1me rezervov\u00e1no 20 l\u016f\u017eek.<\/dd>\n<\/dl>\n<\/div>\n<div>\n<dl id=\"attachment_13447\">\n<dt><a href=\"http:\/\/www.moravecteam.cz\/?attachment_id=13447\" rel=\"attachment wp-att-13447\"><img decoding=\"async\" loading=\"lazy\" alt=\"20190610_163726\" src=\"http:\/\/www.moravecteam.cz\/wp-content\/uploads\/2019\/06\/20190610_163726.jpg\" width=\"2048\" height=\"1152\" \/><\/a><\/dt>\n<dd>K dispozici n\u00e1m bude tato kuchy\u0148ka.<\/dd>\n<\/dl>\n<\/div>\n<div>\n<dl id=\"attachment_13448\">\n<dt><a href=\"http:\/\/www.moravecteam.cz\/?attachment_id=13448\" rel=\"attachment wp-att-13448\"><img decoding=\"async\" loading=\"lazy\" alt=\"20190610_163841\" src=\"http:\/\/www.moravecteam.cz\/wp-content\/uploads\/2019\/06\/20190610_163841.jpg\" width=\"2048\" height=\"1152\" \/><\/a><\/dt>\n<dd>A taky tato spole\u010densk\u00e1 m\u00edstnost&#8230; \u017de by &#8222;d\u00fdza&#8220; byla ka\u017ed\u00fd ve\u010der?<\/dd>\n<\/dl>\n<\/div>\n<div>\n<dl id=\"attachment_13449\">\n<dt><a href=\"http:\/\/www.moravecteam.cz\/?attachment_id=13449\" rel=\"attachment wp-att-13449\"><img decoding=\"async\" loading=\"lazy\" alt=\"20190610_164323\" src=\"http:\/\/www.moravecteam.cz\/wp-content\/uploads\/2019\/06\/20190610_164323.jpg\" width=\"1269\" height=\"1064\" \/><\/a><\/dt>\n<dd>Holk\u00e1m Zouharovic se are\u00e1l l\u00edbil. Jeden ve\u010der za n\u00e1mi p\u0159ijedou.<\/dd>\n<\/dl>\n<\/div>\n<div>\n<dl id=\"attachment_13450\">\n<dt><a href=\"http:\/\/www.moravecteam.cz\/?attachment_id=13450\" rel=\"attachment wp-att-13450\"><img decoding=\"async\" loading=\"lazy\" alt=\"20190610_164909\" src=\"http:\/\/www.moravecteam.cz\/wp-content\/uploads\/2019\/06\/20190610_164909.jpg\" width=\"1167\" height=\"717\" \/><\/a><\/dt>\n<dd>Prostor pro ve\u010dern\u00ed posezen\u00ed v\u010detn\u011b ohni\u0161t\u011b (palivo je v cen\u011b).<\/dd>\n<\/dl>\n<\/div>\n<p><a href=\"http:\/\/www.moravecteam.cz\/?attachment_id=13451\" rel=\"attachment wp-att-13451\"><img decoding=\"async\" loading=\"lazy\" alt=\"20190610_164915\" src=\"http:\/\/www.moravecteam.cz\/wp-content\/uploads\/2019\/06\/20190610_164915.jpg\" width=\"2048\" height=\"1152\" \/><\/a><\/p>\n<p><span style=\"color: #000000;\">H\u0159i\u0161t\u011b je v bezprost\u0159edn\u00ed bl\u00edzkosti, koupali\u0161t\u011b je v kempu vzd\u00e1len\u00e9m cca 500m.<\/span><\/p>\n<ul>\n<li><strong><span style=\"color: #800000;\">10.8.2019<\/span> <\/strong>&#8211; 6. z\u00e1vod MTB Superior Colorprofi poh\u00e1ru Drahansk\u00e9 vrchoviny v Bukov\u00e9.<\/li>\n<li><strong><span style=\"color: #800000;\">17.8. 2019<\/span> <\/strong>&#8211; 7. z\u00e1vod MTB Superior Colorprofi poh\u00e1ru Drahansk\u00e9 vrchoviny v Boskovic\u00edch.<\/li>\n<li><strong><span style=\"color: #800000;\">24.8. 2019<\/span> <\/strong>&#8211; 8. z\u00e1vod MTB Superior Colorprofi poh\u00e1ru Drahansk\u00e9 vrchoviny v Ko\u0159enci.<\/li>\n<\/ul>\n<p><strong><span style=\"color: #800000;\">AKCE\u00a0 ZA DV\u011aMA HORIZONTY<\/span><\/strong><\/p>\n<p><strong><span style=\"color: #800000;\">9.- 16.2. 2020<\/span><\/strong> &#8211; zimn\u00ed soust\u0159ed\u011bn\u00ed v Jesen\u00edk\u00e1ch &#8211; na tradi\u010dn\u00edm m\u00edst\u011b &#8211; chata N\u00e1vr\u0161\u00ed.<\/p>\n<p>&nbsp;<\/p>\n","protected":false},"excerpt":{"rendered":"<p>Term\u00ednov\u00fd kalend\u00e1\u0159 MORAVEC Team 2019: MORAVEC Team &#8211; term\u00ednov\u00fd kalend\u00e1\u0159 2019 Po pro MORAVEC Team velmi \u00fasp\u011b\u0161n\u00e9m M\u010cR v Hlinsku bude tento t\u00fdden v regenera\u010dn\u00edm a odpo\u010dinkov\u00e9m m\u00f3du, bez organizovan\u00fdch tr\u00e9nink\u016f. V\u011b\u0159\u00edm ale pevn\u011b, \u017ee \u00fapln\u011b zah\u00e1let ur\u010dit\u011b nebudete a na kole se na pohodu tu a tam svezete&#8230; 25.- 28. \u010dervence 2019 &#8211; Mistrovstv\u00ed &hellip; <a href=\"https:\/\/www.moravecteam.cz\/?p=13576\" class=\"more-link\">Pokra\u010dov\u00e1n\u00ed textu <span class=\"screen-reader-text\">Co se bude d\u00edt? (ST30)<\/span> <span class=\"meta-nav\">&rarr;<\/span><\/a><\/p>\n","protected":false},"author":3,"featured_media":13579,"comment_status":"open","ping_status":"closed","sticky":false,"template":"","format":"standard","meta":[],"categories":[11],"tags":[],"_links":{"self":[{"href":"https:\/\/www.moravecteam.cz\/index.php?rest_route=\/wp\/v2\/posts\/13576"}],"collection":[{"href":"https:\/\/www.moravecteam.cz\/index.php?rest_route=\/wp\/v2\/posts"}],"about":[{"href":"https:\/\/www.moravecteam.cz\/index.php?rest_route=\/wp\/v2\/types\/post"}],"author":[{"embeddable":true,"href":"https:\/\/www.moravecteam.cz\/index.php?rest_route=\/wp\/v2\/users\/3"}],"replies":[{"embeddable":true,"href":"https:\/\/www.moravecteam.cz\/index.php?rest_route=%2Fwp%2Fv2%2Fcomments&post=13576"}],"version-history":[{"count":2,"href":"https:\/\/www.moravecteam.cz\/index.php?rest_route=\/wp\/v2\/posts\/13576\/revisions"}],"predecessor-version":[{"id":13578,"href":"https:\/\/www.moravecteam.cz\/index.php?rest_route=\/wp\/v2\/posts\/13576\/revisions\/13578"}],"wp:featuredmedia":[{"embeddable":true,"href":"https:\/\/www.moravecteam.cz\/index.php?rest_route=\/wp\/v2\/media\/13579"}],"wp:attachment":[{"href":"https:\/\/www.moravecteam.cz\/index.php?rest_route=%2Fwp%2Fv2%2Fmedia&parent=13576"}],"wp:term":[{"taxonomy":"category","embeddable":true,"href":"https:\/\/www.moravecteam.cz\/index.php?rest_route=%2Fwp%2Fv2%2Fcategories&post=13576"},{"taxonomy":"post_tag","embeddable":true,"href":"https:\/\/www.moravecteam.cz\/index.php?rest_route=%2Fwp%2Fv2%2Ftags&post=13576"}],"curies":[{"name":"wp","href":"https:\/\/api.w.org\/{rel}","templated":true}]}}