{"id":13581,"date":"2019-07-28T11:20:02","date_gmt":"2019-07-28T09:20:02","guid":{"rendered":"http:\/\/www.moravecteam.cz\/?p=13581"},"modified":"2019-07-28T11:31:12","modified_gmt":"2019-07-28T09:31:12","slug":"hlinsko-pecka","status":"publish","type":"post","link":"https:\/\/www.moravecteam.cz\/?p=13581","title":{"rendered":"Hlinsko? Pecka..!"},"content":{"rendered":"<p style=\"text-align: justify;\"><strong><span style=\"color: #800000;\">Do<\/span><span style=\"color: #800000;\"> kategorie nezapomenuteln\u00fdch bikov\u00fdch \u0161tac\u00ed za\u0159ad\u00edme leto\u0161n\u00ed Mistrovstv\u00ed \u010cesk\u00e9 republiky horsk\u00fdch kol, kter\u00e9 pozorn\u011b pohostilo Hlinsko. Jindy cyklokrosa\u0159sk\u00e9 centrum zvl\u00e1dlo bez pot\u00ed\u017e\u00ed i cross country vrcholnou akci a k na\u0161\u00ed velk\u00e9 radosti zde byly v pop\u0159ed\u00ed hodn\u011b vid\u011bt dresy MORAVEC Teamu.\u00a0A nejenom v pop\u0159ed\u00ed: ve dvou p\u0159\u00edpadech i na nejvy\u0161\u0161\u00edch pozic\u00edch! Ano, od minul\u00e9 soboty se pomysln\u00fd \u0161atn\u00edk MORAVEC Teamu rozrostl o dva mistrovsk\u00e9 dresy a bonusem nav\u00edc jsou dva tituly druh\u00fdch vicemistr\u016f a dv\u011b v\u00edt\u011bzstv\u00ed v celkov\u00e9m hodnocen\u00ed \u010cesk\u00e9ho poh\u00e1ru horsk\u00fdch kol..!<\/span><\/strong><\/p>\n<figure id=\"attachment_13599\" aria-describedby=\"caption-attachment-13599\" style=\"width: 1083px\" class=\"wp-caption alignnone\"><a href=\"http:\/\/www.moravecteam.cz\/?attachment_id=13599\" rel=\"attachment wp-att-13599\"><img decoding=\"async\" loading=\"lazy\" class=\" wp-image-13599\" alt=\"DSC_0046\" src=\"http:\/\/www.moravecteam.cz\/wp-content\/uploads\/2019\/07\/DSC_0046.jpg\" width=\"1083\" height=\"484\" srcset=\"https:\/\/www.moravecteam.cz\/wp-content\/uploads\/2019\/07\/DSC_0046.jpg 1083w, https:\/\/www.moravecteam.cz\/wp-content\/uploads\/2019\/07\/DSC_0046-300x134.jpg 300w, https:\/\/www.moravecteam.cz\/wp-content\/uploads\/2019\/07\/DSC_0046-1024x457.jpg 1024w\" sizes=\"(max-width: 1083px) 100vw, 1083px\" \/><\/a><figcaption id=\"caption-attachment-13599\" class=\"wp-caption-text\">Hodn\u011b vysoko vl\u00e1l v Hlinsku prapor MORAVEC Teamu..!<\/figcaption><\/figure>\n<p style=\"text-align: justify;\">Marn\u011b lov\u00edm v pam\u011bti, kdy se v minulosti \u010di sou\u010dasnosti ve vrcholov\u00e9m sportu dok\u00e1zaly prosadit na nejvy\u0161\u0161\u00ed p\u0159\u00ed\u010dky dv\u011b sestry&#8230; U chlapc\u016f &#8211; mu\u017e\u016f nejsou tyto p\u0159\u00edpady a\u017e zas takovou\u00a0v\u00fdjimkou: p\u0159ipomenu nap\u0159\u00edklad na\u0161e v\u00fdborn\u00e9 hokejisty &#8211; bratry Hol\u00edkovy, \u010di nizozemsk\u00e1 fotbalov\u00e1 dvoj\u010data <a href=\"https:\/\/en.wikipedia.org\/wiki\/Ren%C3%A9_van_de_Kerkhof\"><strong>Ren\u00e9ho a Williho Van der Kerkhofovy&#8230;<\/strong><\/a> U d\u00edvek &#8211; \u017een je tento vz\u00e1cn\u00fd jev evidentn\u011b m\u00e9n\u011b \u010dast\u00fd (on-line m\u011b pr\u00e1v\u011b &#8222;v\u010dil&#8220; napadaj\u00ed americk\u00e9 tenistky &#8211; sestry Wiliamsovy). Sestry <strong><span style=\"color: #800000;\">Anna a Eli\u0161ka Han\u00e1kovy<\/span><\/strong>, kter\u00e9 jsou v kategorii mlad\u0161\u00edch resp. star\u0161\u00edch \u017e\u00e1ky\u0148 \u010derstv\u00fdmi n\u00e1rodn\u00edmi \u0161ampi\u00f3nkami v z\u00e1vodech horsk\u00fdch kol, sourozeneckou dominanci potvrzuj\u00ed v d\u011btsk\u00e9m v\u011bku a pevn\u011b v\u011b\u0159\u00edm, \u017ee v budoucnosti budou je\u0161t\u011b hodn\u011b dlouho potvrzovat i ve v\u011bku dosp\u011bl\u00e9m!<\/p>\n<figure id=\"attachment_13600\" aria-describedby=\"caption-attachment-13600\" style=\"width: 1854px\" class=\"wp-caption alignnone\"><a href=\"http:\/\/www.moravecteam.cz\/?attachment_id=13600\" rel=\"attachment wp-att-13600\"><img decoding=\"async\" loading=\"lazy\" class=\" wp-image-13600\" alt=\"DSC_0296\" src=\"http:\/\/www.moravecteam.cz\/wp-content\/uploads\/2019\/07\/DSC_02961.jpg\" width=\"1854\" height=\"2220\" srcset=\"https:\/\/www.moravecteam.cz\/wp-content\/uploads\/2019\/07\/DSC_02961.jpg 1854w, https:\/\/www.moravecteam.cz\/wp-content\/uploads\/2019\/07\/DSC_02961-250x300.jpg 250w, https:\/\/www.moravecteam.cz\/wp-content\/uploads\/2019\/07\/DSC_02961-855x1024.jpg 855w\" sizes=\"(max-width: 1854px) 100vw, 1854px\" \/><\/a><figcaption id=\"caption-attachment-13600\" class=\"wp-caption-text\">\u010cerstv\u00e9 Mistryn\u011b \u010cR v kategorii mlad\u0161\u00edch a star\u0161\u00edch \u017e\u00e1ky\u0148: sestry Anna a Eli\u0161ka Han\u00e1kovy!<\/figcaption><\/figure>\n<p style=\"text-align: justify;\">V Hlinsku se po state\u010dn\u00fdch v\u00fdkonech dok\u00e1zali nav\u00edc bronzov\u011b prosadit i dal\u0161\u00ed MORAVCI: na\u0161e mlad\u0161\u00ed \u017e\u00e1kyn\u011b, <strong><span style=\"color: #800000;\">Am\u00e1lka Gottwaldov\u00e1<\/span> <\/strong>a &#8222;Expert&#8220; <span style=\"color: #800000;\"><strong>Petr \u0160ich<\/strong><\/span>. <strong><span style=\"color: #800000;\">Eli\u0161ka Han\u00e1kov\u00e1<\/span>\u00a0<\/strong>s <strong><span style=\"color: #800000;\">Am\u00e1lkou Gottwaldovou<\/span><\/strong> ovl\u00e1dly svoje kategorie i v celkov\u00e9m hodnocen\u00ed \u010cesk\u00e9ho poh\u00e1ru, <strong><span style=\"color: #800000;\">Petr \u0160ich<\/span> <\/strong>skon\u010dil na 2. m\u00edst\u011b! To je TOP mistrovsk\u00fd v\u00fdsledkov\u00fd\u00a0 sum\u00e1\u0159, d\u00edky kter\u00e9mu se stane Hlinsko 2019 pro MORAVEC Team nezapomenuteln\u00fdm m\u00edstem..!<\/p>\n<figure id=\"attachment_13601\" aria-describedby=\"caption-attachment-13601\" style=\"width: 1369px\" class=\"wp-caption alignnone\"><a href=\"http:\/\/www.moravecteam.cz\/?attachment_id=13601\" rel=\"attachment wp-att-13601\"><img decoding=\"async\" loading=\"lazy\" class=\" wp-image-13601\" alt=\"DSC_0037\" src=\"http:\/\/www.moravecteam.cz\/wp-content\/uploads\/2019\/07\/DSC_0037.jpg\" width=\"1369\" height=\"1383\" srcset=\"https:\/\/www.moravecteam.cz\/wp-content\/uploads\/2019\/07\/DSC_0037.jpg 1369w, https:\/\/www.moravecteam.cz\/wp-content\/uploads\/2019\/07\/DSC_0037-25x25.jpg 25w, https:\/\/www.moravecteam.cz\/wp-content\/uploads\/2019\/07\/DSC_0037-296x300.jpg 296w, https:\/\/www.moravecteam.cz\/wp-content\/uploads\/2019\/07\/DSC_0037-1013x1024.jpg 1013w\" sizes=\"(max-width: 1369px) 100vw, 1369px\" \/><\/a><figcaption id=\"caption-attachment-13601\" class=\"wp-caption-text\">Leonka Ecelrov\u00e1 m\u011bla v Hlinsku letos poh\u00e1rovou premi\u00e9ru a m\u00e1lem z toho byla bronzov\u00e1 medaile!<\/figcaption><\/figure>\n<p style=\"text-align: justify;\">Oproti obvykl\u00e9mu leto\u0161n\u00edmu slo\u017een\u00ed na\u0161ich reprezentant\u016f pro poh\u00e1rov\u00e9 mise p\u0159ibyli v z\u00e1vodech MINIME sourozenci <strong><span style=\"color: #800000;\">Filip<\/span><\/strong> a <strong><span style=\"color: #800000;\">Leona Eclerovi<\/span> <\/strong>a v kategorii d\u011bv\u010dat 5-6 let brala <strong><span style=\"color: #800000;\">Leona\u00a0 Eclerov\u00e1<\/span>\u00a0<\/strong> v konkurenci\u00a0\u010dtrn\u00e1cti d\u011bv\u010dat m\u00e1lem bronz! Po startu ze zadn\u00ed pozice se propracovala postupn\u011b a\u017e na t\u0159et\u00ed p\u0159\u00ed\u010dku o kterou p\u0159i\u0161la v c\u00edlov\u00e9m fini\u0161i o pouhou desetinku vte\u0159iny&#8230; <strong><span style=\"color: #800000;\">Filip Ecler<\/span> <\/strong>m\u011bl v z\u00e1vod\u011b chlapc\u016f 9-10 let, kter\u00fdch se na startu se\u0161lo\u00a049, pom\u011brn\u011b t\u011b\u017e\u0161\u00ed \u00fakol, a po bojovn\u00e9m v\u00fdkonu mu pat\u0159ilo m\u00edsto na za\u010d\u00e1tku \u010dtvrt\u00e9 des\u00edtky v\u00fdsledkov\u00fdch listin.<\/p>\n<figure id=\"attachment_13602\" aria-describedby=\"caption-attachment-13602\" style=\"width: 1054px\" class=\"wp-caption alignnone\"><a href=\"http:\/\/www.moravecteam.cz\/?attachment_id=13602\" rel=\"attachment wp-att-13602\"><img decoding=\"async\" loading=\"lazy\" class=\" wp-image-13602\" alt=\"DSC_0044\" src=\"http:\/\/www.moravecteam.cz\/wp-content\/uploads\/2019\/07\/DSC_0044.jpg\" width=\"1054\" height=\"972\" srcset=\"https:\/\/www.moravecteam.cz\/wp-content\/uploads\/2019\/07\/DSC_0044.jpg 1054w, https:\/\/www.moravecteam.cz\/wp-content\/uploads\/2019\/07\/DSC_0044-300x276.jpg 300w, https:\/\/www.moravecteam.cz\/wp-content\/uploads\/2019\/07\/DSC_0044-1024x944.jpg 1024w\" sizes=\"(max-width: 1054px) 100vw, 1054px\" \/><\/a><figcaption id=\"caption-attachment-13602\" class=\"wp-caption-text\">Nezadr\u017eiteln\u00fd atak Jon\u00e1\u0161ka Janovsk\u00e9ho!<\/figcaption><\/figure>\n<p style=\"text-align: justify;\">I kdy\u017e p\u011btilet\u00fd <strong><span style=\"color: #800000;\">Jon\u00e1\u0161 Janovsk\u00fd<\/span> <\/strong>byl letos na\u0161\u00edm nejmlad\u0161\u00edm poh\u00e1rov\u00fdm reprezentantem, d\u00e1 se o tomto talentovan\u00e9m bikerovi hovo\u0159it u\u017e jako o zku\u0161en\u00e9m jezdci. Co by &#8222;prvoro\u010d\u00e1k&#8220; ve sv\u00e9 kategorii vybojoval v konkurenci 14-ti soupe\u0159\u016f v Hlinsku 6. m\u00edsto, \u010d\u00edm\u017e si vyrovnal sv\u016fj leto\u0161n\u00ed nejlep\u0161\u00ed v\u00fdsledek z M\u011bsta Tou\u0161kova a nazna\u010dil, \u017ee by v p\u0159\u00ed\u0161t\u00edm roce mohl op\u011bt atakovat medailov\u00e9 pozice.<\/p>\n<figure id=\"attachment_13603\" aria-describedby=\"caption-attachment-13603\" style=\"width: 1472px\" class=\"wp-caption alignnone\"><a href=\"http:\/\/www.moravecteam.cz\/?attachment_id=13603\" rel=\"attachment wp-att-13603\"><img decoding=\"async\" loading=\"lazy\" class=\" wp-image-13603\" alt=\"DSC_0071\" src=\"http:\/\/www.moravecteam.cz\/wp-content\/uploads\/2019\/07\/DSC_0071.jpg\" width=\"1472\" height=\"1541\" srcset=\"https:\/\/www.moravecteam.cz\/wp-content\/uploads\/2019\/07\/DSC_0071.jpg 1472w, https:\/\/www.moravecteam.cz\/wp-content\/uploads\/2019\/07\/DSC_0071-25x25.jpg 25w, https:\/\/www.moravecteam.cz\/wp-content\/uploads\/2019\/07\/DSC_0071-286x300.jpg 286w, https:\/\/www.moravecteam.cz\/wp-content\/uploads\/2019\/07\/DSC_0071-978x1024.jpg 978w\" sizes=\"(max-width: 1472px) 100vw, 1472px\" \/><\/a><figcaption id=\"caption-attachment-13603\" class=\"wp-caption-text\">P\u00e1t\u00e1 nejlep\u0161\u00ed v \u010cR mezi d\u00edvkami 9-10 let je na\u0161e Just\u00fdna Novotn\u00e1!<\/figcaption><\/figure>\n<p style=\"text-align: justify;\"><strong><span style=\"color: #800000;\">Just\u00fdna Novotn\u00e1<\/span><\/strong>, <strong><span style=\"color: #800000;\">Lucie Gottwaldov\u00e1\u00a0<\/span> <\/strong>a <strong><span style=\"color: #800000;\">Magdalena Barto\u0161ov\u00e1<\/span> <\/strong>&#8211; to byly na\u0161e reprezentantky na &#8222;mistr\u00e1ku&#8220; v kategorii d\u00edvek 9-10 let, kter\u00e9 v z\u00e1vod\u011b \u010delili 28 kvalitn\u00edm soupe\u0159k\u00e1m. Nejl\u00e9pe se op\u011bt da\u0159ilo\u00a0 <strong><span style=\"color: #800000;\">Just\u00fdn\u011b Novotn\u00e9<\/span><\/strong>, fini\u0161uj\u00edc\u00ed na 5. m\u00edst\u011b se ztr\u00e1tou p\u016fl minutky na bronz, kter\u00e1 t\u00edmto potvrdila n\u00e1le\u017eitost k u\u017e\u0161\u00ed \u010desk\u00e9 d\u00edv\u010d\u00ed \u0161pi\u010dce v t\u00e9to kategorii. Pevn\u011b v\u011b\u0159\u00edm, \u017ee do n\u00ed maj\u00ed na\u0161l\u00e1pnuto i dal\u0161\u00ed dv\u011b na\u0161e reprezentantky, letos &#8222;prvoro\u010da\u010dky&#8220;\u00a0 &#8211; <strong><span style=\"color: #800000;\">Lucka Gottwaldov\u00e1<\/span><\/strong> s <strong><span style=\"color: #800000;\">Magdalenkou Barto\u0161ovou<\/span><\/strong>.<\/p>\n<figure id=\"attachment_13604\" aria-describedby=\"caption-attachment-13604\" style=\"width: 801px\" class=\"wp-caption alignnone\"><a href=\"http:\/\/www.moravecteam.cz\/?attachment_id=13604\" rel=\"attachment wp-att-13604\"><img decoding=\"async\" loading=\"lazy\" class=\" wp-image-13604\" alt=\"DSC_0129\" src=\"http:\/\/www.moravecteam.cz\/wp-content\/uploads\/2019\/07\/DSC_0129.jpg\" width=\"801\" height=\"838\" srcset=\"https:\/\/www.moravecteam.cz\/wp-content\/uploads\/2019\/07\/DSC_0129.jpg 801w, https:\/\/www.moravecteam.cz\/wp-content\/uploads\/2019\/07\/DSC_0129-25x25.jpg 25w, https:\/\/www.moravecteam.cz\/wp-content\/uploads\/2019\/07\/DSC_0129-286x300.jpg 286w\" sizes=\"(max-width: 801px) 100vw, 801px\" \/><\/a><figcaption id=\"caption-attachment-13604\" class=\"wp-caption-text\">Am\u00e1lka Gottwaldov\u00e1 startuje vst\u0159\u00edc bronzu v z\u00e1vod\u011b a celkov\u00e9mu v\u00edt\u011bzstv\u00ed v \u010cesk\u00e9m poh\u00e1ru!<\/figcaption><\/figure>\n<p style=\"text-align: justify;\">Start\u016fm mlad\u0161\u00edch a star\u0161\u00edch \u017e\u00e1k\u016f \/ \u017e\u00e1ky\u0148 p\u0159edch\u00e1zely op\u011bt kl\u00e1n\u00ed na technick\u00fdch sekc\u00edch, kdy nejl\u00e9pe se zde z na\u0161ich da\u0159ilo <strong><span style=\"color: #800000;\">Am\u00e1lce Gottwaldov\u00e9<\/span> <\/strong>a <strong><span style=\"color: #800000;\">V\u00edtkovi Lipensk\u00e9m<\/span> <\/strong>(45 bod\u016f), jako\u017e i &#8222;\u010dty\u0159icetibodov\u00fdm&#8220; <strong><span style=\"color: #800000;\">Luk\u00e1\u0161i Sedl\u00e1kovi<\/span><\/strong>, <strong><span style=\"color: #800000;\">Maty\u00e1\u0161i Koudelkovi<\/span> <\/strong>a <strong><span style=\"color: #800000;\">Romanu \u0160indel\u00e1\u0159ovi<\/span><\/strong>. Technick\u00e9 sekce nemuseli absolvovat borci kategori\u00ed Masters\u00a0 a Expert a pr\u00e1v\u011b starty t\u011bchto dvou skupin dosp\u011bl\u00fdch otev\u0159eli odpoledn\u00ed sobotn\u00ed program mistrovsk\u00e9ho Hlinska.<\/p>\n<figure id=\"attachment_13605\" aria-describedby=\"caption-attachment-13605\" style=\"width: 1172px\" class=\"wp-caption alignnone\"><a href=\"http:\/\/www.moravecteam.cz\/?attachment_id=13605\" rel=\"attachment wp-att-13605\"><img decoding=\"async\" loading=\"lazy\" class=\" wp-image-13605\" alt=\"DSC_0103\" src=\"http:\/\/www.moravecteam.cz\/wp-content\/uploads\/2019\/07\/DSC_0103.jpg\" width=\"1172\" height=\"1071\" srcset=\"https:\/\/www.moravecteam.cz\/wp-content\/uploads\/2019\/07\/DSC_0103.jpg 1172w, https:\/\/www.moravecteam.cz\/wp-content\/uploads\/2019\/07\/DSC_0103-300x274.jpg 300w, https:\/\/www.moravecteam.cz\/wp-content\/uploads\/2019\/07\/DSC_0103-1024x935.jpg 1024w\" sizes=\"(max-width: 1172px) 100vw, 1172px\" \/><\/a><figcaption id=\"caption-attachment-13605\" class=\"wp-caption-text\">Petr \u0160ich potvrdil v\u00fdbornou sez\u00f3nu v Hlinsku ziskem republikov\u00e9ho bronzu a poh\u00e1rov\u00e9ho st\u0159\u00edbra!<\/figcaption><\/figure>\n<p style=\"text-align: justify;\">&#8222;Experti&#8220; byli &#8211; d\u00edky leto\u0161n\u00edm v\u00fdborn\u00fdm v\u00fdkon\u016fm <strong><span style=\"color: #800000;\">Petra \u0160icha<\/span> <\/strong>&#8211; hodn\u011b st\u0159edem na\u0161\u00ed pozornosti. V koutku srdce jsme v\u011b\u0159ili v opakov\u00e1n\u00ed v\u00fdsledku z Pece pod Sn\u011b\u017ekou, kde Petr zv\u00edt\u011bzil, ale i kdy\u017e se v t\u00e9to kategorii mistrovsk\u00e9 tituly neud\u011bluj\u00ed, jak\u00e1koli medailov\u00e1 pozice se cen\u00ed. A Pe\u0165a to dok\u00e1zal! Po zku\u0161en\u00e9m v\u00fdkonu dokon\u010dil z\u00e1vod na 3. m\u00edst\u011b, se ztr\u00e1tou 1:10 minuty na n\u00e1m dob\u0159e zn\u00e1m\u00e9ho Michala Kozla (Nutrend Specialized Rqacing). A krom\u011b bronzu z Hlinska slu\u0161\u00ed \u00a0Petrovi moc i st\u0159\u00edbro v celkov\u00e9m hodnocen\u00ed \u010cesk\u00e9ho poh\u00e1ru v t\u00e9to kategorii! Blahop\u0159ejeme!<\/p>\n<figure id=\"attachment_13606\" aria-describedby=\"caption-attachment-13606\" style=\"width: 1379px\" class=\"wp-caption alignnone\"><a href=\"http:\/\/www.moravecteam.cz\/?attachment_id=13606\" rel=\"attachment wp-att-13606\"><img decoding=\"async\" loading=\"lazy\" class=\" wp-image-13606\" alt=\"DSC_0138\" src=\"http:\/\/www.moravecteam.cz\/wp-content\/uploads\/2019\/07\/DSC_0138.jpg\" width=\"1379\" height=\"1174\" srcset=\"https:\/\/www.moravecteam.cz\/wp-content\/uploads\/2019\/07\/DSC_0138.jpg 1379w, https:\/\/www.moravecteam.cz\/wp-content\/uploads\/2019\/07\/DSC_0138-300x255.jpg 300w, https:\/\/www.moravecteam.cz\/wp-content\/uploads\/2019\/07\/DSC_0138-1024x871.jpg 1024w\" sizes=\"(max-width: 1379px) 100vw, 1379px\" \/><\/a><figcaption id=\"caption-attachment-13606\" class=\"wp-caption-text\">Anna Han\u00e1kov\u00e1 v\u00edt\u011bz\u00ed!<\/figcaption><\/figure>\n<p style=\"text-align: justify;\">Na\u0161e nap\u011bt\u00ed poprv\u00e9 vyvrcholilo, kdy\u017e odstartovalo celkem 35 mlad\u0161\u00edch \u017e\u00e1ky\u0148 v\u010detn\u011b \u010dty\u0159 na\u0161ich reprezentantek. Jen n\u011bco m\u00e1lo p\u0159es 11 minut str\u00e1vila na trati nejrychlej\u0161\u00ed z nich, kterou byla k na\u0161i velk\u00e9 radosti \u010dlenka MORAVEC Teamu &#8211;\u00a0<strong><span style=\"color: #800000;\">Anna Han\u00e1kov\u00e1<\/span><\/strong>! Po st\u0159\u00edbrn\u00e9m \u00fasp\u011bchu ze Zadova p\u0159ekvapila na\u0161e pracovit\u00e1 borka ziskem titulu Mistra \u010cR! Supr v\u00fdsledek Ani\u010dky umocnila pak je\u0161t\u011b v c\u00edl\u00ed bronzov\u00e1 <strong><span style=\"color: #800000;\">Am\u00e1lka Gottwaldov\u00e1<\/span><\/strong>, kter\u00e1 si t\u00edmto v\u00fdsledkem pojistila celkov\u00e9 prvenstv\u00ed v \u010cesk\u00e9m poh\u00e1ru! Bravo MORAVEC, blahop\u0159ejeme! Nem\u011bli jsme na z\u00e1vodi\u0161ti slov, jak se n\u00e1m z v\u00fdkonu a\u00a0 v\u00fdsledku na\u0161ich holek, kter\u00fd\u00a0podrhly\u00a0poctiv\u00fdmi\u00a0v\u00fdkony\u00a0i <span style=\"color: #800000;\"><strong>Barbora Janovsk\u00e1<\/strong> <\/span>a <strong><span style=\"color: #800000;\">Lucie\u00a0Koudelkov\u00e1<\/span><\/strong>, zatajil dech a zato\u010dila hlava&#8230;<\/p>\n<figure id=\"attachment_13607\" aria-describedby=\"caption-attachment-13607\" style=\"width: 2428px\" class=\"wp-caption alignnone\"><a href=\"http:\/\/www.moravecteam.cz\/?attachment_id=13607\" rel=\"attachment wp-att-13607\"><img decoding=\"async\" loading=\"lazy\" class=\" wp-image-13607\" alt=\"DSC_0172\" src=\"http:\/\/www.moravecteam.cz\/wp-content\/uploads\/2019\/07\/DSC_0172.jpg\" width=\"2428\" height=\"2888\" srcset=\"https:\/\/www.moravecteam.cz\/wp-content\/uploads\/2019\/07\/DSC_0172.jpg 2428w, https:\/\/www.moravecteam.cz\/wp-content\/uploads\/2019\/07\/DSC_0172-252x300.jpg 252w, https:\/\/www.moravecteam.cz\/wp-content\/uploads\/2019\/07\/DSC_0172-860x1024.jpg 860w\" sizes=\"(max-width: 2428px) 100vw, 2428px\" \/><\/a><figcaption id=\"caption-attachment-13607\" class=\"wp-caption-text\">Matou\u0161 Lipensk\u00fd po dojezdu z\u00e1vodu mlad\u0161\u00edch \u017e\u00e1k\u016f, ve kter\u00e9m obsadil 25. m\u00edsto!<\/figcaption><\/figure>\n<p style=\"text-align: justify;\">Nebyl ale je\u0161t\u011b v tu p\u0159edposledn\u00ed \u010dervencovou sobotu v Hlinsku\u00a0&#8222;v\u0161em dn\u016fm konec&#8220;&#8230; Po hol\u010di\u010d\u00ed par\u00e1d\u011b jsme tro\u0161ku &#8222;zregenerovali&#8220; p\u0159i z\u00e1vod\u011b mlad\u0161\u00edch \u017e\u00e1k\u016f, ve kter\u00e9m n\u00e1\u0161 jedin\u00fd reprezentant, <strong><span style=\"color: #800000;\">Matou\u0161 Lipensk\u00fd<\/span> <\/strong>sv\u00e1d\u011bl souboj s \u00a0osmdes\u00e1ti soupe\u0159i a v\u011b\u0159te, \u017ee jim nedal zadarmo ani p\u00ed\u010f trat\u011b!\u00a0Matou\u0161ovo 25. m\u00edsto v c\u00edli je tak\u00e9 vylep\u0161en\u00edm jeho nejlep\u0161\u00edho leto\u0161n\u00edho v\u00fdsledku a s uv\u00e1\u017een\u00edm, \u017ee i\u00a0on byl letos &#8222;prvoro\u010d\u00e1k&#8220; a bude jezdit tuto kategorii i v p\u0159\u00ed\u0161t\u00edm roce, tu\u0161\u00edme i v tomto p\u0159\u00edpad\u011b do nejbli\u017e\u0161\u00edho budoucna slibnou perspektivu!<\/p>\n<figure id=\"attachment_13608\" aria-describedby=\"caption-attachment-13608\" style=\"width: 1694px\" class=\"wp-caption alignnone\"><a href=\"http:\/\/www.moravecteam.cz\/?attachment_id=13608\" rel=\"attachment wp-att-13608\"><img decoding=\"async\" loading=\"lazy\" class=\" wp-image-13608\" alt=\"DSC_0182\" src=\"http:\/\/www.moravecteam.cz\/wp-content\/uploads\/2019\/07\/DSC_0182.jpg\" width=\"1694\" height=\"1621\" srcset=\"https:\/\/www.moravecteam.cz\/wp-content\/uploads\/2019\/07\/DSC_0182.jpg 1694w, https:\/\/www.moravecteam.cz\/wp-content\/uploads\/2019\/07\/DSC_0182-25x25.jpg 25w, https:\/\/www.moravecteam.cz\/wp-content\/uploads\/2019\/07\/DSC_0182-300x287.jpg 300w, https:\/\/www.moravecteam.cz\/wp-content\/uploads\/2019\/07\/DSC_0182-1024x979.jpg 1024w\" sizes=\"(max-width: 1694px) 100vw, 1694px\" \/><\/a><figcaption id=\"caption-attachment-13608\" class=\"wp-caption-text\">Eli\u0161ka Han\u00e1kov\u00e1 na trati v\u00edt\u011bzn\u00e9ho z\u00e1vodu.<\/figcaption><\/figure>\n<p style=\"text-align: justify;\">N\u00e1sleduj\u00edc\u00ed start\u00a0 p\u011btat\u0159iceti star\u0161\u00edch \u017e\u00e1ky\u0148 n\u00e1s op\u011bt p\u0159ivedl do stavu nejvy\u0161\u0161\u00ed bd\u011blosti. Dosavadn\u00ed v\u00edt\u011bzka v\u0161ech p\u011bti p\u0159edchoz\u00edch z\u00e1vod\u016f \u010desk\u00e9ho poh\u00e1ru, na\u0161e <strong><span style=\"color: #800000;\">Eli\u0161ka Han\u00e1kov\u00e1<\/span><\/strong>, \u010delila na startu psychick\u00e9mu tlaku \u00falohy nejv\u011bt\u0161\u00ed favoritky, v z\u00e1vod\u011b pak snaze soupe\u0159ek, porazit dosud nepora\u017eenou. Oboj\u00ed zvl\u00e1dla borka ze \u017d\u010f\u00e1rn\u00e9 na podtr\u017eenou jedni\u010dku! Mo\u017en\u00e1 p\u0159edchoz\u00ed supr v\u00fdsledek jej\u00ed mlad\u0161\u00ed sestry ji motivoval, mo\u017en\u00e1, \u017ee i n\u00e1ro\u010dn\u00e1 tra\u0165 j\u00ed sed\u011bla v\u00edc ne\u017e ostatn\u00edm holk\u00e1m&#8230; Ka\u017edop\u00e1dn\u011b od startu se sv\u00fdm soupe\u0159k\u00e1m jen vzdalovala, aby c\u00edlovou \u010d\u00e1ro pro\u0165ala v\u00edt\u011bzn\u011b s luxusn\u00edm, tak\u0159ka minutov\u00fdm \u00a0n\u00e1skokem! Dvojit\u00e1 fantazie byla dovr\u0161ena! Bravo MORAVEC! Blahop\u0159ejeme!<\/p>\n<figure id=\"attachment_13609\" aria-describedby=\"caption-attachment-13609\" style=\"width: 1783px\" class=\"wp-caption alignnone\"><a href=\"http:\/\/www.moravecteam.cz\/?attachment_id=13609\" rel=\"attachment wp-att-13609\"><img decoding=\"async\" loading=\"lazy\" class=\" wp-image-13609\" alt=\"DSC_0234\" src=\"http:\/\/www.moravecteam.cz\/wp-content\/uploads\/2019\/07\/DSC_0234.jpg\" width=\"1783\" height=\"1734\" srcset=\"https:\/\/www.moravecteam.cz\/wp-content\/uploads\/2019\/07\/DSC_0234.jpg 1783w, https:\/\/www.moravecteam.cz\/wp-content\/uploads\/2019\/07\/DSC_0234-25x25.jpg 25w, https:\/\/www.moravecteam.cz\/wp-content\/uploads\/2019\/07\/DSC_0234-300x291.jpg 300w, https:\/\/www.moravecteam.cz\/wp-content\/uploads\/2019\/07\/DSC_0234-1024x995.jpg 1024w\" sizes=\"(max-width: 1783px) 100vw, 1783px\" \/><\/a><figcaption id=\"caption-attachment-13609\" class=\"wp-caption-text\">I Luk\u00e1\u0161 &#8222;Lukin&#8220; Sedl\u00e1k zajel Hlinsko v\u00fdborn\u011b!<\/figcaption><\/figure>\n<p style=\"text-align: justify;\">Je\u0161t\u011b ne\u017e oslavy vypukly naplno, zm\u00e1\u010dkli jsme v posledn\u00edm startu dne palce a mocn\u011b povzbudili i \u010dty\u0159i na\u0161e star\u0161\u00ed \u017e\u00e1ky. Podobn\u011b, jako <strong><span style=\"color: #800000;\">Lucii Gottwaldov\u00e9<\/span> <\/strong>\u010di <strong><span style=\"color: #800000;\">Matou\u0161i Lipensk\u00e9mu<\/span> <\/strong>kulminovala forma v prav\u00fd \u010das v Hlinsku i <strong><span style=\"color: #800000;\">Luk\u00e1\u0161i Sedl\u00e1kovi<\/span><\/strong>, kter\u00fd zajel sv\u016fj \u017eivotn\u00ed z\u00e1vod a v konkurenci devades\u00e1ti soupe\u0159\u016f bral um\u00edst\u011bn\u00ed ve t\u0159et\u00ed des\u00edtce! V \u0161est\u00e9 des\u00edtce v\u00fdsledkov\u00e9 listiny z Hlinska figuruj\u00ed <strong><span style=\"color: #800000;\">Roman \u0160indel\u00e1\u0159<\/span> <\/strong>a <strong><span style=\"color: #800000;\">V\u00edtek Lipensk\u00fd<\/span><\/strong>, v sedm\u00e9 pak <strong><span style=\"color: #800000;\">Maty\u00e1\u0161 Koudelka<\/span><\/strong>. V\u00edtek Lipensk\u00fd jel sobotn\u00ed z\u00e1vod ji\u017e s bolestmi b\u0159icha, kter\u00e9 na za\u010d\u00e1tku nov\u00e9ho t\u00fddne n\u00e1sledn\u011b p\u0159erostly v z\u00e1n\u011bt lep\u00e9ho st\u0159eva, kter\u00fd musel b\u00fdt n\u00e1sledn\u011b radik\u00e1ln\u011b vy\u0159e\u0161en chirurgick\u00fdm z\u00e1krokem&#8230; P\u0159ejeme V\u00ed\u0165ovi brzk\u00e9 uzdraven\u00ed a rychl\u00fd n\u00e1vrat do sedla jeho biku!<\/p>\n<figure id=\"attachment_13610\" aria-describedby=\"caption-attachment-13610\" style=\"width: 1067px\" class=\"wp-caption alignnone\"><a href=\"http:\/\/www.moravecteam.cz\/?attachment_id=13610\" rel=\"attachment wp-att-13610\"><img decoding=\"async\" loading=\"lazy\" class=\" wp-image-13610\" alt=\"dsc08327\" src=\"http:\/\/www.moravecteam.cz\/wp-content\/uploads\/2019\/07\/dsc08327.jpg\" width=\"1067\" height=\"1600\" srcset=\"https:\/\/www.moravecteam.cz\/wp-content\/uploads\/2019\/07\/dsc08327.jpg 1067w, https:\/\/www.moravecteam.cz\/wp-content\/uploads\/2019\/07\/dsc08327-200x300.jpg 200w, https:\/\/www.moravecteam.cz\/wp-content\/uploads\/2019\/07\/dsc08327-682x1024.jpg 682w\" sizes=\"(max-width: 1067px) 100vw, 1067px\" \/><\/a><figcaption id=\"caption-attachment-13610\" class=\"wp-caption-text\">Obr\u00e1zek, kter\u00fd se neokouk\u00e1..!<\/figcaption><\/figure>\n<p style=\"text-align: justify;\">V ned\u011bli \u0161li do akce\u00a0zb\u00fdvaj\u00edc\u00ed dva MORAVCI, kadetka <strong><span style=\"color: #800000;\">Kl\u00e1ra Odehnalov\u00e1<\/span> <\/strong>a junior <strong><span style=\"color: #800000;\">V\u00ed\u0165a Such\u00e1nek<\/span><\/strong>. I oni nav\u00e1zali na bojovn\u00e9 v\u00fdkony sv\u00fdch t\u00fdmov\u00fdch koleg\u016f z p\u0159edchoz\u00edho dne, i oni potvrdili velmi dobr\u00fd dojem, kte\u0159\u00ed rajd\u0159i MORAVEC Teamu na Hlinsk\u00e9m &#8222;mistrivsk\u00e9m boji\u0161ti&#8220; zanechali, a ke kter\u00e9mu n\u00e1m osobn\u011b blahop\u0159\u00e1l i svazov\u00fd prezident, pan Petr Marek.<\/p>\n<figure id=\"attachment_13611\" aria-describedby=\"caption-attachment-13611\" style=\"width: 1691px\" class=\"wp-caption alignnone\"><a href=\"http:\/\/www.moravecteam.cz\/?attachment_id=13611\" rel=\"attachment wp-att-13611\"><img decoding=\"async\" loading=\"lazy\" class=\" wp-image-13611\" alt=\"DSC_0267\" src=\"http:\/\/www.moravecteam.cz\/wp-content\/uploads\/2019\/07\/DSC_0267.jpg\" width=\"1691\" height=\"2000\" srcset=\"https:\/\/www.moravecteam.cz\/wp-content\/uploads\/2019\/07\/DSC_0267.jpg 1691w, https:\/\/www.moravecteam.cz\/wp-content\/uploads\/2019\/07\/DSC_0267-253x300.jpg 253w, https:\/\/www.moravecteam.cz\/wp-content\/uploads\/2019\/07\/DSC_0267-865x1024.jpg 865w\" sizes=\"(max-width: 1691px) 100vw, 1691px\" \/><\/a><figcaption id=\"caption-attachment-13611\" class=\"wp-caption-text\">Obr\u00e1zek, kter\u00fd se neokouk\u00e1..! &#8211; 2<\/figcaption><\/figure>\n<p style=\"text-align: justify;\">Celkem 19 na\u0161ich rajdr\u016f \u0161lo ve v\u00fdchodn\u00edch \u010cech\u00e1ch s &#8222;k\u016f\u017e\u00ed na trh&#8220;&#8230; A zde jsou jejich kompletn\u00ed v\u00fdsledky:<\/p>\n<ul>\n<li style=\"text-align: justify;\">Kluci 5-6 let: 6. Jon\u00e1\u0161 Janovsk\u00fd \/ (celkov\u00e9 7. m\u00edsto \/ 34 klasifikovan\u00fdch)<\/li>\n<li style=\"text-align: justify;\">Holky 5-6 let: 4. Leona Eclerov\u00e1 \/ (12. \/ 26 klasifikovan\u00fdch )<\/li>\n<li style=\"text-align: justify;\">Kluci 9-10 let: 33. Filip Ecler \/ (72. \/ 87 klasifikovan\u00fdch)<\/li>\n<li style=\"text-align: justify;\">Holky 9-10 let: 5.\u00a0Just\u00fdna Novotn\u00e1 \/ (5.), 11. Lucie Gottwaldov\u00e1 \/ (13.), 25. Magdalena Barto\u0161ov\u00e1 (26.), nestartovala Marie Barto\u0161ov\u00e1 (zran\u011bn\u00ed) \/ (celkov\u011b je 48.) \/ 52 klasifikovan\u00fdch<\/li>\n<li style=\"text-align: justify;\">Mlad\u0161\u00ed \u017e\u00e1ci: 25. Matou\u0161 Lipensk\u00fd \/ (27. \/ 107 klasifikovan\u00fdch)<\/li>\n<li style=\"text-align: justify;\">Mlad\u0161\u00ed \u017e\u00e1kyn\u011b: <strong><span style=\"color: #ff6600;\">1. Anna Han\u00e1kov\u00e1 <\/span><\/strong><span style=\"color: #ff6600;\"><span style=\"color: #000000;\">(5.)<\/span><\/span>, <strong><span style=\"color: #993300;\">3. Am\u00e1lie Gottwaldov\u00e1\u00a0<\/span><\/strong>\/ <strong><span style=\"color: #ff6600;\">(1. &#8211; v\u00edt\u011bzka \u010cesk\u00e9ho poh\u00e1ru),\u00a0<\/span> <\/strong>23. Barbora Janovsk\u00e1 \/ (21.), 28. Lucie Koudelkov\u00e1 (36.), nestartovala Barbora Tlamkov\u00e1\u00a0(po zran\u011bn\u00ed) \/ (37.) \/ 52 klasifikovan\u00fdch<\/li>\n<li style=\"text-align: justify;\">Star\u0161\u00ed \u017e\u00e1ci: 27. Luk\u00e1\u0161 Sedl\u00e1k \/ (39.), 52. Roman \u0160indel\u00e1\u0159 \/ (35.),\u00a0 55. V\u00edt Lipensk\u00fd \/ (49.),\u00a066.\u00a0 Maty\u00e1\u0161 Koudelka\u00a0\u00a0(75.) \/ 127 klsifikovan\u00fdch<\/li>\n<li style=\"text-align: justify;\">Star\u0161\u00ed \u017e\u00e1kyn\u011b:<strong>\u00a0<span style=\"color: #ff6600;\">1. Eli\u0161ka Han\u00e1kov\u00e1<\/span><span style=\"color: #ff6600;\">\u00a0\/ (1. &#8211; v\u00edt\u011bzka \u010cesk\u00e9ho poh\u00e1ru) <\/span><\/strong><span style=\"color: #000000;\">\/ 49. klasifikovan\u00fdch<\/span><\/li>\n<li style=\"text-align: justify;\">Kadetky: 34. Kl\u00e1ra Odehnalov\u00e1 \/ (30.) \/ 51 klasifikovan\u00fdch<\/li>\n<li style=\"text-align: justify;\">Junio\u0159i: 41. V\u00edt Such\u00e1nek\u00a0 \/ (celkov\u011b je 46.) \/ 92\u00a0 klasifikovan\u00fdch<\/li>\n<li style=\"text-align: justify;\">Mu\u017ei EXPERT: <span style=\"color: #993300;\"><strong>2. Petr \u0160ich\u00a0<\/strong><\/span>\/ <strong><span style=\"color: #808080;\">(2. m\u00edsto v \u010cesk\u00e9m poh\u00e1ru) <\/span><\/strong><span style=\"color: #808080;\"><span style=\"color: #000000;\">\/ 57 klasifikovan\u00fdch<\/span><\/span><\/li>\n<li style=\"text-align: justify;\">Neofici\u00e1ln\u00ed t\u00fdmov\u00e1 sout\u011b\u017e: <span style=\"color: #993300;\"><strong>7. MORAVEC Team <\/strong><\/span>7567 bod\u016f \/ 235 klasifikovan\u00fdch t\u00fdm\u016f<\/li>\n<\/ul>\n<figure id=\"attachment_13612\" aria-describedby=\"caption-attachment-13612\" style=\"width: 2000px\" class=\"wp-caption alignnone\"><a href=\"http:\/\/www.moravecteam.cz\/?attachment_id=13612\" rel=\"attachment wp-att-13612\"><img decoding=\"async\" loading=\"lazy\" class=\" wp-image-13612\" alt=\"DSC_0284\" src=\"http:\/\/www.moravecteam.cz\/wp-content\/uploads\/2019\/07\/DSC_0284.jpg\" width=\"2000\" height=\"1964\" srcset=\"https:\/\/www.moravecteam.cz\/wp-content\/uploads\/2019\/07\/DSC_0284.jpg 2000w, https:\/\/www.moravecteam.cz\/wp-content\/uploads\/2019\/07\/DSC_0284-25x25.jpg 25w, https:\/\/www.moravecteam.cz\/wp-content\/uploads\/2019\/07\/DSC_0284-300x294.jpg 300w, https:\/\/www.moravecteam.cz\/wp-content\/uploads\/2019\/07\/DSC_0284-1024x1005.jpg 1024w\" sizes=\"(max-width: 2000px) 100vw, 2000px\" \/><\/a><figcaption id=\"caption-attachment-13612\" class=\"wp-caption-text\">Obr\u00e1zek, kter\u00fd se neokouk\u00e1..! &#8211; 3<\/figcaption><\/figure>\n<p style=\"text-align: justify;\">V\u0161em, kdo se o leto\u0161n\u00ed v\u00fdrazn\u011b pozitivn\u00ed &#8222;poh\u00e1rovou stopu&#8220; MORAVEC Teamu, kter\u00e1\u00a0&#8222;vyvrcholila&#8220; v Hlinsku, jakkoli zaslou\u017eil, pat\u0159\u00ed velk\u00fd d\u00edk a fin\u00e1ln\u00ed v\u00fdsledky nech\u0165 jsou v\u0161em za vynalo\u017een\u00e9 \u00fasil\u00ed\u00a0zaslou\u017eenou odm\u011bnou! Ale i motivem, do dal\u0161\u00ed pr\u00e1ce. Nebo\u0165 obhajoba dosa\u017een\u00fdch met b\u00fdv\u00e1 zpravidla o hodn\u011bt\u011b\u017e\u0161\u00ed&#8230; V\u00edt\u011bz\u016fm je\u0161t\u011b jednou velk\u00e1 gratulova\u010dka a dohromady v\u0161em z\u00e1vodn\u00edk\u016fm velk\u00fd d\u00edk za v\u00fdbornou reprezentaci MORAVEC Teamu, tren\u00e9ry, podp\u016frn\u00e9 t\u00fdmy a v\u0161echny ostatn\u00ed okolo samoz\u0159ejm\u011b nevyj\u00edmaje! Zde studujte okulib\u00fd <a href=\"https:\/\/www.sportsoft.cz\/cs\/zavod\/overview\/5019\"><strong>v\u00fdsledkov\u00fd servis<\/strong><\/a>, fotogaleri\u00ed je d\u00edky<strong><span style=\"color: #800000;\"> Lence Tlamkov\u00e9<\/span> <\/strong>a <strong><span style=\"color: #800000;\">Karlovi V\u0161etulovi<\/span> <\/strong>z Hlinska hned p\u016fltucet:<\/p>\n<ul>\n<li>\n<div style=\"text-align: justify;\"><strong><a href=\"https:\/\/moravecteam.rajce.idnes.cz\/2019.07.19-21_MCR_MTB_Hlinsko\">Fotogalerie \u010d.1<\/a><\/strong><\/div>\n<\/li>\n<li><strong><a href=\"https:\/\/moravecteam.rajce.idnes.cz\/2019.07.19-21_MCR_MTB_Hlinsko_-_2\">Fotogalerie \u010d.2<\/a><\/strong><\/li>\n<li><strong><a href=\"https:\/\/moravecteam.rajce.idnes.cz\/2019.07.19-21_MCR_MTB_Hlinsko_-_3\">Fotogalerie \u010d.3<\/a><\/strong><\/li>\n<li><strong><a href=\"https:\/\/moravecteam.rajce.idnes.cz\/2019.07.19-21_MCR_MTB_Hlinsko_-_4\">Fotogalerie \u010d.4<\/a><\/strong><\/li>\n<li><strong><a href=\"https:\/\/moravecteam.rajce.idnes.cz\/2019.07.19-21_MCR_MTB_Hlinsko_-_5\">Fotogalerie \u010d.5<\/a><\/strong><\/li>\n<li><strong><a href=\"https:\/\/moravecteam.rajce.idnes.cz\/2019.07.19-21_MCR_MTB_Hlinsko_-_6\">Fotogalerie \u010d.6<\/a><\/strong><\/li>\n<\/ul>\n<p>Takhle to n\u011bkdy za\u010d\u00edn\u00e1&#8230;<\/p>\n<p><a href=\"http:\/\/www.moravecteam.cz\/?attachment_id=13613\" rel=\"attachment wp-att-13613\"><img decoding=\"async\" loading=\"lazy\" class=\"alignnone size-full wp-image-13613\" alt=\"Protivanov 2011 037\" src=\"http:\/\/www.moravecteam.cz\/wp-content\/uploads\/2019\/07\/Protivanov-2011-037.jpg\" width=\"1259\" height=\"1188\" srcset=\"https:\/\/www.moravecteam.cz\/wp-content\/uploads\/2019\/07\/Protivanov-2011-037.jpg 1259w, https:\/\/www.moravecteam.cz\/wp-content\/uploads\/2019\/07\/Protivanov-2011-037-25x25.jpg 25w, https:\/\/www.moravecteam.cz\/wp-content\/uploads\/2019\/07\/Protivanov-2011-037-300x283.jpg 300w, https:\/\/www.moravecteam.cz\/wp-content\/uploads\/2019\/07\/Protivanov-2011-037-1024x966.jpg 1024w\" sizes=\"(max-width: 1259px) 100vw, 1259px\" \/><\/a><\/p>\n<p>&#8230;a takhle to n\u011bkdy pokra\u010duje&#8230;<\/p>\n<p><a href=\"http:\/\/www.moravecteam.cz\/?attachment_id=13600\" rel=\"attachment wp-att-13600\"><img decoding=\"async\" loading=\"lazy\" class=\"alignnone size-full wp-image-13600\" alt=\"DSC_0296\" src=\"http:\/\/www.moravecteam.cz\/wp-content\/uploads\/2019\/07\/DSC_02961.jpg\" width=\"1854\" height=\"2220\" srcset=\"https:\/\/www.moravecteam.cz\/wp-content\/uploads\/2019\/07\/DSC_02961.jpg 1854w, https:\/\/www.moravecteam.cz\/wp-content\/uploads\/2019\/07\/DSC_02961-250x300.jpg 250w, https:\/\/www.moravecteam.cz\/wp-content\/uploads\/2019\/07\/DSC_02961-855x1024.jpg 855w\" sizes=\"(max-width: 1854px) 100vw, 1854px\" \/><\/a><\/p>\n<p>&#8230;a jsme v nap\u011bt\u00ed:\u00a0 jak to v\u0161echno dopadne?<\/p>\n<p>&nbsp;<\/p>\n","protected":false},"excerpt":{"rendered":"<p>Do kategorie nezapomenuteln\u00fdch bikov\u00fdch \u0161tac\u00ed za\u0159ad\u00edme leto\u0161n\u00ed Mistrovstv\u00ed \u010cesk\u00e9 republiky horsk\u00fdch kol, kter\u00e9 pozorn\u011b pohostilo Hlinsko. Jindy cyklokrosa\u0159sk\u00e9 centrum zvl\u00e1dlo bez pot\u00ed\u017e\u00ed i cross country vrcholnou akci a k na\u0161\u00ed velk\u00e9 radosti zde byly v pop\u0159ed\u00ed hodn\u011b vid\u011bt dresy MORAVEC Teamu.\u00a0A nejenom v pop\u0159ed\u00ed: ve dvou p\u0159\u00edpadech i na nejvy\u0161\u0161\u00edch pozic\u00edch! Ano, od minul\u00e9 soboty &hellip; <a href=\"https:\/\/www.moravecteam.cz\/?p=13581\" class=\"more-link\">Pokra\u010dov\u00e1n\u00ed textu <span class=\"screen-reader-text\">Hlinsko? Pecka..!<\/span> <span class=\"meta-nav\">&rarr;<\/span><\/a><\/p>\n","protected":false},"author":3,"featured_media":13597,"comment_status":"open","ping_status":"closed","sticky":false,"template":"","format":"standard","meta":[],"categories":[1],"tags":[],"_links":{"self":[{"href":"https:\/\/www.moravecteam.cz\/index.php?rest_route=\/wp\/v2\/posts\/13581"}],"collection":[{"href":"https:\/\/www.moravecteam.cz\/index.php?rest_route=\/wp\/v2\/posts"}],"about":[{"href":"https:\/\/www.moravecteam.cz\/index.php?rest_route=\/wp\/v2\/types\/post"}],"author":[{"embeddable":true,"href":"https:\/\/www.moravecteam.cz\/index.php?rest_route=\/wp\/v2\/users\/3"}],"replies":[{"embeddable":true,"href":"https:\/\/www.moravecteam.cz\/index.php?rest_route=%2Fwp%2Fv2%2Fcomments&post=13581"}],"version-history":[{"count":18,"href":"https:\/\/www.moravecteam.cz\/index.php?rest_route=\/wp\/v2\/posts\/13581\/revisions"}],"predecessor-version":[{"id":13617,"href":"https:\/\/www.moravecteam.cz\/index.php?rest_route=\/wp\/v2\/posts\/13581\/revisions\/13617"}],"wp:featuredmedia":[{"embeddable":true,"href":"https:\/\/www.moravecteam.cz\/index.php?rest_route=\/wp\/v2\/media\/13597"}],"wp:attachment":[{"href":"https:\/\/www.moravecteam.cz\/index.php?rest_route=%2Fwp%2Fv2%2Fmedia&parent=13581"}],"wp:term":[{"taxonomy":"category","embeddable":true,"href":"https:\/\/www.moravecteam.cz\/index.php?rest_route=%2Fwp%2Fv2%2Fcategories&post=13581"},{"taxonomy":"post_tag","embeddable":true,"href":"https:\/\/www.moravecteam.cz\/index.php?rest_route=%2Fwp%2Fv2%2Ftags&post=13581"}],"curies":[{"name":"wp","href":"https:\/\/api.w.org\/{rel}","templated":true}]}}