{"id":13619,"date":"2019-08-05T18:25:50","date_gmt":"2019-08-05T16:25:50","guid":{"rendered":"http:\/\/www.moravecteam.cz\/?p=13619"},"modified":"2019-08-05T18:35:05","modified_gmt":"2019-08-05T16:35:05","slug":"stodvacet","status":"publish","type":"post","link":"https:\/\/www.moravecteam.cz\/?p=13619","title":{"rendered":"Stodvacet..!"},"content":{"rendered":"<p style=\"text-align: justify;\"><strong><span style=\"color: #800000;\">Ne, nejedn\u00e1 se o rychlost, jakou jsme zpravidla uh\u00e1n\u011bli rovinat\u00fdmi ter\u00e9ny v okol\u00ed Str\u00e1\u017enice v r\u00e1mci leto\u0161n\u00edho pr\u00e1zdninov\u00e9ho cykloputov\u00e1n\u00ed&#8230; Je to plus \/ m\u00ednus kilometrov\u00e1 distanc,\u00a0kterou urazila \u0161estn\u00e1ctka state\u010dn\u00fdch \u00fa\u010dastn\u00edk\u016f ve t\u0159ech cykloetap\u00e1ch, kter\u00e9 m\u011bl letos n\u00e1\u0161 pr\u00e1zdninov\u00fd kemp ve sv\u00e9m iterer\u00e1\u0159i. Nechyb\u011bla ani turistika s\u00a0n\u00e1v\u0161t\u011bvami r\u016fzn\u00fdch zaj\u00edmav\u00fdch m\u00edst, na kter\u00e9 ani Str\u00e1\u017enicko,\u00a0a u\u017e v\u016fbec ne Slov\u00e1cko\u00a0nejsou v\u016fbec chudobn\u00e9. A \u017ee jsme si v kraji v\u00edna u\u017eili tradi\u010dn\u00ed srandy kopec, nemus\u00edm si v\u016fbec zd\u016fraz\u0148ovat&#8230; \u0160koda jen, \u017ee to tak rychle ub\u011bhlo&#8230;<\/span><\/strong><\/p>\n<figure id=\"attachment_13626\" aria-describedby=\"caption-attachment-13626\" style=\"width: 1799px\" class=\"wp-caption alignnone\"><a href=\"http:\/\/www.moravecteam.cz\/?attachment_id=13626\" rel=\"attachment wp-att-13626\"><img decoding=\"async\" loading=\"lazy\" class=\" wp-image-13626\" alt=\"DSC_0006\" src=\"http:\/\/www.moravecteam.cz\/wp-content\/uploads\/2019\/08\/DSC_0006.jpg\" width=\"1799\" height=\"1176\" srcset=\"https:\/\/www.moravecteam.cz\/wp-content\/uploads\/2019\/08\/DSC_0006.jpg 1799w, https:\/\/www.moravecteam.cz\/wp-content\/uploads\/2019\/08\/DSC_0006-300x196.jpg 300w, https:\/\/www.moravecteam.cz\/wp-content\/uploads\/2019\/08\/DSC_0006-1024x669.jpg 1024w\" sizes=\"(max-width: 1799px) 100vw, 1799px\" \/><\/a><figcaption id=\"caption-attachment-13626\" class=\"wp-caption-text\">Are\u00e1l na\u0161\u00ed do\u010dasn\u00e9 z\u00e1kladny n\u00e1m umo\u017e\u0148oval tr\u00e9novat techniku.<\/figcaption><\/figure>\n<h5 style=\"text-align: justify;\"><strong><span style=\"color: #800000;\">Pond\u011bl\u00ed 29. \u010dervence<\/span><\/strong><\/h5>\n<p style=\"text-align: justify;\">&#8222;P\u0159edmost\u00ed&#8220; ve sportovn\u00edm re\u00e1lu TJ Jiskra Str\u00e1\u017enice\u00a0je zbudov\u00e1no v \u00a0pond\u011bln\u00edm \u00a0odpoledni Karlem a Petrem, aby tohoto mohli vyu\u017e\u00edt n\u00e1sledn\u011b dal\u0161\u00ed odd\u00edlov\u00ed pl\u00e1novan\u00ed &#8222;v\u00fdsadk\u00e1\u0159i&#8220; (Barto\u0161ovic,\u00a0 Janovsk\u00fdch a Tlamkovic rajd\u0159i, tak\u017ee u prvn\u00edho t\u00e1bor\u00e1ku se n\u00e1s sch\u00e1z\u00ed celkem 14, &#8222;kol\u00ednsko-kutnohorsk\u00e9 \u00a0dru\u017estvo&#8220; v\u010detn\u011b,\u00a0 Pouze na\u00a0chyb\u011bj\u00edc\u00ed \u010d\u00e1st &#8222;kol\u00ednsko-kutnohorsk\u00e9 dru\u017estvo&#8220; &#8211; Petra KH s jeho man\u017eelkou Radkou budeme muset po\u010dkat do st\u0159edy. Ne\u017e jsme zasedli k oh\u00fdnku a oh\u0159\u00e1li si n n\u011bm ve\u010de\u0159i, s pot\u011b\u0161en\u00edm v\u00edt\u00e1me skute\u010dnost, \u017ee sou\u010d\u00e1st\u00ed sportovn\u00edho are\u00e1lu je skate-park a mal\u00fd pumptrack, oboj\u00ed na horsk\u00fdch kolech p\u0159ev\u00e1\u017en\u011b sj\u00edzdn\u00e9,\u00a0\u010deho\u017e od sam\u00e9ho po\u010d\u00e1tku pobytu (nejen) d\u011bti hojn\u011b vyu\u017e\u00edvaj\u00ed&#8230; Prav\u00e9ho kytaristy jsme u\u017e sice n\u011bkolik rok\u016f na kempech prosti, hudba z na\u0161\u00ed odd\u00edlov\u00e9 aparatury tentokr\u00e1t u t\u00e1borov\u00e9ho ohn\u011b ale nechyb\u00ed a p\u0159\u00edjemn\u011b dotv\u00e1\u0159\u00ed atmosf\u00e9ru prvn\u00edho spole\u010dn\u00e9ho ve\u010dera. Kujeme\u00a0hlavn\u011b pikle na prvn\u00ed \u00fatern\u00ed v\u00fdpad\u00a0 do okol\u00ed, na kter\u00fd se u\u017e v\u0161ichni t\u011b\u0161\u00edme&#8230;<\/p>\n<figure id=\"attachment_13627\" aria-describedby=\"caption-attachment-13627\" style=\"width: 2000px\" class=\"wp-caption alignnone\"><a href=\"http:\/\/www.moravecteam.cz\/?attachment_id=13627\" rel=\"attachment wp-att-13627\"><img decoding=\"async\" loading=\"lazy\" class=\" wp-image-13627\" alt=\"DSC_0045\" src=\"http:\/\/www.moravecteam.cz\/wp-content\/uploads\/2019\/08\/DSC_0045.jpg\" width=\"2000\" height=\"876\" srcset=\"https:\/\/www.moravecteam.cz\/wp-content\/uploads\/2019\/08\/DSC_0045.jpg 2000w, https:\/\/www.moravecteam.cz\/wp-content\/uploads\/2019\/08\/DSC_0045-300x131.jpg 300w, https:\/\/www.moravecteam.cz\/wp-content\/uploads\/2019\/08\/DSC_0045-1024x448.jpg 1024w\" sizes=\"(max-width: 2000px) 100vw, 2000px\" \/><\/a><figcaption id=\"caption-attachment-13627\" class=\"wp-caption-text\">MORAVCI na startu prvn\u00ed \u00fatern\u00ed etapy.<\/figcaption><\/figure>\n<h5 style=\"text-align: justify;\"><span style=\"color: #800000;\">\u00dater\u00fd 30. \u010dervence<\/span><\/h5>\n<p style=\"text-align: justify;\">V\u016fd\u010d\u00edmi &#8222;stopa\u0159kmi&#8220; prvn\u00ed etapy jsou Lenka s Janou, kter\u00e9 ji\u017e z d\u0159\u00edv\u011bj\u0161ka ter\u00e9n dob\u0159e znaj\u00ed, a kter\u00e9 n\u00e1s s jistotou vedou do 15 km\u00a0 vzd\u00e1len\u00e9ho Uhersk\u00e9ho Ostrohu, kde se ocit\u00e1me d\u0159\u00edve, ne\u017e jsme se stihli zapotit&#8230; Ter\u00e9n je skute\u010dn\u011b rovinat\u00fd, bezprobl\u00e9mov\u00fd&#8230; V tomto malebn\u00e9m m\u011bste\u010dku \u0159e\u0161\u00edme ob\u011bd, ale ne\u017e se st\u00edh\u00e1me posilnit, p\u0159ich\u00e1z\u00ed d\u00e9\u0161\u0165, kter\u00fd n\u00e1m nedovoluje pokra\u010dovat v pl\u00e1novan\u00e9 cest\u011b do sousedn\u00ed Ostro\u017esk\u00e9 Nov\u00e9 Vsi. Po zklidn\u011bn\u00ed po\u010das\u00ed se vrac\u00edme zp\u011bt na z\u00e1kladnu (dnes ofici\u00e1ln\u011b najeto 30km)\u00a0, kam z n\u00e1mi z Boskovic m\u00ed\u0159\u00ed Maru\u0161ky Zouhrovic &#8211; mil\u00ed to host\u00e9 ke druh\u00e9mu ve\u010dern\u00edmu t\u00e1bor\u00e1\u010dku. I druh\u00fd ve\u010der, kter\u00fd tren\u00e9\u0159i d\u011btem zpest\u0159ili n\u011bkolika netradi\u010dn\u00edmi tr\u00e9ninkov\u00fdmi prvky (nechyb\u011bla ani stezka odvahy) ub\u011bhnul\u00a0velice, velice rychle&#8230;<\/p>\n<figure id=\"attachment_13629\" aria-describedby=\"caption-attachment-13629\" style=\"width: 2000px\" class=\"wp-caption alignnone\"><a href=\"http:\/\/www.moravecteam.cz\/?attachment_id=13629\" rel=\"attachment wp-att-13629\"><img decoding=\"async\" loading=\"lazy\" class=\" wp-image-13629\" alt=\"DSC_0093\" src=\"http:\/\/www.moravecteam.cz\/wp-content\/uploads\/2019\/08\/DSC_0093.jpg\" width=\"2000\" height=\"1140\" srcset=\"https:\/\/www.moravecteam.cz\/wp-content\/uploads\/2019\/08\/DSC_0093.jpg 2000w, https:\/\/www.moravecteam.cz\/wp-content\/uploads\/2019\/08\/DSC_0093-300x171.jpg 300w, https:\/\/www.moravecteam.cz\/wp-content\/uploads\/2019\/08\/DSC_0093-1024x583.jpg 1024w\" sizes=\"(max-width: 2000px) 100vw, 2000px\" \/><\/a><figcaption id=\"caption-attachment-13629\" class=\"wp-caption-text\">MORAVCI v c\u00edli \u00fasp\u011b\u0161n\u00e9ho \u00fatern\u00edho dne &#8211; spole\u010dn\u00e1 fotka s holkami Zouharovic.<\/figcaption><\/figure>\n<h5 style=\"text-align: justify;\"><strong><span style=\"color: #800000;\">St\u0159eda 31. \u010dervence<\/span><\/strong><\/h5>\n<p style=\"text-align: justify;\">V 10.00 vyr\u00e1\u017e\u00edme (n\u00e1\u0161 \u00fadern\u00fd \u0161ik, posiluje Jirka \u0160t\u011bpan\u00edk &#8211; jak se to r\u00fdmuje &#8211; kter\u00fd\u00a0si s n\u00e1mi p\u0159ijel d\u00e1t st\u0159ede\u010dn\u00ed\u00a0cyklot\u016fru) v na\u0161ich v\u010derej\u0161\u00edch stop\u00e1ch s t\u00edm rozd\u00edlem, \u017ee zdol\u00e1v\u00e1me metu, ke kter\u00e9 n\u00e1m v\u010derej\u0161\u00ed d\u00e9\u0161\u0165 zk\u0159\u00ed\u017eil cestu &#8211; Ostro\u017eskou Novou Ves.\u00a0 V restauraci &#8222;Slov\u00e1ck\u00e1 chalupa&#8220; ob\u011bdv\u00e1me a obdivujeme z\u00e1zem\u00ed are\u00e1lu, jeho\u017e sou\u010d\u00e1st\u00ed je pumptrack, d\u011btsk\u00e9 h\u0159i\u0161t\u011b, minigolf, koup\u00e1n\u00ed&#8230; Znovu, u\u017e pokolik\u00e1t\u00e9 si p\u0159ipom\u00edn\u00e1me, \u017ee se nach\u00e1z\u00edme ve skute\u010dn\u011b bohat\u00e9m kraji&#8230; Odpoledne, po ob\u011bd\u011b\u00a0nejprve \u0159e\u0161\u00edme prvn\u00ed dva technick\u00e9 probl\u00e9my: Milan\u016fv p\u0159etr\u017een\u00fd \u0159et\u011bz a Petr\u016fv defekt p\u0159edn\u00edho kola a n\u00e1sledn\u011b se d\u011bl\u00edme na dv\u011b skupiny: skupina &#8222;A&#8220;, kterou tvo\u0159\u00ed Lenka, Jana, Sab\u010da a Ad\u00e9lka, \u00a0vyr\u00e1\u017e\u00ed zp\u011bt na z\u00e1kladnu, hlavn\u011b z d\u016fvodu proviantn\u00edho zabezpe\u010den\u00ed ve\u010de\u0159e (jsou sl\u00edben\u00e9 pala\u010dinky). Ve skupin\u011b &#8222;B&#8220; jsou oporou v\u0161echny \u010dty\u0159i d\u011bti + ostatn\u00ed mu\u017ei a pod veden\u00edm Ivana a Libora vyr\u00e1\u017e\u00edme do Str\u00e1\u017enice c\u00edlenou oklikou, jej\u00ed\u017e dominantou je poutn\u00ed m\u00edsto Svat\u00fd Anton\u00ed\u010dek nad obc\u00ed Blatnice pod Sv. Anton\u00ed\u010dkem. Podot\u00fdk\u00e1m, \u017ee se jednalo o perfekt &#8222;horskou&#8220; pr\u00e9mii (348 m.n.m), kter\u00e1 n\u00e1m p\u0159ipomn\u011bla d\u016fle\u017eitost je\u017ed\u011bn\u00ed biker\u016f v kopcovit\u00e9m ter\u00e9nu neb bikov\u00e9 z\u00e1vody se zpravidla rozhoduj\u00ed v kopc\u00edch&#8230;<\/p>\n<figure id=\"attachment_13630\" aria-describedby=\"caption-attachment-13630\" style=\"width: 1755px\" class=\"wp-caption alignnone\"><a href=\"http:\/\/www.moravecteam.cz\/?attachment_id=13630\" rel=\"attachment wp-att-13630\"><img decoding=\"async\" loading=\"lazy\" class=\" wp-image-13630 \" alt=\"IMG_8545\" src=\"http:\/\/www.moravecteam.cz\/wp-content\/uploads\/2019\/08\/IMG_85451.jpg\" width=\"1755\" height=\"2000\" srcset=\"https:\/\/www.moravecteam.cz\/wp-content\/uploads\/2019\/08\/IMG_85451.jpg 1755w, https:\/\/www.moravecteam.cz\/wp-content\/uploads\/2019\/08\/IMG_85451-263x300.jpg 263w, https:\/\/www.moravecteam.cz\/wp-content\/uploads\/2019\/08\/IMG_85451-898x1024.jpg 898w\" sizes=\"(max-width: 1755px) 100vw, 1755px\" \/><\/a><figcaption id=\"caption-attachment-13630\" class=\"wp-caption-text\">C\u00edl st\u0159ede\u010dn\u00ed &#8222;horsk\u00e9&#8220; pr\u00e9mie &#8211; poutn\u00ed m\u00edsto Svat\u00fd Anton\u00ednek.<\/figcaption><\/figure>\n<p style=\"text-align: justify;\">C\u00edlov\u00fd dojezd &#8222;zpest\u0159uje&#8220; skupin\u011b &#8222;B&#8220; (do tr\u00e9ninkov\u00fdch den\u00ed\u010dk\u016f si borci zapisuj\u00ed najet\u00fdch 50 km) op\u011bt defekt p\u0159edn\u00edho Petrova kola. Du\u0161i p\u016fj\u010duje Milan, se servisn\u00edm z\u00e1krokem vydatn\u011b pom\u00e1h\u00e1 Jirka&#8230; Ten se ve\u010der od na\u0161eho v\u00fdsadku odd\u011bluje a vrac\u00ed se dom\u016f, Petrovi pro jistotu p\u016fj\u010duje je\u0161t\u011b jednu rezervn\u00ed du\u0161i&#8230; Nikdo netu\u0161\u00ed, \u017ee nejen tato se bude smola\u0159i kempu &#8211; Petrovi je\u0161t\u011b hodn\u011b hodit&#8230; Ve\u010dern\u00ed posezen\u00ed je ji\u017e za netrp\u011bliv\u011b \u00a0p\u0159\u00edtomnosti zbyl\u00e9 \u010d\u00e1sti &#8222;Kol\u00ednsko &#8211; Kutnohorsk\u00e9ho k\u0159\u00eddla&#8220;, man\u017eel\u016f Petra a Radky, kte\u0159\u00ed na z\u00e1kladnu mezi t\u00edm dorazili a op\u011bt nen\u00ed jinak, ne\u017eli veselo&#8230;<\/p>\n<figure id=\"attachment_13631\" aria-describedby=\"caption-attachment-13631\" style=\"width: 2000px\" class=\"wp-caption alignnone\"><a href=\"http:\/\/www.moravecteam.cz\/?attachment_id=13631\" rel=\"attachment wp-att-13631\"><img decoding=\"async\" loading=\"lazy\" class=\" wp-image-13631\" alt=\"IMG_8588\" src=\"http:\/\/www.moravecteam.cz\/wp-content\/uploads\/2019\/08\/IMG_8588.jpg\" width=\"2000\" height=\"1548\" srcset=\"https:\/\/www.moravecteam.cz\/wp-content\/uploads\/2019\/08\/IMG_8588.jpg 2000w, https:\/\/www.moravecteam.cz\/wp-content\/uploads\/2019\/08\/IMG_8588-300x232.jpg 300w, https:\/\/www.moravecteam.cz\/wp-content\/uploads\/2019\/08\/IMG_8588-1024x792.jpg 1024w\" sizes=\"(max-width: 2000px) 100vw, 2000px\" \/><\/a><figcaption id=\"caption-attachment-13631\" class=\"wp-caption-text\">Dv\u011bma velbloud\u016fm &#8211; draba\u0159\u016fm se dresy MORAVEC Teamu l\u00edbili!<\/figcaption><\/figure>\n<h5 style=\"text-align: justify;\"><strong><span style=\"color: #800000;\">\u010ctvrtek 1.8. 2019<\/span><\/strong><\/h5>\n<p style=\"text-align: justify;\">V p\u016fvodn\u00edm sc\u00e9n\u00e1\u0159i je navrhovanou n\u00e1pln\u00ed jednoho z kempov\u00fdch dn\u016f i v\u00fdpad do Hodon\u00edna s n\u00e1v\u0161t\u011bvou m\u00edstn\u00ed Zoologick\u00e9 zahrady.\u00a0 \u010ctvrtek je pro tento p\u0159esun ur\u010den, a i kdy\u017e se profilem trati pohybujeme &#8211; op\u011bt \u00a0pod veden\u00edm Libora\u00a0a Ivana &#8211; rovinami \u00fadol\u00ed \u0159eky Moravy, povrch, po kter\u00e9m se p\u0159esunujeme je pestr\u00fd\u00a0 a t\u00edm pro kvalitn\u00ed tr\u00e9nink biker\u016f vhodn\u00fd: od p\u00edskov\u00fdch podlo\u017e\u00ed, p\u0159es kli\u010dkovanou mezi lou\u017eemi a bl\u00e1tem (ve st\u0159edu zde vydatn\u011b sprchlo) a\u017e po m\u011bkk\u00e9 travnat\u00e9 n\u00e1spy a valy&#8230; Bl\u00ed\u017e\u00edce se k c\u00edlov\u00e9mu m\u011bstu, stezky se st\u00e1vaj\u00ed \u010d\u00edm d\u00e1l kvalitn\u011bj\u0161\u00edmi a v samotn\u00e9m Hodon\u00edn\u011b je to pro cyklisty z tohoto pohledu opravdu skute\u010dn\u00fd luxus&#8230; Na periferii m\u011bsta n\u00e1hle op\u011bt brzd\u00ed &#8222;n\u00e1\u010deln\u00edk&#8220; a hl\u00e1s\u00ed dal\u0161\u00ed, v po\u0159ad\u00ed t\u0159et\u00ed\u00a0 ztr\u00e1tu tlaku v p\u0159edn\u00ed pneu&#8230; Do t\u0159etice v\u0161eho zl\u00e9ho&#8230; Na vyp\u016fj\u010den\u00e9m Karlov\u011b kole nab\u00edr\u00e1 sm\u011br st\u0159ed m\u011bsta a v m\u00edstn\u00ed \u00a0cykloprodejn\u011b \u0159e\u0161\u00ed neut\u011b\u0161en\u00fd stav radik\u00e1ln\u011b &#8211; i n\u00e1kupem nov\u00e9ho p\u0159edn\u00edho pl\u00e1\u0161t\u011b. S hlavn\u00ed skupinou se spojuje\u00a0 m\u00edstn\u00ed ryb\u00e1rn\u011b na okraji Hodon\u00edna, kde mezi t\u00edm MORAVEC Team &#8211; p\u0159ed n\u00e1v\u0161t\u011bvou ZOO &#8211; poob\u011bdval\u00a0a za asistence Petra KH a Milana defekt \u0159e\u0161\u00ed. A v\u0161ichni v\u011b\u0159\u00edme, \u017ee ji\u017e definitivn\u011b a naposledy.<\/p>\n<figure id=\"attachment_13632\" aria-describedby=\"caption-attachment-13632\" style=\"width: 1437px\" class=\"wp-caption alignnone\"><a href=\"http:\/\/www.moravecteam.cz\/?attachment_id=13632\" rel=\"attachment wp-att-13632\"><img decoding=\"async\" loading=\"lazy\" class=\" wp-image-13632\" alt=\"IMG_8631\" src=\"http:\/\/www.moravecteam.cz\/wp-content\/uploads\/2019\/08\/IMG_8631.jpg\" width=\"1437\" height=\"1134\" srcset=\"https:\/\/www.moravecteam.cz\/wp-content\/uploads\/2019\/08\/IMG_8631.jpg 1437w, https:\/\/www.moravecteam.cz\/wp-content\/uploads\/2019\/08\/IMG_8631-300x236.jpg 300w, https:\/\/www.moravecteam.cz\/wp-content\/uploads\/2019\/08\/IMG_8631-1024x808.jpg 1024w\" sizes=\"(max-width: 1437px) 100vw, 1437px\" \/><\/a><figcaption id=\"caption-attachment-13632\" class=\"wp-caption-text\">U skl\u00edpk\u016f v obci Sudom\u011b\u0159ice.<\/figcaption><\/figure>\n<p style=\"text-align: justify;\">Zoologick\u00fd koutek se v\u0161em l\u00edbil. Hodon\u00edn se m\u016f\u017ee py\u0161nit b\u00edl\u00fdmi lvy a tygry a my\u00a0 m\u011bli to \u0161t\u011bst\u00ed, \u017ee jsme do are\u00e1lu vstoupili v dob\u011b jejich krmen\u00ed a mohli je tak spat\u0159it p\u0159es sklo z bezprost\u0159edn\u00ed bl\u00edzkosti. Ale i dal\u0161\u00ed v\u00fdb\u011bhy a expozice byli super. V\u0161e je zde vhodn\u011b uspo\u0159\u00e1d\u00e1no na relativn\u011b mal\u00e9m prostoru, tak\u017ee se kam se &#8222;vrtnete&#8220; v\u0161ude je na co koukat. Interesantn\u00ed byli pavi\u00e1ni, resp. samice pavi\u00e1n\u016f,\u00a0za\u017e\u00edvaj\u00edc\u00ed v dob\u011b na\u0161\u00ed n\u00e1v\u0161t\u011bvy obdob\u00ed \u0159\u00edje, moc se n\u00e1m l\u00edbil i krokod\u00fdlek &#8222;Dand\u00fdnek&#8220; i majest\u00e1tn\u00ed velbloudi drab\u0159i. N\u00e1v\u0161t\u011bvy zooparku jsme rozhodn\u011b nelitovali, stejn\u011b tak, jako n\u00e1v\u0161t\u011bvy stylov\u00fdch vinn\u00fdch skl\u00edpk\u016f na zp\u00e1te\u010dn\u00ed cest\u011b\u00a0 v obci Sudom\u011b\u0159ice, p\u0159i kter\u00e9 dosp\u011bl\u00e1 \u010d\u00e1st teamu neopom\u011bla decentn\u011b degustovat&#8230; Normu dvou defekt\u016f z p\u0159ede\u0161l\u00e9ho dne si v z\u00e1v\u011bru etapy op\u011bt splnil Petr, kter\u00fd dostihnul se samou tmou v Karlov\u011b doprovodu \u00a0hlavn\u00ed odd\u00edlovou skupinu na ve\u010de\u0159i ve str\u00e1\u017enick\u00e9 resturaci &#8222;Pod v\u011b\u017e\u00ed&#8220;&#8230; Dal\u0161\u00ed bezva den (ofici\u00e1ln\u011b najeto 40km), o kter\u00e9m se je\u0161t\u011b dlouze diskutovalo minim\u00e1ln\u011b do \u010dasu ofici\u00e1ln\u011b stanoven\u00e9 ve\u010derky.<\/p>\n<figure id=\"attachment_13633\" aria-describedby=\"caption-attachment-13633\" style=\"width: 1725px\" class=\"wp-caption alignnone\"><a href=\"http:\/\/www.moravecteam.cz\/?attachment_id=13633\" rel=\"attachment wp-att-13633\"><img decoding=\"async\" loading=\"lazy\" class=\" wp-image-13633\" alt=\"IMG_8658\" src=\"http:\/\/www.moravecteam.cz\/wp-content\/uploads\/2019\/08\/IMG_8658.jpg\" width=\"1725\" height=\"2000\" srcset=\"https:\/\/www.moravecteam.cz\/wp-content\/uploads\/2019\/08\/IMG_8658.jpg 1725w, https:\/\/www.moravecteam.cz\/wp-content\/uploads\/2019\/08\/IMG_8658-258x300.jpg 258w, https:\/\/www.moravecteam.cz\/wp-content\/uploads\/2019\/08\/IMG_8658-883x1024.jpg 883w\" sizes=\"(max-width: 1725px) 100vw, 1725px\" \/><\/a><figcaption id=\"caption-attachment-13633\" class=\"wp-caption-text\">Spole\u010dn\u00e1 fotka v platanov\u00e9 aleji parku str\u00e1\u017enick\u00e9ho z\u00e1mku.<\/figcaption><\/figure>\n<h5 style=\"text-align: justify;\"><span style=\"color: #800000;\"><strong>P\u00e1tek 2.8. 2019<\/strong><\/span><\/h5>\n<p style=\"text-align: justify;\">P\u00e1te\u010dn\u00ed program byl ji\u017e bez vyj\u00ed\u017e\u010fky na kole, ale ani posledn\u00ed kempovac\u00ed den jsme nezah\u00e1leli. U\u017e v 10.00 n\u00e1s p\u0159iv\u00edtal pr\u016fvodce na m\u00edstn\u00edm z\u00e1mku a krom\u011b prohl\u00eddky jeho komnat byla k vid\u011bn\u00ed st\u00e1l\u00e1 expozice str\u00e1\u017enick\u00fdch mal\u00ed\u0159\u016f a muzeum lidov\u00fdch kroj\u016f. Z na\u0161\u00ed z\u00e1kladny to bylo do z\u00e1mku p\u00e1r stovek metr\u016f a p\u0159i n\u00e1vratu jsme obdivovali v z\u00e1meck\u00e9m parku tak\u00e9 kr\u00e1snou alej vzrostl\u00fdch platan\u016f&#8230; &#8222;Letov\u00fd pl\u00e1n&#8220; pokra\u010doval asi pro ka\u017ed\u00e9ho nemilou procedurou &#8211; balen\u00ed&#8230; A nakl\u00e1d\u00e1n\u00ed bato\u017ein a kol do invazn\u00edch vozidel k fin\u00e1ln\u00edm \u0159esun\u016fm: nejd\u0159\u00edve na spole\u010dn\u00fd ob\u011bd do osv\u011bd\u010den\u00e9 str\u00e1\u017enick\u00e9 restaurace &#8222;Pod v\u011b\u017e\u00ed&#8220; a pak sm\u011br obec Vrbice, u kter\u00e9 je nov\u011b postavena rozhledna &#8222;Stezka nad vinohrady&#8220;. Je zvl\u00e1\u0161tn\u00ed t\u00edm, \u017ee se na ni d\u00e1 vyjet t\u0159eba na kole! Na toto kr\u00e1sn\u00e9 m\u00edsto (viditelnost byla v\u00fdborn\u00e1) dal tip znalec vina\u0159sk\u00fdch region\u016f, Libor, stejn\u011b jako na kr\u00e1tkou n\u00e1v\u0161t\u011bvu obce Vrbice. V n\u00ed jsme vysekli poklonu monument\u00e1ln\u00edmu pam\u00e1tn\u00edku ob\u011btem 2. sv\u011btov\u00e9 v\u00e1lky no a z\u00e1v\u011bre\u010dn\u00e1 n\u00e1v\u0161t\u011bva skl\u00edpku m\u00edstn\u00edho vina\u0159e, p. Ba\u0159iny, s decentn\u00ed degustac\u00ed v\u00edna, tak\u00e9 nechyb\u011bla&#8230;<\/p>\n<figure id=\"attachment_13634\" aria-describedby=\"caption-attachment-13634\" style=\"width: 2000px\" class=\"wp-caption alignnone\"><a href=\"http:\/\/www.moravecteam.cz\/?attachment_id=13634\" rel=\"attachment wp-att-13634\"><img decoding=\"async\" loading=\"lazy\" class=\" wp-image-13634\" alt=\"IMG_8667\" src=\"http:\/\/www.moravecteam.cz\/wp-content\/uploads\/2019\/08\/IMG_8667.jpg\" width=\"2000\" height=\"1084\" srcset=\"https:\/\/www.moravecteam.cz\/wp-content\/uploads\/2019\/08\/IMG_8667.jpg 2000w, https:\/\/www.moravecteam.cz\/wp-content\/uploads\/2019\/08\/IMG_8667-300x162.jpg 300w, https:\/\/www.moravecteam.cz\/wp-content\/uploads\/2019\/08\/IMG_8667-1024x555.jpg 1024w\" sizes=\"(max-width: 2000px) 100vw, 2000px\" \/><\/a><figcaption id=\"caption-attachment-13634\" class=\"wp-caption-text\">Tak to je ona &#8211; Stezka nad vinohrady mezi obcemi Kobil\u00ed a Vrbice.<\/figcaption><\/figure>\n<p style=\"text-align: justify;\">Lou\u010den\u00ed nebylo jednoduch\u00e9, ale v\u00edte jak se to \u0159\u00edk\u00e1: na ka\u017ed\u00e9m konci n\u011b\u010deho je p\u011bkn\u00e9 to, \u017ee za\u010d\u00edn\u00e1 n\u011bco nov\u00e9ho. A pr\u00e1v\u011b p\u0159i posezen\u00ed p\u0159ed vinn\u00fdm skl\u00edpkem slovo dalo slovo, \u017ee by z\u00e1kladnou na\u0161eho p\u0159\u00ed\u0161t\u00edho kempu mohla b\u00fdt legend\u00e1rn\u00ed a pro MORAVEC Team docela kultovn\u00ed &#8211; Kutn\u00e1 Hora! U\u017e te\u010f se za rok, v obvykl\u00e9m \u010dase, t\u011b\u0161\u00edme! Z ka\u017ed\u00e9ho kempov\u00e9ho dne m\u00e1me d\u00edky Petrovi a Karlovi fotky, kter\u00e9 potvrzuj\u00ed v\u00fd\u0161e ve stru\u010dnosti popsan\u00e9&#8230;<\/p>\n<ul>\n<li><strong><a href=\"https:\/\/moravecteam.rajce.idnes.cz\/2019.07.29_Kemp_Straznice\">pond\u011bl\u00ed<\/a><\/strong><\/li>\n<li><strong><a href=\"https:\/\/moravecteam.rajce.idnes.cz\/2019.07.30_Kemp_Straznice\">\u00fater\u00fd<\/a><\/strong><\/li>\n<li><strong><a href=\"https:\/\/moravecteam.rajce.idnes.cz\/2019.07.31_Kemp_Straznice\">st\u0159eda<\/a><\/strong><\/li>\n<li><strong><a href=\"https:\/\/moravecteam.rajce.idnes.cz\/2019.08.01_Kemp_Straznice\">\u010dtvrtek<\/a><\/strong><\/li>\n<li><strong><a href=\"https:\/\/moravecteam.rajce.idnes.cz\/2019.08.02_Kemp_Straznice\">p\u00e1tek<\/a><\/strong><\/li>\n<\/ul>\n<figure id=\"attachment_13638\" aria-describedby=\"caption-attachment-13638\" style=\"width: 1631px\" class=\"wp-caption alignnone\"><a href=\"http:\/\/www.moravecteam.cz\/?attachment_id=13638\" rel=\"attachment wp-att-13638\"><img decoding=\"async\" loading=\"lazy\" class=\" wp-image-13638\" alt=\"DSC_0048\" src=\"http:\/\/www.moravecteam.cz\/wp-content\/uploads\/2019\/08\/DSC_0048.jpg\" width=\"1631\" height=\"1238\" srcset=\"https:\/\/www.moravecteam.cz\/wp-content\/uploads\/2019\/08\/DSC_0048.jpg 1631w, https:\/\/www.moravecteam.cz\/wp-content\/uploads\/2019\/08\/DSC_0048-300x227.jpg 300w, https:\/\/www.moravecteam.cz\/wp-content\/uploads\/2019\/08\/DSC_0048-1024x777.jpg 1024w\" sizes=\"(max-width: 1631px) 100vw, 1631px\" \/><\/a><figcaption id=\"caption-attachment-13638\" class=\"wp-caption-text\">Jon\u00e1\u0161ek se v pr\u016fb\u011bhu kempu p\u0159edvedl nejen jako velmi zdatn\u00fd biker&#8230;!<\/figcaption><\/figure>\n<p style=\"text-align: justify;\">\n","protected":false},"excerpt":{"rendered":"<p>Ne, nejedn\u00e1 se o rychlost, jakou jsme zpravidla uh\u00e1n\u011bli rovinat\u00fdmi ter\u00e9ny v okol\u00ed Str\u00e1\u017enice v r\u00e1mci leto\u0161n\u00edho pr\u00e1zdninov\u00e9ho cykloputov\u00e1n\u00ed&#8230; Je to plus \/ m\u00ednus kilometrov\u00e1 distanc,\u00a0kterou urazila \u0161estn\u00e1ctka state\u010dn\u00fdch \u00fa\u010dastn\u00edk\u016f ve t\u0159ech cykloetap\u00e1ch, kter\u00e9 m\u011bl letos n\u00e1\u0161 pr\u00e1zdninov\u00fd kemp ve sv\u00e9m iterer\u00e1\u0159i. Nechyb\u011bla ani turistika s\u00a0n\u00e1v\u0161t\u011bvami r\u016fzn\u00fdch zaj\u00edmav\u00fdch m\u00edst, na kter\u00e9 ani Str\u00e1\u017enicko,\u00a0a u\u017e v\u016fbec &hellip; <a href=\"https:\/\/www.moravecteam.cz\/?p=13619\" class=\"more-link\">Pokra\u010dov\u00e1n\u00ed textu <span class=\"screen-reader-text\">Stodvacet..!<\/span> <span class=\"meta-nav\">&rarr;<\/span><\/a><\/p>\n","protected":false},"author":3,"featured_media":13624,"comment_status":"open","ping_status":"closed","sticky":false,"template":"","format":"standard","meta":[],"categories":[9],"tags":[],"_links":{"self":[{"href":"https:\/\/www.moravecteam.cz\/index.php?rest_route=\/wp\/v2\/posts\/13619"}],"collection":[{"href":"https:\/\/www.moravecteam.cz\/index.php?rest_route=\/wp\/v2\/posts"}],"about":[{"href":"https:\/\/www.moravecteam.cz\/index.php?rest_route=\/wp\/v2\/types\/post"}],"author":[{"embeddable":true,"href":"https:\/\/www.moravecteam.cz\/index.php?rest_route=\/wp\/v2\/users\/3"}],"replies":[{"embeddable":true,"href":"https:\/\/www.moravecteam.cz\/index.php?rest_route=%2Fwp%2Fv2%2Fcomments&post=13619"}],"version-history":[{"count":11,"href":"https:\/\/www.moravecteam.cz\/index.php?rest_route=\/wp\/v2\/posts\/13619\/revisions"}],"predecessor-version":[{"id":13643,"href":"https:\/\/www.moravecteam.cz\/index.php?rest_route=\/wp\/v2\/posts\/13619\/revisions\/13643"}],"wp:featuredmedia":[{"embeddable":true,"href":"https:\/\/www.moravecteam.cz\/index.php?rest_route=\/wp\/v2\/media\/13624"}],"wp:attachment":[{"href":"https:\/\/www.moravecteam.cz\/index.php?rest_route=%2Fwp%2Fv2%2Fmedia&parent=13619"}],"wp:term":[{"taxonomy":"category","embeddable":true,"href":"https:\/\/www.moravecteam.cz\/index.php?rest_route=%2Fwp%2Fv2%2Fcategories&post=13619"},{"taxonomy":"post_tag","embeddable":true,"href":"https:\/\/www.moravecteam.cz\/index.php?rest_route=%2Fwp%2Fv2%2Ftags&post=13619"}],"curies":[{"name":"wp","href":"https:\/\/api.w.org\/{rel}","templated":true}]}}