{"id":13644,"date":"2019-08-05T19:04:20","date_gmt":"2019-08-05T17:04:20","guid":{"rendered":"http:\/\/www.moravecteam.cz\/?p=13644"},"modified":"2019-08-06T22:36:03","modified_gmt":"2019-08-06T20:36:03","slug":"co-se-bude-dit-st32-5","status":"publish","type":"post","link":"https:\/\/www.moravecteam.cz\/?p=13644","title":{"rendered":"Co se bude d\u00edt? (ST32)-2"},"content":{"rendered":"<h5><span style=\"color: #800000;\">Term\u00ednov\u00fd kalend\u00e1\u0159 MORAVEC Team 2019:<\/span><\/h5>\n<p><strong><a href=\"http:\/\/www.moravecteam.cz\/?attachment_id=13036\" rel=\"attachment wp-att-13036\">MORAVEC Team &#8211; term\u00ednov\u00fd kalend\u00e1\u0159 2019<\/a><\/strong><\/p>\n<h5><span style=\"color: #800000;\">\u00dater\u00fd 6.8. 2019<\/span><\/h5>\n<p style=\"text-align: justify;\">Silni\u010dn\u00ed tr\u00e9nink pod veden\u00edm\u00a0<strong><span style=\"color: #800000;\">Vlast\u00edka Odehnala, Franty Pad\u011bry a\u00a0Jirky \u0160t\u011bpan\u00edka<\/span><\/strong>\u00a0 &#8211; sraz v 17.00 u Z\u0160 Bene\u0161ov.<\/p>\n<h5><span style=\"color: #800000;\">St\u0159eda 7.8. 2019<\/span><\/h5>\n<p style=\"text-align: justify;\">Bikov\u00fd tr\u00e9nink pod veden\u00edm <strong><span style=\"color: #800000;\">Jirky \u0160t\u011bpan\u00edka, Milana \u0160af\u00e1\u0159e, Libora Barto\u0161e, Jardy P\u00e1nka a Petra Koudelky.<\/span><\/strong> Sraz v 17.00 hodin u Pazderny na Okrouhl\u00e9. <span style=\"text-decoration: underline;\"><strong><span style=\"color: #ff0000; text-decoration: underline;\">Rodi\u010de POZOR!<\/span><\/strong><\/span> v r\u00e1mci tr\u00e9ninku bude\u00a0<strong><span style=\"color: #800000;\">Lenka Tlamkov\u00e1<\/span><\/strong> propl\u00e1cet odd\u00edlov\u00fd p\u0159\u00edsp\u011bvek\u00a0 pro na\u0161e licencovan\u00e9 \u00fa\u010dastn\u00edky z\u00e1vod\u016f leto\u0161n\u00edho MTB \u010cesk\u00e9ho poh\u00e1ru.\u00a0 Od cca 18.00 hodin pak zhodnot\u00edme spole\u010dn\u011b dosavadn\u00ed pr\u016fb\u011bh sez\u00f3ny, pohovo\u0159\u00edme o jej\u00edm zb\u00fdvaj\u00edc\u00edm pr\u016fb\u011bhu, nast\u00edn\u00edme sez\u00f3nu p\u0159\u00ed\u0161t\u00ed&#8230;<\/p>\n<h5><span style=\"color: #800000;\">P\u00e1tek 9.8. 2019<\/span><\/h5>\n<p style=\"text-align: justify;\">Prohl\u00eddka trat\u00ed \u0161est\u00e9ho z\u00e1vodu MTB Superior Colorprofi Poh\u00e1ru Drahansk\u00e9 vrchoviny v Bukov\u00e9 &#8211; od 17.00 hodin.<\/p>\n<h5><span style=\"color: #800000;\">Sobota 10.8. 2019<\/span><\/h5>\n<p style=\"text-align: justify;\">\u0160est\u00fd z\u00e1vod MTB Superior &#8211; Colorprofi Poh\u00e1ru Drahansk\u00e9 vrchoviny v Bukov\u00e9. Zde studujte propozice:\u00a0<strong><a href=\"http:\/\/www.moravecteam.cz\/?attachment_id=13649\" rel=\"attachment wp-att-13649\">6. PDV2019_Bukov\u00e1_propozice[1667]<\/a><\/strong><\/p>\n<h5 style=\"text-align: justify;\"><span style=\"color: #800000;\">AKCE T\u011aSN\u011a ZA HORIZONTEM<\/span><\/h5>\n<ul>\n<li><strong><span style=\"color: #800000;\">17.8. 2019<\/span><\/strong>\u00a0&#8211; 7. z\u00e1vod MTB Superior Colorprofi poh\u00e1ru Drahansk\u00e9 vrchoviny v Boskovic\u00edch.<\/li>\n<li><span style=\"color: #800000;\"><strong>24.8. 2019<\/strong><\/span>\u00a0&#8211; 8. z\u00e1vod MTB Superior Colorprofi poh\u00e1ru Drahansk\u00e9 vrchoviny v Ko\u0159enci.<\/li>\n<li><strong><span style=\"color: #800000;\">7.9. 2019<\/span> <\/strong>&#8211; 9. z\u00e1vod\u00a0MTB Superior Colorprofi poh\u00e1ru Drahansk\u00e9 vrchoviny ve Velenov\u011b<\/li>\n<li><span style=\"color: #800000;\"><strong>17.9. 2019<\/strong><\/span> &#8211; 10. z\u00e1vod\u00a0MTB Superior Colorprofi poh\u00e1ru Drahansk\u00e9 vrchoviny v Kn\u00ednic\u00edch<\/li>\n<li><strong><span style=\"color: #800000;\">21.9. 2019<\/span><\/strong> &#8211; 11. z\u00e1vod\u00a0MTB Superior Colorprofi poh\u00e1ru Drahansk\u00e9 vrchoviny v Nov\u00e9m M\u011bt\u011b na Morav\u011b &#8211; fin\u00e1le.<\/li>\n<\/ul>\n<h5><strong><span style=\"color: #800000;\">AKCE\u00a0 ZA DV\u011aMA HORIZONTY<\/span><\/strong><\/h5>\n<p><strong><span style=\"color: #800000;\">9.- 16.2. 2020<\/span><\/strong>\u00a0&#8211; zimn\u00ed soust\u0159ed\u011bn\u00ed v Jesen\u00edk\u00e1ch &#8211; na tradi\u010dn\u00edm m\u00edst\u011b &#8211; chata N\u00e1vr\u0161\u00ed.<\/p>\n<p>&nbsp;<\/p>\n","protected":false},"excerpt":{"rendered":"<p>Term\u00ednov\u00fd kalend\u00e1\u0159 MORAVEC Team 2019: MORAVEC Team &#8211; term\u00ednov\u00fd kalend\u00e1\u0159 2019 \u00dater\u00fd 6.8. 2019 Silni\u010dn\u00ed tr\u00e9nink pod veden\u00edm\u00a0Vlast\u00edka Odehnala, Franty Pad\u011bry a\u00a0Jirky \u0160t\u011bpan\u00edka\u00a0 &#8211; sraz v 17.00 u Z\u0160 Bene\u0161ov. St\u0159eda 7.8. 2019 Bikov\u00fd tr\u00e9nink pod veden\u00edm Jirky \u0160t\u011bpan\u00edka, Milana \u0160af\u00e1\u0159e, Libora Barto\u0161e, Jardy P\u00e1nka a Petra Koudelky. Sraz v 17.00 hodin u Pazderny na &hellip; <a href=\"https:\/\/www.moravecteam.cz\/?p=13644\" class=\"more-link\">Pokra\u010dov\u00e1n\u00ed textu <span class=\"screen-reader-text\">Co se bude d\u00edt? (ST32)-2<\/span> <span class=\"meta-nav\">&rarr;<\/span><\/a><\/p>\n","protected":false},"author":3,"featured_media":13647,"comment_status":"open","ping_status":"closed","sticky":false,"template":"","format":"standard","meta":[],"categories":[11],"tags":[],"_links":{"self":[{"href":"https:\/\/www.moravecteam.cz\/index.php?rest_route=\/wp\/v2\/posts\/13644"}],"collection":[{"href":"https:\/\/www.moravecteam.cz\/index.php?rest_route=\/wp\/v2\/posts"}],"about":[{"href":"https:\/\/www.moravecteam.cz\/index.php?rest_route=\/wp\/v2\/types\/post"}],"author":[{"embeddable":true,"href":"https:\/\/www.moravecteam.cz\/index.php?rest_route=\/wp\/v2\/users\/3"}],"replies":[{"embeddable":true,"href":"https:\/\/www.moravecteam.cz\/index.php?rest_route=%2Fwp%2Fv2%2Fcomments&post=13644"}],"version-history":[{"count":4,"href":"https:\/\/www.moravecteam.cz\/index.php?rest_route=\/wp\/v2\/posts\/13644\/revisions"}],"predecessor-version":[{"id":13650,"href":"https:\/\/www.moravecteam.cz\/index.php?rest_route=\/wp\/v2\/posts\/13644\/revisions\/13650"}],"wp:featuredmedia":[{"embeddable":true,"href":"https:\/\/www.moravecteam.cz\/index.php?rest_route=\/wp\/v2\/media\/13647"}],"wp:attachment":[{"href":"https:\/\/www.moravecteam.cz\/index.php?rest_route=%2Fwp%2Fv2%2Fmedia&parent=13644"}],"wp:term":[{"taxonomy":"category","embeddable":true,"href":"https:\/\/www.moravecteam.cz\/index.php?rest_route=%2Fwp%2Fv2%2Fcategories&post=13644"},{"taxonomy":"post_tag","embeddable":true,"href":"https:\/\/www.moravecteam.cz\/index.php?rest_route=%2Fwp%2Fv2%2Ftags&post=13644"}],"curies":[{"name":"wp","href":"https:\/\/api.w.org\/{rel}","templated":true}]}}