{"id":13652,"date":"2019-08-12T13:41:02","date_gmt":"2019-08-12T11:41:02","guid":{"rendered":"http:\/\/www.moravecteam.cz\/?p=13652"},"modified":"2019-08-15T00:05:06","modified_gmt":"2019-08-14T22:05:06","slug":"co-se-bude-dit-st33-5","status":"publish","type":"post","link":"https:\/\/www.moravecteam.cz\/?p=13652","title":{"rendered":"Co se bude d\u00edt? (ST33) -2"},"content":{"rendered":"<h5><span style=\"color: #800000;\">Term\u00ednov\u00fd kalend\u00e1\u0159 MORAVEC Team 2019:<\/span><\/h5>\n<p><strong><a href=\"http:\/\/www.moravecteam.cz\/?attachment_id=13036\" rel=\"attachment wp-att-13036\">MORAVEC Team &#8211; term\u00ednov\u00fd kalend\u00e1\u0159 2019<\/a><\/strong><\/p>\n<h5><span style=\"color: #800000;\">\u00dater\u00fd 13.8. 2019<\/span><\/h5>\n<ul>\n<li style=\"text-align: justify;\">Silni\u010dn\u00ed tr\u00e9nink pod veden\u00edm\u00a0<span style=\"color: #800000;\"><strong>Franty Pad\u011bry a\u00a0Jirky \u0160t\u011bpan\u00edka<\/strong>\u00a0<\/span> &#8211; sraz v 17.00 u Z\u0160 Bene\u0161ov.<\/li>\n<li style=\"text-align: justify;\">Zna\u010den\u00ed trat\u00ed z\u00e1vodu PDV v Boskovic\u00edch. Sraz dobrovoln\u00edk\u016f z \u0159ad MORAVEC Teamu v 16.00 hodin ve Sportparku Doubravy.<\/li>\n<\/ul>\n<h5><span style=\"color: #800000;\">St\u0159eda 14.8. 2019<\/span><\/h5>\n<ul>\n<li>Zna\u010den\u00ed trat\u00ed z\u00e1vodu PDV v Boskovic\u00edch. Sraz dobrovoln\u00edk\u016f v 16.00 hodin ve Sportparku Doubravy.<\/li>\n<li>Bikov\u00fd tr\u00e9nink pod veden\u00edm <strong><span style=\"color: #800000;\">Jirky Va\u0161\u00ed\u010dka, Milana \u0160af\u00e1\u0159e a Jardy P\u00e1nka<\/span>.<\/strong> Sraz v 17.00 hodin ve Sportparku Doubravy v Boskovic\u00edch.<\/li>\n<\/ul>\n<h5><strong><span style=\"color: #800000;\">\u010ctvrtek 15.8. 2019<\/span><\/strong><\/h5>\n<p style=\"text-align: justify;\">Dokon\u010den\u00ed zna\u010den\u00ed trat\u00ed v Boskovic\u00edch.\u00a0Sraz dobrovoln\u00edk\u016f v 16.00 hodin ve Sportparku Doubravy.<\/p>\n<h5><span style=\"color: #800000;\"><strong>P\u00e1tek 16.8. 2019<\/strong><\/span><\/h5>\n<p>Prohl\u00eddka trat\u00ed\u00a0sedm\u00e9ho z\u00e1vodu MTB Superior Colorprofi Poh\u00e1ru Drahansk\u00e9 vrchoviny v\u00a0Boskovic\u00edch &#8211; od 17.00 hodin.<\/p>\n<h5><span style=\"color: #800000;\">Sobota 17.8. 2019<\/span><\/h5>\n<p>Sedm\u00fd\u00a0z\u00e1vod MTB Superior &#8211; Colorprofi Poh\u00e1ru Drahansk\u00e9 vrchoviny v Boskovic\u00edch. Zde studujte propozice:<a href=\"http:\/\/www.moravecteam.cz\/?attachment_id=13667\" rel=\"attachment wp-att-13667\">07. <strong>PDV2019_Boskovice_propozice<\/strong><\/a><\/p>\n<h5><span style=\"color: #800000;\">AKCE T\u011aSN\u011a ZA HORIZONTEM<\/span><\/h5>\n<ul>\n<li><span style=\"color: #800000;\"><strong>24.8. 2019<\/strong>\u00a0<\/span>&#8211; 8. z\u00e1vod MTB Superior Colorprofi poh\u00e1ru Drahansk\u00e9 vrchoviny v Ko\u0159enci.<\/li>\n<li><strong><span style=\"color: #800000;\">7.9. 2019<\/span> <\/strong>&#8211; 9. z\u00e1vod\u00a0MTB Superior Colorprofi poh\u00e1ru Drahansk\u00e9 vrchoviny ve Velenov\u011b<\/li>\n<li><span style=\"color: #800000;\"><strong>14.9. 2019<\/strong> <\/span>&#8211; 10. z\u00e1vod\u00a0MTB Superior Colorprofi poh\u00e1ru Drahansk\u00e9 vrchoviny v Kn\u00ednic\u00edch<\/li>\n<li><span style=\"color: #800000;\"><strong>21.9. 2019<\/strong> <\/span>&#8211; 11. z\u00e1vod\u00a0MTB Superior Colorprofi poh\u00e1ru Drahansk\u00e9 vrchoviny v Nov\u00e9m M\u011bt\u011b na Morav\u011b &#8211; fin\u00e1le.<\/li>\n<\/ul>\n<h5><span style=\"color: #800000;\"><strong>AKCE\u00a0 ZA DV\u011aMA HORIZONTY<\/strong><\/span><\/h5>\n<p><strong><span style=\"color: #800000;\">9.- 16.2. 2020\u00a0<\/span><\/strong>&#8211; zimn\u00ed soust\u0159ed\u011bn\u00ed v Jesen\u00edk\u00e1ch &#8211; na tradi\u010dn\u00edm m\u00edst\u011b &#8211; chata N\u00e1vr\u0161\u00ed.<\/p>\n<p>&nbsp;<\/p>\n","protected":false},"excerpt":{"rendered":"<p>Term\u00ednov\u00fd kalend\u00e1\u0159 MORAVEC Team 2019: MORAVEC Team &#8211; term\u00ednov\u00fd kalend\u00e1\u0159 2019 \u00dater\u00fd 13.8. 2019 Silni\u010dn\u00ed tr\u00e9nink pod veden\u00edm\u00a0Franty Pad\u011bry a\u00a0Jirky \u0160t\u011bpan\u00edka\u00a0 &#8211; sraz v 17.00 u Z\u0160 Bene\u0161ov. Zna\u010den\u00ed trat\u00ed z\u00e1vodu PDV v Boskovic\u00edch. Sraz dobrovoln\u00edk\u016f z \u0159ad MORAVEC Teamu v 16.00 hodin ve Sportparku Doubravy. St\u0159eda 14.8. 2019 Zna\u010den\u00ed trat\u00ed z\u00e1vodu PDV v Boskovic\u00edch. &hellip; <a href=\"https:\/\/www.moravecteam.cz\/?p=13652\" class=\"more-link\">Pokra\u010dov\u00e1n\u00ed textu <span class=\"screen-reader-text\">Co se bude d\u00edt? (ST33) -2<\/span> <span class=\"meta-nav\">&rarr;<\/span><\/a><\/p>\n","protected":false},"author":3,"featured_media":13657,"comment_status":"open","ping_status":"closed","sticky":false,"template":"","format":"standard","meta":[],"categories":[11],"tags":[],"_links":{"self":[{"href":"https:\/\/www.moravecteam.cz\/index.php?rest_route=\/wp\/v2\/posts\/13652"}],"collection":[{"href":"https:\/\/www.moravecteam.cz\/index.php?rest_route=\/wp\/v2\/posts"}],"about":[{"href":"https:\/\/www.moravecteam.cz\/index.php?rest_route=\/wp\/v2\/types\/post"}],"author":[{"embeddable":true,"href":"https:\/\/www.moravecteam.cz\/index.php?rest_route=\/wp\/v2\/users\/3"}],"replies":[{"embeddable":true,"href":"https:\/\/www.moravecteam.cz\/index.php?rest_route=%2Fwp%2Fv2%2Fcomments&post=13652"}],"version-history":[{"count":6,"href":"https:\/\/www.moravecteam.cz\/index.php?rest_route=\/wp\/v2\/posts\/13652\/revisions"}],"predecessor-version":[{"id":13670,"href":"https:\/\/www.moravecteam.cz\/index.php?rest_route=\/wp\/v2\/posts\/13652\/revisions\/13670"}],"wp:featuredmedia":[{"embeddable":true,"href":"https:\/\/www.moravecteam.cz\/index.php?rest_route=\/wp\/v2\/media\/13657"}],"wp:attachment":[{"href":"https:\/\/www.moravecteam.cz\/index.php?rest_route=%2Fwp%2Fv2%2Fmedia&parent=13652"}],"wp:term":[{"taxonomy":"category","embeddable":true,"href":"https:\/\/www.moravecteam.cz\/index.php?rest_route=%2Fwp%2Fv2%2Fcategories&post=13652"},{"taxonomy":"post_tag","embeddable":true,"href":"https:\/\/www.moravecteam.cz\/index.php?rest_route=%2Fwp%2Fv2%2Ftags&post=13652"}],"curies":[{"name":"wp","href":"https:\/\/api.w.org\/{rel}","templated":true}]}}