{"id":13658,"date":"2019-08-15T21:33:50","date_gmt":"2019-08-15T19:33:50","guid":{"rendered":"http:\/\/www.moravecteam.cz\/?p=13658"},"modified":"2019-08-15T21:33:50","modified_gmt":"2019-08-15T19:33:50","slug":"sampionky-v-akci","status":"publish","type":"post","link":"https:\/\/www.moravecteam.cz\/?p=13658","title":{"rendered":"\u0160ampi\u00f3nky v akci!"},"content":{"rendered":"<p style=\"text-align: justify;\"><strong><span style=\"color: #800000;\">\u010cty\u0159i na\u0161i \u00fasp\u011b\u0161n\u00ed bike\u0159i z ned\u00e1vn\u00e9ho\u00a0MTB Mistrovstv\u00ed \u010cR v Hlinsku se p\u0159edvedli ve v\u00fdborn\u00e9m sv\u011btle i na \u0161est\u00e9 &#8222;vrchovin\u011b&#8220; minulou sobotu v Bukov\u00e9. Na zlat\u00e9 vln\u011b se nad\u00e1le vezou sestry Anna a Eli\u0161ka Han\u00e1kovy, st\u0159\u00edbro vybojovala Am\u00e1lka Gottwdov\u00e1, bronz pak v nejpresti\u017en\u011bj\u0161\u00ed\u00a0kategorii mu\u017e\u016f ELITE Petr \u0160ich. Cenn\u00e1 jsou ale i dal\u0161\u00ed medailov\u00e1 um\u00edst\u011bn\u00ed na\u0161ich borc\u016f a borek a \u00a0pochv\u00e1lit je t\u0159eba i ty na\u0161e reprezentanty, stoj\u00edc\u00ed aktu\u00e1ln\u011b sice mimo hru o medaile, nicm\u00e9n\u011b bojuj\u00edc\u00ed za ka\u017ed\u00fdch okolnost\u00ed &#8222;na doraz&#8220;. Konkurence se se\u0161la v Bukov\u00e9 vskutku kvalitn\u00ed: v\u017edy\u0165 krom\u011b dvou na\u0161ich \u0161ampionek zde startovali \u00a0je\u0161t\u011b dal\u0161\u00ed t\u0159i \u010derstv\u00ed bikov\u00ed Mist\u0159i \u010cesk\u00e9 republiky!<\/span><\/strong><\/p>\n<figure id=\"attachment_13675\" aria-describedby=\"caption-attachment-13675\" style=\"width: 811px\" class=\"wp-caption alignnone\"><a href=\"http:\/\/www.moravecteam.cz\/?attachment_id=13675\" rel=\"attachment wp-att-13675\"><img decoding=\"async\" loading=\"lazy\" class=\" wp-image-13675\" alt=\"7DD99F19-D5A1-4ABB-A1FD-1693702004B9\" src=\"http:\/\/www.moravecteam.cz\/wp-content\/uploads\/2019\/08\/7DD99F19-D5A1-4ABB-A1FD-1693702004B9.jpg\" width=\"811\" height=\"815\" srcset=\"https:\/\/www.moravecteam.cz\/wp-content\/uploads\/2019\/08\/7DD99F19-D5A1-4ABB-A1FD-1693702004B9.jpg 811w, https:\/\/www.moravecteam.cz\/wp-content\/uploads\/2019\/08\/7DD99F19-D5A1-4ABB-A1FD-1693702004B9-25x25.jpg 25w, https:\/\/www.moravecteam.cz\/wp-content\/uploads\/2019\/08\/7DD99F19-D5A1-4ABB-A1FD-1693702004B9-298x300.jpg 298w\" sizes=\"(max-width: 811px) 100vw, 811px\" \/><\/a><figcaption id=\"caption-attachment-13675\" class=\"wp-caption-text\">Prezident \u010cesk\u00e9ho svazu cyklistiky na z\u00e1vod\u011b MTB &#8222;Vrchoviny&#8220;! Tak to zde je\u0161t\u011b nebylo&#8230;<\/figcaption><\/figure>\n<p style=\"text-align: justify;\">A v\u0161echno to zaj\u00edmav\u00e9 bukovsk\u00e9 d\u011bn\u00ed, v\u010detn\u011b poctiv\u00fdch v\u00fdkon\u016f na\u0161ich rajdr\u016f\u00a0sledoval i \u00fa\u0159aduj\u00edc\u00ed prezident \u010cesk\u00e9ho svazu cyklistiky, <strong><span style=\"color: #800000;\">Petr Marek<\/span><\/strong>! Vskutku ne\u010dekan\u00e1, o to milej\u0161\u00ed n\u00e1v\u0161t\u011bva dokladuje, \u017ee MTB &#8222;Vrchovina&#8220; je podnikem uzn\u00e1van\u00fdm v nejvy\u0161\u0161\u00edch tuzemsk\u00fdch cyklistick\u00fdch sf\u00e9r\u00e1ch&#8230;!<\/p>\n<figure id=\"attachment_13676\" aria-describedby=\"caption-attachment-13676\" style=\"width: 614px\" class=\"wp-caption alignnone\"><a href=\"http:\/\/www.moravecteam.cz\/?attachment_id=13676\" rel=\"attachment wp-att-13676\"><img decoding=\"async\" loading=\"lazy\" class=\" wp-image-13676\" alt=\"1E1D23E1-4BB5-499D-A4AD-9F9A1F036C36\" src=\"http:\/\/www.moravecteam.cz\/wp-content\/uploads\/2019\/08\/1E1D23E1-4BB5-499D-A4AD-9F9A1F036C36.jpg\" width=\"614\" height=\"728\" srcset=\"https:\/\/www.moravecteam.cz\/wp-content\/uploads\/2019\/08\/1E1D23E1-4BB5-499D-A4AD-9F9A1F036C36.jpg 614w, https:\/\/www.moravecteam.cz\/wp-content\/uploads\/2019\/08\/1E1D23E1-4BB5-499D-A4AD-9F9A1F036C36-253x300.jpg 253w\" sizes=\"(max-width: 614px) 100vw, 614px\" \/><\/a><figcaption id=\"caption-attachment-13676\" class=\"wp-caption-text\">V\u011b\u010dn\u011b usm\u011bvav\u00e1 Leonka Eclerov\u00e1 na startu&#8230; V Bukov\u00e9 &#8222;vyv\u00e1l\u010dila&#8220; cenn\u00e9 st\u0159\u00edbro!<\/figcaption><\/figure>\n<p style=\"text-align: justify;\">Kulminuj\u00edc\u00ed doba dovolen\u00fdch\u00a0 a Kolo pro \u017divot v Nov\u00e9m M\u011bst\u011b na Morav\u011b &#8211;\u00a0to \u00a0byly dva hlavn\u00ed d\u016fvody,\u00a0pro\u010d n\u00e1\u0161 \u00fadern\u00fd \u0161ik nebyl v Bukov\u00e9 kompletn\u00ed. I p\u0159es to se poda\u0159ilo vyv\u00e1l\u010dit v po\u0159ad\u00ed OPEN celkem osm medail\u00ed! Projd\u011bme tedy chronologicky bikov\u00fdm dnem v Bukov\u00e9 s akcentem na v\u00fdkony borc\u016f a borek MORAVEC Teamu.<\/p>\n<figure id=\"attachment_13677\" aria-describedby=\"caption-attachment-13677\" style=\"width: 976px\" class=\"wp-caption alignnone\"><a href=\"http:\/\/www.moravecteam.cz\/?attachment_id=13677\" rel=\"attachment wp-att-13677\"><img decoding=\"async\" loading=\"lazy\" class=\" wp-image-13677\" alt=\"79CA0D75-13D8-4490-BD34-BB316BDF99EF\" src=\"http:\/\/www.moravecteam.cz\/wp-content\/uploads\/2019\/08\/79CA0D75-13D8-4490-BD34-BB316BDF99EF.jpg\" width=\"976\" height=\"840\" srcset=\"https:\/\/www.moravecteam.cz\/wp-content\/uploads\/2019\/08\/79CA0D75-13D8-4490-BD34-BB316BDF99EF.jpg 976w, https:\/\/www.moravecteam.cz\/wp-content\/uploads\/2019\/08\/79CA0D75-13D8-4490-BD34-BB316BDF99EF-300x258.jpg 300w\" sizes=\"(max-width: 976px) 100vw, 976px\" \/><\/a><figcaption id=\"caption-attachment-13677\" class=\"wp-caption-text\">Dal\u0161\u00edm na\u0161\u00edm &#8222;st\u0159\u00edbr\u0148\u00e1kem&#8220; z Bukov\u00e9 je Jon\u00e1\u0161ek Janovsk\u00fd!<\/figcaption><\/figure>\n<p style=\"text-align: justify;\">Na prvn\u00ed medailov\u00fd \u00fasp\u011bch jsme nemuseli \u010dekat dlouho. Hned ve t\u0159et\u00edm startu dne vybojoval po kvalitn\u00edm v\u00fdkonu v kategorii chlapc\u016f do 6-ti let st\u0159\u00edbro <strong><span style=\"color: #800000;\">Jon\u00e1\u0161ek Janovsk\u00fd<\/span><\/strong>. Na t\u011b\u017ek\u00e9m, tak\u0159ka kilometr dlouh\u00e9m okruhu v souboji s v\u00edce jak tuctem soupe\u0159\u016f prok\u00e1zal svoji s\u00edlu! V\u00fdborn\u011b zajel v tomto startu\u00a0i v c\u00edli nakonec \u0161est\u00fd, n\u00e1\u0161 druh\u00fd reprezentant, <strong><span style=\"color: #800000;\">Ton\u00edk Han\u00e1k<\/span><\/strong>. V z\u00e1vod\u011b stejn\u00e9 kategorie d\u00edvek n\u00e1m ud\u011blala tak\u00e9 st\u0159\u00edbrnou radost <span style=\"color: #800000;\"><strong>Leonka Eclerov\u00e1<\/strong><\/span>, kterou od zlat\u00e9 pozice zl\u00ednsk\u00e9 Sofie Drongov\u00e9 d\u011blilo 8 vte\u0159inek&#8230; V z\u00e1vod\u011b d\u011bv\u010dat 7-8 let dr\u017eela dlouho medailov\u00e9 pozice <strong><span style=\"color: #800000;\">Ad\u00e9lka V\u011brn\u00e1<\/span><\/strong>, v c\u00edli j\u00ed bronz ale nakonec uniknul o 3 vte\u0159inky&#8230; V tomto startu jsme zatleskali na\u0161\u00ed tr\u00e9ninkov\u00e9 par\u0165a\u010dce, Veronice \u0160af\u00e1\u0159ov\u00e9. V nap\u00ednav\u00e9m z\u00e1vod\u011b dlouho vedla, v z\u00e1v\u011bru v\u0161ak podlehla tlaku v\u00fdborn\u011b fini\u0161uj\u00edc\u00ed Terky Hrazdilov\u00e9 (Aspire SCM Brno).<\/p>\n<figure id=\"attachment_13678\" aria-describedby=\"caption-attachment-13678\" style=\"width: 1152px\" class=\"wp-caption alignnone\"><a href=\"http:\/\/www.moravecteam.cz\/?attachment_id=13678\" rel=\"attachment wp-att-13678\"><img decoding=\"async\" loading=\"lazy\" class=\" wp-image-13678\" alt=\"00EB9F83-31DF-40FA-BE98-435963EC6A60\" src=\"http:\/\/www.moravecteam.cz\/wp-content\/uploads\/2019\/08\/00EB9F83-31DF-40FA-BE98-435963EC6A60.jpg\" width=\"1152\" height=\"1047\" srcset=\"https:\/\/www.moravecteam.cz\/wp-content\/uploads\/2019\/08\/00EB9F83-31DF-40FA-BE98-435963EC6A60.jpg 1152w, https:\/\/www.moravecteam.cz\/wp-content\/uploads\/2019\/08\/00EB9F83-31DF-40FA-BE98-435963EC6A60-300x272.jpg 300w, https:\/\/www.moravecteam.cz\/wp-content\/uploads\/2019\/08\/00EB9F83-31DF-40FA-BE98-435963EC6A60-1024x930.jpg 1024w\" sizes=\"(max-width: 1152px) 100vw, 1152px\" \/><\/a><figcaption id=\"caption-attachment-13678\" class=\"wp-caption-text\">Soust\u0159ed\u011bn\u00e9 na startu a spokojen\u00e9 v c\u00edli. Just\u00fdna Novotn\u00e1 a Lucka Gottwaldov\u00e1: dv\u011b nna\u0161e medailistky v kategorii d\u00edvek 9-10 let.<\/figcaption><\/figure>\n<p style=\"text-align: justify;\">Na\u0161i dopoledn\u00ed medailist\u00e9 si u\u017e\u00edvali p\u0159ed\u00e1v\u00e1n\u00ed cen a medail\u00ed od \u010dty\u0159 na\u0161ich p\u0159\u00e1tel z dalek\u00e9 Indie, kte\u0159\u00ed si velmi sympaticky na\u0161li cestu na region\u00e1ln\u00ed z\u00e1vod horsk\u00fdch kol. To u\u017e ale vyrazili na trat\u011b kategorie d\u011bt\u00ed 9-10 let a po z\u00e1vod\u011b d\u011bv\u010dat jsme se d\u00edky <strong><span style=\"color: #800000;\">Just\u00fdnce\u00a0 Novotn\u00e9<\/span><\/strong> mohli radovat z prvn\u00ed zlat\u00e9 medaile! To, \u017ee se o na\u0161e leto\u0161n\u00ed medailov\u00e9 profity staraj\u00ed hlavn\u011b d\u00edvky, potvrdila v c\u00edli t\u0159et\u00ed dal\u0161\u00ed na\u0161e borka, <span style=\"color: #800000;\"><strong>Lucie Gottwaldov\u00e1<\/strong><\/span>. No a pak u\u017e p\u0159i\u0161ly ke slovu na\u0161e \u010derstv\u00e9 n\u00e1rodn\u00ed \u0161ampionky z ned\u00e1vn\u00e9ho &#8222;mistr\u00e1ku&#8220; v Hlinsku.\u00a0 <strong><span style=\"color: #800000;\">Anna Han\u00e1kov\u00e1<\/span> <\/strong>s <span style=\"color: #800000;\"><strong>Am\u00e1lkou Gottwaldovou <\/strong><\/span>suver\u00e9nn\u011b ovl\u00e1dli z\u00e1vod mlad\u0161\u00edch \u017e\u00e1ky\u0148 a <strong><span style=\"color: #800000;\">Eli\u0161ka Han\u00e1kov\u00e1<\/span> <\/strong>nemohla nevyhr\u00e1t z\u00e1vod \u017e\u00e1ky\u0148 star\u0161\u00edch, kdy\u017e byla na startu samojedin\u00e1&#8230; Do ter\u00e9nu vyrazila spole\u010dn\u011b se sv\u00fdmi\u00a0v\u011bkov\u00fdmi vrstevn\u00edky &#8211; chlapci a svedla s nimi op\u011bt souboj jako rovn\u00e1 s rovn\u00fdmi&#8230;\u00a0V c\u00edli pak byla jasn\u011b prvn\u00ed a znovu potvrdila, \u017ee j\u00ed to letos &#8222;jezd\u00ed&#8220;! A to je p\u0159ed Mistrovstv\u00edm Evropy \u017e\u00e1k\u016f a kadet\u016f v italsk\u00e9 Pile, kde bude Eli\u0161ka \u010ceskou republiku reprezentovat, radostn\u00e9 zji\u0161t\u011bn\u00ed!<\/p>\n<figure id=\"attachment_13679\" aria-describedby=\"caption-attachment-13679\" style=\"width: 1881px\" class=\"wp-caption alignnone\"><a href=\"http:\/\/www.moravecteam.cz\/?attachment_id=13679\" rel=\"attachment wp-att-13679\"><img decoding=\"async\" loading=\"lazy\" class=\" wp-image-13679\" alt=\"239B3312-B71A-4C3F-932D-5910A0EE66DC\" src=\"http:\/\/www.moravecteam.cz\/wp-content\/uploads\/2019\/08\/239B3312-B71A-4C3F-932D-5910A0EE66DC.jpg\" width=\"1881\" height=\"1119\" srcset=\"https:\/\/www.moravecteam.cz\/wp-content\/uploads\/2019\/08\/239B3312-B71A-4C3F-932D-5910A0EE66DC.jpg 1881w, https:\/\/www.moravecteam.cz\/wp-content\/uploads\/2019\/08\/239B3312-B71A-4C3F-932D-5910A0EE66DC-300x178.jpg 300w, https:\/\/www.moravecteam.cz\/wp-content\/uploads\/2019\/08\/239B3312-B71A-4C3F-932D-5910A0EE66DC-1024x609.jpg 1024w\" sizes=\"(max-width: 1881px) 100vw, 1881px\" \/><\/a><figcaption id=\"caption-attachment-13679\" class=\"wp-caption-text\">Petr Marek dekoroval Eli\u0161ko Han\u00e1kovou v Bukov\u00e9 podobn\u011b jako v Hlinsku.<\/figcaption><\/figure>\n<p style=\"text-align: justify;\">V z\u00e1vod\u011b star\u0161\u00edch \u017e\u00e1k\u016f, byl nejrychlej\u0161\u00ed, stejn\u011b jako v Protivanov\u011b Josef S\u00fdkora (HEAD Pro Team Opava). Na bronz ale mocn\u011b \u00fato\u010dil n\u00e1\u0161 <strong><span style=\"color: #800000;\">Maty\u00e1\u0161 Koudelka!<\/span><\/strong>\u00a0Po cel\u00fd z\u00e1vod\u00a0se o pozici p\u0159etahoval \u00a0spolu s Ondrou Matulou (TUFO Cykloz\u00e1kldna Otrokovice), v c\u00edlov\u00e9 rovin\u011b byl nakonec rychlej\u0161\u00ed p\u0159espoln\u00ed z\u00e1vodn\u00edk. Byl to ale n\u00e1\u0161 &#8222;Mates&#8220;, kter\u00fd &#8222;ud\u011blal&#8220; z\u00e1vod a postral se o jeho zaj\u00edmav\u00fd pr\u016fb\u011bh. &#8222;Lok\u00e1ln\u011b&#8220; n\u00e1m to zacinklo je\u0161t\u011b v z\u00e1vod\u011b \u0161esti \u0161tafet, kter\u00fd uzav\u00edral druhou t\u0159etinu sobotn\u00edho bikov\u00e1n\u00ed v Bukov\u00e9. Po rekonvalescenci je u\u017e evidentn\u011b fit\u00a0\u00a0<strong><span style=\"color: #800000;\">Bar\u010da Tlamkov\u00e1<\/span><\/strong>,\u00a0jen\u017e vydatn\u011b\u00a0pomohla ke st\u0159\u00edbru kombinovan\u00e9 \u0161tafet\u011b v sestav\u011b: Barbora \u00a0Tlamkov\u00e1 &#8211; Jan Zatloukal &#8211; Martin Posp\u00ed\u0161il.\u00a0A obdobn\u011b byla n\u00e1pomocna k zisku bronzu druh\u00e1 na\u0161e <strong><span style=\"color: #800000;\">Bar\u010da &#8211; Janovsk\u00e1,<\/span><\/strong> jej\u00edmi\u017e t\u00fdmov\u00fdmi par\u0165\u00e1ky byli &#8222;Akademici&#8220; &#8211; Luk\u00e1\u0161 Ra\u0161ka s Vl\u00e1\u010fou Opletalem.<\/p>\n<figure id=\"attachment_13680\" aria-describedby=\"caption-attachment-13680\" style=\"width: 831px\" class=\"wp-caption alignnone\"><a href=\"http:\/\/www.moravecteam.cz\/?attachment_id=13680\" rel=\"attachment wp-att-13680\"><img decoding=\"async\" loading=\"lazy\" class=\" wp-image-13680\" alt=\"5C8DF210-B135-458F-9106-12A5F671F11D\" src=\"http:\/\/www.moravecteam.cz\/wp-content\/uploads\/2019\/08\/5C8DF210-B135-458F-9106-12A5F671F11D.jpg\" width=\"831\" height=\"927\" srcset=\"https:\/\/www.moravecteam.cz\/wp-content\/uploads\/2019\/08\/5C8DF210-B135-458F-9106-12A5F671F11D.jpg 831w, https:\/\/www.moravecteam.cz\/wp-content\/uploads\/2019\/08\/5C8DF210-B135-458F-9106-12A5F671F11D-268x300.jpg 268w\" sizes=\"(max-width: 831px) 100vw, 831px\" \/><\/a><figcaption id=\"caption-attachment-13680\" class=\"wp-caption-text\">Obdra Matula a maty\u00e1\u0161 Koudelka na startu z\u00e1vodu star\u0161\u00edch \u017e\u00e1k\u016f. V tuto chv\u00edli je\u0161t\u011b netu\u0161ili, jak nap\u00ednav\u00fd souboj o medaili mezi sebou svedou&#8230;<\/figcaption><\/figure>\n<p style=\"text-align: justify;\">Druh\u00fd slavnostn\u00ed ceremoni\u00e1l u\u017e byl pln\u011b v re\u017eii svazov\u00e9ho prezidenta <strong><span style=\"color: #800000;\">Petra Marka<\/span><\/strong>, VIP celebrity\u00a0 v Bukov\u00e9 nade v\u0161echny&#8230; Moc si cen\u00edme, \u017ee v\u00e1\u017eil \u010das a cestu z Prahy na z\u00e1vod &#8222;MTB&#8220; Vrchoviny a jeho pochvaln\u00e1 slova o \u00farovni akce n\u00e1s h\u0159ej\u00ed&#8230; Jedinou z kl\u00ed\u010dov\u00fdch figur \u010desk\u00e9ho bikingu, kterou jsme je\u0161t\u011b na &#8222;Vrchovin\u011b&#8220; nem\u011bli mo\u017enost p\u0159iv\u00edtat, je tedy po sobot\u011b u\u017e jen <strong><span style=\"color: #800000;\">Jaroslav Kulhav\u00fd<\/span><\/strong>&#8230; Snad si to olympijsk\u00fd v\u00edt\u011bz z Lond\u00fdna 2012 vezme k srdci&#8230;<\/p>\n<figure id=\"attachment_13681\" aria-describedby=\"caption-attachment-13681\" style=\"width: 2000px\" class=\"wp-caption alignnone\"><a href=\"http:\/\/www.moravecteam.cz\/?attachment_id=13681\" rel=\"attachment wp-att-13681\"><img decoding=\"async\" loading=\"lazy\" class=\" wp-image-13681\" alt=\"37E0CA2E-249E-478D-A271-3BCCA6507120\" src=\"http:\/\/www.moravecteam.cz\/wp-content\/uploads\/2019\/08\/37E0CA2E-249E-478D-A271-3BCCA6507120.jpg\" width=\"2000\" height=\"1585\" srcset=\"https:\/\/www.moravecteam.cz\/wp-content\/uploads\/2019\/08\/37E0CA2E-249E-478D-A271-3BCCA6507120.jpg 2000w, https:\/\/www.moravecteam.cz\/wp-content\/uploads\/2019\/08\/37E0CA2E-249E-478D-A271-3BCCA6507120-300x237.jpg 300w, https:\/\/www.moravecteam.cz\/wp-content\/uploads\/2019\/08\/37E0CA2E-249E-478D-A271-3BCCA6507120-1024x811.jpg 1024w\" sizes=\"(max-width: 2000px) 100vw, 2000px\" \/><\/a><figcaption id=\"caption-attachment-13681\" class=\"wp-caption-text\">Vezmeme-li Martina Posp\u00ed\u0161ila jako \u010dlena MORAVEC Teamu, pak rovn\u00e1 t\u0159etina z &#8222;lidi\u010dek&#8220; na &#8222;ne bedn\u011b&#8220; je z na\u0161eho od\u00edlov\u00e9ho \u0161iku.<\/figcaption><\/figure>\n<p style=\"text-align: justify;\">Odpoledne Petr Marek zatleskal i v\u00fdborn\u00e9mu v\u00fdkonu <strong><span style=\"color: #800000;\">Petra \u0160icha<\/span> <\/strong>v &#8222;na\u0161lapan\u00e9m&#8220; z\u00e1vod\u011b mu\u017e\u016f ELITE. Pe\u0165\u016fv bronz, kter\u00fd uzav\u0159el na\u0161e medailov\u00e9 zisky z Bukov\u00e9, je o to cenn\u011bj\u0161\u00ed, vezmeme-li v \u00favahu, \u017ee se musel ve druh\u00e9 polovin\u011b z\u00e1vodu pot\u00fdkat se smeknut\u00fdm \u0159et\u011bzem&#8230; A spole\u010dn\u011b jsme pak uznale tleskali v\u00fdborn\u00e9 j\u00edzd\u011b\u00a0 \u00a0z Hlinska \u00fa\u0159aduj\u00edc\u00edho juniorsk\u00e9ho Mistra \u010cR, <strong><span style=\"color: #800000;\">Jana Zatloukala<\/span><\/strong>, kter\u00fd v posledn\u00edm startovn\u00edm bloku m\u00e1lem dojel i v\u00edt\u011bzn\u00e9ho &#8222;eli\u0165\u00e1ka&#8220; M\u00ed\u0161u Kozla&#8230; Skute\u010dn\u011b &#8222;gr\u00e1dy&#8220; m\u011bla leto\u0161n\u00ed Bukov\u00e1&#8230; A MORAVEC Team na n\u00ed nehr\u00e1l zdaleka &#8222;druh\u00e9 housle&#8220;..!<\/p>\n<p><span style=\"color: #800000;\"><strong>Medailist\u00e9 MORAVEC Teamu &#8211; po\u0159ad\u00ed OPEN:<\/strong><\/span><\/p>\n<ul>\n<li style=\"text-align: justify;\">Zlat\u00e9 medaile vybojovali: <span style=\"color: #ff6600;\"><strong>Just\u00fdna Novotn\u00e1 <\/strong><\/span>(9-10 let),\u00a0<strong><span style=\"color: #ff6600;\">Anna Hn\u00e1kov\u00e1<\/span> \u00a0<\/strong>(11-12 let) a\u00a0<strong><span style=\"color: #ff6600;\">Eli\u0161ka Han\u00e1kov\u00e1<\/span> <\/strong>(13-14 let).<\/li>\n<li style=\"text-align: justify;\">St\u0159\u00edbrn\u00e9 medaile brali:\u00a0<span style=\"color: #808080;\"><strong>Jon\u00e1\u0161 Janovsk\u00fd <\/strong><\/span>(do 6 let),\u00a0<strong><span style=\"color: #808080;\">Leona Eclerov\u00e1<\/span> \u00a0<\/strong>(do 6 let),\u00a0 <span style=\"color: #808080;\"><b>Am\u00e1lie Gottwaldov\u00e1 <\/b><\/span>(11-12 let), <strong><span style=\"color: #808080;\">Barbora Tlamkov\u00e1<\/span><\/strong> (11-12 let &#8211; \u0161tafety).<\/li>\n<li style=\"text-align: justify;\">Bronz si z Bukov\u00e9 vezou <strong><span style=\"color: #993300;\">Lucie Gottwaldov\u00e1<\/span><\/strong> (7-8 let) , <strong><span style=\"color: #993300;\">Petr \u0160ich<\/span><\/strong> (mu\u017ei) a <strong><span style=\"color: #993300;\">Barbora Janovsk\u00e1<\/span><\/strong> (11-12 let &#8211; \u0161tafety)<\/li>\n<\/ul>\n<div>\n<dl id=\"attachment_13555\">\n<dt><\/dt>\n<dd><span style=\"color: #800000;\"><strong>Medailist\u00e9 MORAVEC Teamu &#8211; po\u0159ad\u00ed OBCE:<\/strong><\/span><\/dd>\n<\/dl>\n<\/div>\n<ul>\n<li style=\"text-align: justify;\">Prvn\u00ed m\u00edsta:\u00a0<span style=\"color: #ff6600;\"><strong>Jon\u00e1\u0161 Janovsk\u00fd <\/strong><\/span>(do 6 let),\u00a0 <span style=\"color: #ff6600;\"><strong>Just\u00fdna Novotn\u00e1 <\/strong><\/span>(11-12 let), <strong><span style=\"color: #ff6600;\">Anna Hn\u00e1kov\u00e1<\/span><\/strong> (11-12 let), <strong><span style=\"color: #ff6600;\">Eli\u0161ka Hn\u00e1kov\u00e1<\/span><\/strong> (13-14 let)\u00a0a <strong><span style=\"color: #ff6600;\">Maty\u00e1\u0161 Koudelka <\/span><\/strong>(13-14 let).<\/li>\n<li style=\"text-align: justify;\">Druh\u00e1 m\u00edsta:\u00a0<span style=\"color: #808080;\"><strong>Lucie Koudelkov\u00e1 <\/strong><\/span>(11-12 let).<\/li>\n<li style=\"text-align: justify;\">T\u0159et\u00ed v po\u0159ad\u00ed fini\u0161ovali: <strong><span style=\"color: #993300;\">Anton\u00edn Han\u00e1k<\/span>\u00a0 <\/strong>(do 6 let), <span style=\"color: #993300;\"><strong>Kl\u00e1ra V\u011brn\u00e1<\/strong><\/span> (do 6 let), <strong><span style=\"color: #993300;\">Ad\u00e9la V\u011brn\u00e1<\/span><\/strong> (7-8 let)\u00a0a\u00a0<strong><span style=\"color: #993300;\">Barbora Tlamkov\u00e1 <\/span><\/strong>(11 &#8211; 12let).<\/li>\n<\/ul>\n<p style=\"text-align: justify;\">D\u00edky v\u0161em za vzorn\u00e9 repre MORAVEC Teamu a v\u00fdkony &#8222;na doraz&#8220;! Medailist\u016fm blahop\u0159ejeme a <strong><span style=\"color: #800000;\">Eli\u0161ce Han\u00e1kov\u00e9<\/span><\/strong> p\u0159ejeme na jej\u00ed prvn\u00ed &#8222;Evropu&#8220; a\u0165 j\u00ed to tam sedne podle jej\u00edch p\u0159edstav! Zde mrkn\u011bte na <strong><a href=\"http:\/\/vysledky.pohardrahanskevrchoviny.cz\/2019\/?page=vysledky\">kompletn\u00ed v\u00fdsledkov\u00fd servis<\/a><\/strong>, a i \u010dta\u0159i fotogalerie jsou u\u017e &#8211; d\u00edky <strong><span style=\"color: #800000;\">Lidu\u0161ce Ad\u00e1mkov\u00e9<\/span><\/strong> a <strong><span style=\"color: #800000;\">Lence Tlamkov\u00e9<\/span><\/strong> &#8211; k omrknut\u00ed&#8230;<\/p>\n<ul>\n<li><strong><a href=\"https:\/\/moravecteam.rajce.idnes.cz\/2019.08.10_MTB_PDV_Bukova\">Fotogalerie \u010d.1<\/a><\/strong><\/li>\n<li><strong><a href=\"https:\/\/moravecteam.rajce.idnes.cz\/2019.08.10_MTB_PDV_Bukova_-_2\">Fotogalerie \u010d.2<\/a><\/strong><\/li>\n<li><strong><a href=\"https:\/\/moravecteam.rajce.idnes.cz\/2019.08.10_MTB_PDV_Bukova_-_3\">Fotogalerie \u010d.3<\/a><\/strong><\/li>\n<li><strong><a href=\"https:\/\/moravecteam.rajce.idnes.cz\/2019.08.10_MTB_PDV_Bukova_-_4\">Fotogalerie \u010d.4<\/a><\/strong><\/li>\n<\/ul>\n<figure id=\"attachment_13682\" aria-describedby=\"caption-attachment-13682\" style=\"width: 2000px\" class=\"wp-caption alignnone\"><a href=\"http:\/\/www.moravecteam.cz\/?attachment_id=13682\" rel=\"attachment wp-att-13682\"><img decoding=\"async\" loading=\"lazy\" class=\" wp-image-13682\" alt=\"3B71D2DF-D776-4B65-9EC6-CF9B51AF8364\" src=\"http:\/\/www.moravecteam.cz\/wp-content\/uploads\/2019\/08\/3B71D2DF-D776-4B65-9EC6-CF9B51AF8364.jpg\" width=\"2000\" height=\"1345\" srcset=\"https:\/\/www.moravecteam.cz\/wp-content\/uploads\/2019\/08\/3B71D2DF-D776-4B65-9EC6-CF9B51AF8364.jpg 2000w, https:\/\/www.moravecteam.cz\/wp-content\/uploads\/2019\/08\/3B71D2DF-D776-4B65-9EC6-CF9B51AF8364-300x201.jpg 300w, https:\/\/www.moravecteam.cz\/wp-content\/uploads\/2019\/08\/3B71D2DF-D776-4B65-9EC6-CF9B51AF8364-1024x688.jpg 1024w\" sizes=\"(max-width: 2000px) 100vw, 2000px\" \/><\/a><figcaption id=\"caption-attachment-13682\" class=\"wp-caption-text\">Z\u00e1vod junior\u016f byl jedn\u00edm z par\u00e1dn\u00edch \u010d\u00edsel bukovsk\u00e9ho bikov\u00e9ho koncertu&#8230;<\/figcaption><\/figure>\n<p style=\"text-align: justify;\">\n","protected":false},"excerpt":{"rendered":"<p>\u010cty\u0159i na\u0161i \u00fasp\u011b\u0161n\u00ed bike\u0159i z ned\u00e1vn\u00e9ho\u00a0MTB Mistrovstv\u00ed \u010cR v Hlinsku se p\u0159edvedli ve v\u00fdborn\u00e9m sv\u011btle i na \u0161est\u00e9 &#8222;vrchovin\u011b&#8220; minulou sobotu v Bukov\u00e9. Na zlat\u00e9 vln\u011b se nad\u00e1le vezou sestry Anna a Eli\u0161ka Han\u00e1kovy, st\u0159\u00edbro vybojovala Am\u00e1lka Gottwdov\u00e1, bronz pak v nejpresti\u017en\u011bj\u0161\u00ed\u00a0kategorii mu\u017e\u016f ELITE Petr \u0160ich. Cenn\u00e1 jsou ale i dal\u0161\u00ed medailov\u00e1 um\u00edst\u011bn\u00ed na\u0161ich borc\u016f &hellip; <a href=\"https:\/\/www.moravecteam.cz\/?p=13658\" class=\"more-link\">Pokra\u010dov\u00e1n\u00ed textu <span class=\"screen-reader-text\">\u0160ampi\u00f3nky v akci!<\/span> <span class=\"meta-nav\">&rarr;<\/span><\/a><\/p>\n","protected":false},"author":3,"featured_media":13674,"comment_status":"open","ping_status":"closed","sticky":false,"template":"","format":"standard","meta":[],"categories":[1],"tags":[],"_links":{"self":[{"href":"https:\/\/www.moravecteam.cz\/index.php?rest_route=\/wp\/v2\/posts\/13658"}],"collection":[{"href":"https:\/\/www.moravecteam.cz\/index.php?rest_route=\/wp\/v2\/posts"}],"about":[{"href":"https:\/\/www.moravecteam.cz\/index.php?rest_route=\/wp\/v2\/types\/post"}],"author":[{"embeddable":true,"href":"https:\/\/www.moravecteam.cz\/index.php?rest_route=\/wp\/v2\/users\/3"}],"replies":[{"embeddable":true,"href":"https:\/\/www.moravecteam.cz\/index.php?rest_route=%2Fwp%2Fv2%2Fcomments&post=13658"}],"version-history":[{"count":12,"href":"https:\/\/www.moravecteam.cz\/index.php?rest_route=\/wp\/v2\/posts\/13658\/revisions"}],"predecessor-version":[{"id":13683,"href":"https:\/\/www.moravecteam.cz\/index.php?rest_route=\/wp\/v2\/posts\/13658\/revisions\/13683"}],"wp:featuredmedia":[{"embeddable":true,"href":"https:\/\/www.moravecteam.cz\/index.php?rest_route=\/wp\/v2\/media\/13674"}],"wp:attachment":[{"href":"https:\/\/www.moravecteam.cz\/index.php?rest_route=%2Fwp%2Fv2%2Fmedia&parent=13658"}],"wp:term":[{"taxonomy":"category","embeddable":true,"href":"https:\/\/www.moravecteam.cz\/index.php?rest_route=%2Fwp%2Fv2%2Fcategories&post=13658"},{"taxonomy":"post_tag","embeddable":true,"href":"https:\/\/www.moravecteam.cz\/index.php?rest_route=%2Fwp%2Fv2%2Ftags&post=13658"}],"curies":[{"name":"wp","href":"https:\/\/api.w.org\/{rel}","templated":true}]}}