{"id":13684,"date":"2019-08-19T23:26:13","date_gmt":"2019-08-19T21:26:13","guid":{"rendered":"http:\/\/www.moravecteam.cz\/?p=13684"},"modified":"2019-08-19T23:27:38","modified_gmt":"2019-08-19T21:27:38","slug":"co-se-bude-dit-st34-4","status":"publish","type":"post","link":"https:\/\/www.moravecteam.cz\/?p=13684","title":{"rendered":"Co se bude d\u00edt? (ST34)"},"content":{"rendered":"<h5><span style=\"color: #800000;\"><strong>Term\u00ednov\u00fd kalend\u00e1\u0159 MORAVEC Team 2019:<\/strong><\/span><\/h5>\n<p><strong><a href=\"http:\/\/www.moravecteam.cz\/?attachment_id=13036\" rel=\"attachment wp-att-13036\">MORAVEC Team &#8211; term\u00ednov\u00fd kalend\u00e1\u0159 2019<\/a><\/strong><\/p>\n<h5><span style=\"color: #800000;\">\u00dater\u00fd 20.8. 2019<\/span><\/h5>\n<p style=\"text-align: justify;\"><strong><span style=\"color: #ff0000;\">Silni\u010dn\u00ed tr\u00e9nink je zru\u0161en, oba tren\u00e9\u0159i, Franta Pad\u011bra i Vlast\u00edk Odehnal se omluvili.\u00a0<\/span><\/strong><\/p>\n<p><span style=\"font-size: 18px; font-weight: bold; color: #800000;\">St\u0159eda 21.8. 2019<\/span><\/p>\n<p style=\"text-align: justify;\">Bikov\u00fd tr\u00e9nink pod veden\u00edm\u00a0<span style=\"color: #800000;\"><strong>Jirky Va\u0161\u00ed\u010dka, Milana \u0160af\u00e1\u0159e, Jardy P\u00e1nka Libora Barto\u0161e a Petra Koudelky<\/strong><\/span> Sraz v 17.00 hodin v prostoru startu a c\u00edle MTB z\u00e1vodu v Kn\u00edn\u00edc\u00edch.<\/p>\n<h5><span style=\"color: #800000;\">P\u00e1tek 23.8. 2019<\/span><\/h5>\n<p style=\"text-align: justify;\"><span style=\"color: #000000;\">Prohl\u00eddka trat\u00ed osm\u00e9ho z\u00e1vodu MTB Superior Colorprofi Poh\u00e1ru Drahansk\u00e9 vrchoviny v\u00a0Ko\u0159enci &#8211; od 17.00 hodin.<\/span><\/p>\n<h5><span style=\"color: #800000;\">Sobota 24.8. 2019<\/span><\/h5>\n<p style=\"text-align: justify;\">Osm\u00fd z\u00e1vod MTB Superior &#8211; Colorprofi Poh\u00e1ru Drahansk\u00e9 vrchoviny v Ko\u0159enci. Zde studujte propozice:<a href=\"http:\/\/www.moravecteam.cz\/?attachment_id=13667\" rel=\"attachment wp-att-13667\"><br \/>\n<\/a><\/p>\n<h5><span style=\"color: #800000;\">AKCE T\u011aSN\u011a ZA HORIZONTEM<\/span><\/h5>\n<ul>\n<li style=\"text-align: justify;\"><strong><span style=\"color: #800000;\">7.9. 2019<\/span><\/strong>\u00a0&#8211; 9. z\u00e1vod\u00a0MTB Superior Colorprofi poh\u00e1ru Drahansk\u00e9 vrchoviny ve Velenov\u011b<\/li>\n<li style=\"text-align: justify;\"><strong><span style=\"color: #800000;\">14.9. 2019\u00a0<\/span><\/strong>&#8211; 10. z\u00e1vod\u00a0MTB Superior Colorprofi poh\u00e1ru Drahansk\u00e9 vrchoviny v Kn\u00ednic\u00edch<\/li>\n<li style=\"text-align: justify;\"><span style=\"color: #800000;\"><strong>21.9. 2019<\/strong><\/span>\u00a0&#8211; 11. z\u00e1vod\u00a0MTB Superior Colorprofi poh\u00e1ru Drahansk\u00e9 vrchoviny v Nov\u00e9m M\u011bt\u011b na Morav\u011b &#8211; fin\u00e1le.<\/li>\n<\/ul>\n<h5><span style=\"color: #800000;\">AKCE\u00a0 ZA DV\u011aMA HORIZONTY<\/span><\/h5>\n<ul>\n<li style=\"text-align: justify;\"><strong><span style=\"color: #800000;\">15.11. 2019<\/span><\/strong> &#8211; p\u00e1tek &#8211; ve\u010der v\u00edt\u011bz\u016f 18. ro\u010dn\u00edku MTB Superior Colorprofi Poh\u00e1ru Drahansk\u00e9 vrchoviny &#8211; vyhl\u00e1\u0161en\u00ed v\u00edt\u011bz\u016f v po\u0159ad\u00ed OBCE a OPEN &#8211; pro slavnostn\u00ed setk\u00e1n\u00ed poskytne z\u00e1zem\u00ed kulturn\u00ed d\u016fm obce Such\u00fd. Podrobnosti k akci budou postupn\u011b up\u0159es\u0148ov\u00e1ny.<\/li>\n<li style=\"text-align: justify;\"><strong><span style=\"color: #800000;\">9.- 16.2. 2020<\/span><\/strong>\u00a0&#8211; zimn\u00ed soust\u0159ed\u011bn\u00ed v Jesen\u00edk\u00e1ch &#8211; na tradi\u010dn\u00edm m\u00edst\u011b &#8211; chata N\u00e1vr\u0161\u00ed.<\/li>\n<\/ul>\n<p>&nbsp;<\/p>\n","protected":false},"excerpt":{"rendered":"<p>Term\u00ednov\u00fd kalend\u00e1\u0159 MORAVEC Team 2019: MORAVEC Team &#8211; term\u00ednov\u00fd kalend\u00e1\u0159 2019 \u00dater\u00fd 20.8. 2019 Silni\u010dn\u00ed tr\u00e9nink je zru\u0161en, oba tren\u00e9\u0159i, Franta Pad\u011bra i Vlast\u00edk Odehnal se omluvili.\u00a0 St\u0159eda 21.8. 2019 Bikov\u00fd tr\u00e9nink pod veden\u00edm\u00a0Jirky Va\u0161\u00ed\u010dka, Milana \u0160af\u00e1\u0159e, Jardy P\u00e1nka Libora Barto\u0161e a Petra Koudelky Sraz v 17.00 hodin v prostoru startu a c\u00edle MTB z\u00e1vodu &hellip; <a href=\"https:\/\/www.moravecteam.cz\/?p=13684\" class=\"more-link\">Pokra\u010dov\u00e1n\u00ed textu <span class=\"screen-reader-text\">Co se bude d\u00edt? (ST34)<\/span> <span class=\"meta-nav\">&rarr;<\/span><\/a><\/p>\n","protected":false},"author":3,"featured_media":13687,"comment_status":"open","ping_status":"closed","sticky":false,"template":"","format":"standard","meta":[],"categories":[11],"tags":[],"_links":{"self":[{"href":"https:\/\/www.moravecteam.cz\/index.php?rest_route=\/wp\/v2\/posts\/13684"}],"collection":[{"href":"https:\/\/www.moravecteam.cz\/index.php?rest_route=\/wp\/v2\/posts"}],"about":[{"href":"https:\/\/www.moravecteam.cz\/index.php?rest_route=\/wp\/v2\/types\/post"}],"author":[{"embeddable":true,"href":"https:\/\/www.moravecteam.cz\/index.php?rest_route=\/wp\/v2\/users\/3"}],"replies":[{"embeddable":true,"href":"https:\/\/www.moravecteam.cz\/index.php?rest_route=%2Fwp%2Fv2%2Fcomments&post=13684"}],"version-history":[{"count":3,"href":"https:\/\/www.moravecteam.cz\/index.php?rest_route=\/wp\/v2\/posts\/13684\/revisions"}],"predecessor-version":[{"id":13689,"href":"https:\/\/www.moravecteam.cz\/index.php?rest_route=\/wp\/v2\/posts\/13684\/revisions\/13689"}],"wp:featuredmedia":[{"embeddable":true,"href":"https:\/\/www.moravecteam.cz\/index.php?rest_route=\/wp\/v2\/media\/13687"}],"wp:attachment":[{"href":"https:\/\/www.moravecteam.cz\/index.php?rest_route=%2Fwp%2Fv2%2Fmedia&parent=13684"}],"wp:term":[{"taxonomy":"category","embeddable":true,"href":"https:\/\/www.moravecteam.cz\/index.php?rest_route=%2Fwp%2Fv2%2Fcategories&post=13684"},{"taxonomy":"post_tag","embeddable":true,"href":"https:\/\/www.moravecteam.cz\/index.php?rest_route=%2Fwp%2Fv2%2Ftags&post=13684"}],"curies":[{"name":"wp","href":"https:\/\/api.w.org\/{rel}","templated":true}]}}