{"id":13690,"date":"2019-08-22T22:00:15","date_gmt":"2019-08-22T20:00:15","guid":{"rendered":"http:\/\/www.moravecteam.cz\/?p=13690"},"modified":"2019-08-22T22:01:46","modified_gmt":"2019-08-22T20:01:46","slug":"drzime-latku","status":"publish","type":"post","link":"https:\/\/www.moravecteam.cz\/?p=13690","title":{"rendered":"Dr\u017e\u00edme la\u0165ku!"},"content":{"rendered":"<p style=\"text-align: justify;\"><strong><span style=\"color: #800000;\">Docela vysokou &#8222;Vrchovinovou&#8220; la\u0165ku, kterou si MORAVCI nastavili po pr\u00e1zdninov\u00e9 p\u0159est\u00e1vce z\u00e1vodem v Bukov\u00e9, se poda\u0159ilo udr\u017eet i na mistrovsk\u00fdch trat\u00edch &#8222;Grand Slamov\u00e9ho&#8220; z\u00e1vodu v Boskovic\u00edch. Osm medail\u00ed v po\u0159ad\u00ed OPEN je tedy op\u011bt &#8222;doma&#8220;, p\u0159i\u010dem\u017e jednou bronzovou p\u0159isp\u011bla do na\u0161\u00ed pomysln\u00e9 pokladnice i Zita \u017dern\u00ed\u010dkov\u00e1, kter\u00e1 startovala poprv\u00e9 po nemoci a z jej\u00edho boskovick\u00e9ho medailov\u00e9ho n\u00e1vratu m\u00e1me velkou radost!<\/span><\/strong><\/p>\n<figure id=\"attachment_13699\" aria-describedby=\"caption-attachment-13699\" style=\"width: 523px\" class=\"wp-caption alignnone\"><a href=\"http:\/\/www.moravecteam.cz\/?attachment_id=13699\" rel=\"attachment wp-att-13699\"><img decoding=\"async\" loading=\"lazy\" class=\" wp-image-13699\" alt=\"029\" src=\"http:\/\/www.moravecteam.cz\/wp-content\/uploads\/2019\/08\/029.jpg\" width=\"523\" height=\"469\" srcset=\"https:\/\/www.moravecteam.cz\/wp-content\/uploads\/2019\/08\/029.jpg 523w, https:\/\/www.moravecteam.cz\/wp-content\/uploads\/2019\/08\/029-300x269.jpg 300w\" sizes=\"(max-width: 523px) 100vw, 523px\" \/><\/a><figcaption id=\"caption-attachment-13699\" class=\"wp-caption-text\">Zita \u017dern\u00ed\u010dkov\u00e1 je zp\u011bt! V Boskovic\u00edch oslavila medailov\u00fd n\u00e1vrat!<\/figcaption><\/figure>\n<p style=\"text-align: justify;\">Overturu boskovick\u00e9ho z\u00e1vodu obstaraly, jak u\u017e je na &#8222;Vrchovin\u011b &#8220; zvykem, starty odr\u00e1\u017eedel, nejprve sedlan\u00fdch chlapci a n\u00e1sledn\u011b\u00a0 d\u00edvkami. Se slzou v o\u010dku vzpom\u00edn\u00e1me na dva \u00fasp\u011b\u0161n\u00e9 starty Matou\u0161ka Usnula ve Valchov\u011b a na Okrouhl\u00e9&#8230; Od t\u00e9 doby jsme na\u0161eho favorita na &#8222;Vrchovin\u011b&#8220; bohu\u017eel nevid\u011bli, a tak prapor MORAVEC Teamu v Boskovic\u00edch podr\u017eela, tak, jako u\u017e v n\u011bkoika p\u0159edchoz\u00edch z\u00e1vodech <strong><span style=\"color: #800000;\">Barunka Va\u0161\u00ed\u010dkov\u00e1<\/span><\/strong>, kter\u00e1 se proodr\u00e1\u017eela ve sv\u00e9m startu do elitn\u00ed des\u00edtky v\u00fdsledkov\u00e9 listiny.<\/p>\n<figure id=\"attachment_13700\" aria-describedby=\"caption-attachment-13700\" style=\"width: 592px\" class=\"wp-caption alignnone\"><a href=\"http:\/\/www.moravecteam.cz\/?attachment_id=13700\" rel=\"attachment wp-att-13700\"><img decoding=\"async\" loading=\"lazy\" class=\" wp-image-13700\" alt=\"IMG_8758\" src=\"http:\/\/www.moravecteam.cz\/wp-content\/uploads\/2019\/08\/IMG_8758.jpg\" width=\"592\" height=\"640\" srcset=\"https:\/\/www.moravecteam.cz\/wp-content\/uploads\/2019\/08\/IMG_8758.jpg 592w, https:\/\/www.moravecteam.cz\/wp-content\/uploads\/2019\/08\/IMG_8758-277x300.jpg 277w\" sizes=\"(max-width: 592px) 100vw, 592px\" \/><\/a><figcaption id=\"caption-attachment-13700\" class=\"wp-caption-text\">Dva z na\u0161ich \u00fasp\u011b\u0161n\u00fdch &#8222;st\u00edha\u010d\u016f&#8220; v kategorii do 6 let: v pop\u0159ed\u00ed Jon\u00e1\u0161 Janovsk\u00fd, za n\u00edm Ton\u00edka Han\u00e1k.<\/figcaption><\/figure>\n<p style=\"text-align: justify;\">Je\u0161t\u011b p\u0159ed Zitin\u00fdm medailov\u00fdm &#8222;come backem&#8220; n\u00e1m\u00a0\u00a0&#8222;plackovou&#8220; n\u00e1ladu navodili p\u0159i startech d\u011bt\u00ed do 6-ti let <strong><span style=\"color: #800000;\">Jon\u00e1\u0161ek Janovsk\u00fd<\/span> <\/strong>s <strong><span style=\"color: #800000;\">Leonkou Eclerovou<\/span><\/strong>.\u00a0Anglosask\u00fdmi report\u00e9ry jmenovan\u00fd &#8222;D\u017eonas &#8222;D\u017eanovsky&#8220;\u00a0si u\u017e &#8211; zd\u00e1 se &#8211; bednu pro zbytek z\u00e1vod\u016f PDV &#8222;p\u0159edplatil&#8220; a po st\u0159\u00edb\u0159e z Bukov\u00e9 mu to po z\u00e1sluze zacinkalo i\u00b4v Boskovic\u00edch, tentokr\u00e1t\u00a0bronzov\u011b! \u010cinili se i jeho t\u00fdmov\u00ed par\u0165\u00e1ci: v konkurenci 21 borc\u016f m\u00e1 5. m\u00edsto <strong><span style=\"color: #800000;\">Jirky Va\u0161\u00ed\u010dka<\/span> <\/strong>a 6. m\u00edsto <span style=\"color: #800000;\"><strong>Tondy Han\u00e1ka<\/strong> <\/span>ur\u010dit\u011b svoji cenu!<\/p>\n<figure id=\"attachment_13701\" aria-describedby=\"caption-attachment-13701\" style=\"width: 1829px\" class=\"wp-caption alignnone\"><a href=\"http:\/\/www.moravecteam.cz\/?attachment_id=13701\" rel=\"attachment wp-att-13701\"><img decoding=\"async\" loading=\"lazy\" class=\" wp-image-13701\" alt=\"IMG_8777\" src=\"http:\/\/www.moravecteam.cz\/wp-content\/uploads\/2019\/08\/IMG_8777.jpg\" width=\"1829\" height=\"1756\" srcset=\"https:\/\/www.moravecteam.cz\/wp-content\/uploads\/2019\/08\/IMG_8777.jpg 1829w, https:\/\/www.moravecteam.cz\/wp-content\/uploads\/2019\/08\/IMG_8777-25x25.jpg 25w, https:\/\/www.moravecteam.cz\/wp-content\/uploads\/2019\/08\/IMG_8777-300x288.jpg 300w, https:\/\/www.moravecteam.cz\/wp-content\/uploads\/2019\/08\/IMG_8777-1024x983.jpg 1024w\" sizes=\"(max-width: 1829px) 100vw, 1829px\" \/><\/a><figcaption id=\"caption-attachment-13701\" class=\"wp-caption-text\">Soust\u0159ed\u011bn\u00ed na startu Leony Eclerov\u00e9 a Kl\u00e1ry V\u011brn\u00e9. V z\u00e1vod\u011b odvedly ob\u011b v\u00fdborn\u00fd v\u00fdkon.<\/figcaption><\/figure>\n<p style=\"text-align: justify;\"><strong><span style=\"color: #800000;\">Leonka Eclerov\u00e1<\/span> <\/strong>m\u011bla v\u00fdborn\u00fd start a do c\u00edlov\u00e9ho oblouku se \u00b4v z\u00e1v\u011bru zav\u00e1d\u011bc\u00edho kola \u0159\u00edtila na pozici vedouc\u00ed z\u00e1vodnice. Smeknut\u00fd \u0159et\u011bz v drncav\u00e9 lesn\u00ed pas\u00e1\u017e\u00ed ale v\u0161e zkomplikoval. Na\u0161t\u011bst\u00ed rychl\u00fd servisn\u00ed z\u00e1krok vr\u00e1til nad\u011bji. Do z\u00e1v\u011bre\u010dn\u00e9ho kola naj\u00ed\u017ed\u011bla na\u0161e z\u00e1vodnice na 3. pozici s nevelkou ztr\u00e1tou na \u010delo. Leonka p\u0159edvedla\u00a0v z\u00e1v\u011bre\u010dn\u00e9m kole dva v\u00fdborn\u00e9 ataky, jejich\u017e v\u00fdsledkem bylo jej\u00ed zaslou\u017een\u00e9 v\u00edt\u011bzstv\u00ed o 7 sekund! Do TOP 10 se pak po bojovn\u00e9m v\u00fdkonu ve\u0161la i <strong><span style=\"color: #800000;\">Kl\u00e1rka V\u011brn\u00e1<\/span> <\/strong>(9. m\u00edsto).<\/p>\n<figure id=\"attachment_13702\" aria-describedby=\"caption-attachment-13702\" style=\"width: 606px\" class=\"wp-caption alignnone\"><a href=\"http:\/\/www.moravecteam.cz\/?attachment_id=13702\" rel=\"attachment wp-att-13702\"><img decoding=\"async\" loading=\"lazy\" class=\" wp-image-13702\" alt=\"089\" src=\"http:\/\/www.moravecteam.cz\/wp-content\/uploads\/2019\/08\/089.jpg\" width=\"606\" height=\"339\" srcset=\"https:\/\/www.moravecteam.cz\/wp-content\/uploads\/2019\/08\/089.jpg 606w, https:\/\/www.moravecteam.cz\/wp-content\/uploads\/2019\/08\/089-300x167.jpg 300w\" sizes=\"(max-width: 606px) 100vw, 606px\" \/><\/a><figcaption id=\"caption-attachment-13702\" class=\"wp-caption-text\">V\u00edt\u011bzka startu d\u00edvek 9-10 let, Just\u00fdna Novotn\u00e1, \u0161la do veden\u00ed hned po startu. Vpravo dal\u0161\u00ed dv\u011b na\u0161e holky: Lucie Gottwaldov\u00e1 a Magdal\u00e9na Barto\u0161ov\u00e1.<\/figcaption><\/figure>\n<p style=\"text-align: justify;\">O sympatick\u00e9m medilov\u00e9m n\u00e1vratu <strong><span style=\"color: #800000;\">Zity \u017dern\u00ed\u010dkov\u00e9<\/span> <\/strong>u\u017e byla \u0159e\u010d (do elitn\u00ed des\u00edtky\u00a0startu\u00a0\u010dtrn\u00e1cti d\u00edvek se prosadila i dal\u0161\u00ed na\u0161e d\u011bv\u010data &#8211; <strong><span style=\"color: #800000;\">Ad\u00e9la V\u011brn\u00e1<\/span> <\/strong>s <span style=\"color: #800000;\"><strong>Janou Lipenskou<\/strong><\/span>)\u00a0a Zita, stejn\u011b jako Leonka a Jon\u00e1\u0161ek p\u0159eb\u00edrali odm\u011bny p\u0159i vyhla\u0161ov\u00e1n\u00ed v\u00edt\u011bz\u016f od\u00a0<strong><span style=\"color: #800000;\">MUDr. Evy MORAVCOV\u00c9<\/span><\/strong>, kter\u00e1 letos poprv\u00e9 za n\u00e1mi, se sv\u00fdmi nejbli\u017e\u0161\u00edmi, na z\u00e1vody p\u0159ijela. Ve druh\u00e9m startovn\u00edm bloku \u00a0 to v d\u00edv\u010d\u00ed kategorii 9-10 let nejd\u0159\u00edve\u00a0 v\u0161em soupe\u0159k\u00e1m &#8222;nat\u0159ela&#8220; <strong><span style=\"color: #800000;\">Just\u00fdna Novotn\u00e1<\/span><\/strong>, kterou po v\u00fdborn\u00e9 j\u00edzd\u011b doprovodila na &#8222;bednu&#8220; v c\u00edli t\u0159et\u00ed, <strong><span style=\"color: #800000;\">Lucie Gottwaldov\u00e1<\/span><\/strong>.\u00a0Jako sedm\u00e1\u00a0byla klasifikov\u00e1na <strong><span style=\"color: #800000;\">Magdalena Barto\u0161ov\u00e1,<\/span><\/strong>\u00a0potrhla tak kvalitn\u00ed v\u00fdsledek na\u0161ich d\u00edvek a potvrdila, \u017ee tato kategorie je letos na\u0161\u00ed par\u00e1dn\u00ed!<\/p>\n<figure id=\"attachment_13703\" aria-describedby=\"caption-attachment-13703\" style=\"width: 652px\" class=\"wp-caption alignnone\"><a href=\"http:\/\/www.moravecteam.cz\/?attachment_id=13703\" rel=\"attachment wp-att-13703\"><img decoding=\"async\" loading=\"lazy\" class=\" wp-image-13703\" alt=\"IMG_8909\" src=\"http:\/\/www.moravecteam.cz\/wp-content\/uploads\/2019\/08\/IMG_8909.jpg\" width=\"652\" height=\"510\" srcset=\"https:\/\/www.moravecteam.cz\/wp-content\/uploads\/2019\/08\/IMG_8909.jpg 652w, https:\/\/www.moravecteam.cz\/wp-content\/uploads\/2019\/08\/IMG_8909-300x234.jpg 300w\" sizes=\"(max-width: 652px) 100vw, 652px\" \/><\/a><figcaption id=\"caption-attachment-13703\" class=\"wp-caption-text\">Po v\u011bt\u0161inu z\u00e1vodu mlad\u0161\u00edch \u017e\u00e1ky\u0148 byla l\u00eddrem Am\u00e1lka Gottwaldov\u00e1.<\/figcaption><\/figure>\n<p style=\"text-align: justify;\">Ve stejn\u00e9m duchu m\u016f\u017eeme hovo\u0159it i o kategorii mlad\u0161\u00edch \u017e\u00e1ky\u0148.\u00a0 Pokolik\u00e1t\u00e9 u\u017e letos braly na\u0161e d\u00edvky cenn\u00e9 &#8222;double&#8220;? To boskovick\u00e9 nijak nesni\u017euje skute\u010dnost, \u017ee d\u011bv\u010dat tentokr\u00e1t nestartovalo tolik. O to kvalitn\u011bj\u0161\u00ed se ale sestava se\u0161la! V\u00edt\u011bzn\u00e1 <strong><span style=\"color: #800000;\">Anna Han\u00e1kov\u00e1<\/span> <\/strong>na c\u00edlov\u00e9 \u010d\u00e1\u0159e &#8222;o galusku&#8220; udolala <strong><span style=\"color: #800000;\"><strong>Am\u00e1lku Gottwldovou,<\/strong><\/span><\/strong> na 5. m\u00edst\u011b fini\u0161ovala <span style=\"color: #800000;\"><strong>Barbora Janovsk\u00e1 <\/strong><span style=\"color: #000000;\">a i ona\u00a0<\/span><\/span><span style=\"color: #000000;\">\u00a0potvrdila n\u00e1\u0161 dal\u0161\u00ed par\u00e1dn\u00ed boskovick\u00fd v\u00fdsledek.<\/span><\/p>\n<figure id=\"attachment_13704\" aria-describedby=\"caption-attachment-13704\" style=\"width: 2000px\" class=\"wp-caption alignnone\"><a href=\"http:\/\/www.moravecteam.cz\/?attachment_id=13704\" rel=\"attachment wp-att-13704\"><img decoding=\"async\" loading=\"lazy\" class=\" wp-image-13704\" alt=\"IMG_8991\" src=\"http:\/\/www.moravecteam.cz\/wp-content\/uploads\/2019\/08\/IMG_8991.jpg\" width=\"2000\" height=\"1219\" srcset=\"https:\/\/www.moravecteam.cz\/wp-content\/uploads\/2019\/08\/IMG_8991.jpg 2000w, https:\/\/www.moravecteam.cz\/wp-content\/uploads\/2019\/08\/IMG_8991-300x182.jpg 300w, https:\/\/www.moravecteam.cz\/wp-content\/uploads\/2019\/08\/IMG_8991-1024x624.jpg 1024w\" sizes=\"(max-width: 2000px) 100vw, 2000px\" \/><\/a><figcaption id=\"caption-attachment-13704\" class=\"wp-caption-text\">K cenn\u00e9mu st\u0159\u00edbru Luk\u00e1\u0161i Sedl\u00e1kovi\u00a0 pop\u0159\u00e1la Eva Bartol\u0161ic &#8211; MORAVCOV\u00c1.<\/figcaption><\/figure>\n<p style=\"text-align: justify;\"><strong><span style=\"color: #800000;\">Eli\u0161ka Han\u00e1kov\u00e1<\/span> <\/strong>Boskovice vynechala, proto\u017ee u\u017e druh\u00fd den se p\u0159esouvala na Mistrovstv\u00ed Evropy \u017e\u00e1k\u016f a kadet\u016f do italsk\u00e9 Pily. Za dan\u00e9 situace jsme tedy medailov\u00e9 nad\u011bje vlo\u017eili v poledn\u00edm startu star\u0161\u00edch \u017e\u00e1k\u016f do rukou <strong><span style=\"color: #800000;\">Romana \u0160indel\u00e1\u0159e<\/span><\/strong>, <strong><span style=\"color: #800000;\">V\u00edtka Lipensk\u00e9ho<\/span> <\/strong>a <span style=\"color: #800000;\"><strong>Luk\u00e1\u0161e Sedl\u00e1ka<\/strong><\/span>. K na\u0161\u00ed velk\u00e9 radosti, posledn\u011b jmenovan\u00fd nad\u011bje\u00a0 MORAVEC Teamu ziskem st\u0159\u00edbra naplnil! &#8222;Lukin&#8220; nesta\u010dil pouze na v\u00fdborn\u00e9ho Mirka Urbana (VRV Team) a nechal tak na dom\u00e1c\u00ed trati vzpomenout na ned\u00e1vn\u00e9 zlato z Okrouhl\u00e9. Dev\u011bt vte\u0159inek odd\u011blovalo od bronzu v c\u00edli V\u00edti Lipoensk\u00e9ho, kter\u00fd je po p\u0159ekon\u00e1n\u00ed zdravotn\u00edch pot\u00ed\u017ei evidentn\u011b op\u011bt v dobr\u00e9 form\u011b. Na 7. m\u00edst\u011b fini\u0161oval t\u0159et\u00ed n\u00e1\u0161 &#8222;mu\u0161ket\u00fdr&#8220;, Roman \u0160indel\u00e1\u0159.<\/p>\n<figure id=\"attachment_13705\" aria-describedby=\"caption-attachment-13705\" style=\"width: 1109px\" class=\"wp-caption alignnone\"><a href=\"http:\/\/www.moravecteam.cz\/?attachment_id=13705\" rel=\"attachment wp-att-13705\"><img decoding=\"async\" loading=\"lazy\" class=\" wp-image-13705\" alt=\"IMG_9049\" src=\"http:\/\/www.moravecteam.cz\/wp-content\/uploads\/2019\/08\/IMG_9049.jpg\" width=\"1109\" height=\"906\" srcset=\"https:\/\/www.moravecteam.cz\/wp-content\/uploads\/2019\/08\/IMG_9049.jpg 1109w, https:\/\/www.moravecteam.cz\/wp-content\/uploads\/2019\/08\/IMG_9049-300x245.jpg 300w, https:\/\/www.moravecteam.cz\/wp-content\/uploads\/2019\/08\/IMG_9049-1024x836.jpg 1024w\" sizes=\"(max-width: 1109px) 100vw, 1109px\" \/><\/a><figcaption id=\"caption-attachment-13705\" class=\"wp-caption-text\">V\u00ed\u0165a &#8222;Sucho\u0161&#8220; Such\u00e1nek sahal v Boskovic\u00edch po medaili!<\/figcaption><\/figure>\n<p style=\"text-align: justify;\">Luk\u00e1\u0161 Sedl\u00e1k byl ten den u\u017e na\u0161\u00edm posledn\u00edm boskovick\u00fdm &#8222;bedn\u00e1\u0159em&#8220;. V\u00a0odpoledn\u00edm startu byla placce nejbl\u00ed\u017ee juniorka \/ kadetka <strong><span style=\"color: #800000;\">Kl\u00e1ra Odehnalov\u00e1<\/span><\/strong>, kter\u00e1 na dom\u00e1c\u00ed, j\u00ed d\u016fv\u011brn\u011b zn\u00e1m\u00e9 trati dlouho dr\u017eela bronzovou pozici, v posledn\u00edm kole ale nakonec podlehla tlaku Sofie Malo\u0161\u00edkov\u00e9 (Cyklot\u00fdm MXM Hul\u00edn). Vedle Kl\u00e1ry n\u00e1s v odpoledn\u00edch startech reprezentoval taj\u00e9 junior \/ kadet <strong><span style=\"color: #800000;\">V\u00ed\u0165a Such\u00e1nek. <\/span><\/strong><span style=\"color: #000000;\">Ten<strong>\u00a0<\/strong><\/span>po bojovn\u00e9m v\u00fdkonu zajel sv\u016fj leto\u0161n\u00ed TOP &#8222;Vrchovinov\u00fd&#8220; v\u00fdsledek &#8211; 4. m\u00edsto!<\/p>\n<figure id=\"attachment_13706\" aria-describedby=\"caption-attachment-13706\" style=\"width: 524px\" class=\"wp-caption alignnone\"><a href=\"http:\/\/www.moravecteam.cz\/?attachment_id=13706\" rel=\"attachment wp-att-13706\"><img decoding=\"async\" loading=\"lazy\" class=\" wp-image-13706\" alt=\"041\" src=\"http:\/\/www.moravecteam.cz\/wp-content\/uploads\/2019\/08\/041.jpg\" width=\"524\" height=\"404\" srcset=\"https:\/\/www.moravecteam.cz\/wp-content\/uploads\/2019\/08\/041.jpg 524w, https:\/\/www.moravecteam.cz\/wp-content\/uploads\/2019\/08\/041-300x231.jpg 300w\" sizes=\"(max-width: 524px) 100vw, 524px\" \/><\/a><figcaption id=\"caption-attachment-13706\" class=\"wp-caption-text\">Jakub Dosko\u010dil v pln\u00e9 rychlosti na trati z\u00e1vodu chlapc\u016f 7-8 let.<\/figcaption><\/figure>\n<p style=\"text-align: justify;\">Kdy\u017e u\u017e jsme u t\u011bch &#8222;brmbor\u00e1\u0159\u016f&#8220;: U Ecler\u016f mohla b\u00fdt v sobotu ve\u010der dvojn\u00e1sobn\u00e1 medailov\u00e1 radost. Reprezentant MORAVCE v kategorii 9-10 let, <strong><span style=\"color: #800000;\">Filip Ecler<\/span><\/strong>, zrychluje z\u00e1vod od z\u00e1vodu a v Boskovic\u00edch ho od bronzu d\u011blily nicotn\u00e9 3 vte\u0159inky&#8230; TOP10 vyjel i mlad\u0161\u00ed \u017e\u00e1k <strong><span style=\"color: #800000;\">Matou\u0161 Lipensk\u00fd <\/span><\/strong><span style=\"color: #800000;\"><span style=\"color: #000000;\">a<\/span><\/span> po nemoci tak\u00e9 postupn\u011b zrychluje <strong><span style=\"color: #800000;\">Tonda Dosko\u010dil<\/span><\/strong>. V Boskovic\u00edch dojel v kategorii 9-10 na 11. m\u00edst\u011b v z\u00e1vod\u011b, kter\u00fd byl nejpo\u010detn\u011bji obsazen (startovalo 23 chlapc\u016f)&#8230;<\/p>\n<figure id=\"attachment_13711\" aria-describedby=\"caption-attachment-13711\" style=\"width: 2000px\" class=\"wp-caption alignnone\"><a href=\"http:\/\/www.moravecteam.cz\/?attachment_id=13711\" rel=\"attachment wp-att-13711\"><img decoding=\"async\" loading=\"lazy\" class=\" wp-image-13711\" alt=\"OLYMPUS DIGITAL CAMERA\" src=\"http:\/\/www.moravecteam.cz\/wp-content\/uploads\/2019\/08\/P8178702.jpg\" width=\"2000\" height=\"976\" srcset=\"https:\/\/www.moravecteam.cz\/wp-content\/uploads\/2019\/08\/P8178702.jpg 2000w, https:\/\/www.moravecteam.cz\/wp-content\/uploads\/2019\/08\/P8178702-300x146.jpg 300w, https:\/\/www.moravecteam.cz\/wp-content\/uploads\/2019\/08\/P8178702-1024x499.jpg 1024w\" sizes=\"(max-width: 2000px) 100vw, 2000px\" \/><\/a><figcaption id=\"caption-attachment-13711\" class=\"wp-caption-text\">Takhle n\u00e1s vid\u011bl z perspektivy pt\u00e1\u010dka Niel Armstrong, kter\u00fd z\u00e1vod v Boskovic\u00edch sh\u016fry jistil!<\/figcaption><\/figure>\n<p><span style=\"color: #800000;\"><strong>Medailist\u00e9 MORAVEC Teamu &#8211; po\u0159ad\u00ed OPEN:<\/strong><\/span><\/p>\n<ul>\n<li style=\"text-align: justify;\">Zlat\u00e9 medaile vybojovali: <strong><span style=\"color: #ff6600;\">Leona Eclerov\u00e1<\/span><\/strong> (do 6let), <strong><span style=\"color: #ff6600;\">Just\u00fdna Novotn\u00e1<\/span> <\/strong>(9-10 let) a\u00a0<strong><span style=\"color: #ff6600;\">Anna Hn\u00e1kov\u00e1<\/span> \u00a0<\/strong>(11-12 let)<\/li>\n<li style=\"text-align: justify;\">St\u0159\u00edbrn\u00e9 medaile brali:\u00a0<span style=\"color: #808080;\"><b>Am\u00e1lie Gottwaldov\u00e1 <\/b><\/span>(11-12 let) a <span style=\"color: #808080;\"><strong>Luk\u00e1\u0161 Sedl\u00e1k <\/strong><\/span>(13-14 let).<\/li>\n<li style=\"text-align: justify;\">Bronz si z\u00a0Boskovic \u00a0vezou <span style=\"color: #993300;\"><strong>Jon\u00e1\u0161 Janovsk\u00fd <\/strong><\/span>(do 6 let) , <span style=\"color: #993300;\"><strong>Zita \u017dern\u00ed\u010dkov\u00e1<\/strong><\/span> (7-8 let) a <strong><span style=\"color: #993300;\">Lucie Gottwaldov\u00e1<\/span><\/strong> (9-10 let)<\/li>\n<\/ul>\n<figure id=\"attachment_13707\" aria-describedby=\"caption-attachment-13707\" style=\"width: 2000px\" class=\"wp-caption alignnone\"><a href=\"http:\/\/www.moravecteam.cz\/?attachment_id=13707\" rel=\"attachment wp-att-13707\"><img decoding=\"async\" loading=\"lazy\" class=\" wp-image-13707\" alt=\"IMG_8956\" src=\"http:\/\/www.moravecteam.cz\/wp-content\/uploads\/2019\/08\/IMG_8956.jpg\" width=\"2000\" height=\"1911\" srcset=\"https:\/\/www.moravecteam.cz\/wp-content\/uploads\/2019\/08\/IMG_8956.jpg 2000w, https:\/\/www.moravecteam.cz\/wp-content\/uploads\/2019\/08\/IMG_8956-25x25.jpg 25w, https:\/\/www.moravecteam.cz\/wp-content\/uploads\/2019\/08\/IMG_8956-300x286.jpg 300w, https:\/\/www.moravecteam.cz\/wp-content\/uploads\/2019\/08\/IMG_8956-1024x978.jpg 1024w\" sizes=\"(max-width: 2000px) 100vw, 2000px\" \/><\/a><figcaption id=\"caption-attachment-13707\" class=\"wp-caption-text\">Mlad\u0161\u00ed vnu\u010dka Vlastimila MORAVCE, Ladu\u0161ka Bartol\u0161icov\u00e1 si s odr\u00e1\u017eedlem u\u017e docela rozum\u00ed!<\/figcaption><\/figure>\n<div>\n<dl id=\"attachment_13555\">\n<dt><\/dt>\n<dd><span style=\"color: #800000;\"><strong>Medailist\u00e9 MORAVEC Teamu &#8211; po\u0159ad\u00ed OBCE:<\/strong><\/span><\/dd>\n<\/dl>\n<\/div>\n<ul>\n<li style=\"text-align: justify;\">Prvn\u00ed m\u00edsta:\u00a0<span style=\"color: #ff6600;\"><strong>Jon\u00e1\u0161 Janovsk\u00fd <\/strong><\/span>(do 6 let),\u00a0 <strong><span style=\"color: #ff6600;\">Zita \u017dern\u00ed\u010dkov\u00e1<\/span> <\/strong>(7-8 let), <span style=\"color: #ff6600;\"><strong>Just\u00fdna Novotn\u00e1 <\/strong><\/span>(11-12 let) a\u00a0<span style=\"color: #ff6600;\"><strong>Anna Hn\u00e1kov\u00e1<\/strong> <\/span>(11-12 let).<\/li>\n<li style=\"text-align: justify;\">Druh\u00e1 m\u00edsta:<span style=\"color: #808080;\">\u00a0<\/span><span style=\"color: #999999;\"><strong>Kl\u00e1ra V\u011brn\u00e1 <\/strong><\/span>(do 6 let).<\/li>\n<li style=\"text-align: justify;\">T\u0159et\u00ed v po\u0159ad\u00ed fini\u0161ovali: <span style=\"color: #993300;\"><strong>Ji\u0159\u00ed Va\u0161\u00ed\u010dek <\/strong><\/span>(do 6 let),\u00a0<strong><span style=\"color: #993300;\">Ad\u00e9la V\u011brn\u00e1<\/span><\/strong> (do 6 let),\u00a0\u00a0a\u00a0<span style=\"color: #993300;\"><strong>Barbora\u00a0Janovsk\u00e1 <\/strong><\/span>(11 &#8211; 12let).<\/li>\n<\/ul>\n<figure id=\"attachment_13709\" aria-describedby=\"caption-attachment-13709\" style=\"width: 1467px\" class=\"wp-caption alignnone\"><a href=\"http:\/\/www.moravecteam.cz\/?attachment_id=13709\" rel=\"attachment wp-att-13709\"><img decoding=\"async\" loading=\"lazy\" class=\" wp-image-13709\" alt=\"IMG_8844\" src=\"http:\/\/www.moravecteam.cz\/wp-content\/uploads\/2019\/08\/IMG_8844.jpg\" width=\"1467\" height=\"883\" srcset=\"https:\/\/www.moravecteam.cz\/wp-content\/uploads\/2019\/08\/IMG_8844.jpg 1467w, https:\/\/www.moravecteam.cz\/wp-content\/uploads\/2019\/08\/IMG_8844-300x180.jpg 300w, https:\/\/www.moravecteam.cz\/wp-content\/uploads\/2019\/08\/IMG_8844-1024x616.jpg 1024w\" sizes=\"(max-width: 1467px) 100vw, 1467px\" \/><\/a><figcaption id=\"caption-attachment-13709\" class=\"wp-caption-text\">Eva MORAVCOV\u00c1 pr\u00e1v\u011b dekorovala nejlep\u0161\u00ed d\u00edvky do \u0161esti let, v\u010detn\u011b na\u0161\u00ed Leony Eclerov\u00e9.<\/figcaption><\/figure>\n<p style=\"text-align: justify;\">D\u00edky v\u0161em za vzorn\u00e9 repre odd\u00edlu a v\u00fdkony na doraz. D\u00edky tak\u00e9 v\u0161em, kte\u0159\u00ed p\u0159i organizov\u00e1n\u00ed z\u00e1vodu, kter\u00fdm je MORAVEC Team hlavn\u00edm po\u0159adatelem, p\u0159ilo\u017eili ruku k d\u00edlu! Speci\u00e1ln\u00ed &#8222;thanks&#8220; pak let\u00ed k tra\u0165ov\u00e9mu \u0159editeli <span style=\"color: #800000;\"><strong>Vlast\u00edku Odehnalovi<\/strong><\/span>, kter\u00fd byl &#8211; \u00a0jako v\u017edy &#8211; stoprocentn\u00ed! Zde mrkn\u011bte na <strong><a href=\"http:\/\/vysledky.pohardrahanskevrchoviny.cz\/2019\/?page=vysledky\">kompletn\u00ed v\u00fdsledky<\/a><\/strong> a tu\u0165 na 7(!) fotogaleri\u00ed&#8230; (D\u00edky Franto, Lenko, L\u00eddo a Neile)!<\/p>\n<ul>\n<li><strong><a href=\"https:\/\/moravecteam.rajce.idnes.cz\/2019.08.17_MTB_PDV_Boskovice\">Fotogalerie \u010d.1<\/a><\/strong><\/li>\n<li><strong><a href=\"https:\/\/moravecteam.rajce.idnes.cz\/2019.08.17_MTB_PDV_Boskovice_-_2\">Fotogalerie \u010d.2<\/a><\/strong><\/li>\n<li><strong><a href=\"https:\/\/moravecteam.rajce.idnes.cz\/2019.08.17_MTB_PDV_Boskovice_-_3\">Fotogalerie \u010d.3<\/a><\/strong><\/li>\n<li><strong><a href=\"https:\/\/moravecteam.rajce.idnes.cz\/2019.08.17_MTB_PDV_Boskovice_-_4\">Fotogalerie \u010d.4<\/a><\/strong><\/li>\n<li><strong><a href=\"https:\/\/moravecteam.rajce.idnes.cz\/2019.08.17_MTB_PDV_Boskovice_-_5\">Fotogalerie \u010d.5<\/a><\/strong><\/li>\n<li><strong><a href=\"https:\/\/moravecteam.rajce.idnes.cz\/2019.08.17_MTB_PDV_Boskovice_-_6\">Fotogalerie \u010d.6<\/a><\/strong><\/li>\n<li><strong><a href=\"https:\/\/cefra.rajce.idnes.cz\/PDV_7_Boskovice._17._8._2019_-_Pohar_Drahanske_Vrchoviny\">Fotogalerie \u010d.7<\/a><\/strong><\/li>\n<\/ul>\n<figure id=\"attachment_13708\" aria-describedby=\"caption-attachment-13708\" style=\"width: 975px\" class=\"wp-caption alignnone\"><a href=\"http:\/\/www.moravecteam.cz\/?attachment_id=13708\" rel=\"attachment wp-att-13708\"><img decoding=\"async\" loading=\"lazy\" class=\" wp-image-13708\" alt=\"IMG_9044\" src=\"http:\/\/www.moravecteam.cz\/wp-content\/uploads\/2019\/08\/IMG_9044.jpg\" width=\"975\" height=\"562\" srcset=\"https:\/\/www.moravecteam.cz\/wp-content\/uploads\/2019\/08\/IMG_9044.jpg 975w, https:\/\/www.moravecteam.cz\/wp-content\/uploads\/2019\/08\/IMG_9044-300x172.jpg 300w\" sizes=\"(max-width: 975px) 100vw, 975px\" \/><\/a><figcaption id=\"caption-attachment-13708\" class=\"wp-caption-text\">N\u00e1\u0161 \u00fadrn\u00fd \u0161ik p\u0159i\u0161li povzbudit i na\u0161i kamar\u00e1di z dalek\u00e9 Indie: zleva Adarsha, Rakesh, Pavan a Keerthy.<\/figcaption><\/figure>\n<p style=\"text-align: justify;\">\n","protected":false},"excerpt":{"rendered":"<p>Docela vysokou &#8222;Vrchovinovou&#8220; la\u0165ku, kterou si MORAVCI nastavili po pr\u00e1zdninov\u00e9 p\u0159est\u00e1vce z\u00e1vodem v Bukov\u00e9, se poda\u0159ilo udr\u017eet i na mistrovsk\u00fdch trat\u00edch &#8222;Grand Slamov\u00e9ho&#8220; z\u00e1vodu v Boskovic\u00edch. Osm medail\u00ed v po\u0159ad\u00ed OPEN je tedy op\u011bt &#8222;doma&#8220;, p\u0159i\u010dem\u017e jednou bronzovou p\u0159isp\u011bla do na\u0161\u00ed pomysln\u00e9 pokladnice i Zita \u017dern\u00ed\u010dkov\u00e1, kter\u00e1 startovala poprv\u00e9 po nemoci a z jej\u00edho boskovick\u00e9ho &hellip; <a href=\"https:\/\/www.moravecteam.cz\/?p=13690\" class=\"more-link\">Pokra\u010dov\u00e1n\u00ed textu <span class=\"screen-reader-text\">Dr\u017e\u00edme la\u0165ku!<\/span> <span class=\"meta-nav\">&rarr;<\/span><\/a><\/p>\n","protected":false},"author":3,"featured_media":13698,"comment_status":"open","ping_status":"closed","sticky":false,"template":"","format":"standard","meta":[],"categories":[1],"tags":[],"_links":{"self":[{"href":"https:\/\/www.moravecteam.cz\/index.php?rest_route=\/wp\/v2\/posts\/13690"}],"collection":[{"href":"https:\/\/www.moravecteam.cz\/index.php?rest_route=\/wp\/v2\/posts"}],"about":[{"href":"https:\/\/www.moravecteam.cz\/index.php?rest_route=\/wp\/v2\/types\/post"}],"author":[{"embeddable":true,"href":"https:\/\/www.moravecteam.cz\/index.php?rest_route=\/wp\/v2\/users\/3"}],"replies":[{"embeddable":true,"href":"https:\/\/www.moravecteam.cz\/index.php?rest_route=%2Fwp%2Fv2%2Fcomments&post=13690"}],"version-history":[{"count":11,"href":"https:\/\/www.moravecteam.cz\/index.php?rest_route=\/wp\/v2\/posts\/13690\/revisions"}],"predecessor-version":[{"id":13715,"href":"https:\/\/www.moravecteam.cz\/index.php?rest_route=\/wp\/v2\/posts\/13690\/revisions\/13715"}],"wp:featuredmedia":[{"embeddable":true,"href":"https:\/\/www.moravecteam.cz\/index.php?rest_route=\/wp\/v2\/media\/13698"}],"wp:attachment":[{"href":"https:\/\/www.moravecteam.cz\/index.php?rest_route=%2Fwp%2Fv2%2Fmedia&parent=13690"}],"wp:term":[{"taxonomy":"category","embeddable":true,"href":"https:\/\/www.moravecteam.cz\/index.php?rest_route=%2Fwp%2Fv2%2Fcategories&post=13690"},{"taxonomy":"post_tag","embeddable":true,"href":"https:\/\/www.moravecteam.cz\/index.php?rest_route=%2Fwp%2Fv2%2Ftags&post=13690"}],"curies":[{"name":"wp","href":"https:\/\/api.w.org\/{rel}","templated":true}]}}