{"id":13716,"date":"2019-08-26T20:46:21","date_gmt":"2019-08-26T18:46:21","guid":{"rendered":"http:\/\/www.moravecteam.cz\/?p=13716"},"modified":"2019-08-26T21:33:28","modified_gmt":"2019-08-26T19:33:28","slug":"eliska-zarila-na-evrope","status":"publish","type":"post","link":"https:\/\/www.moravecteam.cz\/?p=13716","title":{"rendered":"Eli\u0161ka  z\u00e1\u0159ila na &#8222;Evrop\u011b&#8220;!"},"content":{"rendered":"<p style=\"text-align: justify;\"><span style=\"color: #800000;\"><strong>U\u017e v lo\u0148sk\u00e9m roce zaujaly v\u00fdkony Eli\u0161ky Han\u00e1kov\u00e9 tren\u00e9rku \u010cesk\u00e9ho reprezenta\u010dn\u00edho v\u00fdb\u011bru &#8222;Lv\u00ed\u010dat&#8220;, So\u0148u Jurkovou. A\u00a0 dokonce u\u017e od p\u0159edlo\u0148ska (p\u0159esn\u011b od z\u00e1vodu \u010cesk\u00e9ho poh\u00e1ru MTB na Zadov\u011b, kde Eli\u0161ka vybojovala svoji prvn\u00ed &#8211; bronzovou &#8211; poh\u00e1rovou &#8222;bednu&#8220;) je &#8222;ve st\u0159ehu&#8220; a talentovanou z\u00e1vodnici MORAVEC Teamu pe\u010dliv\u011b sleduje i &#8222;head coach&#8220; \u010desk\u00e9 bikov\u00e9 reprezentace Viktor Zapletal. No a proto\u017ee \u00fa\u010dast v leto\u0161n\u00edm \u010desk\u00e9m poh\u00e1ru horsk\u00fdch kol, v\u010detn\u011b n\u00e1rodn\u00edho mistrovstv\u00ed v Hlinsku &#8211; to oboj\u00ed bylo jednozna\u010dn\u011b v re\u017eii na\u0161\u00ed \u010dtrn\u00e1ctilet\u00e9 bikerky, nen\u00ed divu, \u017ee j\u00ed nominmce na Mistrovstv\u00ed Evropy \u017e\u00e1k\u016f\u00a0a kadet\u016f, kter\u00e9 i letos hostilo italsk\u00e9 podhorsk\u00e9 letovisko Pila, \u00a0nemohla minout!<\/strong><\/span><\/p>\n<figure id=\"attachment_13736\" aria-describedby=\"caption-attachment-13736\" style=\"width: 1513px\" class=\"wp-caption alignnone\"><a href=\"http:\/\/www.moravecteam.cz\/?attachment_id=13736\" rel=\"attachment wp-att-13736\"><img decoding=\"async\" loading=\"lazy\" class=\" wp-image-13736\" alt=\"IMG_7481\" src=\"http:\/\/www.moravecteam.cz\/wp-content\/uploads\/2019\/08\/IMG_7481.jpg\" width=\"1513\" height=\"1599\" srcset=\"https:\/\/www.moravecteam.cz\/wp-content\/uploads\/2019\/08\/IMG_7481.jpg 1513w, https:\/\/www.moravecteam.cz\/wp-content\/uploads\/2019\/08\/IMG_7481-25x25.jpg 25w, https:\/\/www.moravecteam.cz\/wp-content\/uploads\/2019\/08\/IMG_7481-283x300.jpg 283w, https:\/\/www.moravecteam.cz\/wp-content\/uploads\/2019\/08\/IMG_7481-968x1024.jpg 968w\" sizes=\"(max-width: 1513px) 100vw, 1513px\" \/><\/a><figcaption id=\"caption-attachment-13736\" class=\"wp-caption-text\">Prvn\u00ed &#8222;velk\u00e1 bedna&#8220; Eli\u0161ky: \u010cP Zadov 2017, mlad\u0161\u00ed \u017e\u00e1kyn\u011b.<\/figcaption><\/figure>\n<p style=\"text-align: justify;\">Eli\u0161ku jsme zahl\u00e9dli v sobotu, 17. srpna\u00a0na &#8222;Vrchovin\u011b&#8220; v Boskovic\u00edch, u\u017e ale jenom v &#8222;civilu&#8220;, nejen v pozici odpo\u010d\u00edvaj\u00edc\u00edho rajdra, \u00a0ale hlavn\u011b co by aktivn\u00edho fanou\u0161ka MORAVEC Teamu, \u0161et\u0159\u00edc\u00edho s\u00edly na dny p\u0159\u00ed\u0161t\u00ed&#8230; Reprezentace se do It\u00e1lie p\u0159esunovala o den pozd\u011bji a po nezbytn\u00e9 aklimatizaci se v \u00fater\u00fd, 20. srpna rozb\u011bhly bikov\u00e9 souboje mlad\u00fdch &#8222;repro\u0161\u016f&#8220; ji\u017e naplno&#8230;<\/p>\n<figure id=\"attachment_13737\" aria-describedby=\"caption-attachment-13737\" style=\"width: 1224px\" class=\"wp-caption alignnone\"><a href=\"http:\/\/www.moravecteam.cz\/?attachment_id=13737\" rel=\"attachment wp-att-13737\"><img decoding=\"async\" loading=\"lazy\" class=\" wp-image-13737\" alt=\"IMG_5141\" src=\"http:\/\/www.moravecteam.cz\/wp-content\/uploads\/2019\/08\/IMG_5141.jpg\" width=\"1224\" height=\"1028\" srcset=\"https:\/\/www.moravecteam.cz\/wp-content\/uploads\/2019\/08\/IMG_5141.jpg 1224w, https:\/\/www.moravecteam.cz\/wp-content\/uploads\/2019\/08\/IMG_5141-300x251.jpg 300w, https:\/\/www.moravecteam.cz\/wp-content\/uploads\/2019\/08\/IMG_5141-1024x860.jpg 1024w\" sizes=\"(max-width: 1224px) 100vw, 1224px\" \/><\/a><figcaption id=\"caption-attachment-13737\" class=\"wp-caption-text\">Profilov\u011b n\u00e1ro\u010dn\u00fd ter\u00e9n v Pile Eli\u0161ce sv\u011bd\u010dil!<\/figcaption><\/figure>\n<h5 style=\"text-align: justify;\"><strong><span style=\"color: #800000;\">\u00dater\u00fd 20. srpna &#8211; MTB \u010dasovka<\/span><\/strong><\/h5>\n<p style=\"text-align: justify;\">V konkurenci\u00a0t\u0159idevades\u00e1ti d\u011bv\u010dat\u00a0 kon\u010d\u00ed Eli\u0161ka na 9. m\u00edst\u011b, v \u010dase\u00a0\u00a02:04,20 min. se ztr\u00e1tou 9 vte\u0159in na \u00a0v\u00edt\u011bzku, n\u011bmeckou. z\u00e1vodnici <strong><span style=\"color: #800000;\">Carlu Hahnovou<\/span><\/strong>. Slibn\u00fd za\u010d\u00e1tek Eli\u0161ky Han\u00e1kov\u00e9 m\u011bl medailovou &#8222;t\u0159e\u0161ni\u010dku na dortu&#8220;. \u010casy z \u010dasovky se zapo\u010d\u00edt\u00e1valy do t\u00fdmov\u00e9 sout\u011b\u017ee, kdy t\u0159\u00ed\u010dlenn\u00e9 dru\u017estvo tvo\u0159\u00ed podle reglementu\u00a0 krom\u011b jedn\u00e9 d\u00edvky &#8211; star\u0161\u00ed \u017e\u00e1kyn\u011b je\u0161t\u011b dva star\u0161\u00ed \u017e\u00e1ci. V konkr\u00e9tn\u00edm p\u0159\u00edpad\u011b sestavy &#8222;Czech Republic A&#8220; jsou par\u0165\u00e1ky <strong><span style=\"color: #800000;\">Eli\u0161ky Han\u00e1kov\u00e9<\/span> <\/strong>je\u0161t\u011b <span style=\"color: #800000;\"><strong>Adam Bern\u00e1t<\/strong> <\/span>a <strong><span style=\"color: #800000;\">Jakub Elbadri<\/span><\/strong>. A proto\u017ee se kluci tak\u00e9 \u010dinili, celkov\u00fd sou\u010det \u010das\u016f 5:51,15 min. znamenal zisk bronzov\u00e9 medaile! Ztr\u00e1ta na v\u00edt\u011bzn\u00fd t\u00fdm Rakousk\u00e1 \u010dinila necel\u00e9 2 vte\u0159iny&#8230; Zde mrkn\u011bte na:<\/p>\n<ul>\n<li>\n<div style=\"text-align: justify;\"><strong><a href=\"http:\/\/www.pilabikeplanet.it\/documenti\/UEC%20EUROPEAN%20YOUTH%20MTB%20CHAMPIONSHIPS%20-%20SINGLE%20TIME%20TRIAL%20-%20Category%20ranking,%20U15%20WOMEN.pdf\">V\u00fdsledky \u010dasovky star\u0161\u00edch \u017e\u00e1ky\u0148<\/a><\/strong><\/div>\n<\/li>\n<li><strong><a href=\"http:\/\/www.pilabikeplanet.it\/documenti\/UEC%20EUROPEAN%20YOUTH%20MTB%20CHAMPIONSHIPS%20-%20SINGLE%20TIME%20TRIAL%20-%20U15%20TEAM%20RESULTS.pdf\">V\u00fdsledky \u010dasovky sm\u00ed\u0161en\u00fdch dru\u017estev<\/a><\/strong><\/li>\n<\/ul>\n<figure id=\"attachment_13738\" aria-describedby=\"caption-attachment-13738\" style=\"width: 671px\" class=\"wp-caption alignnone\"><a href=\"http:\/\/www.moravecteam.cz\/?attachment_id=13738\" rel=\"attachment wp-att-13738\"><img decoding=\"async\" loading=\"lazy\" class=\" wp-image-13738\" alt=\"IMG_6691\" src=\"http:\/\/www.moravecteam.cz\/wp-content\/uploads\/2019\/08\/IMG_6691.jpg\" width=\"671\" height=\"536\" srcset=\"https:\/\/www.moravecteam.cz\/wp-content\/uploads\/2019\/08\/IMG_6691.jpg 671w, https:\/\/www.moravecteam.cz\/wp-content\/uploads\/2019\/08\/IMG_6691-300x239.jpg 300w\" sizes=\"(max-width: 671px) 100vw, 671px\" \/><\/a><figcaption id=\"caption-attachment-13738\" class=\"wp-caption-text\">Eli\u0161ka Han\u00e1kov\u00e1 \u010dek\u00e1 na p\u0159ed\u00e1vku v z\u00e1vod\u011b \u0161tafet.<\/figcaption><\/figure>\n<h5><strong><span style=\"color: #800000;\">St\u0159eda 21. srpna &#8211; t\u00fdmov\u00e9 \u0161tafety<\/span><\/strong><\/h5>\n<p style=\"text-align: justify;\">\u017de <strong><span style=\"color: #800000;\">So\u0148a Jurkov\u00e1<\/span> <\/strong>sestavila hlavn\u00ed \u017e\u00e1kovskou trojici velice erudovan\u011b, uk\u00e1zal st\u0159ede\u010dn\u00ed z\u00e1vod \u0161tafet. Trojice Bern\u00e1t \/ Han\u00e1kov\u00e1 \/ Elbadri se v konkurenci 72\u00a0 t\u00fdm\u016f dok\u00e1zal prosadit na\u00a0cenn\u00e9 5. m\u00edsto! Z\u00e1vod se ji\u017e odkrou\u017eil na hlavn\u00edm okruhu, kter\u00fd je pov\u011bstn\u00fd svoj\u00ed n\u00e1ro\u010dnost\u00ed, jak po technick\u00e9 str\u00e1nce, tak i sv\u00fdm v\u00fd\u0161kov\u00fdm profilem. \u010cesk\u00e1 \u0161tafeta ztratila na v\u00edt\u011bzn\u00fd t\u00fdm &#8222;Norsko 2&#8220; minutu a 22 vte\u0159in,\u00a0 k bronzu Ital\u016f na\u0161im chyb\u011blo 23 vte\u0159in. Druh\u00e9 dru\u017estvo \u010ceska (Samec, Pernick\u00e1, Novotn\u00fd) bylo klasifikov\u00e1no na 24. m\u00edst\u011b se ztr\u00e1tou 5:56 minut na v\u00edt\u011bze. Z\u00e1vod v\u0161em ur\u010dit\u011b hodn\u011b poslou\u017eil co by d\u016fkladn\u00e1 p\u0159\u00edprava jednak na \u010dtvrte\u010dn\u00ed z\u00e1vody ve sprintech, ale hlavn\u011b \u00a0na sobotn\u00ed klasick\u00e9 cross country. V obou t\u011bchto discipl\u00edn\u00e1ch\u00a0 by\u00a0mohla Eli\u0161ka &#8211; vhledem ke sv\u00e9 univerz\u00e1lnosti &#8211; &#8222;bodovat&#8220;,\u00a0p\u0159i\u010dem\u017e jej\u00ed dom\u00e9nou a par\u00e1dn\u00ed discipl\u00ednou je samoz\u0159ejm\u011b klasick\u00e9\u00a0&#8222;iksc\u00e9\u00f3\u010dko&#8220;.\u00a0\u017de\u00a0je opatrn\u00fd optimismus na m\u00edst\u011b potvrzuje skute\u010dnost, \u017ee\u00a0 ve \u0161tafetov\u00e9m z\u00e1vod\u011b m\u011bla mezi d\u00edvkami 6. nejrychlej\u0161\u00ed \u010das!\u00a0 Zde je ve\u0161ker\u00e9 info k prob\u00edhaj\u00edc\u00ed <strong>\u00a0<a href=\"http:\/\/www.pilabikeplanet.it\/\">\u017e\u00e1kovsk\u00e9 &#8222;evrop\u011b&#8220; <\/a>.\u00a0<\/strong><\/p>\n<ul>\n<li><strong><a href=\"http:\/\/www.pilabikeplanet.it\/documenti\/UEC%20EUROPEAN%20YOUTH%20MTB%20CHAMPIONSHIPS%20-%20TEAM%20RELAY%2013-14%20-%20XCR%20-%20U15%20RANKING.pdf\">V\u00fdsledky \u0161tafetov\u00e9ho z\u00e1vodu star\u0161\u00edch \u017e\u00e1k\u016f \/ \u017e\u00e1ky\u0148<\/a><\/strong><\/li>\n<\/ul>\n<figure id=\"attachment_13739\" aria-describedby=\"caption-attachment-13739\" style=\"width: 2410px\" class=\"wp-caption alignnone\"><a href=\"http:\/\/www.pilabikeplanet.it\/documenti\/UEC%20EUROPEAN%20YOUTH%20MTB%20CHAMPIONSHIPS%20-%20TEAM%20RELAY%2013-14%20-%20XCR%20-%20U15%20RANKING.pdf\" rel=\"attachment wp-att-13739\"><img decoding=\"async\" loading=\"lazy\" class=\" wp-image-13739\" alt=\"FullSizeRender\" src=\"http:\/\/www.moravecteam.cz\/wp-content\/uploads\/2019\/08\/FullSizeRender.jpg\" width=\"2410\" height=\"1607\" srcset=\"https:\/\/www.moravecteam.cz\/wp-content\/uploads\/2019\/08\/FullSizeRender.jpg 2410w, https:\/\/www.moravecteam.cz\/wp-content\/uploads\/2019\/08\/FullSizeRender-300x200.jpg 300w, https:\/\/www.moravecteam.cz\/wp-content\/uploads\/2019\/08\/FullSizeRender-1024x682.jpg 1024w\" sizes=\"(max-width: 2410px) 100vw, 2410px\" \/><\/a><figcaption id=\"caption-attachment-13739\" class=\"wp-caption-text\">Ml\u00e1de\u017enick\u00fd reprezenta\u010dn\u00ed v\u00fdb\u011br Soni Jurkov\u00e9, ME Pila 2019.<\/figcaption><\/figure>\n<h5 style=\"text-align: justify;\"><span style=\"color: #800000;\"><strong>\u010ctvrtek 22. srpna &#8211; XCE &#8211; eliminator<\/strong><\/span><\/h5>\n<p style=\"text-align: justify;\">Z t\u0159iadevades\u00e1ti d\u00edvek &#8211; star\u0161\u00edch \u017e\u00e1ky\u0148 &#8211; jich postoupilo do\u00a0vy\u0159azovac\u00edch\u00a0j\u00edzd 16 s nejlep\u0161\u00edmi \u010dasy, v\u010detn\u011b <strong><span style=\"color: #800000;\">Eli\u0161ky Han\u00e1kov\u00e9<\/span><\/strong>, kter\u00e1\u00a0postoupila do \u010dtvrtfin\u00e1le s 9. nejlep\u0161\u00edm \u00a0\u010dasem. Ve vyrovnan\u00e9m souboji j\u00ed postup do semifin\u00e1le unikl jen velmi t\u011bsn\u011b a v\u00fdsledkov\u00e1 definitiva j\u00ed nakonec za\u0159adila na 10. m\u00edsto. Jej\u00ed t\u00fdmov\u00e9 kolegyni, <strong><span style=\"color: #800000;\">Ad\u00e9le Pernick\u00e9<\/span> <\/strong>se do semifin\u00e1le\u00a0 postoupit poda\u0159ilo a i v n\u011bm si vedla v\u00fdborn\u011b. By\u0165 j\u00ed postup do fin\u00e1lov\u00e9 \u010dty\u0159ky t\u011bsn\u011b uniknul, v &#8222;mal\u00e9m fin\u00e1le&#8220; byla nejrychlej\u0161\u00ed a jej\u00ed\u00a0celkov\u00e9 5. m\u00edsto je bezesporu \u00fasp\u011bchem! Zde mrkn\u011bte na:<\/p>\n<ul>\n<li>\n<div style=\"text-align: justify;\"><strong><a href=\"http:\/\/www.pilabikeplanet.it\/documenti\/UEC%20EUROPEAN%20YOUTH%20MTB%20CHAMPIONSHIPS%20-%20ELIMINATOR%2013-14%20-%20XCE%20WOMEN%2013-14%20FINAL%20RESULTS%20flat.pdf\">kone\u010dn\u00e9 v\u00fdsledky XCE star\u0161\u00ed \u017e\u00e1kyn\u011b<\/a><\/strong><\/div>\n<\/li>\n<li>\n<div style=\"text-align: justify;\"><strong><a href=\"http:\/\/www.pilabikeplanet.it\/documenti\/UEC%20EUROPEAN%20YOUTH%20MTB%20CHAMPIONSHIPS%20-%20ELIMINATOR%2013-14%20-%20XCE%20WOMEN%20FINAL%20RESULTS.pdf\">v\u00fdsledky z vy\u0159azovac\u00edch j\u00edzd<\/a><\/strong><\/div>\n<\/li>\n<\/ul>\n<figure id=\"attachment_13740\" aria-describedby=\"caption-attachment-13740\" style=\"width: 507px\" class=\"wp-caption alignnone\"><a href=\"http:\/\/www.moravecteam.cz\/?attachment_id=13740\" rel=\"attachment wp-att-13740\"><img decoding=\"async\" loading=\"lazy\" class=\" wp-image-13740\" alt=\"IMG_6936\" src=\"http:\/\/www.moravecteam.cz\/wp-content\/uploads\/2019\/08\/IMG_6936.jpg\" width=\"507\" height=\"429\" srcset=\"https:\/\/www.moravecteam.cz\/wp-content\/uploads\/2019\/08\/IMG_6936.jpg 507w, https:\/\/www.moravecteam.cz\/wp-content\/uploads\/2019\/08\/IMG_6936-300x253.jpg 300w\" sizes=\"(max-width: 507px) 100vw, 507px\" \/><\/a><figcaption id=\"caption-attachment-13740\" class=\"wp-caption-text\">Trat\u011b v Pile nebyly n\u00e1ro\u010dn\u00e9 jen profilem, ale i o technick\u00e9 str\u00e1nce&#8230;<\/figcaption><\/figure>\n<h5><strong><span style=\"color: #800000;\">Sobota 24. srpna &#8211; XCO\u00a0&#8211; cross country\u00a0<\/span><\/strong><\/h5>\n<p style=\"text-align: justify;\">Vyvrcholen\u00ed evropsk\u00e9ho \u0161ampion\u00e1tu m\u011bl pro n\u00e1s dramatickou p\u0159edehru. Na sobotn\u00ed z\u00e1vod nastupovala <strong><span style=\"color: #800000;\">Eli\u0161ka Han\u00e1kov\u00e1<\/span> <\/strong>po p\u0159ekon\u00e1n\u00ed zdravotn\u00edch probl\u00e9m\u016f, kter\u00e9 byly zp\u016fsobeny pravd\u011bpodobn\u011b stravovac\u00edm re\u017eimem v m\u00edst\u011b kon\u00e1n\u00ed akce, kter\u00fd bohu\u017eel nen\u00ed ze strany veden\u00ed reprezentace nastaven a organizov\u00e1n &#8211; vzhledem k v\u011bku z\u00e1vodn\u00edk\u016f &#8211; zrovna vhodn\u011b a \u00a0optim\u00e1ln\u011b&#8230; Toto je ur\u010dit\u011b d\u016fvodem k zamy\u0161len\u00ed ve smyslu nutnosti zlep\u0161en\u00ed tohoto d\u016fle\u017eit\u00e9ho faktoru p\u0159i \u00a0p\u0159\u00ed\u0161t\u00edm \u0161ampion\u00e1tu, v r. 2020.\u00a0 V prav\u00e9 poledne vyrazilo\u00a0bez jedn\u00e9 90 d\u00edvek na extr\u00e9mn\u011b t\u011b\u017ekou\u00a0tra\u0165, jej\u00ed\u017e dominantou byly jak t\u011b\u017ek\u00e9 technick\u00e9 sjezdy, tak n\u00e1ro\u010dn\u00e1 stoup\u00e1n\u00ed. Eli\u0161ka, startuj\u00edc\u00ed z prvn\u00ed \u0159ady, dok\u00e1zala podr\u017eet krok s \u010delem z\u00e1vodu, kdy\u017e od startu\u00a0diktovala tempo pozd\u011bj\u0161\u00ed v\u00edt\u011bzka,\u00a0\u0160v\u00fdcarka\u00a0<strong><span style=\"color: #800000;\">\u00a0Anina Hutterov\u00e1<\/span><\/strong>. Na m\u011b\u0159en\u00e9m mezi\u010dase v prvn\u00edm kole byly o t\u0159i vte\u0159inky p\u0159ed ostatn\u00edmi z\u00e1vodnicemi korm\u011b Hutterov\u00e9, Han\u00e1kov\u00e1 a s nimi i n\u011bmeck\u00e1 z\u00e1vodnice <strong><span style=\"color: #800000;\">Lara Leihnerov\u00e1<\/span><\/strong>. O zm\u00edn\u011bn\u00e9 3 vte\u0159iny zp\u011bt st\u00edhala trojici dal\u0161\u00ed \u0160v\u00fdcarka <span style=\"color: #800000;\"><strong>Chaira Solerov\u00e1<\/strong><\/span>, s odstupem 20-ti vte\u0159in se sna\u017eila dr\u017eet krok s \u010delem i Raku\u0161anka <strong><span style=\"color: #800000;\">Katrin Eimbacherov\u00e1<\/span><\/strong>. Se ztr\u00e1tou n\u011bco m\u00e1lo p\u0159es p\u016fl minuty dr\u017eela elitn\u00ed des\u00edtku na 9. m\u00edst\u011b jedouc\u00ed\u00a0i <strong><span style=\"color: #800000;\">Ad\u00e9la Pernick\u00e1<\/span><\/strong>.<\/p>\n<figure id=\"attachment_13741\" aria-describedby=\"caption-attachment-13741\" style=\"width: 1114px\" class=\"wp-caption alignnone\"><a href=\"http:\/\/www.moravecteam.cz\/?attachment_id=13741\" rel=\"attachment wp-att-13741\"><img decoding=\"async\" loading=\"lazy\" class=\" wp-image-13741\" alt=\"IMG_6981\" src=\"http:\/\/www.moravecteam.cz\/wp-content\/uploads\/2019\/08\/IMG_6981.jpg\" width=\"1114\" height=\"994\" srcset=\"https:\/\/www.moravecteam.cz\/wp-content\/uploads\/2019\/08\/IMG_6981.jpg 1114w, https:\/\/www.moravecteam.cz\/wp-content\/uploads\/2019\/08\/IMG_6981-300x267.jpg 300w, https:\/\/www.moravecteam.cz\/wp-content\/uploads\/2019\/08\/IMG_6981-1024x913.jpg 1024w\" sizes=\"(max-width: 1114px) 100vw, 1114px\" \/><\/a><figcaption id=\"caption-attachment-13741\" class=\"wp-caption-text\">Eli\u0161ka Han\u00e1kov\u00e1 je vicemistryn\u00ed Evropy!<\/figcaption><\/figure>\n<p style=\"text-align: justify;\">Hutterov\u00e1 ale zrychlovala a c\u00edlem prvn\u00edho kola projela u\u017e s n\u00e1skokem 21 vte\u0159in p\u0159ed Eli\u0161kou Han\u00e1kovou, kter\u00e1 si na st\u0159\u00edbrn\u00e9 pozici udr\u017eovala odstup dev\u00edti vte\u0159in od t\u0159et\u00ed z\u00e1vodnice. Tou byla ji\u017e v t\u00e9 dob\u011b rakousk\u00e1 z\u00e1vodnice Katrin Eimbacherov\u00e1, kter\u00e1 ve druh\u00e9 polovin\u011b prvn\u00edho kola\u00a0dok\u00e1zala p\u0159edjet jak Laru Leihnerovou, tak i Chairu Solerovou. Eli\u0161ka tedy rozjela z\u00e1vod v\u00fdborn\u011b! Z prvn\u00ed des\u00edtky vypadla Ad\u00e9la Pernick\u00e1, kter\u00e1 se po prvn\u00edm kole se ztr\u00e1tou necel\u00fdch dvou minut pohybovala na 12. m\u00edst\u011b.\u00a0O n\u00e1ro\u010dnosti trati sv\u011bd\u010d\u00ed fakt, \u017ee Eli\u0161ka Han\u00e1kov\u00e1 musela v n\u011bkter\u00fdch extr\u00e9mn\u00edch v\u00fdjezdech ze sedla. V t\u011bchto chv\u00edl\u00edch pravd\u011bpodobn\u011b \u00faro\u010dila svoje b\u011b\u017eeck\u00e9 schopnosti, natr\u00e9novan\u00e9 nap\u0159\u00edklad v cyklokrosov\u00fdch z\u00e1vodech. Volba vhodn\u00fdch p\u0159evod\u016f byla v tomto z\u00e1vod\u011b jednozna\u010dn\u011b kl\u00ed\u010dov\u00e1.<\/p>\n<figure id=\"attachment_13742\" aria-describedby=\"caption-attachment-13742\" style=\"width: 1153px\" class=\"wp-caption alignnone\"><a href=\"http:\/\/www.moravecteam.cz\/?attachment_id=13742\" rel=\"attachment wp-att-13742\"><img decoding=\"async\" loading=\"lazy\" class=\" wp-image-13742\" alt=\"IMG_6997\" src=\"http:\/\/www.moravecteam.cz\/wp-content\/uploads\/2019\/08\/IMG_6997.jpg\" width=\"1153\" height=\"1220\" srcset=\"https:\/\/www.moravecteam.cz\/wp-content\/uploads\/2019\/08\/IMG_6997.jpg 1153w, https:\/\/www.moravecteam.cz\/wp-content\/uploads\/2019\/08\/IMG_6997-25x25.jpg 25w, https:\/\/www.moravecteam.cz\/wp-content\/uploads\/2019\/08\/IMG_6997-283x300.jpg 283w, https:\/\/www.moravecteam.cz\/wp-content\/uploads\/2019\/08\/IMG_6997-967x1024.jpg 967w\" sizes=\"(max-width: 1153px) 100vw, 1153px\" \/><\/a><figcaption id=\"caption-attachment-13742\" class=\"wp-caption-text\">Fotka, kter\u00e1 se hned tak neokouk\u00e1&#8230;<\/figcaption><\/figure>\n<p style=\"text-align: justify;\">Na posledn\u00edm m\u011b\u0159en\u00e9m mezi\u010dase z\u016fst\u00e1val na medailov\u00fdch pozic\u00edch &#8211; k na\u0161\u00ed velk\u00e9 radosti &#8211; &#8222;Status Quo&#8220; &#8211; tj. stav nem\u011bnn\u00fd! Anina Hutterov\u00e1 najela na Eli\u0161ku sice dal\u0161\u00edch si 5 vte\u0159inek a sv\u016fj n\u00e1skok tak je\u0161t\u011b zv\u00fd\u0161ila, nicm\u00e9n\u011b od t\u0159et\u00ed Eimbacherov\u00e9 si na\u0161e \u0161ampionka dr\u017eela st\u00e1le konstantn\u00ed, nad\u011bjn\u00fd odstup 9 vte\u0159in! Ad\u00e9la Pernick\u00e1 klesla o jednu p\u0159\u00ed\u010dku a na \u010delo ztr\u00e1cela u\u017e p\u0159es 3 minuty. Z\u00e1vod gradoval. Hutterov\u00e1 se je\u0161t\u011b dok\u00e1zala &#8222;zm\u00e1\u010dkout&#8220; a do c\u00edle p\u0159ijela jako suver\u00e9nn\u00ed v\u00edt\u011bzka s n\u00e1skokem 44 vte\u0159in.\u00a0V z\u00e1v\u011bru z\u00e1vodu zrychlovala i Raku\u0161anka Eimbcherov\u00e1 a sn\u00ed\u017eila 3 vte\u0159iny n\u00e1skok Eli\u0161ky Han\u00e1kov\u00e9. Na v\u00edc u\u017e j\u00ed ale nezbyl &#8211;\u00a0k na\u0161\u00ed velk\u00e9 radosti &#8211; \u010das&#8230; Eli\u0161ka Han\u00e1kov\u00e1 tedy po v\u00fdborn\u00e9m v\u00fdkonu\u00a0 pro\u0165ala\u00a0\u00a0c\u00edlovou \u010d\u00e1ru na druh\u00e9 pozici a zaznamenala tak na Mistrovstv\u00ed Evropy sv\u016fj \u017eivotn\u00ed \u00fasp\u011bch! &#8222;V\u016fbec jsem to ne\u010dekala&#8230;&#8220;, ohodnotila po z\u00e1vod\u011b stru\u010dn\u011b sv\u016fj skv\u011bl\u00fd v\u00fdsledek Eli\u0161ka. Blahop\u0159ejeme! Bravo MORAVEC! V z\u00e1v\u011bru z\u00e1vodu zrychlila i Ad\u00e9la Pernick\u00e1, kter\u00e9 v c\u00edli nakonec pat\u0159ilo 11. m\u00edsto, se ztr\u00e1tou 4:08,15 minuty na v\u00edt\u011bzku. Zde mrkn\u011bte na oku libou \u00a0v\u00fdsledkovou listinu:<\/p>\n<ul>\n<li>\n<div style=\"text-align: justify;\"><strong><a href=\"https:\/\/api.endu.net\/live\/51386\">v\u00fdsledky &#8211; star\u0161\u00ed \u017e\u00e1kyn\u011b &#8211; XCO<\/a><\/strong><\/div>\n<\/li>\n<\/ul>\n<figure id=\"attachment_13743\" aria-describedby=\"caption-attachment-13743\" style=\"width: 1512px\" class=\"wp-caption alignnone\"><a href=\"http:\/\/www.moravecteam.cz\/?attachment_id=13743\" rel=\"attachment wp-att-13743\"><img decoding=\"async\" loading=\"lazy\" class=\" wp-image-13743\" alt=\"IMG_7035\" src=\"http:\/\/www.moravecteam.cz\/wp-content\/uploads\/2019\/08\/IMG_7035.jpg\" width=\"1512\" height=\"1652\" srcset=\"https:\/\/www.moravecteam.cz\/wp-content\/uploads\/2019\/08\/IMG_7035.jpg 1512w, https:\/\/www.moravecteam.cz\/wp-content\/uploads\/2019\/08\/IMG_7035-274x300.jpg 274w, https:\/\/www.moravecteam.cz\/wp-content\/uploads\/2019\/08\/IMG_7035-937x1024.jpg 937w\" sizes=\"(max-width: 1512px) 100vw, 1512px\" \/><\/a><figcaption id=\"caption-attachment-13743\" class=\"wp-caption-text\">Bravo Eli\u0161ka, bravo Czech Republic, bravo MORAVEC!<\/figcaption><\/figure>\n<p style=\"text-align: justify;\">Eli\u0161ku napodobila ziskem st\u0159\u00edbra v z\u00e1v\u011bre\u010dn\u00e9m z\u00e1vod\u011b &#8222;Evropy&#8220; \u010desk\u00e1 kadetka <strong><span style=\"color: #800000;\">Aneta Novotn\u00e1<\/span><\/strong>, kter\u00e1 se dok\u00e1zala vkl\u00ednit mezi t\u0159i \u0161v\u00fdcarsk\u00e9 borky a 18 vte\u0159in ztr\u00e1ty na v\u00edt\u011bzku <strong><span style=\"color: #800000;\">Leu Huberovou<\/span> <\/strong>je do budoucna ur\u010dit\u011b \u0159e\u0161iteln\u00fd odstup. Aneta Novotn\u00e1 si tedy odv\u00e1\u017e\u00ed po bronzu z \u00fatern\u00ed \u010dasovky\u00a0z Pily celkem dv\u011b medaile: bronz a st\u0159\u00edbro! Jinak \u0161ampion\u00e1t potvrdil dominanci alpsk\u00fdch zem\u00ed, kdy\u017e p\u0159edev\u0161\u00edm dom\u00e1c\u00edm mlad\u00fdm Ital\u016fm a Italk\u00e1m to v Pile &#8211; podle o\u010dek\u00e1v\u00e1n\u00ed &#8211; &#8222;fr\u010delo&#8220;. \u010cesko bere v medailov\u00e9m hodnocen\u00ed 7. m\u00edsto, co\u017e nen\u00ed zas a\u017e tak \u0161patn\u00e9&#8230; N\u00e1s samoz\u0159ejm\u011b nejv\u00edc t\u011b\u0161\u00ed v\u00fdznamn\u00fd pod\u00edl\u00a0na tomto v\u00fdsledku \u00a0na\u0161\u00ed &#8211; &#8222;Lvice Elsy&#8220; &#8211; Eli\u0161ky Han\u00e1kov\u00e9! D\u00edky Eli\u0161ko..! A je\u0161t\u011b jednou Ti blahop\u0159ejeme! Jsme na Tebe hrd\u00ed..!<\/p>\n<ul>\n<li>\n<div style=\"text-align: justify;\"><strong><a href=\"http:\/\/www.pilabikeplanet.it\/documenti\/medagliere%20finale.pdf\">po\u0159ad\u00ed\u00a0st\u00e1t\u016f\u00a0podle zisku medail\u00ed<\/a><\/strong><\/div>\n<\/li>\n<\/ul>\n<figure id=\"attachment_13744\" aria-describedby=\"caption-attachment-13744\" style=\"width: 1455px\" class=\"wp-caption alignnone\"><a href=\"http:\/\/www.moravecteam.cz\/?attachment_id=13744\" rel=\"attachment wp-att-13744\"><img decoding=\"async\" loading=\"lazy\" class=\" wp-image-13744\" alt=\"IMG_7041\" src=\"http:\/\/www.moravecteam.cz\/wp-content\/uploads\/2019\/08\/IMG_7041.jpg\" width=\"1455\" height=\"1545\" srcset=\"https:\/\/www.moravecteam.cz\/wp-content\/uploads\/2019\/08\/IMG_7041.jpg 1455w, https:\/\/www.moravecteam.cz\/wp-content\/uploads\/2019\/08\/IMG_7041-282x300.jpg 282w, https:\/\/www.moravecteam.cz\/wp-content\/uploads\/2019\/08\/IMG_7041-964x1024.jpg 964w\" sizes=\"(max-width: 1455px) 100vw, 1455px\" \/><\/a><figcaption id=\"caption-attachment-13744\" class=\"wp-caption-text\">Dv\u011b &#8222;tahounky&#8220; ml\u00e1de\u017enick\u00e9 reprezentace v Pile: Eli\u0161ka Han\u00e1kov\u00e1 a Aneta Novotn\u00e1.<\/figcaption><\/figure>\n<p style=\"text-align: justify;\">Informace o pr\u016fb\u011bhu \u0161ampion\u00e1tu pr\u016fb\u011b\u017en\u011b p\u0159in\u00e1\u0161el i ofici\u00e1ln\u00ed <a href=\"http:\/\/www.reprezentacemtb.cz\/\"><strong>server \u010cesk\u00e9 reprezentace<\/strong><\/a>. A d\u00edky <strong><span style=\"color: #800000;\">Tondovi Han\u00e1kovi<\/span> <\/strong>m\u00e1me dv\u011b supr fotogalerie:<\/p>\n<ul>\n<li>\n<div style=\"text-align: justify;\"><strong><a href=\"https:\/\/moravecteam.rajce.idnes.cz\/2019.08.22_MTB_ME_zaku_a_kadetu_Pila_Italie\">Fotogalerie \u010d.1<\/a><\/strong><\/div>\n<\/li>\n<li><strong><a href=\"https:\/\/moravecteam.rajce.idnes.cz\/2019.08.24_MTB_ME_zaku_a_kadetu_Pila_Italie_-_2\">Fotogalerie \u010d.2<\/a><\/strong><\/li>\n<\/ul>\n<figure id=\"attachment_13745\" aria-describedby=\"caption-attachment-13745\" style=\"width: 1440px\" class=\"wp-caption alignnone\"><a href=\"http:\/\/www.moravecteam.cz\/?attachment_id=13745\" rel=\"attachment wp-att-13745\"><img decoding=\"async\" loading=\"lazy\" class=\" wp-image-13745\" alt=\"68950824_2376638049049776_3187442530559983616_o\" src=\"http:\/\/www.moravecteam.cz\/wp-content\/uploads\/2019\/08\/68950824_2376638049049776_3187442530559983616_o.jpg\" width=\"1440\" height=\"1439\" srcset=\"https:\/\/www.moravecteam.cz\/wp-content\/uploads\/2019\/08\/68950824_2376638049049776_3187442530559983616_o.jpg 1440w, https:\/\/www.moravecteam.cz\/wp-content\/uploads\/2019\/08\/68950824_2376638049049776_3187442530559983616_o-25x25.jpg 25w, https:\/\/www.moravecteam.cz\/wp-content\/uploads\/2019\/08\/68950824_2376638049049776_3187442530559983616_o-300x300.jpg 300w, https:\/\/www.moravecteam.cz\/wp-content\/uploads\/2019\/08\/68950824_2376638049049776_3187442530559983616_o-1024x1024.jpg 1024w\" sizes=\"(max-width: 1440px) 100vw, 1440px\" \/><\/a><figcaption id=\"caption-attachment-13745\" class=\"wp-caption-text\">Mlad\u00e1 reprezentace \u010cR ve vz\u00e1cn\u00e9 chvilce volna.<\/figcaption><\/figure>\n<p>&nbsp;<\/p>\n<p>&nbsp;<\/p>\n","protected":false},"excerpt":{"rendered":"<p>U\u017e v lo\u0148sk\u00e9m roce zaujaly v\u00fdkony Eli\u0161ky Han\u00e1kov\u00e9 tren\u00e9rku \u010cesk\u00e9ho reprezenta\u010dn\u00edho v\u00fdb\u011bru &#8222;Lv\u00ed\u010dat&#8220;, So\u0148u Jurkovou. A\u00a0 dokonce u\u017e od p\u0159edlo\u0148ska (p\u0159esn\u011b od z\u00e1vodu \u010cesk\u00e9ho poh\u00e1ru MTB na Zadov\u011b, kde Eli\u0161ka vybojovala svoji prvn\u00ed &#8211; bronzovou &#8211; poh\u00e1rovou &#8222;bednu&#8220;) je &#8222;ve st\u0159ehu&#8220; a talentovanou z\u00e1vodnici MORAVEC Teamu pe\u010dliv\u011b sleduje i &#8222;head coach&#8220; \u010desk\u00e9 bikov\u00e9 reprezentace Viktor &hellip; <a href=\"https:\/\/www.moravecteam.cz\/?p=13716\" class=\"more-link\">Pokra\u010dov\u00e1n\u00ed textu <span class=\"screen-reader-text\">Eli\u0161ka  z\u00e1\u0159ila na &#8222;Evrop\u011b&#8220;!<\/span> <span class=\"meta-nav\">&rarr;<\/span><\/a><\/p>\n","protected":false},"author":3,"featured_media":13734,"comment_status":"open","ping_status":"closed","sticky":false,"template":"","format":"standard","meta":[],"categories":[1],"tags":[],"_links":{"self":[{"href":"https:\/\/www.moravecteam.cz\/index.php?rest_route=\/wp\/v2\/posts\/13716"}],"collection":[{"href":"https:\/\/www.moravecteam.cz\/index.php?rest_route=\/wp\/v2\/posts"}],"about":[{"href":"https:\/\/www.moravecteam.cz\/index.php?rest_route=\/wp\/v2\/types\/post"}],"author":[{"embeddable":true,"href":"https:\/\/www.moravecteam.cz\/index.php?rest_route=\/wp\/v2\/users\/3"}],"replies":[{"embeddable":true,"href":"https:\/\/www.moravecteam.cz\/index.php?rest_route=%2Fwp%2Fv2%2Fcomments&post=13716"}],"version-history":[{"count":25,"href":"https:\/\/www.moravecteam.cz\/index.php?rest_route=\/wp\/v2\/posts\/13716\/revisions"}],"predecessor-version":[{"id":13756,"href":"https:\/\/www.moravecteam.cz\/index.php?rest_route=\/wp\/v2\/posts\/13716\/revisions\/13756"}],"wp:featuredmedia":[{"embeddable":true,"href":"https:\/\/www.moravecteam.cz\/index.php?rest_route=\/wp\/v2\/media\/13734"}],"wp:attachment":[{"href":"https:\/\/www.moravecteam.cz\/index.php?rest_route=%2Fwp%2Fv2%2Fmedia&parent=13716"}],"wp:term":[{"taxonomy":"category","embeddable":true,"href":"https:\/\/www.moravecteam.cz\/index.php?rest_route=%2Fwp%2Fv2%2Fcategories&post=13716"},{"taxonomy":"post_tag","embeddable":true,"href":"https:\/\/www.moravecteam.cz\/index.php?rest_route=%2Fwp%2Fv2%2Ftags&post=13716"}],"curies":[{"name":"wp","href":"https:\/\/api.w.org\/{rel}","templated":true}]}}