{"id":13751,"date":"2019-08-25T21:24:55","date_gmt":"2019-08-25T19:24:55","guid":{"rendered":"http:\/\/www.moravecteam.cz\/?p=13751"},"modified":"2019-08-29T08:44:22","modified_gmt":"2019-08-29T06:44:22","slug":"co-se-bude-dit-st35-5","status":"publish","type":"post","link":"https:\/\/www.moravecteam.cz\/?p=13751","title":{"rendered":"Co se bude d\u00edt? (ST35)-2"},"content":{"rendered":"<h5><span style=\"color: #800000;\">Term\u00ednov\u00fd kalend\u00e1\u0159 MORAVEC Team 2019:<\/span><\/h5>\n<p><strong><a href=\"http:\/\/www.moravecteam.cz\/?attachment_id=13784\" rel=\"attachment wp-att-13784\">MORAVEC Team &#8211; term\u00ednov\u00fd kalend\u00e1\u0159 2019 &#8211; 2<\/a><\/strong><\/p>\n<h5><span style=\"color: #800000;\">\u00dater\u00fd 27.8. 2019<\/span><\/h5>\n<p style=\"text-align: justify;\">Silni\u010dn\u00ed tr\u00e9nink s\u00a0<strong><span style=\"color: #800000;\"> Franti\u0161kem Pad\u011brou<\/span><\/strong>.\u00a0 Sraz je v 17.00 hodin u budovy Z\u0160 Bene\u0161ov.<\/p>\n<h5><span style=\"color: #800000;\"><strong>St\u0159eda 28.8. 2019<\/strong><\/span><\/h5>\n<p>Bikov\u00fd tr\u00e9nink pod veden\u00edm\u00a0<strong><span style=\"color: #800000;\">Jirky Va\u0161\u00ed\u010dka, Milana \u0160af\u00e1\u0159e, Jardy P\u00e1nka Libora Barto\u0161e a Petra Koudelky<\/span><\/strong>.Sraz v 17.00 hodin na h\u0159i\u0161ti ve Valchov\u011b.<\/p>\n<h5><span style=\"color: #800000;\">AKCE T\u011aSN\u011a ZA HORIZONTEM<\/span><\/h5>\n<ul>\n<li style=\"text-align: justify;\">7.9. 2019\u00a0&#8211; 9. z\u00e1vod\u00a0MTB Superior Colorprofi poh\u00e1ru Drahansk\u00e9 vrchoviny ve Velenov\u011b<\/li>\n<li style=\"text-align: justify;\">14.9. 2019\u00a0&#8211; 10. z\u00e1vod\u00a0MTB Superior Colorprofi poh\u00e1ru Drahansk\u00e9 vrchoviny v Kn\u00ednic\u00edch<\/li>\n<li style=\"text-align: justify;\">21.9. 2019\u00a0&#8211; 11. z\u00e1vod\u00a0MTB Superior Colorprofi poh\u00e1ru Drahansk\u00e9 vrchoviny v Nov\u00e9m M\u011bt\u011b na Morav\u011b &#8211; fin\u00e1le.<\/li>\n<\/ul>\n<h5><span style=\"color: #800000;\">AKCE\u00a0 ZA DV\u011aMA HORIZONTY<\/span><\/h5>\n<ul>\n<li style=\"text-align: justify;\">15.11. 2019\u00a0&#8211; p\u00e1tek &#8211; ve\u010der v\u00edt\u011bz\u016f 18. ro\u010dn\u00edku MTB Superior Colorprofi Poh\u00e1ru Drahansk\u00e9 vrchoviny &#8211; vyhl\u00e1\u0161en\u00ed v\u00edt\u011bz\u016f v po\u0159ad\u00ed OBCE a OPEN &#8211; pro slavnostn\u00ed setk\u00e1n\u00ed poskytne z\u00e1zem\u00ed kulturn\u00ed d\u016fm obce Such\u00fd. Podrobnosti k akci budou postupn\u011b up\u0159es\u0148ov\u00e1ny.<\/li>\n<li>9.- 16.2. 2020\u00a0&#8211; zimn\u00ed soust\u0159ed\u011bn\u00ed v Jesen\u00edk\u00e1ch &#8211; na tradi\u010dn\u00edm m\u00edst\u011b &#8211; chata N\u00e1vr\u0161\u00ed.<\/li>\n<\/ul>\n<p>&nbsp;<\/p>\n","protected":false},"excerpt":{"rendered":"<p>Term\u00ednov\u00fd kalend\u00e1\u0159 MORAVEC Team 2019: MORAVEC Team &#8211; term\u00ednov\u00fd kalend\u00e1\u0159 2019 &#8211; 2 \u00dater\u00fd 27.8. 2019 Silni\u010dn\u00ed tr\u00e9nink s\u00a0 Franti\u0161kem Pad\u011brou.\u00a0 Sraz je v 17.00 hodin u budovy Z\u0160 Bene\u0161ov. St\u0159eda 28.8. 2019 Bikov\u00fd tr\u00e9nink pod veden\u00edm\u00a0Jirky Va\u0161\u00ed\u010dka, Milana \u0160af\u00e1\u0159e, Jardy P\u00e1nka Libora Barto\u0161e a Petra Koudelky.Sraz v 17.00 hodin na h\u0159i\u0161ti ve Valchov\u011b. AKCE &hellip; <a href=\"https:\/\/www.moravecteam.cz\/?p=13751\" class=\"more-link\">Pokra\u010dov\u00e1n\u00ed textu <span class=\"screen-reader-text\">Co se bude d\u00edt? (ST35)-2<\/span> <span class=\"meta-nav\">&rarr;<\/span><\/a><\/p>\n","protected":false},"author":3,"featured_media":13752,"comment_status":"open","ping_status":"closed","sticky":false,"template":"","format":"standard","meta":[],"categories":[11],"tags":[],"_links":{"self":[{"href":"https:\/\/www.moravecteam.cz\/index.php?rest_route=\/wp\/v2\/posts\/13751"}],"collection":[{"href":"https:\/\/www.moravecteam.cz\/index.php?rest_route=\/wp\/v2\/posts"}],"about":[{"href":"https:\/\/www.moravecteam.cz\/index.php?rest_route=\/wp\/v2\/types\/post"}],"author":[{"embeddable":true,"href":"https:\/\/www.moravecteam.cz\/index.php?rest_route=\/wp\/v2\/users\/3"}],"replies":[{"embeddable":true,"href":"https:\/\/www.moravecteam.cz\/index.php?rest_route=%2Fwp%2Fv2%2Fcomments&post=13751"}],"version-history":[{"count":2,"href":"https:\/\/www.moravecteam.cz\/index.php?rest_route=\/wp\/v2\/posts\/13751\/revisions"}],"predecessor-version":[{"id":13785,"href":"https:\/\/www.moravecteam.cz\/index.php?rest_route=\/wp\/v2\/posts\/13751\/revisions\/13785"}],"wp:featuredmedia":[{"embeddable":true,"href":"https:\/\/www.moravecteam.cz\/index.php?rest_route=\/wp\/v2\/media\/13752"}],"wp:attachment":[{"href":"https:\/\/www.moravecteam.cz\/index.php?rest_route=%2Fwp%2Fv2%2Fmedia&parent=13751"}],"wp:term":[{"taxonomy":"category","embeddable":true,"href":"https:\/\/www.moravecteam.cz\/index.php?rest_route=%2Fwp%2Fv2%2Fcategories&post=13751"},{"taxonomy":"post_tag","embeddable":true,"href":"https:\/\/www.moravecteam.cz\/index.php?rest_route=%2Fwp%2Fv2%2Ftags&post=13751"}],"curies":[{"name":"wp","href":"https:\/\/api.w.org\/{rel}","templated":true}]}}