{"id":13757,"date":"2019-08-27T22:41:51","date_gmt":"2019-08-27T20:41:51","guid":{"rendered":"http:\/\/www.moravecteam.cz\/?p=13757"},"modified":"2019-09-01T11:02:37","modified_gmt":"2019-09-01T09:02:37","slug":"vydarena-sobota","status":"publish","type":"post","link":"https:\/\/www.moravecteam.cz\/?p=13757","title":{"rendered":"Vyda\u0159en\u00e1 sobota!-2"},"content":{"rendered":"<p style=\"text-align: justify;\"><strong><span style=\"color: #800000;\">Na dvou hlavn\u00edch front\u00e1ch bojovali rajd\u0159i MORAVEC Temu o posledn\u00ed pr\u00e1zdninov\u00e9 sobot\u011b. Zat\u00edm co v\u011bt\u0161ina z nich sv\u00e1d\u011bla tuh\u00e9 souboje se zdatn\u00fdmi soupe\u0159i p\u0159i osm\u00e9m z\u00e1vod\u011b MTB &#8222;Vrchoviny&#8220; v Ko\u0159enci, Eli\u0161ka Han\u00e1kov\u00e1 reprezentovala \u010ceskou republiku na MTB Mistrovstv\u00ed Evropy \u017e\u00e1k\u016f a kadet\u016f v italsk\u00e9 Pile.\u00a0A nutno dodat, \u017ee na obou\u00a0bikov\u00fdch kolbi\u0161t\u00edch\u00a0se na\u0161im da\u0159ilo nadpr\u016fm\u011brn\u011b! Dev\u011bt &#8222;placek&#8220; z Ko\u0159ence a dv\u011b &#8222;placky&#8220; \u00a0z It\u00e1lie jsou tohoto tvrzen\u00ed jasn\u00fdm d\u016fkazem..!<\/span><\/strong><\/p>\n<figure id=\"attachment_13766\" aria-describedby=\"caption-attachment-13766\" style=\"width: 1331px\" class=\"wp-caption alignnone\"><a href=\"http:\/\/www.moravecteam.cz\/?attachment_id=13766\" rel=\"attachment wp-att-13766\"><img decoding=\"async\" loading=\"lazy\" class=\" wp-image-13766\" alt=\"IMG_9320a\" src=\"http:\/\/www.moravecteam.cz\/wp-content\/uploads\/2019\/08\/IMG_9320a.jpg\" width=\"1331\" height=\"989\" srcset=\"https:\/\/www.moravecteam.cz\/wp-content\/uploads\/2019\/08\/IMG_9320a.jpg 1331w, https:\/\/www.moravecteam.cz\/wp-content\/uploads\/2019\/08\/IMG_9320a-300x222.jpg 300w, https:\/\/www.moravecteam.cz\/wp-content\/uploads\/2019\/08\/IMG_9320a-1024x760.jpg 1024w\" sizes=\"(max-width: 1331px) 100vw, 1331px\" \/><\/a><figcaption id=\"caption-attachment-13766\" class=\"wp-caption-text\">Holky Bartol\u0161icovic s t\u00e1tou V\u00edtkem p\u0159i prvn\u00edm slavnostn\u00edm ceremoni\u00e1lu.<\/figcaption><\/figure>\n<p style=\"text-align: justify;\">Fam\u00f3zn\u00edmu v\u00fdkonu a \u017eivotn\u00edm v\u00fdsledku <strong><span style=\"color: #800000;\">Eli\u0161ky Han\u00e1kov\u00e9<\/span><\/strong> v It\u00e1lii je v\u011bnov\u00e1n <a href=\"http:\/\/www.moravecteam.cz\/?p=13716\"><strong>samostatn\u00fd \u010dl\u00e1nek<\/strong><\/a>, v t\u00e9to aktualit\u011b ve stru\u010dnosti ohl\u00e9dneme za v\u00fdkony na\u0161ich barev na trat\u00edch pobl\u00ed\u017e legend\u00e1rn\u00edho v\u011btrn\u00e9ho ml\u00fdna. P\u0159edev\u0161\u00edm n\u00e1s pot\u011b\u0161ila \u00fa\u010dast dvou vnu\u010dek na\u0161eho Patrona <strong><span style=\"color: #800000;\">Vlastimila MORAVCE<\/span><\/strong>, kter\u00e9 na start p\u0159ivedli<strong><span style=\"color: #800000;\"> Eva Bartol\u0161ic-MORAVCOV\u00c1<\/span><\/strong>\u00a0(dcera Vlastimila MORAVCE) se sv\u00fdm man\u017eelem, <strong><span style=\"color: #800000;\">V\u00edtkem Brtol\u0161icem<\/span><\/strong>. Teprve dvoulet\u00e1 <strong><span style=\"color: #800000;\">Ladu\u0161ka MORAVCOV\u00c1<\/span><\/strong> (nejmlad\u0161\u00ed \u00fa\u010dastnice z\u00e1vodu) si to &#8222;rozdala&#8220; se soupe\u0159kami v z\u00e1vod\u011b odr\u00e1\u017eedel, \u00a0<strong><span style=\"color: #800000;\">Zitu\u0161ka MORAVCOV<\/span><span style=\"color: #800000;\">\u00c1<\/span><\/strong>, pak &#8222;prubla&#8220;\u00a0na poprv\u00e9\u00a0n\u00e1ro\u010dn\u00fd z\u00e1vod\u00a0holek do 6 let. Proto\u017ee se d\u00edvenky objevily na startu letos poprv\u00e9 a nemaj\u00ed tud\u00ed\u017e vyjet\u00e9 \u017e\u00e1dn\u00e9 body, startovaly ze zadn\u00edch pozic. P\u0159esto zabojovaly state\u010dn\u011b a d\u011bdovi v cyklistick\u00e9m Nebi ur\u010dit\u011b ud\u011blaly sv\u00fdm\u00a0 v\u00fdkonem radost!<\/p>\n<figure id=\"attachment_13767\" aria-describedby=\"caption-attachment-13767\" style=\"width: 681px\" class=\"wp-caption alignnone\"><a href=\"http:\/\/www.moravecteam.cz\/?attachment_id=13767\" rel=\"attachment wp-att-13767\"><img decoding=\"async\" loading=\"lazy\" class=\" wp-image-13767\" alt=\"IMG_9187\" src=\"http:\/\/www.moravecteam.cz\/wp-content\/uploads\/2019\/08\/IMG_9187.jpg\" width=\"681\" height=\"838\" srcset=\"https:\/\/www.moravecteam.cz\/wp-content\/uploads\/2019\/08\/IMG_9187.jpg 681w, https:\/\/www.moravecteam.cz\/wp-content\/uploads\/2019\/08\/IMG_9187-243x300.jpg 243w\" sizes=\"(max-width: 681px) 100vw, 681px\" \/><\/a><figcaption id=\"caption-attachment-13767\" class=\"wp-caption-text\">Soust\u0159ed\u011bn\u00ed na startu Leonky Eclerov\u00e9.<\/figcaption><\/figure>\n<p style=\"text-align: justify;\">Se Zitou Bartol\u0161icovou startovala i dal\u0161\u00ed dv\u011b na\u0161e d\u011bv\u010data: <strong><span style=\"color: #800000;\">Leonka Eclerov\u00e1<\/span><\/strong> s <strong><span style=\"color: #800000;\">Kl\u00e1rkou V\u011brnou<\/span><\/strong>. V\u00edce se da\u0159ilo Leon\u011b. Nest\u010dila pouze na zl\u00ednskou Sofii Drongovou, kter\u00e1\u00a0j\u00ed v Ko\u0159enci oplatila por\u00e1\u017eku z Boskovic. Je\u0161t\u011b p\u0159ed Leonkou se ve startu devaten\u00e1cti chlapc\u016f bl\u00fdsknul dal\u0161\u00edm v\u00fdborn\u00fdm v\u00fdkonem v c\u00edli st\u0159\u00edbrn\u00fd, <strong><span style=\"color: #800000;\">Jon\u00e1\u0161ek Janovsk\u00fd<\/span><\/strong>. V &#8222;des\u00edtce&#8220; fini\u0161oval v tomto startu i <span style=\"color: #800000;\"><strong>Ton\u00edk Han\u00e1k<\/strong><\/span>, oba pak, spole\u010dn\u011b i s <strong><span style=\"color: #800000;\">Jirkou Va\u0161\u00ed\u010dkem<\/span><\/strong> dr\u017e\u00ed v celkov\u00e9m hodnocen\u00ed po osmi z\u00e1vodech um\u00edst\u011bn\u00ed v TOP10. Jen pro zaj\u00edmvost: do boj\u016f v t\u00e9to kategorii zas\u00e1hlo letos ji\u017e 43 mlad\u00fdch \u00a0borc\u016f! Vzhledem ke skute\u010dnosti, \u017ee do fini\u0161e leto\u0161n\u00ed MTB &#8222;Vrchoviny&#8220; chyb\u00ed u\u017e pouze 3 z\u00e1vody, budeme &#8211; logicky &#8211; &#8222;pokukovat&#8220; po celkov\u00e9m bodov\u00e9m hodnocen\u00ed v jednotliv\u00fdch kategori\u00edch st\u00e1le \u010dast\u011bji&#8230;<\/p>\n<figure id=\"attachment_13768\" aria-describedby=\"caption-attachment-13768\" style=\"width: 1258px\" class=\"wp-caption alignnone\"><a href=\"http:\/\/www.moravecteam.cz\/?attachment_id=13768\" rel=\"attachment wp-att-13768\"><img decoding=\"async\" loading=\"lazy\" class=\" wp-image-13768\" alt=\"IMG_9151\" src=\"http:\/\/www.moravecteam.cz\/wp-content\/uploads\/2019\/08\/IMG_9151.jpg\" width=\"1258\" height=\"1344\" srcset=\"https:\/\/www.moravecteam.cz\/wp-content\/uploads\/2019\/08\/IMG_9151.jpg 1258w, https:\/\/www.moravecteam.cz\/wp-content\/uploads\/2019\/08\/IMG_9151-280x300.jpg 280w, https:\/\/www.moravecteam.cz\/wp-content\/uploads\/2019\/08\/IMG_9151-958x1024.jpg 958w\" sizes=\"(max-width: 1258px) 100vw, 1258px\" \/><\/a><figcaption id=\"caption-attachment-13768\" class=\"wp-caption-text\">Dva st\u00edha\u010di &#8211; Tonda a Jon\u00e1\u0161 &#8211; na start!<\/figcaption><\/figure>\n<p style=\"text-align: justify;\">P\u0159i startu d\u00edvek 7-8 let jsme s nap\u011bt\u00edm o\u010dek\u00e1vali, zda po nemoci se na trat\u011b navr\u00e1tiv\u0161\u00ed <strong><span style=\"color: #800000;\">Zita \u017dern\u00ed\u010dkov\u00e1<\/span><\/strong>\u00a0obh\u00e1j\u00ed \u00a0i v Ko\u0159enci medailovou pozici z Boskovic? Obh\u00e1jila! A potvrdila, \u017ee je v neju\u017e\u0161\u00ed &#8222;Vrchovinov\u00e9&#8220; \u0161pi\u010dce zp\u00e1tky! V konkurenci tuctu d\u00edvek se ze zadn\u00ed pozice na startu razantn\u00ed, \u00fato\u010dnou j\u00edzdou op\u011bt &#8222;prost\u0159\u00edlela&#8220; na bronzov\u00fd stup\u00ednek! Svoji cenu m\u00e1 i 6. m\u00edsto <strong><span style=\"color: #800000;\">Ad\u00e9ly V\u011brn\u00e9<\/span><\/strong>, v\u017edy\u0165 v celkov\u00e9m sum\u00e1\u0159i bude m\u00edt v z\u00e1v\u011bru v\u00e1hu ka\u017ed\u00fd bod\u00edk&#8230; \u017de jsou na\u0161imi &#8222;par\u00e1dn\u00edmi \u010d\u00edsly&#8220; d\u00edv\u010d\u00ed kategorie\u00a0 9-10 a 11-12 let se op\u011bt potvrdilo i na Ko\u0159enci. <strong><span style=\"color: #800000;\">Just\u00fdna Novotn\u00e1<\/span><\/strong> nedala v prvn\u011b jmenovan\u00e9 kategorii soupe\u0159k\u00e1m \u0161anci\u00a0 a sv\u00e9 tradi\u010dn\u00ed sokyni, \u017danet\u011b Kupsk\u00e9 (Drahansk\u00fd Sportt\u00fdm) ujela t\u00e9m\u011b\u0159 o p\u016fl minuty. Boj o bronz pak prohr\u00e1la dal\u0161\u00ed na\u0161e osv\u011bd\u010den\u00e1 bojovnice, <strong><span style=\"color: #800000;\">Lucie Gottwaldov\u00e1<\/span><\/strong> o pouhou vte\u0159inku&#8230; T\u011bsn\u011b pak uniklo um\u00edst\u011bn\u00ed v elitn\u00ed des\u00edtce <strong><span style=\"color: #800000;\">Magdal\u00e9n\u011b Barto\u0161ov\u00e9.<\/span><\/strong><\/p>\n<figure id=\"attachment_13772\" aria-describedby=\"caption-attachment-13772\" style=\"width: 2006px\" class=\"wp-caption alignnone\"><a href=\"http:\/\/www.moravecteam.cz\/?attachment_id=13772\" rel=\"attachment wp-att-13772\"><img decoding=\"async\" loading=\"lazy\" class=\" wp-image-13772\" alt=\"IMG_9272\" src=\"http:\/\/www.moravecteam.cz\/wp-content\/uploads\/2019\/08\/IMG_92721.jpg\" width=\"2006\" height=\"1507\" srcset=\"https:\/\/www.moravecteam.cz\/wp-content\/uploads\/2019\/08\/IMG_92721.jpg 2006w, https:\/\/www.moravecteam.cz\/wp-content\/uploads\/2019\/08\/IMG_92721-300x225.jpg 300w, https:\/\/www.moravecteam.cz\/wp-content\/uploads\/2019\/08\/IMG_92721-1024x769.jpg 1024w\" sizes=\"(max-width: 2006px) 100vw, 2006px\" \/><\/a><figcaption id=\"caption-attachment-13772\" class=\"wp-caption-text\">Zita \u017dern\u00ed\u010dkov\u00e1 s Janou Lipenskou bojuj\u00ed po startu s Eli\u0161kou \u0160tolfovou (vlevo).<\/figcaption><\/figure>\n<p style=\"text-align: justify;\">Podobn\u011b jako v Boskovic\u00edch, i v Ko\u0159enci svedly do posledn\u00edch metr\u016f souboj o prvenstv\u00ed dv\u011b na\u0161e excelentn\u00ed mlad\u0161\u00ed \u017e\u00e1kyn\u011b. A i v\u00fdsledek byl &#8222;u v\u011bt\u0159\u00e1ku&#8220; stejn\u00fd, jako p\u0159ed t\u00fddnem v Doubrav\u00e1ch: \u00da\u0159aduj\u00edc\u00ed Mistryn\u011b \u010cR <strong><span style=\"color: #800000;\">Anna Han\u00e1kov\u00e1<\/span><\/strong> (nezasv\u011bcen\u00ed to mohli snadno poznat podle mistrovsk\u00e9ho dresu, kter\u00fd m\u00e1 pr\u00e1vo \u0161ampionka na z\u00e1vodech nosit) po vyrovnan\u00e9m boji t\u011bsn\u011b porazila ve fini\u0161i v\u00edt\u011bzku \u010cesk\u00e9ho poh\u00e1ru &#8211; <strong><span style=\"color: #800000;\">Am\u00e1lku Gottwaldovou<\/span><\/strong>. Pro p\u00e1t\u00e9 m\u00edsto si v t\u00e9to kategorii dojela bojovnice <strong><span style=\"color: #800000;\">Barbora Janovsk\u00e1<\/span><\/strong>.<\/p>\n<figure id=\"attachment_13771\" aria-describedby=\"caption-attachment-13771\" style=\"width: 420px\" class=\"wp-caption aligncenter\"><a href=\"http:\/\/www.moravecteam.cz\/?attachment_id=13771\" rel=\"attachment wp-att-13771\"><img decoding=\"async\" loading=\"lazy\" class=\"size-full wp-image-13771 \" alt=\"086\" src=\"http:\/\/www.moravecteam.cz\/wp-content\/uploads\/2019\/08\/086.jpg\" width=\"420\" height=\"413\" srcset=\"https:\/\/www.moravecteam.cz\/wp-content\/uploads\/2019\/08\/086.jpg 420w, https:\/\/www.moravecteam.cz\/wp-content\/uploads\/2019\/08\/086-25x25.jpg 25w, https:\/\/www.moravecteam.cz\/wp-content\/uploads\/2019\/08\/086-300x295.jpg 300w\" sizes=\"(max-width: 420px) 100vw, 420px\" \/><\/a><figcaption id=\"caption-attachment-13771\" class=\"wp-caption-text\">V\u00edtek Lipensk\u00fd po startu p\u0159ed Josefem S\u00fdkorou. V c\u00edli si po\u0159ad\u00ed vym\u011bnili.<\/figcaption><\/figure>\n<p style=\"text-align: justify;\">O &#8222;brambo\u0159e&#8220; Lucky Gottwaldov\u00e9 u\u017e byla \u0159e\u010d, kvalitn\u00ed v\u00fdsledek, by\u0165 ne medailov\u00fd (5. m\u00edsto) zajel v Ko\u0159enci v kategorii chlapc\u016f 9-10 let i <strong><span style=\"color: #800000;\">Filip Ecler<\/span><\/strong>, \u010del\u00edc\u00ed v &#8222;nejmasov\u011bj\u0161\u00edm&#8220; z\u00e1vod\u011b dne celkem 21 soupe\u0159\u016fm! Od bronzu d\u011blila &#8222;Fildu&#8220; \u010dtvrt minutka&#8230; Stejn\u011b dobr\u00fd v\u00fdsledek vyjel i <strong><span style=\"color: #800000;\">Matou\u0161 Lipensk\u00fd<\/span><\/strong> v z\u00e1vod\u011b mlad\u0161\u00edch \u017e\u00e1k\u016f. Ten ztratil na t\u0159et\u00ed m\u00edsto pouh\u00fdch 10 vte\u0159in&#8230; Z minul\u00fdch z\u00e1vod\u016f &#8222;Vrchoviny&#8220; jsme si u\u017e zvyknuly na medailov\u00e9 profity dosahovan\u00e9\u00a0 na\u0161imi star\u0161\u00edmi \u017e\u00e1ky &#8211; <strong><span style=\"color: #800000;\">Luk\u00e1\u0161em Sedl\u00e1kem<\/span><\/strong> \u010di V\u00edtkem Lipensk\u00fdm. Zat\u00edm co st\u0159\u00edbrn\u00e9mu z Boskovic, &#8222;Lukynovi&#8220; rovinat\u00e1 ko\u0159eneck\u00e1 tra\u0165 p\u0159\u00edli\u0161 nevyhovovala (bral v c\u00edli 5. m\u00edsto), <strong><span style=\"color: #800000;\">V\u00edtek Lipensk<\/span><\/strong>\u00fd jel &#8222;jak \u0161lak&#8220;, nest\u010dil pouze na opvsk\u00e9ho Pep\u00edka S\u00fdkoru a v c\u00edli bral po z\u00e1sluze st\u0159\u00edbro!<\/p>\n<figure id=\"attachment_13780\" aria-describedby=\"caption-attachment-13780\" style=\"width: 465px\" class=\"wp-caption alignnone\"><a href=\"http:\/\/www.moravecteam.cz\/?attachment_id=13780\" rel=\"attachment wp-att-13780\"><img decoding=\"async\" loading=\"lazy\" class=\"size-full wp-image-13780\" alt=\"079\" src=\"http:\/\/www.moravecteam.cz\/wp-content\/uploads\/2019\/08\/079.jpg\" width=\"465\" height=\"514\" srcset=\"https:\/\/www.moravecteam.cz\/wp-content\/uploads\/2019\/08\/079.jpg 465w, https:\/\/www.moravecteam.cz\/wp-content\/uploads\/2019\/08\/079-271x300.jpg 271w\" sizes=\"(max-width: 465px) 100vw, 465px\" \/><\/a><figcaption id=\"caption-attachment-13780\" class=\"wp-caption-text\">I v Ko\u0159enci p\u0159edvedly Ani\u010dka Han\u00e1kov\u00e1 s Am\u00e1lkou Gottwaldovou div\u00e1k\u016fm par\u00e1dn\u00ed bitvu o v\u00edt\u011bzstv\u00ed!<\/figcaption><\/figure>\n<p style=\"text-align: justify;\">I posledn\u00ed t\u0159etina &#8222;ko\u0159eneck\u00e9ho bikov\u00e9ho ma\u010de&#8220; n\u00e1m p\u0159inesla medailov\u00e9 radosti. Marn\u011b vzpom\u00edn\u00e1m, kdy n\u00e1\u0161 borec vyhr\u00e1l na &#8222;Vrchovin\u011b&#8220; naposledy z\u00e1vod mu\u017e\u016f ELITE? Na Ko\u0159enci byl v t\u00e9to nejpresti\u017en\u011bj\u0161\u00ed kategorii nejrychlej\u0161\u00ed n\u00e1\u0161 <strong><span style=\"color: #800000;\">Pe\u0165a \u0160ich<\/span><\/strong>! &#8222;<em>V prvn\u00edm kole jsem p\u0159ijel do techniky s n\u00e1skokem na ostatn\u00ed. Nijak jsem to ale nehnal a myslel jsem, \u017ee m\u011b kluci docvaknou. Kdy\u017e jsem se p\u0159i v\u00fdjezdu z lesa ohl\u00e9dnul\u00a0 a nikoho jsem za sebou nevid\u011bl, rozhodnul jsem se, \u017ee to tedy zkus\u00edm s\u00e1m.\u00a0A poda\u0159ilo se mi odstup od soupe\u0159\u016f udr\u017eet a\u017e do c\u00edle!&#8220;, <\/em>hodnotil v c\u00edli spokojen\u00fd v\u00edt\u011bz osm\u00e9 &#8222;Vrchoviny&#8220; Petr \u0160ich.<\/p>\n<figure id=\"attachment_13774\" aria-describedby=\"caption-attachment-13774\" style=\"width: 1210px\" class=\"wp-caption alignnone\"><a href=\"http:\/\/www.moravecteam.cz\/?attachment_id=13774\" rel=\"attachment wp-att-13774\"><img decoding=\"async\" loading=\"lazy\" class=\" wp-image-13774\" alt=\"IMG_9133\" src=\"http:\/\/www.moravecteam.cz\/wp-content\/uploads\/2019\/08\/IMG_9133.jpg\" width=\"1210\" height=\"1412\" srcset=\"https:\/\/www.moravecteam.cz\/wp-content\/uploads\/2019\/08\/IMG_9133.jpg 1210w, https:\/\/www.moravecteam.cz\/wp-content\/uploads\/2019\/08\/IMG_9133-257x300.jpg 257w, https:\/\/www.moravecteam.cz\/wp-content\/uploads\/2019\/08\/IMG_9133-877x1024.jpg 877w\" sizes=\"(max-width: 1210px) 100vw, 1210px\" \/><\/a><figcaption id=\"caption-attachment-13774\" class=\"wp-caption-text\">Ladu\u0161ka Bartol\u0161icov\u00e1 na startu z\u00e1vodu odr\u00e1\u017eedel, ve kter\u00e9m dojela 12.<\/figcaption><\/figure>\n<p style=\"text-align: justify;\">Jeho v\u00fdkonu se p\u0159ibl\u00ed\u017eila i juniorka \/ kadetka, <strong><span style=\"color: #800000;\">Kl\u00e1ra Odehnalov\u00e1<\/span><\/strong>, kter\u00e1 dob\u0159e rozvrhnula s\u00edly\u00a0 a dok\u00e1zala se prosadit mezi v\u00fdborn\u011b z\u00e1vod\u00edc\u00ed sestry Julii a Sofii Malo\u0161\u00edkovy (CykloTeam MXM Hul\u00edn). V\u00a0&#8222;na\u0161lapan\u00e9&#8220; \u00a0konkurenci stejn\u00e9 kategorie chlapc\u016f \u00a0(na startu se se\u0161la ESA typu Jakub Zemene, Tom\u00e1\u0161 Tlamka &#8222;Contador&#8220;\u00a0\u010di Timon Holec)\u00a0\u00a0 se neztratil\u00a0v c\u00edli nakonec\u00a0\u0161est\u00fd\u00a0<strong><span style=\"color: #800000;\">V\u00ed\u0165a &#8222;Sucho\u0161&#8220; Such\u00e1nek.<\/span><\/strong><\/p>\n<figure id=\"attachment_13776\" aria-describedby=\"caption-attachment-13776\" style=\"width: 1295px\" class=\"wp-caption alignnone\"><a href=\"http:\/\/www.moravecteam.cz\/?attachment_id=13776\" rel=\"attachment wp-att-13776\"><img decoding=\"async\" loading=\"lazy\" class=\" wp-image-13776\" alt=\"IMG_9228\" src=\"http:\/\/www.moravecteam.cz\/wp-content\/uploads\/2019\/08\/IMG_9228.jpg\" width=\"1295\" height=\"1546\" srcset=\"https:\/\/www.moravecteam.cz\/wp-content\/uploads\/2019\/08\/IMG_9228.jpg 1295w, https:\/\/www.moravecteam.cz\/wp-content\/uploads\/2019\/08\/IMG_9228-251x300.jpg 251w, https:\/\/www.moravecteam.cz\/wp-content\/uploads\/2019\/08\/IMG_9228-857x1024.jpg 857w\" sizes=\"(max-width: 1295px) 100vw, 1295px\" \/><\/a><figcaption id=\"caption-attachment-13776\" class=\"wp-caption-text\">Jakub Dosko\u010dil neodstartoval \u0161patn\u011b.<\/figcaption><\/figure>\n<p style=\"text-align: justify;\"><span style=\"color: #800000;\"><strong>Medailist\u00e9 MORAVEC Teamu &#8211; po\u0159ad\u00ed OPEN:<\/strong><\/span><\/p>\n<ul>\n<li style=\"text-align: justify;\">Zlat\u00e9 medaile vybojovali: <span style=\"color: #ff6600;\"><strong>Just\u00fdna Novotn\u00e1 <\/strong><\/span>(9-10 let), <strong><span style=\"color: #ff6600;\">Anna Hn\u00e1kov\u00e1<\/span> \u00a0<\/strong>(11-12 let)\u00a0 a <strong><span style=\"color: #ff6600;\">Petr \u0160ich<\/span> <\/strong>(mu\u017ei ELITE)<\/li>\n<li style=\"text-align: justify;\">St\u0159\u00edbrn\u00e9 medaile brali:\u00a0<strong><span style=\"color: #808080;\">Jon\u00e1\u0161 Janovsk\u00fd<\/span><\/strong> (do 6 let), <strong><span style=\"color: #808080;\">Leona Eclerov\u00e1<\/span><\/strong> (do 6 let), <b><span style=\"color: #808080;\">Am\u00e1lie Gottwaldov\u00e1<\/span> <\/b>(11-12 let), <strong><span style=\"color: #808080;\">V\u00edtek Lipensk\u00fd<\/span><\/strong> (13-14 let)\u00a0a <span style=\"color: #808080;\"><strong>Kl\u00e1ra Odehnalov\u00e1 <\/strong><\/span>(juniorky \/ kadetky.).<\/li>\n<li style=\"text-align: justify;\">Bronz si z\u00a0Boskovic \u00a0veze <span style=\"color: #993300;\"><strong>Zita \u017dern\u00ed\u010dkov\u00e1<\/strong> <\/span>(7-8 let)<\/li>\n<\/ul>\n<figure id=\"attachment_13775\" aria-describedby=\"caption-attachment-13775\" style=\"width: 503px\" class=\"wp-caption alignnone\"><a href=\"http:\/\/www.moravecteam.cz\/?attachment_id=13775\" rel=\"attachment wp-att-13775\"><img decoding=\"async\" loading=\"lazy\" class=\" wp-image-13775\" alt=\"IMG_9219\" src=\"http:\/\/www.moravecteam.cz\/wp-content\/uploads\/2019\/08\/IMG_9219.jpg\" width=\"503\" height=\"429\" srcset=\"https:\/\/www.moravecteam.cz\/wp-content\/uploads\/2019\/08\/IMG_9219.jpg 503w, https:\/\/www.moravecteam.cz\/wp-content\/uploads\/2019\/08\/IMG_9219-300x255.jpg 300w\" sizes=\"(max-width: 503px) 100vw, 503px\" \/><\/a><figcaption id=\"caption-attachment-13775\" class=\"wp-caption-text\">Zita Bartol\u0161icov\u00e1 p\u00e1r metr\u016f p\u0159ed c\u00edlem.<\/figcaption><\/figure>\n<div style=\"text-align: justify;\">\n<dl id=\"attachment_13707\">\n<dt><span style=\"color: #993300;\"><strong>Medailist\u00e9 MORAVEC Teamu &#8211; po\u0159ad\u00ed OBCE:<\/strong><\/span><\/dt>\n<\/dl>\n<\/div>\n<ul>\n<li style=\"text-align: justify;\">Prvn\u00ed m\u00edsta:\u00a0<span style=\"color: #ff6600;\"><strong>Jon\u00e1\u0161 Janovsk\u00fd <\/strong><\/span>(do 6 let),\u00a0 <span style=\"color: #ff6600;\"><strong>Zita \u017dern\u00ed\u010dkov\u00e1 <\/strong><\/span>(7-8 let),<span style=\"color: #ff6600;\"> <strong>Just\u00fdna Novotn\u00e1 <\/strong><\/span>(11-12 let),\u00a0<span style=\"color: #ff6600;\">\u00a0<strong>Anna Han\u00e1kov\u00e1<\/strong><\/span>\u00a0(11-12 let) a <strong><span style=\"color: #ff6600;\">Luk\u00e1\u0161 Sedl\u00e1k<\/span><\/strong> (13-14 let).<\/li>\n<li style=\"text-align: justify;\">Druh\u00e1 m\u00edsta:\u00a0<strong><span style=\"color: #808080;\">Barbora Janovsk\u00e1<\/span>\u00a0<\/strong>(11-12 let).<\/li>\n<li style=\"text-align: justify;\">T\u0159et\u00ed v po\u0159ad\u00ed fini\u0161ovali: <span style=\"color: #993300;\"><strong>Anton\u00edn Han\u00e1k <\/strong><\/span>(do 6 let), <span style=\"color: #993300;\"><strong>Kl\u00e1ra V\u011brn\u00e1 <\/strong><\/span>(do 6 let),\u00a0\u00a0a\u00a0<strong><span style=\"color: #993300;\">Ad\u00e9la V\u011brn\u00e1<\/span>\u00a0<\/strong>(7-8 let).<\/li>\n<\/ul>\n<p style=\"text-align: justify;\">I Ko\u0159enec potvrdil stabiln\u00ed formu na\u0161ich rajdr\u016f a je u\u017e te\u010f jasn\u00e9, \u017ee ani letos nebude na\u0161e z\u00e1v\u011bre\u010dn\u00e1 poh\u00e1rov\u00e1 sklize\u0148 nikterak chudobn\u00e1. D\u00edky v\u0161em za vzorn\u00e9 repre odd\u00edlu a v\u00fdkony &#8222;na doraz&#8220;! Celkem 7(!) fotogaleri\u00ed je k omrknut\u00ed z Ko\u0159ence:<\/p>\n<ul>\n<li><strong><a href=\"https:\/\/moravecteam.rajce.idnes.cz\/2019.08.24_MTB_PDV_Korenec\">Fotogalerie \u010d.1<\/a><\/strong><\/li>\n<li><strong><a href=\"https:\/\/moravecteam.rajce.idnes.cz\/2019.08.24_MTB_PDV_Korenec_-_2\">Fotogalerie \u010d.2<\/a><\/strong><\/li>\n<li><strong><a href=\"https:\/\/moravecteam.rajce.idnes.cz\/2019.08.24_MTB_PDV_Korenec_-_3\">Fotogalerie \u010d.3<\/a><\/strong><\/li>\n<li><strong><a href=\"https:\/\/moravecteam.rajce.idnes.cz\/2019.08.24_MTB_PDV_Korenec_-_4\">Fotogalerie \u010d.4<\/a><\/strong><\/li>\n<li><strong><a href=\"https:\/\/moravecteam.rajce.idnes.cz\/2019.08.24_MTB_PDV_Korenec_-_5\">Fotogalerie \u010d.5<\/a><\/strong><\/li>\n<li><strong><a href=\"https:\/\/moravecteam.rajce.idnes.cz\/2019.08.24_MTB_PDV_Korenec_-_6\">Fotogalerie \u010d.6<\/a><\/strong><\/li>\n<li><strong><a href=\"https:\/\/cefra.rajce.idnes.cz\/PDV_8_Boskovice._24._8._2019_-_Pohar_Drahanske_Vrchoviny#dalsi-alba\">Fotogalerie \u010d.7<\/a><\/strong><\/li>\n<\/ul>\n<p><a style=\"font-weight: bold; background-color: transparent;\" href=\"http:\/\/www.moravecteam.cz\/?attachment_id=13777\" rel=\"attachment wp-att-13777\"><img decoding=\"async\" loading=\"lazy\" class=\" wp-image-13777\" alt=\"IMG_9238\" src=\"http:\/\/www.moravecteam.cz\/wp-content\/uploads\/2019\/08\/IMG_9238.jpg\" width=\"572\" height=\"665\" srcset=\"https:\/\/www.moravecteam.cz\/wp-content\/uploads\/2019\/08\/IMG_9238.jpg 572w, https:\/\/www.moravecteam.cz\/wp-content\/uploads\/2019\/08\/IMG_9238-258x300.jpg 258w\" sizes=\"(max-width: 572px) 100vw, 572px\" \/><\/a><\/p>\n<dl class=\"wp-caption alignnone\" id=\"attachment_13777\" style=\"width: 582px;\">\n<dd class=\"wp-caption-dd\">I Honza Lipensk\u00fd v c\u00edlov\u00e9 rovin\u011b.<\/dd>\n<\/dl>\n<p style=\"text-align: justify;\">\n","protected":false},"excerpt":{"rendered":"<p>Na dvou hlavn\u00edch front\u00e1ch bojovali rajd\u0159i MORAVEC Temu o posledn\u00ed pr\u00e1zdninov\u00e9 sobot\u011b. Zat\u00edm co v\u011bt\u0161ina z nich sv\u00e1d\u011bla tuh\u00e9 souboje se zdatn\u00fdmi soupe\u0159i p\u0159i osm\u00e9m z\u00e1vod\u011b MTB &#8222;Vrchoviny&#8220; v Ko\u0159enci, Eli\u0161ka Han\u00e1kov\u00e1 reprezentovala \u010ceskou republiku na MTB Mistrovstv\u00ed Evropy \u017e\u00e1k\u016f a kadet\u016f v italsk\u00e9 Pile.\u00a0A nutno dodat, \u017ee na obou\u00a0bikov\u00fdch kolbi\u0161t\u00edch\u00a0se na\u0161im da\u0159ilo nadpr\u016fm\u011brn\u011b! Dev\u011bt &hellip; <a href=\"https:\/\/www.moravecteam.cz\/?p=13757\" class=\"more-link\">Pokra\u010dov\u00e1n\u00ed textu <span class=\"screen-reader-text\">Vyda\u0159en\u00e1 sobota!-2<\/span> <span class=\"meta-nav\">&rarr;<\/span><\/a><\/p>\n","protected":false},"author":3,"featured_media":13765,"comment_status":"open","ping_status":"closed","sticky":false,"template":"","format":"standard","meta":[],"categories":[1],"tags":[],"_links":{"self":[{"href":"https:\/\/www.moravecteam.cz\/index.php?rest_route=\/wp\/v2\/posts\/13757"}],"collection":[{"href":"https:\/\/www.moravecteam.cz\/index.php?rest_route=\/wp\/v2\/posts"}],"about":[{"href":"https:\/\/www.moravecteam.cz\/index.php?rest_route=\/wp\/v2\/types\/post"}],"author":[{"embeddable":true,"href":"https:\/\/www.moravecteam.cz\/index.php?rest_route=\/wp\/v2\/users\/3"}],"replies":[{"embeddable":true,"href":"https:\/\/www.moravecteam.cz\/index.php?rest_route=%2Fwp%2Fv2%2Fcomments&post=13757"}],"version-history":[{"count":19,"href":"https:\/\/www.moravecteam.cz\/index.php?rest_route=\/wp\/v2\/posts\/13757\/revisions"}],"predecessor-version":[{"id":13792,"href":"https:\/\/www.moravecteam.cz\/index.php?rest_route=\/wp\/v2\/posts\/13757\/revisions\/13792"}],"wp:featuredmedia":[{"embeddable":true,"href":"https:\/\/www.moravecteam.cz\/index.php?rest_route=\/wp\/v2\/media\/13765"}],"wp:attachment":[{"href":"https:\/\/www.moravecteam.cz\/index.php?rest_route=%2Fwp%2Fv2%2Fmedia&parent=13757"}],"wp:term":[{"taxonomy":"category","embeddable":true,"href":"https:\/\/www.moravecteam.cz\/index.php?rest_route=%2Fwp%2Fv2%2Fcategories&post=13757"},{"taxonomy":"post_tag","embeddable":true,"href":"https:\/\/www.moravecteam.cz\/index.php?rest_route=%2Fwp%2Fv2%2Ftags&post=13757"}],"curies":[{"name":"wp","href":"https:\/\/api.w.org\/{rel}","templated":true}]}}