{"id":13910,"date":"2019-10-04T23:00:03","date_gmt":"2019-10-04T21:00:03","guid":{"rendered":"http:\/\/www.moravecteam.cz\/?p=13910"},"modified":"2019-10-04T23:00:03","modified_gmt":"2019-10-04T21:00:03","slug":"tri-musketyrky","status":"publish","type":"post","link":"https:\/\/www.moravecteam.cz\/?p=13910","title":{"rendered":"T\u0159i mu\u0161ket\u00fdrky..!"},"content":{"rendered":"<p style=\"text-align: justify;\"><strong><span style=\"color: #800000;\">V Mlad\u00e9 Boleslavi odstartoval posledn\u00ed z\u00e1\u0159iovou sobotu n\u00e1rodn\u00ed cyklokrosov\u00fd poh\u00e1r a jak u\u017e je po l\u00e9ta zvykem, nechyb\u011bly u premi\u00e9ry ani letos dresy MORAVEC Teamu. \u017d\u00e1kovsk\u00e9 bikov\u00e9 Mistryn\u011b \u010cR Annu a Eli\u0161ku Han\u00e1kovy bude letos dopl\u0148ovat nav\u00edc i Barbora Janovsk\u00e1. A holky si v &#8222;dr\u017eav\u011b&#8220; firmy Volkswagen nevedly v\u016fbec \u0161patn\u011b!<\/span><\/strong><\/p>\n<figure id=\"attachment_13927\" aria-describedby=\"caption-attachment-13927\" style=\"width: 462px\" class=\"wp-caption alignnone\"><a href=\"http:\/\/www.moravecteam.cz\/?attachment_id=13927\" rel=\"attachment wp-att-13927\"><img decoding=\"async\" loading=\"lazy\" class=\"size-full wp-image-13927\" alt=\"IMG_7476\" src=\"http:\/\/www.moravecteam.cz\/wp-content\/uploads\/2019\/10\/IMG_7476.jpg\" width=\"462\" height=\"487\" srcset=\"https:\/\/www.moravecteam.cz\/wp-content\/uploads\/2019\/10\/IMG_7476.jpg 462w, https:\/\/www.moravecteam.cz\/wp-content\/uploads\/2019\/10\/IMG_7476-25x25.jpg 25w, https:\/\/www.moravecteam.cz\/wp-content\/uploads\/2019\/10\/IMG_7476-284x300.jpg 284w\" sizes=\"(max-width: 462px) 100vw, 462px\" \/><\/a><figcaption id=\"caption-attachment-13927\" class=\"wp-caption-text\">DCR (do\u010dasnou cyklokrosovou rotu) MORAVEC Teamu letos tvo\u0159\u00ed sestry Han\u00e1kovy&#8230;<\/figcaption><\/figure>\n<p style=\"text-align: justify;\">P\u0159edn\u011b je t\u0159eba zd\u016fraznit, \u017ee by\u0165 se p\u00ed\u0161e je\u0161t\u011b st\u00e1le rok 2019, pravidla cyklokrosu ji\u017e \u017eij\u00ed rokem 2020, co\u017e znamen\u00e1, \u017ee Eli\u0161ka Han\u00e1kov\u00e1 jede leto\u0161n\u00ed cyklokrosy jako prvoro\u010da\u010dka kadetka, Ani\u010dka Han\u00e1kov\u00e1 jako prvoro\u010da\u010dka star\u0161\u00ed \u017e\u00e1kyn\u011b, Bar\u010da Janovsk\u00e1 jako druhoro\u010da\u010dka mlad\u0161\u00ed \u017e\u00e1kyn\u011b. Tento \u010dasov\u00fd &#8222;p\u0159ed-posun&#8220; je je\u0161t\u011b pochopiteln\u00fd: cyklokrosov\u00e1 sez\u00f3na bude vrcholit n\u00e1rodn\u00edmi, evropsk\u00fdm a sv\u011btov\u00fdm mistrovstv\u00edm v r. 2020. Proto\u017ee si ale cyklokrosov\u00e1 sekce \u010cSC ned\u011bl\u00e1 st\u00e1le \u017e\u00e1dn\u00fd probl\u00e9m s &#8222;fyzick\u00fdm&#8220; rozd\u011blen\u00edm d\u00edvek do kategori\u00ed: mlad\u0161\u00ed \u017e\u00e1kyn\u011b \/ star\u0161\u00ed \u017e\u00e1kyn\u011b \/ kadetky (pro\u010d taky? v\u00edte co by to pro po\u0159adatele znamenalo pr\u00e1ce nav\u00edc?pro zaj\u00edmavost: na z\u00e1vodech PDV \u0159e\u0161\u00edme v pr\u016fb\u011bhu z\u00e1vodn\u00edho dne starty 18-ti kategori\u00ed, na cyklokrosov\u00e9m poh\u00e1ru je v\u0161e \u0159e\u0161eno velice &#8222;prakticky&#8220; &#8211; starty pouho-pouh\u00fdch \u0161esti (!) kategori\u00ed), vid\u011bli jsme t\u0159i na\u0161e state\u010dn\u00e9 mu\u0161kat\u00fdrky na startu spole\u010dn\u00e9 d\u00edv\u010d\u00ed kategorie &#8222;Kadetky&#8220; spolu s ostatn\u00edmi pades\u00e1ti soupe\u0159kami.<\/p>\n<figure id=\"attachment_13926\" aria-describedby=\"caption-attachment-13926\" style=\"width: 1600px\" class=\"wp-caption alignnone\"><a href=\"http:\/\/www.moravecteam.cz\/?attachment_id=13926\" rel=\"attachment wp-att-13926\"><img decoding=\"async\" loading=\"lazy\" class=\" wp-image-13926\" alt=\"IMG-20191004-WA0000\" src=\"http:\/\/www.moravecteam.cz\/wp-content\/uploads\/2019\/10\/IMG-20191004-WA0000.jpg\" width=\"1600\" height=\"949\" srcset=\"https:\/\/www.moravecteam.cz\/wp-content\/uploads\/2019\/10\/IMG-20191004-WA0000.jpg 1600w, https:\/\/www.moravecteam.cz\/wp-content\/uploads\/2019\/10\/IMG-20191004-WA0000-300x177.jpg 300w, https:\/\/www.moravecteam.cz\/wp-content\/uploads\/2019\/10\/IMG-20191004-WA0000-1024x607.jpg 1024w\" sizes=\"(max-width: 1600px) 100vw, 1600px\" \/><\/a><figcaption id=\"caption-attachment-13926\" class=\"wp-caption-text\">&#8230;a Bar\u010da Janovsk\u00e1. V Mlad\u00e9 Boleslavi odvedly holky dobrou pr\u00e1ci, v\u011b\u0159me, \u017ee v Hlinsku stihnou nav\u00edc i spole\u010dn\u00e9 foto&#8230;<\/figcaption><\/figure>\n<p style=\"text-align: justify;\">Nejl\u00e9pe dopadla &#8211; podle o\u010dek\u00e1v\u00e1n\u00ed &#8211; <strong><span style=\"color: #800000;\">Eli\u0161ka Han\u00e1kov\u00e1<\/span><\/strong>. Z\u00e1vod m\u011bla rozjet\u00fd na st\u0159\u00edbrnou &#8222;bednu&#8220;, po chyb\u011b v z\u00e1v\u011bru (nenacvakla ped\u00e1l) z toho bylo nakonec i tak kvalitn\u00ed 4. m\u00edsto s minim\u00e1ln\u00ed\u00a0 ztr\u00e1tou 1,5 vte\u0159inky na bronzovou p\u0159\u00ed\u010dku. <strong><span style=\"color: #800000;\">Ani\u010dka Han\u00e1kov\u00e1<\/span><\/strong> brala\u00a0 v\u00fdborn\u00e9 14. m\u00edsto (ztr\u00e1ta na v\u00edt\u011bzku necel\u00e9 2 minuty, 4. m\u00edsto by pak obsadila\u00a0 v kategorii star\u0161\u00edch \u017e\u00e1ky\u0148), velmi zdatn\u011b se poprala s cyklokrosovou premi\u00e9rou i v c\u00edli 46. <strong><span style=\"color: #800000;\">Barbora Janovsk\u00e1<\/span><\/strong> (ztr\u00e1ta na v\u00edt\u011bzku cca \u0161est a t\u0159i \u010dtvrt\u011b minuty , 9. m\u00edsto by brala v kategorii mlad\u0161\u00edch \u017e\u00e1ky\u0148). Na \u00favod dost dobr\u00fd&#8230; Kompletn\u00ed trio na\u0161ich reprezentantek uvid\u00edme u\u017e 5. \u0159\u00edjna na druh\u00e9m cyklokrosov\u00e9m poh\u00e1ru v Hlinsku. A samoz\u0159ejm\u011b op\u011bt budeme dr\u017eet palce. V\u00fdsledky z Mlad\u00e9 Boleslavi si m\u016f\u017eete <strong><a href=\"https:\/\/sportsoft.cz\/OfficialResults\/2019\/20190928_ttc1_boleslav_kadetky.pdf?201910.03.08.40\">odkontrolovat zde<\/a><\/strong>, mrkn\u011bte i na <strong><a href=\"https:\/\/moravecteam.rajce.idnes.cz\/2019.09.28_Cyklokros_CP_Mlada_Boleslav\/\">fotogalerii.<\/a><\/strong>..<\/p>\n","protected":false},"excerpt":{"rendered":"<p>V Mlad\u00e9 Boleslavi odstartoval posledn\u00ed z\u00e1\u0159iovou sobotu n\u00e1rodn\u00ed cyklokrosov\u00fd poh\u00e1r a jak u\u017e je po l\u00e9ta zvykem, nechyb\u011bly u premi\u00e9ry ani letos dresy MORAVEC Teamu. \u017d\u00e1kovsk\u00e9 bikov\u00e9 Mistryn\u011b \u010cR Annu a Eli\u0161ku Han\u00e1kovy bude letos dopl\u0148ovat nav\u00edc i Barbora Janovsk\u00e1. A holky si v &#8222;dr\u017eav\u011b&#8220; firmy Volkswagen nevedly v\u016fbec \u0161patn\u011b! P\u0159edn\u011b je t\u0159eba zd\u016fraznit, \u017ee &hellip; <a href=\"https:\/\/www.moravecteam.cz\/?p=13910\" class=\"more-link\">Pokra\u010dov\u00e1n\u00ed textu <span class=\"screen-reader-text\">T\u0159i mu\u0161ket\u00fdrky..!<\/span> <span class=\"meta-nav\">&rarr;<\/span><\/a><\/p>\n","protected":false},"author":3,"featured_media":13913,"comment_status":"open","ping_status":"closed","sticky":false,"template":"","format":"standard","meta":[],"categories":[1],"tags":[],"_links":{"self":[{"href":"https:\/\/www.moravecteam.cz\/index.php?rest_route=\/wp\/v2\/posts\/13910"}],"collection":[{"href":"https:\/\/www.moravecteam.cz\/index.php?rest_route=\/wp\/v2\/posts"}],"about":[{"href":"https:\/\/www.moravecteam.cz\/index.php?rest_route=\/wp\/v2\/types\/post"}],"author":[{"embeddable":true,"href":"https:\/\/www.moravecteam.cz\/index.php?rest_route=\/wp\/v2\/users\/3"}],"replies":[{"embeddable":true,"href":"https:\/\/www.moravecteam.cz\/index.php?rest_route=%2Fwp%2Fv2%2Fcomments&post=13910"}],"version-history":[{"count":5,"href":"https:\/\/www.moravecteam.cz\/index.php?rest_route=\/wp\/v2\/posts\/13910\/revisions"}],"predecessor-version":[{"id":13929,"href":"https:\/\/www.moravecteam.cz\/index.php?rest_route=\/wp\/v2\/posts\/13910\/revisions\/13929"}],"wp:featuredmedia":[{"embeddable":true,"href":"https:\/\/www.moravecteam.cz\/index.php?rest_route=\/wp\/v2\/media\/13913"}],"wp:attachment":[{"href":"https:\/\/www.moravecteam.cz\/index.php?rest_route=%2Fwp%2Fv2%2Fmedia&parent=13910"}],"wp:term":[{"taxonomy":"category","embeddable":true,"href":"https:\/\/www.moravecteam.cz\/index.php?rest_route=%2Fwp%2Fv2%2Fcategories&post=13910"},{"taxonomy":"post_tag","embeddable":true,"href":"https:\/\/www.moravecteam.cz\/index.php?rest_route=%2Fwp%2Fv2%2Ftags&post=13910"}],"curies":[{"name":"wp","href":"https:\/\/api.w.org\/{rel}","templated":true}]}}