{"id":13915,"date":"2019-10-04T23:10:07","date_gmt":"2019-10-04T21:10:07","guid":{"rendered":"http:\/\/www.moravecteam.cz\/?p=13915"},"modified":"2019-10-04T23:10:07","modified_gmt":"2019-10-04T21:10:07","slug":"vitezna-vlna-pokracuje","status":"publish","type":"post","link":"https:\/\/www.moravecteam.cz\/?p=13915","title":{"rendered":"V\u00edt\u011bzn\u00e1 vlna pokra\u010duje!"},"content":{"rendered":"<p style=\"text-align: justify;\"><strong><span style=\"color: #800000;\">Posledn\u00edm z\u00e1vodem MTB &#8222;Vrchoviny&#8220; jsme podle pl\u00e1nu &#8222;odzvonili&#8220; z\u00e1vodn\u00ed cyklistick\u00e9 sez\u00f3n\u011b 2019. &#8222;Klid zbran\u00ed&#8220; je ale st\u00e1le jen zd\u00e1nliv\u00fd&#8230; O posledn\u00edm z\u00e1\u0159iov\u00e9m v\u00edkendu se vrhlo do dal\u0161\u00edch boj\u016f hned p\u011bt na\u0161ich neust\u00e1le z\u00e1vod\u011bn\u00edchtiv\u00fdch rajdr\u016f: trojice d\u011bv\u010dat z\u00e1polila <a href=\"http:\/\/www.moravecteam.cz\/?p=13910&amp;preview=true\">na prvn\u00edm poh\u00e1rov\u00e9m cyklokrosu<\/a>\u00a0v Mlad\u00e9 Boleslavi a dva na\u0161i borci se bl\u00fdskli v\u00fdborn\u00fdmi v\u00fdkony a v\u00fdsledky na bikov\u00e9 klasice! A pr\u00e1v\u011b t\u011bmto dv\u011bma na\u0161im repro\u0161\u016fm, kte\u0159\u00ed prodlou\u017eili leto\u0161n\u00ed zlat\u00fd text v na\u0161\u00ed odd\u00edlov\u00e9 kronice,\u00a0 je pr\u00e1vem v\u011bnov\u00e1na tato aktulita.\u00a0<\/span><\/strong><\/p>\n<figure id=\"attachment_13922\" aria-describedby=\"caption-attachment-13922\" style=\"width: 621px\" class=\"wp-caption alignnone\"><a href=\"http:\/\/www.moravecteam.cz\/?attachment_id=13922\" rel=\"attachment wp-att-13922\"><img decoding=\"async\" loading=\"lazy\" class=\" wp-image-13922\" alt=\"P1060360\" src=\"http:\/\/www.moravecteam.cz\/wp-content\/uploads\/2019\/10\/P1060360.jpg\" width=\"621\" height=\"477\" srcset=\"https:\/\/www.moravecteam.cz\/wp-content\/uploads\/2019\/10\/P1060360.jpg 621w, https:\/\/www.moravecteam.cz\/wp-content\/uploads\/2019\/10\/P1060360-300x230.jpg 300w\" sizes=\"(max-width: 621px) 100vw, 621px\" \/><\/a><figcaption id=\"caption-attachment-13922\" class=\"wp-caption-text\">Premi\u00e9ra Mat\u011bje Kaliny v dresu MORAVEC Teamu jak se pat\u0159\u00ed: v\u00edt\u011bzn\u00e1!<\/figcaption><\/figure>\n<p style=\"text-align: justify;\">25. 9. 2019 je datumem na p\u0159ihl\u00e1\u0161ce <strong><span style=\"color: #800000;\">Mat\u011bje Kaliny<\/span><\/strong> (*2012) z Letovic, kter\u00fd si to k n\u00e1m odv\u00e1\u017en\u011b (spou s dal\u0161\u00edmi sedmi nov\u00e1\u010dky) v p\u0159estupn\u00e9m obdob\u00ed nam\u00ed\u0159il. No a u\u017e o t\u0159i dny pozd\u011bji, ve sv\u00e1te\u010dn\u00ed\u00a0 sobotu\u00a0 pro n\u00e1s vybojoval v z\u00e1vodech horsk\u00fdch kol prvn\u00ed v\u00edt\u011bzstv\u00ed! V r\u00e1mci zn\u00e1m\u00fdch popul\u00e1rn\u00edch z\u00e1vod\u016f <strong><a href=\"http:\/\/www.jesenickysnek.com\/\">Jesenick\u00fd \u0161nek<\/a><\/strong>, se jezd\u00ed i d\u011btsk\u00e1 varianta tohoto MTB podniku &#8211; Jesenick\u00fd \u0161ne\u010dek. A pr\u00e1v\u011b v tomto z\u00e1vodu, v kategorii K2 nedal Mat\u011bj posledn\u00ed z\u00e1\u0159iovou sobotu sv\u00fdm 12-ti soupe\u0159\u016fm \u0161anci. V\u00fdborn\u00fd z\u00e1pis do MORAVEC Teamu! Samoz\u0159ejm\u011b Mat\u011bj z\u00e1vodil u\u017e v na\u0161em dresu, o kter\u00fd na z\u00e1vod projevil z\u00e1jem, a kter\u00fd se pro n\u011bho b\u011bhem dvou dn\u016f poda\u0159ilo opat\u0159it. Bravo MORAVEC! Zde si odkontrolujte <strong><a href=\"http:\/\/www.jesenickysnek.com\/index.php\/component\/cyklo\/?ID_serial=22&amp;ID_zavod=182&amp;zavody_trate_id=1132&amp;view=vysledky&amp;option=com_cyklo&amp;filter_order=vy.umisteni&amp;filter_order_Dir=\">Mat\u011bj\u016fv v\u00fdsledek.<\/a><\/strong><\/p>\n<figure id=\"attachment_13923\" aria-describedby=\"caption-attachment-13923\" style=\"width: 691px\" class=\"wp-caption alignnone\"><a href=\"http:\/\/www.moravecteam.cz\/?attachment_id=13923\" rel=\"attachment wp-att-13923\"><img decoding=\"async\" loading=\"lazy\" class=\" wp-image-13923\" alt=\"FB_IMG_1569782385038\" src=\"http:\/\/www.moravecteam.cz\/wp-content\/uploads\/2019\/10\/FB_IMG_1569782385038.jpg\" width=\"691\" height=\"504\" srcset=\"https:\/\/www.moravecteam.cz\/wp-content\/uploads\/2019\/10\/FB_IMG_1569782385038.jpg 691w, https:\/\/www.moravecteam.cz\/wp-content\/uploads\/2019\/10\/FB_IMG_1569782385038-300x218.jpg 300w\" sizes=\"(max-width: 691px) 100vw, 691px\" \/><\/a><figcaption id=\"caption-attachment-13923\" class=\"wp-caption-text\">Nejrychlej\u0161\u00ed EXPERT na &#8222;Go\u010d\u00e1rov\u00fdch schodech&#8220; &#8211; Petr \u0160ich.<\/figcaption><\/figure>\n<p style=\"text-align: justify;\">To ke druh\u00e9mu na\u0161emu \u00fasp\u011b\u0161n\u00e9mu reprezentantu m\u016f\u017eeme p\u0159i\u0159adit p\u0159\u00edvlastek\u00a0 \u00a0&#8211; zku\u0161en\u00fd. <strong><span style=\"color: #800000;\">Petr \u0160ich<\/span><\/strong> m\u00e1 za sebou letos zat\u00edm TOP sez\u00f3nu, a \u017ee se st\u00e1le t\u011b\u0161\u00ed v\u00fdborn\u00e9 z\u00e1vodn\u00ed form\u011b a pohod\u011b potvrdil na p\u0159edposledn\u00edm z\u00e1vod\u011b s\u00e9rie MTB maraton\u016f <strong><a href=\"http:\/\/www.novacup.cz\/\">Nova Cup<\/a><\/strong>,\u00a0 &#8211; <strong><a href=\"http:\/\/www.novacup.cz\/mitas-gocarovy-schody-pro-kucerovou-a-cinka\/\">&#8222;Go\u010d\u00e1rovy schody&#8220;<\/a><\/strong>, kter\u00fd se konal shodou okolnost\u00ed tak\u00e9 posledn\u00ed z\u00e1\u0159iovou sobotu v Hradci Kr\u00e1lov\u00e9. Petr ovl\u00e1dl z\u00e1vod kategorie mu\u017e\u016f &#8211; EXPERT (<strong><a href=\"https:\/\/vysledky.timechip.cz\/#2019\/34\">zde mrkn\u011bte na v\u00fdsledky<\/a><\/strong>) a kdy\u017e jsem se ho p\u0159i gratulaci zeptal, zda si necht\u011bl &#8222;st\u0159ihnout&#8220; z\u00e1vod mu\u017e\u016f ELITE a potr\u00e1pit v\u00edt\u011bze t\u00e9to &#8222;race&#8220;, Ondru Cinka, odpov\u011bd\u011bl mi jasn\u011b a stru\u010dn\u011b: <em>&#8222;V tomto z\u00e1vod\u011b jsem p\u0159em\u00fd\u0161lel nad elitou, ale potom jsem zjistil, \u017ee je to jen na pozv\u00e1n\u00ed od po\u0159adatele&#8230;&#8220;<\/em>. Dost zaj\u00edmav\u00fd p\u0159\u00edstup od po\u0159adatel\u016f&#8230; Kolik asi &#8222;pozvan\u00ed&#8220; mu\u017ei ELITE platili startovn\u00e9? Doby, kdy si v\u0161ichni bike\u0159i byly rovni, jsou tedy asi nen\u00e1vratn\u011b pry\u010d&#8230; Jak uk\u00e1zuje Nova Cup v Hradci Kr\u00e1lov\u00e9, n\u011bkte\u0159\u00ed jsou si u\u017e rovn\u011bj\u0161\u00ed&#8230;<\/p>\n<p style=\"text-align: justify;\">A\u0165 tak \u010di tak: Zlato <strong><span style=\"color: #800000;\">Mat\u011bje Kaliny<\/span><\/strong> z Jesenick\u00e9ho \u0161ne\u010dka a <strong><span style=\"color: #800000;\">Petra \u0160icha<\/span><\/strong> z &#8222;Go\u010d\u00e1rov\u00fdch schod\u016f&#8220; &#8211; oboj\u00ed u\u017e cink\u00e1 v pokladnici MORAVEC Tamu a j\u00e1 u\u017e jen dod\u00e1v\u00e1m: D\u00edky moc za vzorn\u00e9 repre MORAVEC Teamu! V\u00edce fotek z obou z\u00e1vod\u016f najdete zde ve <strong><a href=\"https:\/\/moravecteam.rajce.idnes.cz\/2019.09.28_MTB_Nova_Cup%2C_MTB_Jesenicky_snecek\/\">fotogalerii.<\/a><\/strong><\/p>\n<p style=\"text-align: justify;\">\n","protected":false},"excerpt":{"rendered":"<p>Posledn\u00edm z\u00e1vodem MTB &#8222;Vrchoviny&#8220; jsme podle pl\u00e1nu &#8222;odzvonili&#8220; z\u00e1vodn\u00ed cyklistick\u00e9 sez\u00f3n\u011b 2019. &#8222;Klid zbran\u00ed&#8220; je ale st\u00e1le jen zd\u00e1nliv\u00fd&#8230; O posledn\u00edm z\u00e1\u0159iov\u00e9m v\u00edkendu se vrhlo do dal\u0161\u00edch boj\u016f hned p\u011bt na\u0161ich neust\u00e1le z\u00e1vod\u011bn\u00edchtiv\u00fdch rajdr\u016f: trojice d\u011bv\u010dat z\u00e1polila na prvn\u00edm poh\u00e1rov\u00e9m cyklokrosu\u00a0v Mlad\u00e9 Boleslavi a dva na\u0161i borci se bl\u00fdskli v\u00fdborn\u00fdmi v\u00fdkony a v\u00fdsledky na bikov\u00e9 &hellip; <a href=\"https:\/\/www.moravecteam.cz\/?p=13915\" class=\"more-link\">Pokra\u010dov\u00e1n\u00ed textu <span class=\"screen-reader-text\">V\u00edt\u011bzn\u00e1 vlna pokra\u010duje!<\/span> <span class=\"meta-nav\">&rarr;<\/span><\/a><\/p>\n","protected":false},"author":3,"featured_media":13921,"comment_status":"open","ping_status":"closed","sticky":false,"template":"","format":"standard","meta":[],"categories":[1],"tags":[],"_links":{"self":[{"href":"https:\/\/www.moravecteam.cz\/index.php?rest_route=\/wp\/v2\/posts\/13915"}],"collection":[{"href":"https:\/\/www.moravecteam.cz\/index.php?rest_route=\/wp\/v2\/posts"}],"about":[{"href":"https:\/\/www.moravecteam.cz\/index.php?rest_route=\/wp\/v2\/types\/post"}],"author":[{"embeddable":true,"href":"https:\/\/www.moravecteam.cz\/index.php?rest_route=\/wp\/v2\/users\/3"}],"replies":[{"embeddable":true,"href":"https:\/\/www.moravecteam.cz\/index.php?rest_route=%2Fwp%2Fv2%2Fcomments&post=13915"}],"version-history":[{"count":8,"href":"https:\/\/www.moravecteam.cz\/index.php?rest_route=\/wp\/v2\/posts\/13915\/revisions"}],"predecessor-version":[{"id":13930,"href":"https:\/\/www.moravecteam.cz\/index.php?rest_route=\/wp\/v2\/posts\/13915\/revisions\/13930"}],"wp:featuredmedia":[{"embeddable":true,"href":"https:\/\/www.moravecteam.cz\/index.php?rest_route=\/wp\/v2\/media\/13921"}],"wp:attachment":[{"href":"https:\/\/www.moravecteam.cz\/index.php?rest_route=%2Fwp%2Fv2%2Fmedia&parent=13915"}],"wp:term":[{"taxonomy":"category","embeddable":true,"href":"https:\/\/www.moravecteam.cz\/index.php?rest_route=%2Fwp%2Fv2%2Fcategories&post=13915"},{"taxonomy":"post_tag","embeddable":true,"href":"https:\/\/www.moravecteam.cz\/index.php?rest_route=%2Fwp%2Fv2%2Ftags&post=13915"}],"curies":[{"name":"wp","href":"https:\/\/api.w.org\/{rel}","templated":true}]}}