{"id":13938,"date":"2019-10-13T22:16:32","date_gmt":"2019-10-13T20:16:32","guid":{"rendered":"http:\/\/www.moravecteam.cz\/?p=13938"},"modified":"2019-10-14T08:08:18","modified_gmt":"2019-10-14T06:08:18","slug":"dve-dvojky","status":"publish","type":"post","link":"https:\/\/www.moravecteam.cz\/?p=13938","title":{"rendered":"Dv\u011b &#8222;dvojky&#8220;..!"},"content":{"rendered":"<p style=\"text-align: justify;\"><strong><span style=\"color: #800000;\">Po \u010dtvrt\u00e9m m\u00edst\u011b v cyklokrosov\u00e9 poh\u00e1rov\u00e9 premi\u00e9\u0159e v Mlad\u00e9 Boleslavi se dok\u00e1zala Eli\u0161ka Han\u00e1kov\u00e1 u\u017e v n\u00e1sleduj\u00edc\u00edch dvou z\u00e1vodech v Hlinsku a na Hol\u00fdch Vr\u0161\u00edch prosadit na stupn\u011b v\u00edt\u011bz\u016f! Jej\u00ed dv\u011b druh\u00e1 m\u00edsta maj\u00ed velkou cenu a potvrzuj\u00ed univerz\u00e1lnost mlad\u00e9, talentovan\u00e9 cyklistky. Ve druh\u00e9m a t\u0159et\u00edm z\u00e1vodu (podobn\u011b jako v premi\u00e9\u0159e) nesta\u010dila na\u0161e bikerka pouze na Katku Hlad\u00edkovou (Ivar CS &#8211; Author Team), a v t\u00e9to souvislosti nutno vyzvednout, \u017ee velmi zdatn\u011b si v cyklokrosov\u00e9m poh\u00e1ru vedou i dal\u0161\u00ed dv\u011b na\u0161e reprezentantky: Anna Han\u00e1kov\u00e1 a Barbora Janovsk\u00e1.<\/span><\/strong><\/p>\n<figure id=\"attachment_13942\" aria-describedby=\"caption-attachment-13942\" style=\"width: 2263px\" class=\"wp-caption alignnone\"><a href=\"http:\/\/www.moravecteam.cz\/?attachment_id=13942\" rel=\"attachment wp-att-13942\"><img decoding=\"async\" loading=\"lazy\" class=\" wp-image-13942\" alt=\"DSC_0015\" src=\"http:\/\/www.moravecteam.cz\/wp-content\/uploads\/2019\/10\/DSC_0015.jpg\" width=\"2263\" height=\"1325\" srcset=\"https:\/\/www.moravecteam.cz\/wp-content\/uploads\/2019\/10\/DSC_0015.jpg 2263w, https:\/\/www.moravecteam.cz\/wp-content\/uploads\/2019\/10\/DSC_0015-300x175.jpg 300w, https:\/\/www.moravecteam.cz\/wp-content\/uploads\/2019\/10\/DSC_0015-1024x599.jpg 1024w\" sizes=\"(max-width: 2263px) 100vw, 2263px\" \/><\/a><figcaption id=\"caption-attachment-13942\" class=\"wp-caption-text\">Vyrovnan\u00fd soboj o v\u00edt\u011bzstv\u00ed v kategorii kadtek na Hol\u00fdch Vr\u0161\u00edch: Hlad\u00edkov\u00e1 &#8211; Han\u00e1kov\u00e1.<\/figcaption><\/figure>\n<p style=\"text-align: justify;\">Zat\u00edm co ve zmokl\u00e9m Hlinsku ztratila v c\u00edli kadetka\u00a0<strong><span style=\"color: #800000;\">Eli\u0161ka Han\u00e1kov\u00e1<\/span><\/strong> na v\u00edt\u011bznou Hlad\u00edkovou necel\u00fdch 20 vte\u0159in, na Hol\u00fdch Vr\u0161\u00edch byl souboj t\u011bchto dvou suver\u00e9nek kategorie kadetek ji\u017e mnohem vyrovnan\u011bj\u0161\u00ed a \u010dasov\u00fd rozd\u00edl mezi v\u00edt\u011bznou Hlad\u00edkovou a druhou Han\u00e1kovou \u010d\u00edtal pouh\u00e9 t\u0159i\u00a0 vte\u0159inky&#8230; V\u0161e nasv\u011bd\u010dujue tomu, \u017ee je jen ot\u00e1zkou \u010dasu, kdy si Eli\u0161ka Han\u00e1kov\u00e1 do sb\u00edrky v\u00edt\u011bzn\u00fdch z\u00e1vod\u016f p\u0159ip\u00ed\u0161e i ten cyklokrosov\u00fd&#8230; Budeme dr\u017eet palce a v\u016fbec n\u00e1m nebude vadit, kdy\u017e s v\u00edt\u011bzstv\u00edm po\u010dk\u00e1 a\u017e na prosincov\u00fd &#8222;mistr\u00e1k&#8220; do Uni\u010dova. R\u00e1di si po\u010dk\u00e1me&#8230; A budeme dr\u017eet palce! Jak do dal\u0161\u00edch poh\u00e1rov\u00fdch z\u00e1vod\u016f, tak i do Uni\u010dova!<\/p>\n<figure id=\"attachment_13943\" aria-describedby=\"caption-attachment-13943\" style=\"width: 4521px\" class=\"wp-caption alignnone\"><a href=\"http:\/\/www.moravecteam.cz\/?attachment_id=13943\" rel=\"attachment wp-att-13943\"><img decoding=\"async\" loading=\"lazy\" class=\" wp-image-13943\" alt=\"DSC_0024\" src=\"http:\/\/www.moravecteam.cz\/wp-content\/uploads\/2019\/10\/DSC_0024.jpg\" width=\"4521\" height=\"3600\" srcset=\"https:\/\/www.moravecteam.cz\/wp-content\/uploads\/2019\/10\/DSC_0024.jpg 4521w, https:\/\/www.moravecteam.cz\/wp-content\/uploads\/2019\/10\/DSC_0024-300x238.jpg 300w, https:\/\/www.moravecteam.cz\/wp-content\/uploads\/2019\/10\/DSC_0024-1024x815.jpg 1024w\" sizes=\"(max-width: 4521px) 100vw, 4521px\" \/><\/a><figcaption id=\"caption-attachment-13943\" class=\"wp-caption-text\">V\u00fdb\u011bh schod\u016f, kter\u00e9 jsou jednou z dominant trat\u011b na Hol\u00fdch Vr\u0161\u00edch, v pod\u00e1n\u00ed Ani\u010dky Han\u00e1kov\u00e9.<\/figcaption><\/figure>\n<p style=\"text-align: justify;\">Jak u\u017e jsem p\u0159edeslal, v\u00fdborn\u011b si zat\u00edm vedou na poh\u00e1rov\u00fdch cyklokorov\u00fdch trat\u00edch i dal\u0161\u00ed dv\u011b na\u0161e reprezentantky. V Hlinsku za\u017eila <strong><span style=\"color: #800000;\">Ani\u010dka Han\u00e1kov\u00e1<\/span><\/strong> smoln\u00fd z\u00e1vod, kdy\u017e se po startu zdr\u017eela v hromadn\u00e9 kolizi a do ter\u00e9nu vyj\u00ed\u017ed\u011bla mezi posledn\u00edmi&#8230; Po v\u00fdborn\u00e9 st\u00edhac\u00ed j\u00edzd\u011b to na extr\u00e9m\u011b t\u011b\u017ek\u00e9m ter\u00e9nu (zovu p\u0159ipom\u00edn\u00e1m, \u017ee z\u00e1vod prakticky propr\u0161el) &#8222;vyt\u00e1hla&#8220; do &#8222;dvac\u00edtky&#8220; (17. m\u00edsto). Na Hol\u00fdch Vr\u0161\u00edch u\u017e Ani\u010dce &#8222;padala karta&#8220; l\u00e9pe, na\u0161e star\u0161\u00ed \u017e\u00e1kyn\u011b si po v\u00fdborn\u00e9m v\u00fdkonu dojela pro 8. m\u00edsto a dos\u00e1hla tak\u00a0 na sv\u016fj doposud nejlep\u0161\u00ed cyklokrosov\u00fd v\u00fdsledek!<\/p>\n<figure id=\"attachment_13944\" aria-describedby=\"caption-attachment-13944\" style=\"width: 3359px\" class=\"wp-caption alignnone\"><a href=\"http:\/\/www.moravecteam.cz\/?attachment_id=13944\" rel=\"attachment wp-att-13944\"><img decoding=\"async\" loading=\"lazy\" class=\" wp-image-13944\" alt=\"DSC_0010\" src=\"http:\/\/www.moravecteam.cz\/wp-content\/uploads\/2019\/10\/DSC_0010.jpg\" width=\"3359\" height=\"3211\" srcset=\"https:\/\/www.moravecteam.cz\/wp-content\/uploads\/2019\/10\/DSC_0010.jpg 3359w, https:\/\/www.moravecteam.cz\/wp-content\/uploads\/2019\/10\/DSC_0010-25x25.jpg 25w, https:\/\/www.moravecteam.cz\/wp-content\/uploads\/2019\/10\/DSC_0010-300x286.jpg 300w, https:\/\/www.moravecteam.cz\/wp-content\/uploads\/2019\/10\/DSC_0010-1024x978.jpg 1024w\" sizes=\"(max-width: 3359px) 100vw, 3359px\" \/><\/a><figcaption id=\"caption-attachment-13944\" class=\"wp-caption-text\">Bar\u010da Janovsk\u00e1 na rozbahn\u011bn\u00e9 trati z\u00e1vodu v Hlinsku.<\/figcaption><\/figure>\n<p style=\"text-align: justify;\">I mlad\u0161\u00ed \u017ea\u010dka <strong><span style=\"color: #800000;\">Bar\u010da Janovsk\u00e1<\/span><\/strong>, kter\u00e1 za\u017e\u00edv\u00e1 prvn\u00ed cyklorosy a sb\u00edr\u00e1 zku\u0161enosti, si zat\u00edm vede velmi zdatn\u011b. \u017de je &#8222;holkou do nepohody&#8220;, potvrdila v Hlinsk\u00e9m bl\u00e1t\u011b, kdy\u017e se nejen dok\u00e1zala posunout ve v\u00fdsledkov\u00e9 listin\u011b oproti Mlad\u00e9 Boleslavi o 5 p\u011bt m\u00edst vp\u0159ed, ale hlavn\u011b jej\u00ed ztr\u00e1ta na v\u00edt\u011bzku byla oproti premi\u00e9\u0159e o minutu ni\u017e\u0161\u00ed! A nez\u00fastalo bez pov\u0161imnut\u00ed, \u017ee podobn\u011b zrychlovala i na Hol\u00fdch Vr\u0161\u00edch, kdy ze ztr\u00e1ty na v\u00edt\u011bznou dvojici Han\u00e1kov\u00e1 &#8211; Hlad\u00edkov\u00e1 ubrala dal\u0161\u00ed minutu! Bravo MORAVEC!<\/p>\n<figure id=\"attachment_13945\" aria-describedby=\"caption-attachment-13945\" style=\"width: 4127px\" class=\"wp-caption alignnone\"><a href=\"http:\/\/www.moravecteam.cz\/?attachment_id=13945\" rel=\"attachment wp-att-13945\"><img decoding=\"async\" loading=\"lazy\" class=\" wp-image-13945\" alt=\"DSC_0030\" src=\"http:\/\/www.moravecteam.cz\/wp-content\/uploads\/2019\/10\/DSC_0030.jpg\" width=\"4127\" height=\"3493\" srcset=\"https:\/\/www.moravecteam.cz\/wp-content\/uploads\/2019\/10\/DSC_0030.jpg 4127w, https:\/\/www.moravecteam.cz\/wp-content\/uploads\/2019\/10\/DSC_0030-300x253.jpg 300w, https:\/\/www.moravecteam.cz\/wp-content\/uploads\/2019\/10\/DSC_0030-1024x866.jpg 1024w\" sizes=\"(max-width: 4127px) 100vw, 4127px\" \/><\/a><figcaption id=\"caption-attachment-13945\" class=\"wp-caption-text\">Eli\u0161ka Han\u00e1kov\u00e1 m\u00e1 cyklokrosov\u00fd poh\u00e1r rozjet\u00fd v\u00fdborn\u011b: po t\u0159ech z\u00e1vodech j\u00ed pat\u0159\u00ed celkov\u00e1 2. p\u0159\u00ed\u010dka!<\/figcaption><\/figure>\n<p style=\"text-align: justify;\">T\u0159i na\u0161e d\u011bv\u010data rozjela cyklokrosov\u00fd poh\u00e1r tedy velmi sympaticky a budeme jim samoz\u0159ejm\u011b do dal\u0161\u00edch boj\u016f dr\u017eet palce! D\u00edky holk\u00e1m za vzorn\u00e9 repre odd\u00edu a Eli\u0161ce gratulova\u010dka ke dv\u011bma cenn\u00fdm bedn\u00e1m! Jen tak d\u00e1l, holky! Zde si m\u016f\u017eete prostudovat <strong><a href=\"http:\/\/www.cyklokros.cz\/cz\/toi-toi-cup\/toi-toi-cup-2019\">v\u00fdsledkov\u00fd servis<\/a><\/strong> a n\u00ed\u017ee mrkn\u011bte i na dv\u011b kvalitn\u00ed fotogalerie <strong><span style=\"color: #800000;\">Karla V\u0161etuly<\/span><\/strong>. D\u00edky Karle!<\/p>\n<ul>\n<li><span style=\"color: #800000;\"><span style=\"color: #800000;\"><span style=\"color: #000000;\"><strong><a href=\"https:\/\/moravecteam.rajce.idnes.cz\/2019.10.05_Cyklokros_CP_Hlinsko\/\">Fotogalerie Hlinsko<\/a><\/strong><\/span><a href=\"https:\/\/moravecteam.rajce.idnes.cz\/2019.10.05_Cyklokros_CP_Hlinsko\/\"><br \/>\n<\/a><\/span><\/span><\/li>\n<li><strong><a href=\"https:\/\/moravecteam.rajce.idnes.cz\/2019.10.12_Cyklokros_CP_Hole_Vrchy\/\">Fotogalerie Hol\u00e9 Vrchy<\/a><\/strong><\/li>\n<\/ul>\n","protected":false},"excerpt":{"rendered":"<p>Po \u010dtvrt\u00e9m m\u00edst\u011b v cyklokrosov\u00e9 poh\u00e1rov\u00e9 premi\u00e9\u0159e v Mlad\u00e9 Boleslavi se dok\u00e1zala Eli\u0161ka Han\u00e1kov\u00e1 u\u017e v n\u00e1sleduj\u00edc\u00edch dvou z\u00e1vodech v Hlinsku a na Hol\u00fdch Vr\u0161\u00edch prosadit na stupn\u011b v\u00edt\u011bz\u016f! Jej\u00ed dv\u011b druh\u00e1 m\u00edsta maj\u00ed velkou cenu a potvrzuj\u00ed univerz\u00e1lnost mlad\u00e9, talentovan\u00e9 cyklistky. Ve druh\u00e9m a t\u0159et\u00edm z\u00e1vodu (podobn\u011b jako v premi\u00e9\u0159e) nesta\u010dila na\u0161e bikerka pouze &hellip; <a href=\"https:\/\/www.moravecteam.cz\/?p=13938\" class=\"more-link\">Pokra\u010dov\u00e1n\u00ed textu <span class=\"screen-reader-text\">Dv\u011b &#8222;dvojky&#8220;..!<\/span> <span class=\"meta-nav\">&rarr;<\/span><\/a><\/p>\n","protected":false},"author":3,"featured_media":13941,"comment_status":"open","ping_status":"closed","sticky":false,"template":"","format":"standard","meta":[],"categories":[1],"tags":[],"_links":{"self":[{"href":"https:\/\/www.moravecteam.cz\/index.php?rest_route=\/wp\/v2\/posts\/13938"}],"collection":[{"href":"https:\/\/www.moravecteam.cz\/index.php?rest_route=\/wp\/v2\/posts"}],"about":[{"href":"https:\/\/www.moravecteam.cz\/index.php?rest_route=\/wp\/v2\/types\/post"}],"author":[{"embeddable":true,"href":"https:\/\/www.moravecteam.cz\/index.php?rest_route=\/wp\/v2\/users\/3"}],"replies":[{"embeddable":true,"href":"https:\/\/www.moravecteam.cz\/index.php?rest_route=%2Fwp%2Fv2%2Fcomments&post=13938"}],"version-history":[{"count":8,"href":"https:\/\/www.moravecteam.cz\/index.php?rest_route=\/wp\/v2\/posts\/13938\/revisions"}],"predecessor-version":[{"id":13955,"href":"https:\/\/www.moravecteam.cz\/index.php?rest_route=\/wp\/v2\/posts\/13938\/revisions\/13955"}],"wp:featuredmedia":[{"embeddable":true,"href":"https:\/\/www.moravecteam.cz\/index.php?rest_route=\/wp\/v2\/media\/13941"}],"wp:attachment":[{"href":"https:\/\/www.moravecteam.cz\/index.php?rest_route=%2Fwp%2Fv2%2Fmedia&parent=13938"}],"wp:term":[{"taxonomy":"category","embeddable":true,"href":"https:\/\/www.moravecteam.cz\/index.php?rest_route=%2Fwp%2Fv2%2Fcategories&post=13938"},{"taxonomy":"post_tag","embeddable":true,"href":"https:\/\/www.moravecteam.cz\/index.php?rest_route=%2Fwp%2Fv2%2Ftags&post=13938"}],"curies":[{"name":"wp","href":"https:\/\/api.w.org\/{rel}","templated":true}]}}