{"id":13958,"date":"2019-10-20T20:41:43","date_gmt":"2019-10-20T18:41:43","guid":{"rendered":"http:\/\/www.moravecteam.cz\/?p=13958"},"modified":"2019-10-25T10:30:18","modified_gmt":"2019-10-25T08:30:18","slug":"co-se-bude-dit-st43-5","status":"publish","type":"post","link":"https:\/\/www.moravecteam.cz\/?p=13958","title":{"rendered":"Co se bude d\u00edt? (ST43)-2"},"content":{"rendered":"<h5><span style=\"color: #800000;\"><strong>Term\u00ednov\u00fd kalend\u00e1\u0159 MORAVEC Team 2019:<\/strong><\/span><\/h5>\n<p><a href=\"http:\/\/www.moravecteam.cz\/?attachment_id=13036\" rel=\"attachment wp-att-13036\">\u00a0<\/a><strong><a href=\"http:\/\/www.moravecteam.cz\/?attachment_id=13784\" rel=\"attachment wp-att-13784\">MORAVEC Team &#8211; term\u00ednov\u00fd kalend\u00e1\u0159 2019 &#8211; 2<\/a><\/strong><\/p>\n<h5><span style=\"color: #800000;\">Pond\u011bl\u00ed 21.10. 2019<\/span><\/h5>\n<p style=\"text-align: justify;\">Od 17.00 hodin MTB technick\u00e1 pr\u016fprava v chodb\u011b ZS Blansko pod veden\u00edm\u00a0<strong><span style=\"color: #800000;\">Libora Barto\u0161e<\/span><\/strong>\u00a0a\u00a0<strong><span style=\"color: #800000;\">Jirky \u017dern\u00ed\u010dka<\/span><\/strong>. Dovezte si svoje z\u00e1vodn\u00ed kola!<\/p>\n<h5 style=\"text-align: justify;\"><span style=\"color: #800000;\">St\u0159eda 23.10. 2019<\/span><\/h5>\n<p style=\"text-align: justify;\">Cvi\u010den\u00ed v t\u011blocvi\u010dn\u011b Z\u0160 Bene\u0161ov od 16.30 do 18.00 pod veden\u00edm\u00a0\u00a0<strong><span style=\"color: #800000;\">Petra Koudelky<\/span><\/strong>.<\/p>\n<h5><span style=\"color: #800000;\">\u010ctvrtek 24.10. 2019<\/span><\/h5>\n<p style=\"text-align: justify;\">Plaveck\u00e1 p\u0159\u00edprava v l\u00e1zn\u00edch Boskovice od 18.00 do 19.00 hodin pod vedn\u00edm\u00a0<strong><span style=\"color: #800000;\">Martina Posp\u00ed\u0161ila<\/span><\/strong>\u00a0a\u00a0<strong><span style=\"color: #800000;\">Ad\u00e9ly \u0160af\u00e1\u0159ov\u00e9<\/span><\/strong>.<\/p>\n<h5><span style=\"color: #800000;\">P\u00e1tek 25.10. 2019<\/span><\/h5>\n<p style=\"text-align: justify;\">Druh\u00e9 p\u00e1te\u010dn\u00ed cvi\u010den\u00ed ne s\u00a0<span style=\"color: #800000;\"><span style=\"color: #000000;\">Vojtou Gr\u00fcnem<\/span><\/span><strong><span style=\"color: #800000;\">\u00a0<\/span><\/strong><span style=\"color: #800000;\"><span style=\"color: #000000;\">(omluvil se), zasko\u010d\u00ed <strong><span style=\"color: #800000;\">Petr Koudelka<\/span><\/strong><\/span>.<\/span> Od 18.00 do 20.00 v t\u011blocvi\u010dn\u011b p\u0159i Z\u0160 Bene\u0161ov.<\/p>\n<h5><span style=\"color: #800000;\">Ned\u011ble 27.10. 2019<\/span><\/h5>\n<p style=\"text-align: justify;\">Zakon\u010den\u00ed cyklistick\u00e9 sez\u00f3ny &#8211; hv\u011bzdicov\u00e1 j\u00edzda na kopec u Bo\u0159itova &#8211; Mal\u00fd Chlum. Sraz u paty rozhledny ve 13.00 &#8222;plus-m\u00ednus&#8220;&#8230;<\/p>\n<h5><span style=\"color: #800000;\">Pond\u011bl\u00ed 28.10. 2019<\/span><\/h5>\n<p style=\"text-align: justify;\">\u010ctvrt\u00fd\u00a0z\u00e1vod \u010cP v cyklokrosu ve Slan\u00e9m. T\u00fdk\u00e1 se na\u0161\u00ed DCR (Do\u010dasn\u00e9 Cyklokrosov\u00e9 Roty). Zde studujte<a href=\"http:\/\/www.cyklokros.cz\/data\/web\/toitoicup\/2019\/slany_propozice_2019.pdf\">\u00a0<strong>propozice<\/strong>.<\/a><\/p>\n<h5><span style=\"color: #800000;\">AKCE T\u011aSN\u011a ZA HORIZONTEM<\/span><\/h5>\n<ul>\n<li style=\"text-align: justify;\"><strong><span style=\"color: #800000;\">2.11. 2019\u00a0&#8211; sobota<\/span> <\/strong>&#8211; p\u00e1t\u00fd z\u00e1vod \u010cP v cyklokrosu v Ostrav\u011b. T\u00fdk\u00e1 se na\u0161\u00ed DCR (Do\u010dasn\u00e9 Cyklokrosov\u00e9 Roty). Zde studujte\u00a0<a href=\"http:\/\/www.cyklokros.cz\/data\/web\/toitoicup\/2019\/ostrava_propozice_2019.pdf\">propozice.<\/a><\/li>\n<li style=\"text-align: justify;\"><strong><span style=\"color: #800000;\">3.11. 2019\u00a0&#8211; ned\u011ble<\/span><\/strong> &#8211; Draki\u00e1da &#8222;Drkec&#8220; MORAVEC. Od 14.00 hodin na louce u Pavlovsk\u00e9 kapli\u010dky.<\/li>\n<li style=\"text-align: justify;\"><strong><span style=\"color: #800000;\">3.11. 2019\u00a0&#8211; ned\u011ble<\/span><\/strong> &#8211; \u0161est\u00fd z\u00e1vod \u010cP v cyklokrosu v R\u00fdma\u0159ov\u011b. T\u00fdk\u00e1 se na\u0161\u00ed DCR (Do\u010dasn\u00e9 Cyklokrosov\u00e9 Roty). Zde studujte\u00a0<strong><a href=\"http:\/\/www.cyklokros.cz\/data\/web\/toitoicup\/2019\/rymarov_propozice_2019.pdf\">propozice.<\/a><\/strong><\/li>\n<li style=\"text-align: justify;\"><strong><span style=\"color: #800000;\">8.11. 2019\u00a0&#8211; p\u00e1tek od 17.00 hodin<\/span><\/strong> &#8211; slavnostn\u00ed Ve\u010der v\u00edt\u011bz\u016f 18. ro\u010dn\u00edku MTB Superior Colorprofi Poh\u00e1ru Drahansk\u00e9 vrchoviny &#8211; vyhl\u00e1\u0161en\u00ed v\u00edt\u011bz\u016f v po\u0159ad\u00ed OBCE a OPEN &#8211; pro slavnostn\u00ed setk\u00e1n\u00ed poskytne z\u00e1zem\u00ed kulturn\u00ed d\u016fm obce Such\u00fd. Podrobnosti k akci budou postupn\u011b up\u0159es\u0148ov\u00e1ny..<\/li>\n<li style=\"text-align: justify;\"><strong><span style=\"color: #800000;\">17.11. 2019 &#8211; ned\u011ble<\/span><\/strong> &#8211; sedm\u00fd\u00a0z\u00e1vod \u010cP v cyklokrosu v Lounech. T\u00fdk\u00e1 se na\u0161\u00ed DCR (Do\u010dasn\u00e9 Cyklokrosov\u00e9 Roty). Zde studujte\u00a0<a href=\"http:\/\/www.cyklokros.cz\/data\/web\/toitoicup\/2019\/louny_propozice_2019.pdf\"><strong>propozice<\/strong>.<\/a><\/li>\n<li style=\"text-align: justify;\">30.11. 2019 &#8211; sobota &#8211; osm\u00fd\u00a0z\u00e1vod \u010cP v cyklokrosu v Kol\u00edn\u011b. T\u00fdk\u00e1 se na\u0161\u00ed DCR (Do\u010dasn\u00e9 Cyklokrosov\u00e9 Roty). Zde studujte\u00a0<a href=\"http:\/\/www.cyklokros.cz\/data\/web\/toitoicup\/2019\/kolin_propozice_2019.pdf\"><strong>propozice<\/strong>.<\/a><\/li>\n<\/ul>\n<h5><span style=\"color: #800000;\">AKCE\u00a0 ZA DV\u011aMA HORIZONTY<\/span><\/h5>\n<ul>\n<li style=\"text-align: justify;\"><strong><span style=\"color: #800000;\">1.12. 2019 &#8211; ned\u011ble<\/span><\/strong> &#8211; dev\u00e1t\u00fd\u00a0\u00a0z\u00e1vod \u010cP v cyklokrosu v \u010c\u00e1slavi. T\u00fdk\u00e1 se na\u0161\u00ed DCR (Do\u010dasn\u00e9 Cyklokrosov\u00e9 Roty).<\/li>\n<li style=\"text-align: justify;\"><strong><span style=\"color: #800000;\">7.12. 2019 &#8211; sobota<\/span> <\/strong>&#8211; des\u00e1t\u00fd\u00a0\u00a0z\u00e1vod \u010cP v cyklokrosu v Jabkenic\u00edch. T\u00fdk\u00e1 se na\u0161\u00ed DCR (Do\u010dasn\u00e9 Cyklokrosov\u00e9 Roty).<\/li>\n<li style=\"text-align: justify;\"><strong><span style=\"color: #800000;\">14.12. 2019 &#8211; sobota<\/span><\/strong> &#8211; M\u010cR v cyklokrosu v Uni\u010dov\u011b.\u00a0T\u00fdk\u00e1 se na\u0161\u00ed DCR (Do\u010dasn\u00e9 Cyklokrosov\u00e9 Roty).<\/li>\n<li style=\"text-align: justify;\"><strong><span style=\"color: #800000;\">15.12. 2019\u00a0&#8211; ned\u011ble<\/span><\/strong> &#8211; n\u00e1v\u0161t\u011bva pietn\u00edch m\u00edst Vlastimil MORAVCE v Brn\u011b. Pr\u016fb\u011bh v\u00fdletu bude v\u010das up\u0159esn\u011bn.<\/li>\n<li style=\"text-align: justify;\"><strong><span style=\"color: #800000;\">28.12. 2019\u00a0&#8211; sobota<\/span><\/strong> &#8211; tradi\u010dn\u00ed v\u00fdro\u010dn\u00ed odd\u00edlov\u00e9 ro(c)kov\u00e1n\u00ed, vyhl\u00e1\u0161en\u00ed v\u00fdro\u010dn\u00edch cen. Od 15.00 hodin v restauraci Morava Bene\u0161ov.<\/li>\n<li style=\"text-align: justify;\"><strong><span style=\"color: #800000;\">1.1. 2020\u00a0&#8211; Silvestrovsk\u00e1 v\u00fdji\u017e\u010fka<\/span><\/strong> &#8211; pravd\u011bpodobn\u011b op\u011bt sm\u011br penzion Lada, Repechy. Pr\u016fb\u011bh cyklov\u00fdletu bude v\u010das up\u0159esn\u011bn.<\/li>\n<li style=\"text-align: justify;\"><strong><span style=\"color: #800000;\">9.- 16.2. 2020<\/span><\/strong>\u00a0&#8211; zimn\u00ed soust\u0159ed\u011bn\u00ed v Jesen\u00edk\u00e1ch &#8211; na tradi\u010dn\u00edm m\u00edst\u011b &#8211; chata N\u00e1vr\u0161\u00ed<\/li>\n<\/ul>\n","protected":false},"excerpt":{"rendered":"<p>Term\u00ednov\u00fd kalend\u00e1\u0159 MORAVEC Team 2019: \u00a0MORAVEC Team &#8211; term\u00ednov\u00fd kalend\u00e1\u0159 2019 &#8211; 2 Pond\u011bl\u00ed 21.10. 2019 Od 17.00 hodin MTB technick\u00e1 pr\u016fprava v chodb\u011b ZS Blansko pod veden\u00edm\u00a0Libora Barto\u0161e\u00a0a\u00a0Jirky \u017dern\u00ed\u010dka. Dovezte si svoje z\u00e1vodn\u00ed kola! St\u0159eda 23.10. 2019 Cvi\u010den\u00ed v t\u011blocvi\u010dn\u011b Z\u0160 Bene\u0161ov od 16.30 do 18.00 pod veden\u00edm\u00a0\u00a0Petra Koudelky. \u010ctvrtek 24.10. 2019 Plaveck\u00e1 p\u0159\u00edprava &hellip; <a href=\"https:\/\/www.moravecteam.cz\/?p=13958\" class=\"more-link\">Pokra\u010dov\u00e1n\u00ed textu <span class=\"screen-reader-text\">Co se bude d\u00edt? (ST43)-2<\/span> <span class=\"meta-nav\">&rarr;<\/span><\/a><\/p>\n","protected":false},"author":3,"featured_media":13962,"comment_status":"open","ping_status":"closed","sticky":false,"template":"","format":"standard","meta":[],"categories":[11],"tags":[],"_links":{"self":[{"href":"https:\/\/www.moravecteam.cz\/index.php?rest_route=\/wp\/v2\/posts\/13958"}],"collection":[{"href":"https:\/\/www.moravecteam.cz\/index.php?rest_route=\/wp\/v2\/posts"}],"about":[{"href":"https:\/\/www.moravecteam.cz\/index.php?rest_route=\/wp\/v2\/types\/post"}],"author":[{"embeddable":true,"href":"https:\/\/www.moravecteam.cz\/index.php?rest_route=\/wp\/v2\/users\/3"}],"replies":[{"embeddable":true,"href":"https:\/\/www.moravecteam.cz\/index.php?rest_route=%2Fwp%2Fv2%2Fcomments&post=13958"}],"version-history":[{"count":5,"href":"https:\/\/www.moravecteam.cz\/index.php?rest_route=\/wp\/v2\/posts\/13958\/revisions"}],"predecessor-version":[{"id":14029,"href":"https:\/\/www.moravecteam.cz\/index.php?rest_route=\/wp\/v2\/posts\/13958\/revisions\/14029"}],"wp:featuredmedia":[{"embeddable":true,"href":"https:\/\/www.moravecteam.cz\/index.php?rest_route=\/wp\/v2\/media\/13962"}],"wp:attachment":[{"href":"https:\/\/www.moravecteam.cz\/index.php?rest_route=%2Fwp%2Fv2%2Fmedia&parent=13958"}],"wp:term":[{"taxonomy":"category","embeddable":true,"href":"https:\/\/www.moravecteam.cz\/index.php?rest_route=%2Fwp%2Fv2%2Fcategories&post=13958"},{"taxonomy":"post_tag","embeddable":true,"href":"https:\/\/www.moravecteam.cz\/index.php?rest_route=%2Fwp%2Fv2%2Ftags&post=13958"}],"curies":[{"name":"wp","href":"https:\/\/api.w.org\/{rel}","templated":true}]}}