{"id":14056,"date":"2019-10-29T23:17:17","date_gmt":"2019-10-29T22:17:17","guid":{"rendered":"http:\/\/www.moravecteam.cz\/?p=14056"},"modified":"2019-10-30T22:53:37","modified_gmt":"2019-10-30T21:53:37","slug":"zlata-i-derniera","status":"publish","type":"post","link":"https:\/\/www.moravecteam.cz\/?p=14056","title":{"rendered":"Zlat\u00e1 i derni\u00e9ra!"},"content":{"rendered":"<p style=\"text-align: justify;\"><strong><span style=\"color: #800000;\">Tak, jako byla pro MORAVEC Team ve zlat\u00e9m lesku ofici\u00e1ln\u00ed premi\u00e9ra leto\u0161n\u00ed sez\u00f3ny o posledn\u00edm b\u0159eznov\u00e9m v\u00edkendu v rakousk\u00e9m Langenlois ( v na\u0161ich barv\u00e1ch zde medailov\u011b zaz\u00e1\u0159ili Eli\u0161ka Han\u00e1kov\u00e1, V\u00ed\u0165a Such\u00e1nek, Zita \u017dern\u00ed\u010dkov\u00e1 a Petr \u0160ich), tak i ofici\u00e1ln\u011b posledn\u00ed leto\u0161n\u00ed bikov\u00fd z\u00e1vod, kter\u00e9ho se v Brn\u011b &#8211; Lesn\u00e9 v r\u00e1mci region\u00e1ln\u00ed bikov\u00e9 klasiky &#8211; Sob\u011b\u0161ick\u00e9 muldy &#8211; z\u00e1vodn\u00edci MORAVEC Teamu z\u00fa\u010dastnili,\u00a0 se vyzna\u010doval leskem nejcenn\u011bj\u0161\u00edho kovu&#8230;\u00a0<\/span><\/strong><\/p>\n<figure id=\"attachment_14066\" aria-describedby=\"caption-attachment-14066\" style=\"width: 715px\" class=\"wp-caption alignnone\"><a href=\"http:\/\/www.moravecteam.cz\/?attachment_id=14066\" rel=\"attachment wp-att-14066\"><img decoding=\"async\" loading=\"lazy\" class=\" wp-image-14066\" alt=\"P1430195\" src=\"http:\/\/www.moravecteam.cz\/wp-content\/uploads\/2019\/10\/P1430195.jpg\" width=\"715\" height=\"863\" srcset=\"https:\/\/www.moravecteam.cz\/wp-content\/uploads\/2019\/10\/P1430195.jpg 715w, https:\/\/www.moravecteam.cz\/wp-content\/uploads\/2019\/10\/P1430195-248x300.jpg 248w\" sizes=\"(max-width: 715px) 100vw, 715px\" \/><\/a><figcaption id=\"caption-attachment-14066\" class=\"wp-caption-text\">Nejlep\u0161\u00edch chlapec na &#8222;Muldi\u010dce&#8220; v kategorii do 5-ti let: Jon\u00e1\u0161 Janovsk\u00fd!<\/figcaption><\/figure>\n<p style=\"text-align: justify;\">V Brn\u011b &#8211; Lesn\u00e9 na z\u00e1vod\u011b, kter\u00fd\u00a0 svou tradic\u00ed pat\u0159\u00ed ke kultovn\u00edm bikov\u00fdm z\u00e1vod\u016fm v jihomoravsk\u00e9m regionu, a kde je l\u00eddrem akce n\u00e1\u0161 kamar\u00e1d, pan <strong><span style=\"color: #800000;\">Zden\u011bk Barto\u0161<\/span><\/strong>, jsme, jako t\u00fdm, prost\u011b nemohli chyb\u011bt&#8230; Znal\u00ed v\u011bci v\u00ed, \u017ee se paraleln\u011b v jednom prostoru sch\u00e1z\u00ed z\u00e1vody d\u011bt\u00ed do\u00a0 dev\u00edti let (&#8222;Muldi\u010dka&#8220;) a z\u00e1vody ostatn\u00edch star\u0161\u00edch kategori\u00ed (Sob\u011b\u0161ick\u00e1 mulda), p\u0159i\u010dem\u017e ona legend\u00e1rn\u00ed &#8222;Mulda&#8220;, rokle, kterou bych p\u0159irovnal k valchovsk\u00e9mu &#8222;P\u00edse\u010d\u00e1ku&#8220; &#8211; cca sotva polovi\u010dn\u00edmu,\u00a0 se nach\u00e1z\u00ed v les\u00edch mezi Lesnou a Sob\u011b\u0161icemi.<\/p>\n<figure id=\"attachment_14067\" aria-describedby=\"caption-attachment-14067\" style=\"width: 1361px\" class=\"wp-caption alignnone\"><a href=\"http:\/\/www.moravecteam.cz\/?attachment_id=14067\" rel=\"attachment wp-att-14067\"><img decoding=\"async\" loading=\"lazy\" class=\" wp-image-14067\" alt=\"DSC_4436\" src=\"http:\/\/www.moravecteam.cz\/wp-content\/uploads\/2019\/10\/DSC_4436.jpg\" width=\"1361\" height=\"1540\" srcset=\"https:\/\/www.moravecteam.cz\/wp-content\/uploads\/2019\/10\/DSC_4436.jpg 1361w, https:\/\/www.moravecteam.cz\/wp-content\/uploads\/2019\/10\/DSC_4436-265x300.jpg 265w, https:\/\/www.moravecteam.cz\/wp-content\/uploads\/2019\/10\/DSC_4436-904x1024.jpg 904w\" sizes=\"(max-width: 1361px) 100vw, 1361px\" \/><\/a><figcaption id=\"caption-attachment-14067\" class=\"wp-caption-text\">Barunka Janovsk\u00e1 uh\u00e1n\u00ed pro cenn\u00e9 st\u0159\u00edbro!<\/figcaption><\/figure>\n<p style=\"text-align: justify;\">Na &#8222;Muldi\u010dce&#8220; zas\u00e1hli do boj\u016f t\u0159i na\u0161i &#8222;repro\u0161i&#8220; a skute\u010dnost, \u017ee vybojovali zlato, st\u0159\u00edbro a jedno um\u00edst\u011bn\u00ed v TOP5, hovo\u0159\u00ed za v\u0161e&#8230; Fam\u00f3zn\u00ed z\u00e1vodn\u00ed z\u00e1v\u011br sez\u00f3ny za\u017e\u00edv\u00e1 <strong><span style=\"color: #800000;\">Jon\u00e1\u0161 Janovsk\u00fd<\/span><\/strong>, suver\u00e9nn\u00ed v\u00edt\u011bz chlapeck\u00e9 kategorie 0-5 let. V konkurenci 60-ti(!) soupe\u0159\u016f je tomuto v\u00fdkonu pot\u0159eba &#8211; zatleskat! \u00dasp\u011b\u0161n\u00fd vstup do MORAVEC Teamu za\u017e\u00edv\u00e1 n\u00e1\u0161 \u010derstv\u00fd nov\u00e1\u010dek, letovick\u00fd <strong><span style=\"color: #800000;\">Mat\u011bj Kalina<\/span><\/strong>. Ten, pro zm\u011bnu, vybojoval v Brn\u011b cenn\u00e9 st\u0159\u00edbro v konkurenci 40-ti soupe\u0159\u016f v r\u00e1mci kategorie chlapc\u016f 6-7 let! Proto\u017ee starty v t\u00e9hle kategorii st\u00edhal i Jon\u00e1\u0161 Janovsk\u00fd, i on zm\u011b\u0159il velmi zdatn\u011b s\u00edly se star\u0161\u00edmi soupe\u0159i, p\u0159i\u010dem\u017e 6. m\u00edsto je toho d\u016fkazem!\u00a0 Na trati &#8222;Muldi\u010dky&#8220; se neztartila po bojovn\u00e9m v\u00fdkonu\u00a0 ani v c\u00edli 5. v kategorii d\u00edvek 8-9 let, <strong><span style=\"color: #800000;\">Zita \u017dern\u00ed\u010dkov\u00e1<\/span><\/strong>, kter\u00e1 \u010delila pro zm\u011bnu konkurenci 21 z\u00e1vodnic. Bravo kluci a d\u00edvko! Bravo MORAVEC!<\/p>\n<figure id=\"attachment_14068\" aria-describedby=\"caption-attachment-14068\" style=\"width: 1439px\" class=\"wp-caption alignnone\"><a href=\"http:\/\/www.moravecteam.cz\/?attachment_id=14068\" rel=\"attachment wp-att-14068\"><img decoding=\"async\" loading=\"lazy\" class=\" wp-image-14068\" alt=\"DSC_4377\" src=\"http:\/\/www.moravecteam.cz\/wp-content\/uploads\/2019\/10\/DSC_4377.jpg\" width=\"1439\" height=\"2000\" srcset=\"https:\/\/www.moravecteam.cz\/wp-content\/uploads\/2019\/10\/DSC_4377.jpg 1439w, https:\/\/www.moravecteam.cz\/wp-content\/uploads\/2019\/10\/DSC_4377-215x300.jpg 215w, https:\/\/www.moravecteam.cz\/wp-content\/uploads\/2019\/10\/DSC_4377-736x1024.jpg 736w\" sizes=\"(max-width: 1439px) 100vw, 1439px\" \/><\/a><figcaption id=\"caption-attachment-14068\" class=\"wp-caption-text\">&#8222;Hbit\u00fd panter&#8220; &#8211; Just\u00fdna Novotn\u00e1 brala na &#8222;Muld\u011b&#8220; tak\u00e9 cenn\u00fd bronz!<\/figcaption><\/figure>\n<p style=\"text-align: justify;\">Na hlavn\u00edch trat\u00edch &#8222;Muldy&#8220; jsme v kategorii d\u00edvek 10-12 let zatleskali hned t\u0159em na\u0161im bork\u00e1m. <strong><span style=\"color: #800000;\">Barbora Janovsk\u00e1<\/span><\/strong>, by\u0165 den p\u0159ed &#8222;Muldou&#8220; startovala na t\u011b\u017ek\u00e9 cyklokrosov\u00e9 poh\u00e1rov\u00e9 trati na Hol\u00fdch Vr\u0161\u00edch, brala po v\u00fdborn\u00e9m v\u00fdkonu v Brn\u011b st\u0159\u00edbro, o moc za n\u00ed nezaostala ani v c\u00edli bronzov\u00e1 <strong><span style=\"color: #800000;\">Just\u00fdna Novotn\u00e1. <\/span><\/strong><span style=\"color: #000000;\">P<\/span>o kvalitn\u00ed j\u00edzd\u011b brala &#8222;bramboru&#8220; v c\u00edli \u010dtvrt\u00e1 dal\u0161\u00ed na\u0161e v\u00fdborn\u00e1 z\u00e1vodnice, <strong><span style=\"color: #800000;\">Barbora Tlamkov\u00e1<\/span><\/strong>! Bravo MORAVEC &#8211; podruh\u00e9!<\/p>\n<figure id=\"attachment_14069\" aria-describedby=\"caption-attachment-14069\" style=\"width: 1459px\" class=\"wp-caption alignnone\"><a href=\"http:\/\/www.moravecteam.cz\/?attachment_id=14069\" rel=\"attachment wp-att-14069\"><img decoding=\"async\" loading=\"lazy\" class=\" wp-image-14069\" alt=\"DSC_4413\" src=\"http:\/\/www.moravecteam.cz\/wp-content\/uploads\/2019\/10\/DSC_4413.jpg\" width=\"1459\" height=\"1797\" srcset=\"https:\/\/www.moravecteam.cz\/wp-content\/uploads\/2019\/10\/DSC_4413.jpg 1459w, https:\/\/www.moravecteam.cz\/wp-content\/uploads\/2019\/10\/DSC_4413-243x300.jpg 243w, https:\/\/www.moravecteam.cz\/wp-content\/uploads\/2019\/10\/DSC_4413-831x1024.jpg 831w\" sizes=\"(max-width: 1459px) 100vw, 1459px\" \/><\/a><figcaption id=\"caption-attachment-14069\" class=\"wp-caption-text\">Po v\u00edt\u011bzstv\u00ed na &#8222;Vrchovin\u011b&#8220; v NMnM si Luk\u00e1\u0161 Sedl\u00e1k p\u0159ipsal dal\u0161\u00ed cenn\u00fd v\u00fdsledek!<\/figcaption><\/figure>\n<p style=\"text-align: justify;\">Medailov\u00fdm profit\u016fm MORAVEC Teamu ale je\u0161t\u011b nebylo ten den zdakeka konce&#8230;Vv kategorii chlapc\u016f 13-14 let\u00a0 zajel v\u00fdborn\u011b v c\u00edli druh\u00fd <strong><span style=\"color: #800000;\">Luk\u00e1\u0161 Sedl\u00e1k<\/span><\/strong> a pro p\u011bkn\u00e9 6. m\u00edsto si pak dospurtoval v konkurenci 15 borc\u016f <strong><span style=\"color: #800000;\">Roman \u0160indel\u00e1\u0159<\/span><\/strong>. Ve startu chlapc\u016f 15-17 let znovu potvrdil cenn\u00fdm 5. m\u00edstem vysok\u00fd standard z\u00e1vodn\u00edk\u016f MORAVEC Teamu dal\u0161\u00ed z nov\u00e1\u010dk\u016f pro sez\u00f3nu 2020, jev\u00ed\u010dsk\u00fd\u00a0<strong><span style=\"color: #800000;\">Mat\u011bj \u0160tindl<\/span><\/strong>. Bravo MORAVEC &#8211; do t\u0159etice!<\/p>\n<figure id=\"attachment_14070\" aria-describedby=\"caption-attachment-14070\" style=\"width: 1132px\" class=\"wp-caption alignnone\"><a href=\"http:\/\/www.moravecteam.cz\/?attachment_id=14070\" rel=\"attachment wp-att-14070\"><img decoding=\"async\" loading=\"lazy\" class=\" wp-image-14070\" alt=\"P1430234\" src=\"http:\/\/www.moravecteam.cz\/wp-content\/uploads\/2019\/10\/P1430234.jpg\" width=\"1132\" height=\"1209\" srcset=\"https:\/\/www.moravecteam.cz\/wp-content\/uploads\/2019\/10\/P1430234.jpg 1132w, https:\/\/www.moravecteam.cz\/wp-content\/uploads\/2019\/10\/P1430234-280x300.jpg 280w, https:\/\/www.moravecteam.cz\/wp-content\/uploads\/2019\/10\/P1430234-958x1024.jpg 958w\" sizes=\"(max-width: 1132px) 100vw, 1132px\" \/><\/a><figcaption id=\"caption-attachment-14070\" class=\"wp-caption-text\">Nepsan\u00fd Kr\u00e1l leto\u0161n\u00ed &#8222;Muldy&#8220; &#8211; Petr \u0160ich!<\/figcaption><\/figure>\n<p style=\"text-align: justify;\">Ani po fin\u00e1le &#8222;Muldy&#8220;, kter\u00fdm jsou jednozna\u010dn\u011b starty mu\u017e\u016f ELITE na trat\u00edch 15 a 30 km jsme nez\u00fastali s pr\u00e1zdnou. <strong><span style=\"color: #800000;\">Petr \u0160ich<\/span> <\/strong>jasn\u00fdm v\u00edt\u011bzstv\u00edm na &#8222;patn\u00e1ctce&#8220; potvrdil, \u017ee m\u00e1 za sebou TOP sez\u00f3nu, kter\u00e1 si zaslou\u017eila i tuto TOP zlatou te\u010dku. A to se mu beze zbytku poda\u0159ilo! I Petr (podobn\u011b jako Jon\u00e1\u0161 Janovsk\u00fd) stihnul nav\u00edc v Brn\u011b -Lesn\u00e9 v tu proslun\u011bnou ned\u011bli 13. \u0159\u00edjna, startovat je\u0161t\u011b v hlavn\u00edm z\u00e1vod\u011b mu\u017e\u016f ELITE na 30 km&#8230; A co v\u00edc: i v tomto z\u00e1vod\u011b se dok\u00e1zal prosadit na &#8222;bednu&#8220;, kdy\u017e dojel na v\u00fdborn\u00e9m, 3. m\u00edst\u011b! Komu \u010dest, tomu \u010dest&#8230; Petra na startu &#8222;patn\u00e1ctky&#8220; velmi zdatn\u011b zdvojil i <strong><span style=\"color: #800000;\">V\u00ed\u0165a Such\u00e1nek<\/span><\/strong>, kter\u00fd si poprv\u00e9 &#8222;prubnul&#8220; to, co ho \u010dek\u00e1 p\u0159\u00ed\u0161t\u00ed rok &#8211; tj. starty s dosp\u011bl\u00fdmi borci. V\u00ed\u0165ovo 9. m\u00edsto v konkurenci 78 z\u00e1vodn\u00edk\u016f ur\u010dit\u011b svou cenu m\u00e1&#8230; Tak\u017ee znovu, u\u017e\u00a0 po \u010dtvrt\u00e9 vol\u00e1me: Bravo MORAVEC!<\/p>\n<figure id=\"attachment_14071\" aria-describedby=\"caption-attachment-14071\" style=\"width: 1137px\" class=\"wp-caption alignnone\"><a href=\"http:\/\/www.moravecteam.cz\/?attachment_id=14071\" rel=\"attachment wp-att-14071\"><img decoding=\"async\" loading=\"lazy\" class=\" wp-image-14071\" alt=\"DSC_4440 (1)\" src=\"http:\/\/www.moravecteam.cz\/wp-content\/uploads\/2019\/10\/DSC_4440-1.jpg\" width=\"1137\" height=\"1299\" srcset=\"https:\/\/www.moravecteam.cz\/wp-content\/uploads\/2019\/10\/DSC_4440-1.jpg 1137w, https:\/\/www.moravecteam.cz\/wp-content\/uploads\/2019\/10\/DSC_4440-1-262x300.jpg 262w, https:\/\/www.moravecteam.cz\/wp-content\/uploads\/2019\/10\/DSC_4440-1-896x1024.jpg 896w\" sizes=\"(max-width: 1137px) 100vw, 1137px\" \/><\/a><figcaption id=\"caption-attachment-14071\" class=\"wp-caption-text\">Bar\u010da Tlamkov\u00e1 se po zran\u011bn\u00ed dost\u00e1v\u00e1 do t\u00e9 prav\u00e9 z\u00e1vodn\u00ed faz\u00f3ny. &#8222;Brambora&#8220; z &#8222;Muldy&#8220; to potvrzuje!<\/figcaption><\/figure>\n<p style=\"text-align: justify;\">Tak, jak to supr v Langenlois zjara za\u010dalo, tak to v pr\u016fb\u011bhu sez\u00f3ny supr pokra\u010dovalo a tak to i v Brn\u011b &#8211; Lesn\u00e9 supr skon\u010dilo. Sez\u00f3na 2019 se tedy ned\u00e1 ozna\u010dit jinak ne\u017e? <strong><span style=\"color: #800000;\">SUPR..!<\/span>\u00a0<\/strong>A d\u00edky v\u0161em, kdo se o tyto v\u00fdjime\u010dn\u00e9 v\u00fdsledky zaslou\u017eili..! Zde studute <strong><a href=\"http:\/\/www.czex.cz\/mulda\/vysledky\">kompletn\u00ed v\u00fdsledky<\/a><\/strong> a zde je ze z\u00e1v\u011bre\u010dn\u00e9ho\u00a0 brn\u011bnsk\u00e9ho bikov\u00e9ho\u00a0 ta\u017een\u00ed pr\u016fkazn\u00e1 <strong><a href=\"https:\/\/moravecteam.rajce.idnes.cz\/2019.10.13_MTB_Sobesicka_mulda\/\">fotogalerie<\/a><\/strong>&#8230;<\/p>\n<figure id=\"attachment_14072\" aria-describedby=\"caption-attachment-14072\" style=\"width: 1796px\" class=\"wp-caption alignnone\"><a href=\"http:\/\/www.moravecteam.cz\/?attachment_id=14072\" rel=\"attachment wp-att-14072\"><img decoding=\"async\" loading=\"lazy\" class=\" wp-image-14072\" alt=\"P1430433\" src=\"http:\/\/www.moravecteam.cz\/wp-content\/uploads\/2019\/10\/P1430433.jpg\" width=\"1796\" height=\"1275\" srcset=\"https:\/\/www.moravecteam.cz\/wp-content\/uploads\/2019\/10\/P1430433.jpg 1796w, https:\/\/www.moravecteam.cz\/wp-content\/uploads\/2019\/10\/P1430433-300x212.jpg 300w, https:\/\/www.moravecteam.cz\/wp-content\/uploads\/2019\/10\/P1430433-1024x726.jpg 1024w\" sizes=\"(max-width: 1796px) 100vw, 1796px\" \/><\/a><figcaption id=\"caption-attachment-14072\" class=\"wp-caption-text\">V\u00edt\u011bzn\u00fd Pavel \u017d\u00e1k oplatil v Brn\u011b Petrovi \u0160ichovi por\u00e1\u017eku z NMnM. Petra to ale asi moc nemrrzelo, bronzov\u00e1 placka je &#8211; za dan\u00e9 situace &#8211; taky super! Zcela vlevo \u0161\u00e9f Sob\u011b\u0161ick\u00e9 muldy\u00a0 p. Zden\u011bk Barto\u0161.<\/figcaption><\/figure>\n<p style=\"text-align: justify;\">\n","protected":false},"excerpt":{"rendered":"<p>Tak, jako byla pro MORAVEC Team ve zlat\u00e9m lesku ofici\u00e1ln\u00ed premi\u00e9ra leto\u0161n\u00ed sez\u00f3ny o posledn\u00edm b\u0159eznov\u00e9m v\u00edkendu v rakousk\u00e9m Langenlois ( v na\u0161ich barv\u00e1ch zde medailov\u011b zaz\u00e1\u0159ili Eli\u0161ka Han\u00e1kov\u00e1, V\u00ed\u0165a Such\u00e1nek, Zita \u017dern\u00ed\u010dkov\u00e1 a Petr \u0160ich), tak i ofici\u00e1ln\u011b posledn\u00ed leto\u0161n\u00ed bikov\u00fd z\u00e1vod, kter\u00e9ho se v Brn\u011b &#8211; Lesn\u00e9 v r\u00e1mci region\u00e1ln\u00ed bikov\u00e9 klasiky &#8211; &hellip; <a href=\"https:\/\/www.moravecteam.cz\/?p=14056\" class=\"more-link\">Pokra\u010dov\u00e1n\u00ed textu <span class=\"screen-reader-text\">Zlat\u00e1 i derni\u00e9ra!<\/span> <span class=\"meta-nav\">&rarr;<\/span><\/a><\/p>\n","protected":false},"author":3,"featured_media":14060,"comment_status":"open","ping_status":"closed","sticky":false,"template":"","format":"standard","meta":[],"categories":[1],"tags":[],"_links":{"self":[{"href":"https:\/\/www.moravecteam.cz\/index.php?rest_route=\/wp\/v2\/posts\/14056"}],"collection":[{"href":"https:\/\/www.moravecteam.cz\/index.php?rest_route=\/wp\/v2\/posts"}],"about":[{"href":"https:\/\/www.moravecteam.cz\/index.php?rest_route=\/wp\/v2\/types\/post"}],"author":[{"embeddable":true,"href":"https:\/\/www.moravecteam.cz\/index.php?rest_route=\/wp\/v2\/users\/3"}],"replies":[{"embeddable":true,"href":"https:\/\/www.moravecteam.cz\/index.php?rest_route=%2Fwp%2Fv2%2Fcomments&post=14056"}],"version-history":[{"count":11,"href":"https:\/\/www.moravecteam.cz\/index.php?rest_route=\/wp\/v2\/posts\/14056\/revisions"}],"predecessor-version":[{"id":14079,"href":"https:\/\/www.moravecteam.cz\/index.php?rest_route=\/wp\/v2\/posts\/14056\/revisions\/14079"}],"wp:featuredmedia":[{"embeddable":true,"href":"https:\/\/www.moravecteam.cz\/index.php?rest_route=\/wp\/v2\/media\/14060"}],"wp:attachment":[{"href":"https:\/\/www.moravecteam.cz\/index.php?rest_route=%2Fwp%2Fv2%2Fmedia&parent=14056"}],"wp:term":[{"taxonomy":"category","embeddable":true,"href":"https:\/\/www.moravecteam.cz\/index.php?rest_route=%2Fwp%2Fv2%2Fcategories&post=14056"},{"taxonomy":"post_tag","embeddable":true,"href":"https:\/\/www.moravecteam.cz\/index.php?rest_route=%2Fwp%2Fv2%2Ftags&post=14056"}],"curies":[{"name":"wp","href":"https:\/\/api.w.org\/{rel}","templated":true}]}}