{"id":1406,"date":"2015-08-21T08:14:33","date_gmt":"2015-08-21T06:14:33","guid":{"rendered":"http:\/\/www.moravecteam.cz\/?p=1406"},"modified":"2015-08-21T08:29:14","modified_gmt":"2015-08-21T06:29:14","slug":"cenny-bronz-z-drahy","status":"publish","type":"post","link":"https:\/\/www.moravecteam.cz\/?p=1406","title":{"rendered":"Cenn\u00fd bronz z dr\u00e1hy!"},"content":{"rendered":"<p style=\"text-align: justify;\"><strong><span style=\"color: #800000;\">Turn\u00e9 \u010dty\u0159 drah je seri\u00e1lem v dr\u00e1hov\u00e9 cyklistice ml\u00e1de\u017ee a ve st\u0159edu 19. srpna se jel jeden ze z\u00e1vod\u016f t\u00e9to tour na legend\u00e1rn\u00edm brn\u011bnsk\u00e9m velodromu (byl sou\u010d\u00e1st\u00ed i n\u00e1rodn\u00edho dr\u00e1hov\u00e9ho poh\u00e1ru ml\u00e1de\u017ee). Barvy MORAVCE zde\u00a0 nechyb\u011bly a dokonce se n\u00e1m po l\u00e9tech op\u011bt poda\u0159ilo vyjet na dr\u00e1ze &#8222;bednu&#8220;!<\/span><\/strong><\/p>\n<p style=\"text-align: justify;\"><a href=\"http:\/\/www.moravecteam.cz\/?attachment_id=1410\" rel=\"attachment wp-att-1410\"><img decoding=\"async\" loading=\"lazy\" class=\"size-full wp-image-1410 alignleft\" alt=\"KONICA MINOLTA DIGITAL CAMERA\" src=\"http:\/\/www.moravecteam.cz\/wp-content\/uploads\/2015\/08\/PICT0600.jpg\" width=\"155\" height=\"300\" \/><\/a>Zaslou\u017eil se o to <span style=\"color: #800000;\"><strong>Michal \u0160m\u00edda<\/strong><\/span>, kter\u00fd se ve sv\u00e9 kategorii dok\u00e1zal prosadit na t\u0159et\u00ed m\u00edsto. Potvrdil tak svoji cyklistickou univerz\u00e1lnost a nav\u00e1zal na dr\u00e1hov\u00e9 \u00fasp\u011bchy MORAVCE z minulosti, o kter\u00e9 se hlavn\u011b starala tehdy nejen na dr\u00e1ze velice rychl\u00e1 na\u0161e d\u011bv\u010data &#8211; Mark\u00e9ta Parolkov\u00e1 a Nikola Hlubinkov\u00e1. Dr\u00e1hu dob\u0159e jezdil v minulosti i Adam Sekanina, kter\u00fd se dnes za\u010d\u00edn\u00e1 prosazovat jako specialista &#8211; silni\u010d\u00e1\u0159. Michalovi k \u00fasp\u011bchu blahop\u0159ejeme a d\u00edky za vzorn\u00e9 repre MORAVCE. Ve sv\u00e9 kategorii bojoval na brn\u011bnsk\u00e9m velodromu i jeho star\u0161\u00ed br\u00e1cha, <strong><span style=\"color: #800000;\">Honza \u0160m\u00edda<\/span><\/strong>, ten se ale po state\u010dn\u00e9m v\u00fdkonu na stupn\u011b v\u00edt\u011bz\u016f nakonec &#8222;neprost\u0159\u00edlel&#8220;. <a href=\"http:\/\/new.cyklovysledky.cz\/\"><strong>V\u00fdsledkov\u00fd servis<\/strong><\/a> je zde, bohat\u00e1 <a href=\"http:\/\/moravecteam.rajce.idnes.cz\/2015.08.19._Turne_ctyr_drah_Brno\/\"><strong>fotogalerie zase tu\u0165<\/strong><\/a>.<\/p>\n<p style=\"text-align: justify;\">\n","protected":false},"excerpt":{"rendered":"<p>Turn\u00e9 \u010dty\u0159 drah je seri\u00e1lem v dr\u00e1hov\u00e9 cyklistice ml\u00e1de\u017ee a ve st\u0159edu 19. srpna se jel jeden ze z\u00e1vod\u016f t\u00e9to tour na legend\u00e1rn\u00edm brn\u011bnsk\u00e9m velodromu (byl sou\u010d\u00e1st\u00ed i n\u00e1rodn\u00edho dr\u00e1hov\u00e9ho poh\u00e1ru ml\u00e1de\u017ee). Barvy MORAVCE zde\u00a0 nechyb\u011bly a dokonce se n\u00e1m po l\u00e9tech op\u011bt poda\u0159ilo vyjet na dr\u00e1ze &#8222;bednu&#8220;! Zaslou\u017eil se o to Michal \u0160m\u00edda, kter\u00fd &hellip; <a href=\"https:\/\/www.moravecteam.cz\/?p=1406\" class=\"more-link\">Pokra\u010dov\u00e1n\u00ed textu <span class=\"screen-reader-text\">Cenn\u00fd bronz z dr\u00e1hy!<\/span> <span class=\"meta-nav\">&rarr;<\/span><\/a><\/p>\n","protected":false},"author":3,"featured_media":0,"comment_status":"closed","ping_status":"closed","sticky":false,"template":"","format":"standard","meta":[],"categories":[1],"tags":[],"_links":{"self":[{"href":"https:\/\/www.moravecteam.cz\/index.php?rest_route=\/wp\/v2\/posts\/1406"}],"collection":[{"href":"https:\/\/www.moravecteam.cz\/index.php?rest_route=\/wp\/v2\/posts"}],"about":[{"href":"https:\/\/www.moravecteam.cz\/index.php?rest_route=\/wp\/v2\/types\/post"}],"author":[{"embeddable":true,"href":"https:\/\/www.moravecteam.cz\/index.php?rest_route=\/wp\/v2\/users\/3"}],"replies":[{"embeddable":true,"href":"https:\/\/www.moravecteam.cz\/index.php?rest_route=%2Fwp%2Fv2%2Fcomments&post=1406"}],"version-history":[{"count":6,"href":"https:\/\/www.moravecteam.cz\/index.php?rest_route=\/wp\/v2\/posts\/1406\/revisions"}],"predecessor-version":[{"id":1413,"href":"https:\/\/www.moravecteam.cz\/index.php?rest_route=\/wp\/v2\/posts\/1406\/revisions\/1413"}],"wp:attachment":[{"href":"https:\/\/www.moravecteam.cz\/index.php?rest_route=%2Fwp%2Fv2%2Fmedia&parent=1406"}],"wp:term":[{"taxonomy":"category","embeddable":true,"href":"https:\/\/www.moravecteam.cz\/index.php?rest_route=%2Fwp%2Fv2%2Fcategories&post=1406"},{"taxonomy":"post_tag","embeddable":true,"href":"https:\/\/www.moravecteam.cz\/index.php?rest_route=%2Fwp%2Fv2%2Ftags&post=1406"}],"curies":[{"name":"wp","href":"https:\/\/api.w.org\/{rel}","templated":true}]}}