{"id":14081,"date":"2019-11-03T12:31:06","date_gmt":"2019-11-03T11:31:06","guid":{"rendered":"http:\/\/www.moravecteam.cz\/?p=14081"},"modified":"2019-11-03T12:31:06","modified_gmt":"2019-11-03T11:31:06","slug":"zlate-i-viadukty","status":"publish","type":"post","link":"https:\/\/www.moravecteam.cz\/?p=14081","title":{"rendered":"Zlat\u00e9 i &#8222;Viadukty&#8220;..!"},"content":{"rendered":"<p style=\"text-align: justify;\"><strong><span style=\"color: #800000;\">Jezernick\u00e9 viadukty, kter\u00e9 po\u0159\u00e1d\u00e1 po\u0159adatelsk\u00e1 skupina Author \u0160ela, se staly obl\u00edbenou \u0161tac\u00ed rajdr\u016f MORAVEC Teamu a letos to byl\u00a0 &#8211; t\u00fdden po &#8222;Muld\u011b&#8220; &#8211; u\u017e fakt definitivn\u011b bikov\u00fd &#8222;zav\u00edr\u00e1k&#8220;. A stejn\u011b, jako z Brna &#8211; Lesn\u00e9 jsme se nevraceli s pr\u00e1zdnou, ani pod &#8222;Viadukty&#8220; nebyla poru\u0161ena v\u00edt\u011bzn\u00e1 tradice leto\u0161n\u00ed sez\u00f3ny, kter\u00e1 bude v kronice MORAVEC Teamu jednozna\u010dn\u011b uvedena s p\u0159\u00edvlastkem &#8211; zlat\u00e1!<\/span><\/strong><\/p>\n<figure id=\"attachment_14092\" aria-describedby=\"caption-attachment-14092\" style=\"width: 551px\" class=\"wp-caption alignnone\"><a href=\"http:\/\/www.moravecteam.cz\/?attachment_id=14092\" rel=\"attachment wp-att-14092\"><img decoding=\"async\" loading=\"lazy\" class=\" wp-image-14092\" alt=\"021\" src=\"http:\/\/www.moravecteam.cz\/wp-content\/uploads\/2019\/11\/021.jpg\" width=\"551\" height=\"388\" srcset=\"https:\/\/www.moravecteam.cz\/wp-content\/uploads\/2019\/11\/021.jpg 551w, https:\/\/www.moravecteam.cz\/wp-content\/uploads\/2019\/11\/021-300x211.jpg 300w\" sizes=\"(max-width: 551px) 100vw, 551px\" \/><\/a><figcaption id=\"caption-attachment-14092\" class=\"wp-caption-text\">Dvoj\u010data jdou na v\u011bc&#8230; Aneb na startu Jezernick\u00e9 &#8222;des\u00edtky&#8220; Marie (vlevo) a Magdal\u00e9na Barto\u0161ovic.<\/figcaption><\/figure>\n<p style=\"text-align: justify;\"><span style=\"color: #800000;\"><span style=\"color: #000000;\">Znal\u00ed v\u011bci v\u00ed, \u017ee del\u0161\u00ed z\u00e1vody maratonsk\u00e9ho typu nejsou pro \u00fatl\u00fd d\u011btsk\u00fd v\u011bk p\u0159\u00edli\u0161 vhodn\u00e9&#8230; Ale v dob\u011b, kdy z\u00e1vodn\u00ed sez\u00f3na kon\u010d\u00ed, nen\u00ed ur\u010dit\u011b kontraproduktivn\u00ed, aby si d\u011bti z\u00e1vod podobn\u00e9ho typu &#8222;st\u0159ihli&#8220;&#8230; Blanensk\u00e9mu Golemu, kter\u00fd byl v minulosti co by MTB maraton t\u00e9\u017e st\u0159edem na\u0161eho v\u00fdjime\u010dn\u00e9ho z\u00e1jmu, je asi definitivn\u011b odzvon\u011bno, a tak si p\u00e1r na\u0161ich nezlomn\u00fdch pravov\u011brn\u00fdch biker\u016f zajelo letos alespo\u0148 &#8222;Viadukty&#8220;. T\u0159i na\u0161e &#8222;Gr\u00e1cie&#8220; vyrazily na start d\u011btsk\u00e9ho maratonku na distanci 10 km a pr\u00e1v\u011b d\u00edky jedn\u00e9 z nich &#8211; <strong><span style=\"color: #800000;\">Just\u00fdn\u011b Novotn\u00e9<\/span><\/strong> &#8211; z\u00fastala neporu\u0161ena tradice &#8222;zlat\u00fdch&#8220; z\u00e1vod\u016f, kter\u00fdch si MORAVEC Team letos u\u017e\u00edval na MTB z\u00e1vodech v\u0161eho druhu ve skute\u010dn\u011b hojn\u00e9 m\u00ed\u0159e..!<\/span><br \/>\n<\/span><\/p>\n<figure id=\"attachment_14093\" aria-describedby=\"caption-attachment-14093\" style=\"width: 385px\" class=\"wp-caption aligncenter\"><a href=\"http:\/\/www.moravecteam.cz\/?attachment_id=14093\" rel=\"attachment wp-att-14093\"><img decoding=\"async\" loading=\"lazy\" class=\"size-full wp-image-14093 \" alt=\"038\" src=\"http:\/\/www.moravecteam.cz\/wp-content\/uploads\/2019\/11\/038.jpg\" width=\"385\" height=\"463\" srcset=\"https:\/\/www.moravecteam.cz\/wp-content\/uploads\/2019\/11\/038.jpg 385w, https:\/\/www.moravecteam.cz\/wp-content\/uploads\/2019\/11\/038-249x300.jpg 249w\" sizes=\"(max-width: 385px) 100vw, 385px\" \/><\/a><figcaption id=\"caption-attachment-14093\" class=\"wp-caption-text\">Just\u00fdna Novotn\u00e1 svi\u0161t\u00ed vst\u0159\u00edc v\u00edt\u011bzstv\u00ed!<\/figcaption><\/figure>\n<p style=\"text-align: justify;\">&#8222;Jus\u0165a&#8220; nebo taky &#8222;D\u017eastyn&#8220; Novotn\u00e1 prosvi\u0161t\u011bla &#8222;ds\u00edtku&#8220; za 27:34 minut, nad\u011blila druh\u00e9 v po\u0159ad\u00ed , Eli\u0161ce \u010cern\u00e9 (HBT Zl\u00edn) v c\u00edli v\u00edce jak 20 vte\u0159in a znovu potvrdila, \u017ee jej\u00ed v\u00fdborn\u00e9 leto\u0161n\u00ed v\u00fdsledky ze z\u00e1vod\u016f \u010cesk\u00e9ho poh\u00e1ru horsk\u00fdch kol a z presti\u017en\u00edho Poh\u00e1ru Drahansk\u00e9 vrchoviny nebyly n\u00e1hodn\u00e9&#8230; Bravo MORAVEC! Blahop\u0159ejeme a d\u00edky za vzorn\u00e9 repre odd\u00edlu! Just\u00fdn\u011b dob\u0159e v z\u00e1vod\u011b sekundovaly jej\u00ed o rok\u00a0 mlad\u0161\u00ed t\u00fdmov\u00e9 kolegyn\u011b, sestry-dvoj\u010data <strong><span style=\"color: #800000;\">Magdal\u00e9na Barto\u0161ov\u00e1<\/span><\/strong> (v c\u00edli 9. m\u00edsto) a <strong><span style=\"color: #800000;\">Marie Barto\u0161ov\u00e1<\/span><\/strong> (v c\u00edli 11. m\u00edsto).\u00a0 D\u00edky holky i V\u00e1m za vzorn\u00e9 repre MORAVEC Teamu!<\/p>\n<figure id=\"attachment_14094\" aria-describedby=\"caption-attachment-14094\" style=\"width: 448px\" class=\"wp-caption alignnone\"><a href=\"http:\/\/www.moravecteam.cz\/?attachment_id=14094\" rel=\"attachment wp-att-14094\"><img decoding=\"async\" loading=\"lazy\" class=\"size-full wp-image-14094\" alt=\"011\" src=\"http:\/\/www.moravecteam.cz\/wp-content\/uploads\/2019\/11\/011.jpg\" width=\"448\" height=\"515\" srcset=\"https:\/\/www.moravecteam.cz\/wp-content\/uploads\/2019\/11\/011.jpg 448w, https:\/\/www.moravecteam.cz\/wp-content\/uploads\/2019\/11\/011-260x300.jpg 260w\" sizes=\"(max-width: 448px) 100vw, 448px\" \/><\/a><figcaption id=\"caption-attachment-14094\" class=\"wp-caption-text\">Jedna z osobnost\u00ed leto\u0161n\u00ed MTB &#8222;Vrchoviny&#8220; &#8211; Luk\u00e1\u0161 Ra\u0161ka, potvrdil svoje kvality i v\u00edt\u011bzstv\u00edm na MTB maratonu v Jezernici.<\/figcaption><\/figure>\n<p style=\"text-align: justify;\">Zlatou te\u010dku za bikovou sez\u00f3nou ud\u011blali i na\u0161i kamar\u00e1di ze Short Bike Academy Opletal. Z\u00e1vod mlad\u00edch \u017e\u00e1k\u016f na distanci 18km opanoval Luk\u00e1\u0161 Ra\u0161ka, dob\u0159e si vedli i borci tohoto t\u00fdmu v kategorii kluk\u016f 9-10 let na &#8222;des\u00edtce&#8220;: Tom\u00e1\u0161 Ra\u0161ka 4. m\u00edsto a Ondra \u0160ir\u016f\u010dek &#8211; 11. m\u00edsto. Blahop\u0159ejeme! Zde studujte kompletn\u00ed\u00a0<strong><a href=\"https:\/\/my1.raceresult.com\/116328\/?&amp;lang=cz#4_4D2142\">v\u00fdsledkov\u00fd servis d\u011btsk\u00e9ho maratonku<\/a>,\u00a0<\/strong>a zde jsou bezva<strong> <a href=\"https:\/\/moravecteam.rajce.idnes.cz\/2019.10.19_MTB_Jezernicke_viadukty\/\">fotky Lidu\u0161ky Ad\u00e1mkov\u00e9.<\/a>&#8230;<\/strong><\/p>\n","protected":false},"excerpt":{"rendered":"<p>Jezernick\u00e9 viadukty, kter\u00e9 po\u0159\u00e1d\u00e1 po\u0159adatelsk\u00e1 skupina Author \u0160ela, se staly obl\u00edbenou \u0161tac\u00ed rajdr\u016f MORAVEC Teamu a letos to byl\u00a0 &#8211; t\u00fdden po &#8222;Muld\u011b&#8220; &#8211; u\u017e fakt definitivn\u011b bikov\u00fd &#8222;zav\u00edr\u00e1k&#8220;. A stejn\u011b, jako z Brna &#8211; Lesn\u00e9 jsme se nevraceli s pr\u00e1zdnou, ani pod &#8222;Viadukty&#8220; nebyla poru\u0161ena v\u00edt\u011bzn\u00e1 tradice leto\u0161n\u00ed sez\u00f3ny, kter\u00e1 bude v kronice MORAVEC &hellip; <a href=\"https:\/\/www.moravecteam.cz\/?p=14081\" class=\"more-link\">Pokra\u010dov\u00e1n\u00ed textu <span class=\"screen-reader-text\">Zlat\u00e9 i &#8222;Viadukty&#8220;..!<\/span> <span class=\"meta-nav\">&rarr;<\/span><\/a><\/p>\n","protected":false},"author":3,"featured_media":14091,"comment_status":"open","ping_status":"closed","sticky":false,"template":"","format":"standard","meta":[],"categories":[1],"tags":[],"_links":{"self":[{"href":"https:\/\/www.moravecteam.cz\/index.php?rest_route=\/wp\/v2\/posts\/14081"}],"collection":[{"href":"https:\/\/www.moravecteam.cz\/index.php?rest_route=\/wp\/v2\/posts"}],"about":[{"href":"https:\/\/www.moravecteam.cz\/index.php?rest_route=\/wp\/v2\/types\/post"}],"author":[{"embeddable":true,"href":"https:\/\/www.moravecteam.cz\/index.php?rest_route=\/wp\/v2\/users\/3"}],"replies":[{"embeddable":true,"href":"https:\/\/www.moravecteam.cz\/index.php?rest_route=%2Fwp%2Fv2%2Fcomments&post=14081"}],"version-history":[{"count":11,"href":"https:\/\/www.moravecteam.cz\/index.php?rest_route=\/wp\/v2\/posts\/14081\/revisions"}],"predecessor-version":[{"id":14096,"href":"https:\/\/www.moravecteam.cz\/index.php?rest_route=\/wp\/v2\/posts\/14081\/revisions\/14096"}],"wp:featuredmedia":[{"embeddable":true,"href":"https:\/\/www.moravecteam.cz\/index.php?rest_route=\/wp\/v2\/media\/14091"}],"wp:attachment":[{"href":"https:\/\/www.moravecteam.cz\/index.php?rest_route=%2Fwp%2Fv2%2Fmedia&parent=14081"}],"wp:term":[{"taxonomy":"category","embeddable":true,"href":"https:\/\/www.moravecteam.cz\/index.php?rest_route=%2Fwp%2Fv2%2Fcategories&post=14081"},{"taxonomy":"post_tag","embeddable":true,"href":"https:\/\/www.moravecteam.cz\/index.php?rest_route=%2Fwp%2Fv2%2Ftags&post=14081"}],"curies":[{"name":"wp","href":"https:\/\/api.w.org\/{rel}","templated":true}]}}