{"id":14105,"date":"2019-11-05T20:17:54","date_gmt":"2019-11-05T19:17:54","guid":{"rendered":"http:\/\/www.moravecteam.cz\/?p=14105"},"modified":"2019-11-05T21:10:45","modified_gmt":"2019-11-05T20:10:45","slug":"rusno-na-chlumu","status":"publish","type":"post","link":"https:\/\/www.moravecteam.cz\/?p=14105","title":{"rendered":"Ru\u0161no na Chlumu!"},"content":{"rendered":"<p style=\"text-align: justify;\"><strong><span style=\"color: #800000;\">Jak u\u017e se stalo tradic\u00ed, o posledn\u00edm \u0159\u00edjnov\u00e9m v\u00edkendu jsme pomysln\u011b zakon\u010dili cyklistickou sez\u00f3nu setk\u00e1n\u00edm (nejen) MORAVC\u016e u paty rozhledny <a href=\"https:\/\/cs.wikipedia.org\/wiki\/Mal%C3%BD_Chlum_(rozhledna)\">Mal\u00fd Chlum<\/a> pobl\u00ed\u017e obce <a href=\"http:\/\/www.boritov.cz\/\">Bo\u0159itova.<\/a> Skute\u010dn\u011b nepamatujeme, \u017ee by n\u00e1s n\u011bkdy prov\u00e1zelo p\u0159i t\u00e9to turisticko &#8211; cyklistick\u00e9 akci tak p\u0159\u00edjemn\u011b tepl\u00e9 a slune\u010dn\u00e9 po\u010das\u00ed&#8230; A asi hlavn\u011b z tohoto d\u016fvodu bylo na dominantn\u00edm m\u00edst\u011b nad <a href=\"https:\/\/cs.wikipedia.org\/wiki\/Boskovick%C3%A1_br%C3%A1zda\">Boskovickou br\u00e1zdou<\/a> v tu posledn\u00ed \u0159\u00edjnovou ned\u011bli tak ru\u0161no&#8230;<\/span><\/strong><\/p>\n<figure id=\"attachment_14109\" aria-describedby=\"caption-attachment-14109\" style=\"width: 3864px\" class=\"wp-caption alignnone\"><a href=\"http:\/\/www.moravecteam.cz\/?attachment_id=14109\" rel=\"attachment wp-att-14109\"><img decoding=\"async\" loading=\"lazy\" class=\" wp-image-14109\" alt=\"IMG_9513\" src=\"http:\/\/www.moravecteam.cz\/wp-content\/uploads\/2019\/11\/IMG_9513.jpg\" width=\"3864\" height=\"3696\" srcset=\"https:\/\/www.moravecteam.cz\/wp-content\/uploads\/2019\/11\/IMG_9513.jpg 3864w, https:\/\/www.moravecteam.cz\/wp-content\/uploads\/2019\/11\/IMG_9513-25x25.jpg 25w, https:\/\/www.moravecteam.cz\/wp-content\/uploads\/2019\/11\/IMG_9513-300x286.jpg 300w, https:\/\/www.moravecteam.cz\/wp-content\/uploads\/2019\/11\/IMG_9513-1024x979.jpg 1024w\" sizes=\"(max-width: 3864px) 100vw, 3864px\" \/><\/a><figcaption id=\"caption-attachment-14109\" class=\"wp-caption-text\">Na konec \u0159\u00edjna nezvykle siln\u00e9 a tepl\u00e9 slun\u00ed\u010dko osl\u0148ovalo na rozhledn\u011b Patrika, \u0160imona, Mat\u011bje i Jon\u00e1\u0161e!<\/figcaption><\/figure>\n<p style=\"text-align: justify;\">Krom\u011b MORAVC\u016e, kte\u0159\u00ed sem dorazili pov\u011bt\u0161inou, samoz\u0159ejm\u011b na kolech, se u rozhledny objevovalo v pr\u016fb\u011bhu tepl\u00e9ho a slunn\u00e9ho odpoledne i hojn\u011b p\u011b\u0161\u00edch turist\u016f. V\u00fdhled z rozhledny do t\u00e1hl\u00e9ho \u00fadol\u00ed Boskovick\u00e9 br\u00e1zdy ale zas tak optim\u00e1ln\u00ed nebyl: tepl\u00fd vzduch zp\u016fsobil na vzd\u00e1len\u00e9m horizontu ji\u017e \u010d\u00e1ste\u010dn\u00fd opar. P\u0159esto pohled shora st\u00e1l za to a nikomu nic nevadil ne zrovna stabiln\u00ed \u017eeb\u0159\u00edk, vedouc\u00ed na horn\u00ed plo\u0161inu rozhledny.<\/p>\n<figure id=\"attachment_14110\" aria-describedby=\"caption-attachment-14110\" style=\"width: 4293px\" class=\"wp-caption alignnone\"><a href=\"http:\/\/www.moravecteam.cz\/?attachment_id=14110\" rel=\"attachment wp-att-14110\"><img decoding=\"async\" loading=\"lazy\" class=\" wp-image-14110\" alt=\"IMG_9516\" src=\"http:\/\/www.moravecteam.cz\/wp-content\/uploads\/2019\/11\/IMG_9516.jpg\" width=\"4293\" height=\"2938\" srcset=\"https:\/\/www.moravecteam.cz\/wp-content\/uploads\/2019\/11\/IMG_9516.jpg 4293w, https:\/\/www.moravecteam.cz\/wp-content\/uploads\/2019\/11\/IMG_9516-300x205.jpg 300w, https:\/\/www.moravecteam.cz\/wp-content\/uploads\/2019\/11\/IMG_9516-1024x700.jpg 1024w\" sizes=\"(max-width: 4293px) 100vw, 4293px\" \/><\/a><figcaption id=\"caption-attachment-14110\" class=\"wp-caption-text\">Ob\u010derstvovac\u00ed depo u ohn\u00ed\u010dku&#8230;<\/figcaption><\/figure>\n<p style=\"text-align: justify;\">Ohe\u0148, kter\u00fd jsme samoz\u0159ejm\u011b op\u011bt rozd\u011blali, a kter\u00fd m\u011bl za \u00fakol n\u00e1s v minul\u00fdch letech nez\u0159\u00eddka p\u0159i chladn\u00e9m po\u010das\u00ed zah\u0159\u00e1t, slou\u017eil tentokr\u00e1t hlavn\u011b jako zdroj tepla pro oh\u0159\u00e1t\u00ed sva\u010dinky. Nechyb\u011bly ani tradi\u010dn\u00ed dopl\u0148ky odd\u00edlov\u00e9ho &#8222;depa&#8220;: lahvov\u00e9 pivo pro dosp\u011bl\u00e9, tatranka pro d\u011bti&#8230; \u017de se to na &#8222;slun\u00ed\u010dkov\u00e9m&#8220; Chlumu letos hem\u017eilo i zv\u00ed\u0159\u00e1tky, p\u0159ev\u00e1\u017en\u011b pejsky, nemus\u00edm p\u0159ipom\u00ednat&#8230;<\/p>\n<figure id=\"attachment_14111\" aria-describedby=\"caption-attachment-14111\" style=\"width: 4728px\" class=\"wp-caption alignnone\"><a href=\"http:\/\/www.moravecteam.cz\/?attachment_id=14111\" rel=\"attachment wp-att-14111\"><img decoding=\"async\" loading=\"lazy\" class=\" wp-image-14111\" alt=\"IMG_9555\" src=\"http:\/\/www.moravecteam.cz\/wp-content\/uploads\/2019\/11\/IMG_9555.jpg\" width=\"4728\" height=\"2779\" srcset=\"https:\/\/www.moravecteam.cz\/wp-content\/uploads\/2019\/11\/IMG_9555.jpg 4728w, https:\/\/www.moravecteam.cz\/wp-content\/uploads\/2019\/11\/IMG_9555-300x176.jpg 300w, https:\/\/www.moravecteam.cz\/wp-content\/uploads\/2019\/11\/IMG_9555-1024x601.jpg 1024w\" sizes=\"(max-width: 4728px) 100vw, 4728px\" \/><\/a><figcaption id=\"caption-attachment-14111\" class=\"wp-caption-text\">MORAVEC vp\u0159ed! Sm\u011br? Sez\u00f3na 2020!<\/figcaption><\/figure>\n<p style=\"text-align: justify;\">A jako v\u017edy, moc se n\u00e1m od rozhledny a oh\u00fdnku zp\u011bt k domov\u016fm moc\u00a0 necht\u011blo&#8230; \u010c\u00e1st na\u0161\u00ed skupiny si ale pobyt v teritoriu je\u0161t\u011b prot\u00e1hla zast\u00e1vkou ve lhotorapotinsk\u00e9 restauraci &#8222;U Hlou\u0161k\u016f&#8220;, kam za n\u00e1mi p\u0159ijely i holky Zouharovic. Tro\u0161ku jsme se sice zapotili, ne\u017e jsme k ob\u010derstvovac\u00edmu stolu usadili Maru\u0161ku mlad\u0161\u00ed (sou\u010dasn\u00fd vstup do restaurace je v\u0161\u00edm, jen ne bezbari\u00e9rov\u00fdm), ale zvl\u00e1dli jsme to a u lahodn\u00fdch n\u00e1poj\u016f i jin\u00fdch pochutin jsme definitivn\u011b ud\u011blali te\u010dku za pohodov\u00fdm odpolednem&#8230; Zde mrkn\u011bte na <strong><a href=\"https:\/\/moravecteam.rajce.idnes.cz\/2019.10.27_Zakonceni_sezony_-_Maly_Chlum\/\">fotogalerii<\/a><\/strong> z odd\u00edlov\u00e9ho &#8222;zav\u00edr\u00e1ku&#8220;&#8230;<\/p>\n<figure id=\"attachment_14112\" aria-describedby=\"caption-attachment-14112\" style=\"width: 4869px\" class=\"wp-caption alignnone\"><a href=\"http:\/\/www.moravecteam.cz\/?attachment_id=14112\" rel=\"attachment wp-att-14112\"><img decoding=\"async\" loading=\"lazy\" class=\" wp-image-14112\" alt=\"IMG_9542\" src=\"http:\/\/www.moravecteam.cz\/wp-content\/uploads\/2019\/11\/IMG_9542.jpg\" width=\"4869\" height=\"2226\" srcset=\"https:\/\/www.moravecteam.cz\/wp-content\/uploads\/2019\/11\/IMG_9542.jpg 4869w, https:\/\/www.moravecteam.cz\/wp-content\/uploads\/2019\/11\/IMG_9542-300x137.jpg 300w, https:\/\/www.moravecteam.cz\/wp-content\/uploads\/2019\/11\/IMG_9542-1024x468.jpg 1024w\" sizes=\"(max-width: 4869px) 100vw, 4869px\" \/><\/a><figcaption id=\"caption-attachment-14112\" class=\"wp-caption-text\">Spole\u010dn\u00e1 fotka tentokr\u00e1t (kv\u016fli siln\u00e9mu slun\u00ed\u010dku) nezvykle na z\u00e1padn\u00ed stran\u011b rozhledny.<\/figcaption><\/figure>\n","protected":false},"excerpt":{"rendered":"<p>Jak u\u017e se stalo tradic\u00ed, o posledn\u00edm \u0159\u00edjnov\u00e9m v\u00edkendu jsme pomysln\u011b zakon\u010dili cyklistickou sez\u00f3nu setk\u00e1n\u00edm (nejen) MORAVC\u016e u paty rozhledny Mal\u00fd Chlum pobl\u00ed\u017e obce Bo\u0159itova. Skute\u010dn\u011b nepamatujeme, \u017ee by n\u00e1s n\u011bkdy prov\u00e1zelo p\u0159i t\u00e9to turisticko &#8211; cyklistick\u00e9 akci tak p\u0159\u00edjemn\u011b tepl\u00e9 a slune\u010dn\u00e9 po\u010das\u00ed&#8230; A asi hlavn\u011b z tohoto d\u016fvodu bylo na dominantn\u00edm m\u00edst\u011b nad &hellip; <a href=\"https:\/\/www.moravecteam.cz\/?p=14105\" class=\"more-link\">Pokra\u010dov\u00e1n\u00ed textu <span class=\"screen-reader-text\">Ru\u0161no na Chlumu!<\/span> <span class=\"meta-nav\">&rarr;<\/span><\/a><\/p>\n","protected":false},"author":3,"featured_media":14108,"comment_status":"open","ping_status":"closed","sticky":false,"template":"","format":"standard","meta":[],"categories":[13],"tags":[],"_links":{"self":[{"href":"https:\/\/www.moravecteam.cz\/index.php?rest_route=\/wp\/v2\/posts\/14105"}],"collection":[{"href":"https:\/\/www.moravecteam.cz\/index.php?rest_route=\/wp\/v2\/posts"}],"about":[{"href":"https:\/\/www.moravecteam.cz\/index.php?rest_route=\/wp\/v2\/types\/post"}],"author":[{"embeddable":true,"href":"https:\/\/www.moravecteam.cz\/index.php?rest_route=\/wp\/v2\/users\/3"}],"replies":[{"embeddable":true,"href":"https:\/\/www.moravecteam.cz\/index.php?rest_route=%2Fwp%2Fv2%2Fcomments&post=14105"}],"version-history":[{"count":9,"href":"https:\/\/www.moravecteam.cz\/index.php?rest_route=\/wp\/v2\/posts\/14105\/revisions"}],"predecessor-version":[{"id":14119,"href":"https:\/\/www.moravecteam.cz\/index.php?rest_route=\/wp\/v2\/posts\/14105\/revisions\/14119"}],"wp:featuredmedia":[{"embeddable":true,"href":"https:\/\/www.moravecteam.cz\/index.php?rest_route=\/wp\/v2\/media\/14108"}],"wp:attachment":[{"href":"https:\/\/www.moravecteam.cz\/index.php?rest_route=%2Fwp%2Fv2%2Fmedia&parent=14105"}],"wp:term":[{"taxonomy":"category","embeddable":true,"href":"https:\/\/www.moravecteam.cz\/index.php?rest_route=%2Fwp%2Fv2%2Fcategories&post=14105"},{"taxonomy":"post_tag","embeddable":true,"href":"https:\/\/www.moravecteam.cz\/index.php?rest_route=%2Fwp%2Fv2%2Ftags&post=14105"}],"curies":[{"name":"wp","href":"https:\/\/api.w.org\/{rel}","templated":true}]}}