{"id":14121,"date":"2019-11-10T16:46:50","date_gmt":"2019-11-10T15:46:50","guid":{"rendered":"http:\/\/www.moravecteam.cz\/?p=14121"},"modified":"2019-11-10T23:02:26","modified_gmt":"2019-11-10T22:02:26","slug":"draci-na-obloze","status":"publish","type":"post","link":"https:\/\/www.moravecteam.cz\/?p=14121","title":{"rendered":"Draci na obloze..!"},"content":{"rendered":"<p style=\"text-align: justify;\"><strong><span style=\"color: #800000;\">P<\/span><span style=\"color: #800000;\">rvn\u00ed listopadov\u00e1 &#8211; du\u0161i\u010dkov\u00e1 &#8211; ned\u011ble se z hlediska klimatick\u00fdch podm\u00ednek, kter\u00e9 jsou nutn\u00e9 pro organizaci draki\u00e1dy, nejevila zpo\u010d\u00e1tk\u016f v\u016fbec optim\u00e1ln\u011b. Po r\u00e1nu bylo na tradi\u010dn\u00edm &#8222;m\u00edst\u011b \u010dinu&#8220; &#8211; pobl\u00ed\u017e kapli\u010dky v Bene\u0161ov\u011b &#8211; Pavlov\u011b, mlhavo, chladno a p\u0159edev\u0161\u00edm &#8211; prakticky bez v\u011btru&#8230; Postupn\u011b se ov\u0161em za\u010dala meteorologick\u00e1 situace z\u00e1sadn\u011b m\u011bnit. P\u0159edev\u0161\u00edm za\u010dalo foukat! A to v s\u00edle v\u011btru, kter\u00e1 jepro draky optim\u00e1ln\u00ed! V\u00edtr rozfoukal protivn\u00e9 c\u00e1ry mlhy a po druh\u00e9 hodin\u011b odpoledn\u00ed za\u010dalo dokonce vykukovat slun\u00ed\u010dko..!<\/span><\/strong><\/p>\n<figure id=\"attachment_14126\" aria-describedby=\"caption-attachment-14126\" style=\"width: 1594px\" class=\"wp-caption alignnone\"><a href=\"http:\/\/www.moravecteam.cz\/?attachment_id=14126\" rel=\"attachment wp-att-14126\"><img decoding=\"async\" loading=\"lazy\" class=\" wp-image-14126\" alt=\"DSC_0009\" src=\"http:\/\/www.moravecteam.cz\/wp-content\/uploads\/2019\/11\/DSC_0009.jpg\" width=\"1594\" height=\"1883\" srcset=\"https:\/\/www.moravecteam.cz\/wp-content\/uploads\/2019\/11\/DSC_0009.jpg 1594w, https:\/\/www.moravecteam.cz\/wp-content\/uploads\/2019\/11\/DSC_0009-253x300.jpg 253w, https:\/\/www.moravecteam.cz\/wp-content\/uploads\/2019\/11\/DSC_0009-866x1024.jpg 866w\" sizes=\"(max-width: 1594px) 100vw, 1594px\" \/><\/a><figcaption id=\"caption-attachment-14126\" class=\"wp-caption-text\">\u0160imon se p\u0159edvedl jako zdatn\u00fd &#8222;drakovod&#8220;!<\/figcaption><\/figure>\n<p style=\"text-align: justify;\">V cyklistick\u00e9m Nebi n\u00e1m \u0161el z pohledu vytvo\u0159en\u00ed pot\u0159ebn\u00fdch podm\u00ednek pro pou\u0161t\u011bn\u00ed drak\u016f, bez pochyby &#8222;na ruku&#8220; n\u00e1\u0161 Patron, <strong><span style=\"color: #800000;\">Vlastimil MORAVEC<\/span><\/strong>, kter\u00fd v prav\u00fd \u010das, jako na objedn\u00e1vku za\u0159\u00edd\u00edl nejen optim\u00e1ln\u00ed pov\u011bt\u0159\u00ed, ale i to ji\u017e v\u00fd\u0161e zm\u00edn\u011bn\u00e9 slun\u00ed\u010dko! D\u00edky moc, Vlasto!<\/p>\n<figure id=\"attachment_14138\" aria-describedby=\"caption-attachment-14138\" style=\"width: 2739px\" class=\"wp-caption alignnone\"><a href=\"http:\/\/www.moravecteam.cz\/?attachment_id=14138\" rel=\"attachment wp-att-14138\"><img decoding=\"async\" loading=\"lazy\" class=\" wp-image-14138\" alt=\"IMG_9632\" src=\"http:\/\/www.moravecteam.cz\/wp-content\/uploads\/2019\/11\/IMG_9632.jpg\" width=\"2739\" height=\"873\" srcset=\"https:\/\/www.moravecteam.cz\/wp-content\/uploads\/2019\/11\/IMG_9632.jpg 2739w, https:\/\/www.moravecteam.cz\/wp-content\/uploads\/2019\/11\/IMG_9632-300x95.jpg 300w, https:\/\/www.moravecteam.cz\/wp-content\/uploads\/2019\/11\/IMG_9632-1024x326.jpg 1024w\" sizes=\"(max-width: 2739px) 100vw, 2739px\" \/><\/a><figcaption id=\"caption-attachment-14138\" class=\"wp-caption-text\">Draci se dok\u00e1zali &#8222;popasovat&#8220; i s Airbusem A300!<\/figcaption><\/figure>\n<p style=\"text-align: justify;\">Jako prvn\u00ed byli v akci <strong><span style=\"color: #800000;\">Tesa\u0159ovi<\/span><\/strong> z Okrouhl\u00e9, kte\u0159\u00ed se prezentovali hned dv\u011bma l\u00e9tavci, a kte\u0159\u00ed si pochvalu zaslou\u017eili za mal\u00e9ho dr\u00e1\u010dka v\u00fdjime\u010dn\u00e9ho t\u00edm, \u017ee se jednalo o v\u00fdhrad\u011b ru\u010dn\u00ed pr\u00e1ci tat\u00ednka Jirky! Chvilku po\u00a0l\u00e9tavc\u00edch z Okrouhl\u00e9\u00a0vzl\u00e9tl i dal\u0161\u00ed ru\u010dn\u011b vyroben\u00fd drak, tentokr\u00e1t z letovick\u00e9 d\u00edlny <strong><span style=\"color: #800000;\">Kalina &amp; Syn<\/span><\/strong>, kter\u00fd p\u0159\u00edtomn\u00e9 MORAVCE velmi p\u0159\u00edjemn\u011b p\u0159ekvapil t\u00edm, \u017ee byl historicky poprv\u00e9 &#8222;od\u011bn&#8220;\u00a0 v soudob\u00e9m dresu MORAVEC Teamu!<\/p>\n<figure id=\"attachment_14127\" aria-describedby=\"caption-attachment-14127\" style=\"width: 1488px\" class=\"wp-caption alignnone\"><a href=\"http:\/\/www.moravecteam.cz\/?attachment_id=14127\" rel=\"attachment wp-att-14127\"><img decoding=\"async\" loading=\"lazy\" class=\" wp-image-14127\" alt=\"IMG_9600\" src=\"http:\/\/www.moravecteam.cz\/wp-content\/uploads\/2019\/11\/IMG_9600.jpg\" width=\"1488\" height=\"2000\" srcset=\"https:\/\/www.moravecteam.cz\/wp-content\/uploads\/2019\/11\/IMG_9600.jpg 1488w, https:\/\/www.moravecteam.cz\/wp-content\/uploads\/2019\/11\/IMG_9600-223x300.jpg 223w, https:\/\/www.moravecteam.cz\/wp-content\/uploads\/2019\/11\/IMG_9600-761x1024.jpg 761w\" sizes=\"(max-width: 1488px) 100vw, 1488px\" \/><\/a><figcaption id=\"caption-attachment-14127\" class=\"wp-caption-text\">Tak to je on: historicky prvn\u00ed drak v barv\u00e1ch MORAVEC Teamu se sv\u00fdm drakovodem Mat\u011bjem.<\/figcaption><\/figure>\n<p style=\"text-align: justify;\">A jakoby tomuto drakovi tato skute\u010dnost dodala dravosti a dynamiky, kter\u00e1 je v\u0161em, kdo maj\u00ed na sob\u011b dres MORAVEC Teamu, tak vlastn\u00ed! Drak MORAVEC \u0159e\u0161il\u00a0 svoji vzdu\u0161nou &#8222;race&#8220; tak razantn\u011b, \u017ee si p\u0159i tvrd\u0161\u00edm p\u0159ist\u00e1n\u00ed zlomil &#8222;kl\u00ed\u010dn\u00ed kost&#8220; &#8211; tj. horizont\u00e1ln\u00ed d\u0159ev\u011bnou konstruk\u010dn\u00ed vzpruhu&#8230; Ale do t\u00e9to ne\u0161\u0165astn\u00e9 chv\u00edle skl\u00edzel od p\u0159\u00edtommn\u00fdch jen obdivn\u00fd potlesk a slova uzn\u00e1n\u00ed!<\/p>\n<figure id=\"attachment_14128\" aria-describedby=\"caption-attachment-14128\" style=\"width: 737px\" class=\"wp-caption alignnone\"><a href=\"http:\/\/www.moravecteam.cz\/?attachment_id=14128\" rel=\"attachment wp-att-14128\"><img decoding=\"async\" loading=\"lazy\" class=\" wp-image-14128\" alt=\"002\" src=\"http:\/\/www.moravecteam.cz\/wp-content\/uploads\/2019\/11\/002.jpg\" width=\"737\" height=\"635\" srcset=\"https:\/\/www.moravecteam.cz\/wp-content\/uploads\/2019\/11\/002.jpg 737w, https:\/\/www.moravecteam.cz\/wp-content\/uploads\/2019\/11\/002-300x258.jpg 300w\" sizes=\"(max-width: 737px) 100vw, 737px\" \/><\/a><figcaption id=\"caption-attachment-14128\" class=\"wp-caption-text\">V\u00edt\u011bzn\u00fd drak Patrika Pokorn\u00e9ho jde nezadr\u017eiteln\u011b nahoru.<\/figcaption><\/figure>\n<p style=\"text-align: justify;\">V\u00edtr by se v to ned\u011bln\u00ed odpoledne dal charakterizovat souslov\u00fdm: prom\u011bnliv\u00fd, s n\u00e1razy. A pr\u00e1v\u011b jeden z t\u011bchto siln\u00fdch n\u00e1raz\u016f, kter\u00fd mohl b\u00fdt klidn\u011b i v &#8222;levelu&#8220;\u00a0 25 m\/s a v\u00edce, zp\u016fsobil p\u0159etr\u017een\u00ed prov\u00e1zku u draka ze &#8222;z\u00e1vodn\u00ed st\u00e1je&#8220;\u00a0<strong><span style=\"color: #800000;\">Pokorn\u00fdch ze Sebranic<\/span><\/strong>, kter\u00e9ho letovodem byl star\u0161\u00ed z bratr\u016f Pokorn\u00fdch, Patrik. Na\u0161t\u011bst\u00ed drak &#8222;urvan\u00fd z \u0159et\u011bzu&#8220; stihnul doplachtit k zemi\u00a0 je\u0161t\u011b na louce p\u0159ed lesem a nedo\u0161lo tedy k jeho ztr\u00e1t\u011b&#8230; Je\u0161t\u011b p\u0159ed incidentem l\u00e9tal skute\u010dn\u011b prvot\u0159\u00eddn\u011b a pr\u00e1v\u011b jeho &#8222;\u0159idi\u010d&#8220;, <strong><span style=\"color: #800000;\">Patrik Pokorn\u00fd<\/span><\/strong>, byl vyhl\u00e1\u0161en porotou podle o\u010dek\u00e1v\u00e1n\u00ed jednohlasn\u011b &#8222;Kr\u00e1lem Drakecu&#8220;! Blahop\u0159ejeme!<\/p>\n<figure id=\"attachment_14129\" aria-describedby=\"caption-attachment-14129\" style=\"width: 1488px\" class=\"wp-caption alignnone\"><a href=\"http:\/\/www.moravecteam.cz\/?attachment_id=14129\" rel=\"attachment wp-att-14129\"><img decoding=\"async\" loading=\"lazy\" class=\" wp-image-14129\" alt=\"IMG_9594\" src=\"http:\/\/www.moravecteam.cz\/wp-content\/uploads\/2019\/11\/IMG_9594.jpg\" width=\"1488\" height=\"2000\" srcset=\"https:\/\/www.moravecteam.cz\/wp-content\/uploads\/2019\/11\/IMG_9594.jpg 1488w, https:\/\/www.moravecteam.cz\/wp-content\/uploads\/2019\/11\/IMG_9594-223x300.jpg 223w, https:\/\/www.moravecteam.cz\/wp-content\/uploads\/2019\/11\/IMG_9594-761x1024.jpg 761w\" sizes=\"(max-width: 1488px) 100vw, 1488px\" \/><\/a><figcaption id=\"caption-attachment-14129\" class=\"wp-caption-text\">Draci v akci&#8230;<\/figcaption><\/figure>\n<p style=\"text-align: justify;\">Ocen\u011bn\u00ed si ale odvezli z louky u Pavlovsk\u00e9 kaple jako v\u017edy v\u0161ichni aktivn\u00ed (i pasivn\u00ed) \u00fa\u010dastn\u00edci&#8230; &#8222;Tuplovanou&#8220; odm\u011bnou pak byli honorov\u00e1ni po z\u00e1sluze\u00a0 dr\u00e1\u010dci ru\u010dn\u011b vyroben\u00ed (z d\u00edlny Jirky Tesa\u0159e a firmy Kalina\u00a0\u00a0&amp; Syn)&#8230; Spole\u010dn\u00e1 z\u00e1v\u011bre\u010dn\u00e1 fotka ale je\u0161t\u011b ned\u011blala te\u010dku za tradi\u010dn\u00edm &#8222;Drakecem&#8220;&#8230; <strong><span style=\"color: #800000;\">Dominik Vi\u010dar<\/span><\/strong>, kter\u00fd byl na louce s n\u00e1mi, n\u00e1m otev\u0159el Pavlovskou kapli\u010dku a my v jej\u00edm p\u0159\u00edjemn\u00e9m, duchovn\u00ed energi\u00ed nabit\u00e9m interi\u00e9ru, str\u00e1vili velmi pozitivn\u00ed, p\u0159\u00edjemn\u00e9 chv\u00edle&#8230; D\u00edky Dom\u010do!<\/p>\n<figure id=\"attachment_14130\" aria-describedby=\"caption-attachment-14130\" style=\"width: 2000px\" class=\"wp-caption alignnone\"><a href=\"http:\/\/www.moravecteam.cz\/?attachment_id=14130\" rel=\"attachment wp-att-14130\"><img decoding=\"async\" loading=\"lazy\" class=\" wp-image-14130\" alt=\"IMG_9666\" src=\"http:\/\/www.moravecteam.cz\/wp-content\/uploads\/2019\/11\/IMG_9666.jpg\" width=\"2000\" height=\"1500\" srcset=\"https:\/\/www.moravecteam.cz\/wp-content\/uploads\/2019\/11\/IMG_9666.jpg 2000w, https:\/\/www.moravecteam.cz\/wp-content\/uploads\/2019\/11\/IMG_9666-300x225.jpg 300w, https:\/\/www.moravecteam.cz\/wp-content\/uploads\/2019\/11\/IMG_9666-1024x768.jpg 1024w\" sizes=\"(max-width: 2000px) 100vw, 2000px\" \/><\/a><figcaption id=\"caption-attachment-14130\" class=\"wp-caption-text\">V Pavlovsk\u00e9 kapli jsme mohli pob\u00fdt d\u00edky Dominiku Vi\u010darovi&#8230;<\/figcaption><\/figure>\n<p style=\"text-align: justify;\">\u00dapln\u00fdm fin\u00e1le Drakecu bylo tradi\u010dn\u00ed &#8222;depo&#8220; v restauraci Morava Bene\u0161ov, kdy na n\u00e1s u\u017e netrp\u011bliv\u011b \u010dekala na\u0161e <strong><span style=\"color: #800000;\">Maru\u0161ka Zouharov\u00e1<\/span><\/strong> s maminkou, kter\u00e9 zde pro n\u00e1s vytvo\u0159ily &#8222;p\u0159edmost\u00ed&#8220;&#8230; Za sam\u00e9ho soumraku se n\u00e1m p\u0159ekvapiv\u011b z &#8222;drakov\u00e9ho leti\u0161t\u011b&#8220; ozval je\u0161t\u011b\u00a0<strong><span style=\"color: #800000;\">\u0160af\u00e1\u0159ovic Drak-Team<\/span><\/strong> v sestav\u011b Milan \u0160af\u00e1\u0159\u00a0 \/ Veronika \u0160af\u00e1\u0159ov\u00e1, kter\u00fd to za n\u00e1mi d\u0159\u00edve bohu\u017eel nestihnul (p\u0159ipomm\u00edn\u00e1m, \u017ee v tu ned\u011bli vrcholily Sv\u00e1tky zesnul\u00fdch). P\u0159esto t\u00e1ta s dcerou stihnuli zvl\u00e1dnout\u00a0 p\u00e1r des\u00edtek letov\u00fdch minut s jejich tradi\u010dn\u00edm dr\u00e1\u010dkem (t\u00e9\u017e ru\u010dn\u00ed v\u00fdroba t\u00e1ty Milana) i d\u00edky tomu, \u017ee jejich dr\u00e1\u010dek by vybaven LED osv\u011btlen\u00edm v konfiguraci: d\u00e1lkov\u00e1 \/ tlumen\u00e1 \/ pozi\u010dn\u00ed sv\u011btla..! Samoz\u0159ejm\u011b, \u017ee ani fin\u00e1ln\u00ed letovodka leto\u0161n\u00edho Drakecu, <strong><span style=\"color: #800000;\">Ver\u010da \u0160af\u00e1\u0159ov\u00e1<\/span><\/strong>, nebyla o odm\u011bnu (tatranka, diplomek a lim\u010da)\u00a0 ochuzena, by\u0165 j\u00ed cena byla p\u0159ed\u00e1na a\u017e dodate\u010dn\u011b, ve st\u0159edu&#8230; Zde mrkn\u011bte na dv\u011b fotogalerie z drakov\u00e9ho letov\u00e9ho dne:<\/p>\n<ul>\n<li><strong><a href=\"https:\/\/moravecteam.rajce.idnes.cz\/2019.11.03_Drakiada_Drakec_MORAVEC\/\">Fotogalerie \u010d.1 <\/a><\/strong><\/li>\n<li><strong><a href=\"https:\/\/moravecteam.rajce.idnes.cz\/2019.11.03_Drakiada_Drakec_MORAVEC_-_2\/\">Fotogalerie \u010d.2<\/a><\/strong> (D\u00edky Karle a Lidu\u0161ko)<\/li>\n<\/ul>\n<figure id=\"attachment_14131\" aria-describedby=\"caption-attachment-14131\" style=\"width: 2000px\" class=\"wp-caption alignnone\"><a href=\"http:\/\/www.moravecteam.cz\/?attachment_id=14131\" rel=\"attachment wp-att-14131\"><img decoding=\"async\" loading=\"lazy\" class=\" wp-image-14131\" alt=\"IMG_9664\" src=\"http:\/\/www.moravecteam.cz\/wp-content\/uploads\/2019\/11\/IMG_9664.jpg\" width=\"2000\" height=\"1501\" srcset=\"https:\/\/www.moravecteam.cz\/wp-content\/uploads\/2019\/11\/IMG_9664.jpg 2000w, https:\/\/www.moravecteam.cz\/wp-content\/uploads\/2019\/11\/IMG_9664-300x225.jpg 300w, https:\/\/www.moravecteam.cz\/wp-content\/uploads\/2019\/11\/IMG_9664-1024x768.jpg 1024w\" sizes=\"(max-width: 2000px) 100vw, 2000px\" \/><\/a><figcaption id=\"caption-attachment-14131\" class=\"wp-caption-text\">\u00da\u010dastn\u00edci &#8222;Drakecu&#8220; po akci pod odd\u00edlovou bojovou z\u00e1stavou..!<\/figcaption><\/figure>\n","protected":false},"excerpt":{"rendered":"<p>Prvn\u00ed listopadov\u00e1 &#8211; du\u0161i\u010dkov\u00e1 &#8211; ned\u011ble se z hlediska klimatick\u00fdch podm\u00ednek, kter\u00e9 jsou nutn\u00e9 pro organizaci draki\u00e1dy, nejevila zpo\u010d\u00e1tk\u016f v\u016fbec optim\u00e1ln\u011b. Po r\u00e1nu bylo na tradi\u010dn\u00edm &#8222;m\u00edst\u011b \u010dinu&#8220; &#8211; pobl\u00ed\u017e kapli\u010dky v Bene\u0161ov\u011b &#8211; Pavlov\u011b, mlhavo, chladno a p\u0159edev\u0161\u00edm &#8211; prakticky bez v\u011btru&#8230; Postupn\u011b se ov\u0161em za\u010dala meteorologick\u00e1 situace z\u00e1sadn\u011b m\u011bnit. P\u0159edev\u0161\u00edm za\u010dalo foukat! A &hellip; <a href=\"https:\/\/www.moravecteam.cz\/?p=14121\" class=\"more-link\">Pokra\u010dov\u00e1n\u00ed textu <span class=\"screen-reader-text\">Draci na obloze..!<\/span> <span class=\"meta-nav\">&rarr;<\/span><\/a><\/p>\n","protected":false},"author":3,"featured_media":14136,"comment_status":"open","ping_status":"closed","sticky":false,"template":"","format":"standard","meta":[],"categories":[13],"tags":[],"_links":{"self":[{"href":"https:\/\/www.moravecteam.cz\/index.php?rest_route=\/wp\/v2\/posts\/14121"}],"collection":[{"href":"https:\/\/www.moravecteam.cz\/index.php?rest_route=\/wp\/v2\/posts"}],"about":[{"href":"https:\/\/www.moravecteam.cz\/index.php?rest_route=\/wp\/v2\/types\/post"}],"author":[{"embeddable":true,"href":"https:\/\/www.moravecteam.cz\/index.php?rest_route=\/wp\/v2\/users\/3"}],"replies":[{"embeddable":true,"href":"https:\/\/www.moravecteam.cz\/index.php?rest_route=%2Fwp%2Fv2%2Fcomments&post=14121"}],"version-history":[{"count":12,"href":"https:\/\/www.moravecteam.cz\/index.php?rest_route=\/wp\/v2\/posts\/14121\/revisions"}],"predecessor-version":[{"id":14150,"href":"https:\/\/www.moravecteam.cz\/index.php?rest_route=\/wp\/v2\/posts\/14121\/revisions\/14150"}],"wp:featuredmedia":[{"embeddable":true,"href":"https:\/\/www.moravecteam.cz\/index.php?rest_route=\/wp\/v2\/media\/14136"}],"wp:attachment":[{"href":"https:\/\/www.moravecteam.cz\/index.php?rest_route=%2Fwp%2Fv2%2Fmedia&parent=14121"}],"wp:term":[{"taxonomy":"category","embeddable":true,"href":"https:\/\/www.moravecteam.cz\/index.php?rest_route=%2Fwp%2Fv2%2Fcategories&post=14121"},{"taxonomy":"post_tag","embeddable":true,"href":"https:\/\/www.moravecteam.cz\/index.php?rest_route=%2Fwp%2Fv2%2Ftags&post=14121"}],"curies":[{"name":"wp","href":"https:\/\/api.w.org\/{rel}","templated":true}]}}