{"id":1414,"date":"2015-08-24T09:47:47","date_gmt":"2015-08-24T07:47:47","guid":{"rendered":"http:\/\/www.moravecteam.cz\/?p=1414"},"modified":"2015-08-25T13:00:36","modified_gmt":"2015-08-25T11:00:36","slug":"vydareny-bikovy-vikend","status":"publish","type":"post","link":"https:\/\/www.moravecteam.cz\/?p=1414","title":{"rendered":"Vyda\u0159en\u00fd bikov\u00fd v\u00edkend!"},"content":{"rendered":"<p style=\"text-align: justify;\"><span style=\"color: #800000;\"><strong>D<\/strong><\/span><span style=\"color: #800000;\"><strong>va v\u00edkendov\u00e9 z\u00e1vody MTB seri\u00e1lu\u00a0o Poh\u00e1r Drahansk\u00e9 vrchoviny s po\u0159adov\u00fdmi \u010d\u00edsly jeden\u00e1ct a dvan\u00e1ct podle o\u010dek\u00e1v\u00e1n\u00ed hodn\u011b napov\u011bd\u011bly o tom, kdo m\u016f\u017ee pom\u00fd\u0161let na presti\u017en\u00ed trofeje v r\u00e1mci celkov\u00e9ho po\u0159ad\u00ed. Proto\u017ee fin\u00e1lov\u00fd z\u00e1vod, kter\u00fd se pojede v ned\u011bli 13. z\u00e1\u0159\u00ed v Boskovic\u00edch nebude (jak tomu b\u00fdvalo v minulosti) honorov\u00e1n dvojn\u00e1sobn\u00fdm bodov\u00fdm bonusem, v n\u011bkter\u00fdch kategori\u00edch je po pr\u00e1v\u011b skon\u010den\u00e9m bikov\u00e9m v\u00edkendu o celkov\u00fdch v\u00edt\u011bz\u00edch v\u00edce-m\u00e9n\u011b jasno. Jak bukov\u0161t\u00ed tak bo\u0159itov\u0161t\u00ed po\u0159adatel\u00e9 zvl\u00e1dli v\u0161e organiza\u010dn\u011b na jedni\u010dku, ke zdaru v\u00edkendov\u00fdch race napomohlo i ide\u00e1ln\u00ed slune\u010dn\u00e9 po\u010das\u00ed, kter\u00e9 v regionu po oba dny vl\u00e1dlo. A kdy\u017e k tomu p\u0159ipo\u010dteme \u00fa\u010dast dal\u0161\u00edho esa st\u00e1je Viktora Zepletela Nutend Specialized, kter\u00fdm byl vedle na\u0161\u00ed odchovankyn\u011b Ad\u00e9ly \u0160af\u00e1\u0159ov\u00e9 jej\u00ed t\u00fdmov\u00fd par\u0165\u00e1k Mat\u011bj Pr\u016fdek, je jasn\u00e9, \u017ee oba z\u00e1vody m\u011bli i po str\u00e1nce kvality startovn\u00edch listin vysokou \u00farove\u0148.<\/strong><\/span><\/p>\n<figure id=\"attachment_1428\" aria-describedby=\"caption-attachment-1428\" style=\"width: 2000px\" class=\"wp-caption alignnone\"><a href=\"http:\/\/www.moravecteam.cz\/?attachment_id=1428\" rel=\"attachment wp-att-1428\"><img decoding=\"async\" loading=\"lazy\" class=\" wp-image-1428 \" alt=\"01\" src=\"http:\/\/www.moravecteam.cz\/wp-content\/uploads\/2015\/08\/016.jpg\" width=\"2000\" height=\"1500\" srcset=\"https:\/\/www.moravecteam.cz\/wp-content\/uploads\/2015\/08\/016.jpg 2000w, https:\/\/www.moravecteam.cz\/wp-content\/uploads\/2015\/08\/016-300x225.jpg 300w, https:\/\/www.moravecteam.cz\/wp-content\/uploads\/2015\/08\/016-1024x768.jpg 1024w\" sizes=\"(max-width: 2000px) 100vw, 2000px\" \/><\/a><figcaption id=\"caption-attachment-1428\" class=\"wp-caption-text\">N\u00e1dhern\u00fd souboj o prvenstv\u00ed p\u0159edvedli div\u00e1k\u016fm v Bukov\u00e9 dv\u011b na\u0161e borky &#8211; Tereza Obo\u0159ilov\u00e1 (\u010d.186) a Anna Zem\u00e1nkov\u00e1.<\/figcaption><\/figure>\n<p style=\"text-align: justify;\">N\u00e1s samoz\u0159ejm\u011b t\u011b\u0161\u00ed, \u017ee ve v\u011bt\u0161in\u011b kategori\u00ed jsou ve h\u0159e o poh\u00e1ry na\u0161i bike\u0159i, kte\u0159\u00ed i v Bukov\u00e9 a v Bo\u0159itov\u011b potvrdili stabiln\u00ed a vysokou v\u00fdkonnost. Zisk t\u0159in\u00e1cti zlat\u00fdch, dvan\u00e1cti st\u0159\u00edbrn\u00fdch a des\u00edti bronzov\u00fdch medail\u00ed z obou z\u00e1vod\u016f je toho dostate\u010dn\u00fdm d\u016fkazem! Suver\u00e9nkou posledn\u00edch z\u00e1vod\u016f kategorie odr\u00e1\u017eedel je \u0161ikovn\u00e1 protivanovsk\u00e1 <strong><span style=\"color: #888888;\"><span style=\"color: #800000;\">Terezka Fritzov\u00e1<\/span><\/span><\/strong>, kter\u00e1 svoji sou\u010dasnou dominanci potvrdila o v\u00edkendu ziskem dvou zlat\u00fdch medail\u00ed a je na nejlep\u0161\u00ed cest\u011b i k celkov\u00e9mu prvenstv\u00ed. Ke st\u0159\u00edbrn\u00e9mu poh\u00e1ru m\u00e1 nakro\u010deno v kategorii d\u00edvek 7-8 let <strong><span style=\"color: #800000;\">Barborka Tlamkov\u00e1<\/span><\/strong>, kter\u00e1\u00a0 vyhr\u00e1la sv\u016fj z\u00e1vod v Bukov\u00e9 a v Bo\u0159itov\u011b vybojovala bronz. V\u00edkendovou radost n\u00e1m p\u0159ipravila <strong><span style=\"color: #800000;\">Emilka Ry\u0161av\u00e1<\/span><\/strong>, kter\u00e1 se kr\u016f\u010dek po kr\u016f\u010dku posunuje do neju\u017e\u0161\u00ed \u0161pi\u010dky d\u00edv\u010d\u00ed kategorie 9-10 let, p\u0159i\u010dem\u017e t\u0159et\u00ed m\u00edsto ze soboty a dokonce st\u0159\u00edbro z ned\u011ble\u00a0tuto skute\u010dnost\u00a0jasn\u011b potvrzuje! Je jen \u0161koda n\u011bkter\u00fdch vynechan\u00fdch z\u00e1vod\u016f, jinak mohla &#8222;Emily&#8220; pom\u00fd\u0161let na &#8222;bednu&#8220; i v celkov\u00e9m OPEN po\u0159ad\u00ed. Stejn\u011b se m\u016f\u017eeme t\u011b\u0161it i z bo\u0159itovsk\u00e9ho bronzu <strong><span style=\"color: #800000;\">Michala Fritze<\/span><\/strong>, kter\u00fd spolu s <strong><span style=\"color: #800000;\">Maty\u00e1\u0161em Koudelkou<\/span> <\/strong>v\u00e9vod\u00ed celkov\u00e9mu OPEN po\u0159ad\u00ed kategorie chlapc\u016f\u00a09-10 let.\u00a0Oba sice nejsou pravideln\u00fdmi hosty na stupn\u00edch v\u00edt\u011bz\u016f, ale\u00a0tak\u0159ka 100%\u00a0\u00fa\u010dast v z\u00e1vodech seri\u00e1lu a bojovn\u00e9 v\u00fdkony, kter\u00e9 na\u0161i perspektivn\u00ed borci v ka\u017ed\u00e9m z\u00e1vod\u011b odv\u00e1d\u00ed, je na nejvy\u0161\u0161\u00ed pozice \u0159ad\u00ed zcela\u00a0po pr\u00e1vu.<\/p>\n<figure id=\"attachment_1429\" aria-describedby=\"caption-attachment-1429\" style=\"width: 1250px\" class=\"wp-caption alignnone\"><a href=\"http:\/\/www.moravecteam.cz\/?attachment_id=1429\" rel=\"attachment wp-att-1429\"><img decoding=\"async\" loading=\"lazy\" class=\" wp-image-1429\" alt=\"02\" src=\"http:\/\/www.moravecteam.cz\/wp-content\/uploads\/2015\/08\/023.jpg\" width=\"1250\" height=\"1213\" srcset=\"https:\/\/www.moravecteam.cz\/wp-content\/uploads\/2015\/08\/023.jpg 1250w, https:\/\/www.moravecteam.cz\/wp-content\/uploads\/2015\/08\/023-25x25.jpg 25w, https:\/\/www.moravecteam.cz\/wp-content\/uploads\/2015\/08\/023-300x291.jpg 300w, https:\/\/www.moravecteam.cz\/wp-content\/uploads\/2015\/08\/023-1024x993.jpg 1024w\" sizes=\"(max-width: 1250px) 100vw, 1250px\" \/><\/a><figcaption id=\"caption-attachment-1429\" class=\"wp-caption-text\">U\u010debnicov\u00fd skok p\u0159es bukovskou kl\u00e1du v pod\u00e1n\u00ed Dana Mayera z Polni\u010dky. Hlavn\u00ed adept na celkov\u00e9 prvenstv\u00ed v elitn\u00ed kategorii mu\u017e\u016f si oba v\u00edkendov\u00e9 z\u00e1vody v pravd\u011b u\u017e\u00edval.<\/figcaption><\/figure>\n<p style=\"text-align: justify;\">Kategorie mlad\u0161\u00edch \u017e\u00e1k\u016f a \u017e\u00e1ky\u0148 pat\u0159\u00ed mezi na\u0161e par\u00e1dn\u00ed. Jak by ne, v\u017edy\u0165 hned t\u0159i z na\u0161ich maj\u00ed u\u017e zku\u0161enosti s prvn\u00ed bikovou ligou, kterou z\u00e1vody \u010cesk\u00e9ho poh\u00e1ru MTB XCO bezesporu jsou. Zlat\u00fd v\u00edkend m\u00e1 za sebou <strong><span style=\"color: #800000;\">Jakub Tesa\u0159<\/span><\/strong>, st\u0159\u00edbro\/zlat\u00fd pak <strong><span style=\"color: #800000;\">Krist\u00fdnka Kol\u00e1\u0159ov\u00e1<\/span><\/strong> a bronzovo\/st\u0159\u00edbrn\u00fd <strong><span style=\"color: #800000;\">Ani\u010dka Smutn\u00e1<\/span><\/strong>. Jestli\u017ee Jakub Tesa\u0159 se u\u017e m\u016f\u017ee t\u011b\u0161it na zisk poh\u00e1ru za celkov\u00e9 prvn\u00ed m\u00edsto, mezi d\u00edvkami je situace je\u0161t\u011b otev\u0159en\u00e1. Ve h\u0159e o zlat\u00fd poh\u00e1r je krom\u011b dvou na\u0161ich borek je\u0161t\u011b i Katka Hude\u010dkov\u00e1 z Hul\u00edna a na rozuzlen\u00ed z\u00e1pletky celkov\u00e9ho po\u0159ad\u00ed v t\u00e9to kategorii si tedy mus\u00edme po\u010dkat do Boskovic.<\/p>\n<figure id=\"attachment_1430\" aria-describedby=\"caption-attachment-1430\" style=\"width: 571px\" class=\"wp-caption alignnone\"><a href=\"http:\/\/www.moravecteam.cz\/?attachment_id=1430\" rel=\"attachment wp-att-1430\"><img decoding=\"async\" loading=\"lazy\" class=\" wp-image-1430\" alt=\"03\" src=\"http:\/\/www.moravecteam.cz\/wp-content\/uploads\/2015\/08\/033.jpg\" width=\"571\" height=\"705\" srcset=\"https:\/\/www.moravecteam.cz\/wp-content\/uploads\/2015\/08\/033.jpg 571w, https:\/\/www.moravecteam.cz\/wp-content\/uploads\/2015\/08\/033-242x300.jpg 242w\" sizes=\"(max-width: 571px) 100vw, 571px\" \/><\/a><figcaption id=\"caption-attachment-1430\" class=\"wp-caption-text\">Zaslou\u017een\u00e1 odm\u011bna pro Emilku: v Bo\u0159itov\u011b st\u0159\u00edbro, den p\u0159ed t\u00edm v Bukov\u00e9 bronz, tak\u017ee logicky m\u016f\u017eeme na dom\u00e1c\u00ed trati \u010dekat zlato?<\/figcaption><\/figure>\n<p style=\"text-align: justify;\">Nejen kategorie mlad\u0161\u00edch \u017e\u00e1k\u016f a \u017e\u00e1ky\u0148 je na\u0161\u00ed par\u00e1dn\u00ed, ale i tou o stup\u00ednek vy\u0161\u0161\u00ed se m\u016f\u017eeme bez uzard\u011bn\u00ed chlubit. Podobn\u011b jako Jakub Tesa\u0159 za\u017eila zlat\u00fd v\u00edkend i <strong><span style=\"color: #800000;\">Tereza Obo\u0159ilov\u00e1<\/span><\/strong>, kdy\u017e v obou z\u00e1vodech ji na stupn\u011b v\u00edt\u011bz\u016f doprovodily v\u017edy st\u0159\u00edbrn\u00e1 <strong><span style=\"color: #800000;\">Anna Zem\u00e1nkov\u00e1<\/span><\/strong> a v\u017edy bronzov\u00e1 <span style=\"color: #800000;\"><strong>Aneta Fritzov\u00e1<\/strong><\/span>. Nebylo to poprv\u00e9, co jsme se mohli d\u00edk d\u011bv\u010dat\u016fm radovat s p\u0159\u00edslove\u010dn\u00e9ho hattricku a v\u011b\u0159\u00edm, \u017ee letos je\u0161t\u011b ani na posled. A\u00a0s nejv\u011bt\u0161\u00ed pravd\u011bpodobnost\u00ed i v celkov\u00e9m po\u0159ad\u00ed se holky analogicky pod\u011bl\u00ed\u00a0o presti\u017en\u00ed poh\u00e1ry. I star\u0161\u00ed \u017e\u00e1ci n\u00e1m d\u011blali o v\u00edkendu radost.\u00a0Tak\u00e9 <strong><span style=\"color: #800000;\">Tom\u00e1\u0161 Tlamka &#8222;Contador&#8220;<\/span><\/strong> si v\u00edt\u011bzstv\u00edm v Bukov\u00e9 a druh\u00fdm m\u00edstem v Bo\u0159itov\u011b s p\u0159edstihem zajistil trofej pro celkov\u00e9ho v\u00edt\u011bze. <span style=\"color: #800000;\"><strong>Michal \u0160m\u00edda<\/strong> <\/span>nestartoval v Bukov\u00e9 (se sv\u00fdm bratrem Honzou dali p\u0159edost z\u00e1vodu silni\u010dn\u00edho \u010desk\u00e9ho poh\u00e1ru), ale v\u00edt\u011bzstv\u00edm v Bo\u0159itov\u011b \u00a0se udr\u017eel ve h\u0159e o celkovou st\u0159\u00edbrnou p\u0159\u00ed\u010dku.\u00a0I v t\u00e9to kategorii bychom se tedy mohli po Boskovic\u00edch t\u011b\u0161it z celkov\u00e9ho cenn\u00e9ho\u00a0&#8222;double&#8220;.<\/p>\n<figure id=\"attachment_1431\" aria-describedby=\"caption-attachment-1431\" style=\"width: 1129px\" class=\"wp-caption alignnone\"><a href=\"http:\/\/www.moravecteam.cz\/?attachment_id=1431\" rel=\"attachment wp-att-1431\"><img decoding=\"async\" loading=\"lazy\" class=\" wp-image-1431\" alt=\"04\" src=\"http:\/\/www.moravecteam.cz\/wp-content\/uploads\/2015\/08\/042.jpg\" width=\"1129\" height=\"1003\" srcset=\"https:\/\/www.moravecteam.cz\/wp-content\/uploads\/2015\/08\/042.jpg 1129w, https:\/\/www.moravecteam.cz\/wp-content\/uploads\/2015\/08\/042-300x266.jpg 300w, https:\/\/www.moravecteam.cz\/wp-content\/uploads\/2015\/08\/042-1024x909.jpg 1024w\" sizes=\"(max-width: 1129px) 100vw, 1129px\" \/><\/a><figcaption id=\"caption-attachment-1431\" class=\"wp-caption-text\">Nev\u00eddan\u00e1 v\u011bc v Bo\u0159itov\u011b: Oran\u017eov\u00fd zabij\u00e1k Martin \u0160\u00edma se neve\u0161el na stupn\u011b v\u00edt\u011bz\u016f..! V neb\u00fdval\u00e9m souboji patn\u00e1cti &#8222;prvn\u00edch rakv\u00ed&#8220; se musel spokojit s &#8222;bramborov\u00fdm&#8220; \u010dtvrt\u00fdm m\u00edstem&#8230;<\/figcaption><\/figure>\n<p style=\"text-align: justify;\">\n<p style=\"text-align: justify;\">Oku lib\u00e9 jsou pro n\u00e1s na leto\u0161n\u00ed &#8222;Vrchovin\u011b&#8220; i spole\u010dn\u00e9 starty junior\u016f a kadet\u016f resp. juniorek a kadetek. By\u0165 favorit\u00e9 t\u011bchto z\u00e1vod\u016f toho \u010dasu neobl\u00e9kaj\u00ed n\u00e1\u0161 dres, jsou v\u0161ak oba &#8211; jak Ad\u00e9la \u0160af\u00e1\u0159ov\u00e1, tak Dominik Prudek na\u0161imi odchovanci a tud\u00ed\u017e jim st\u00e1le dr\u017e\u00edme palce a bereme je\u00a0nad\u00e1le tak\u0159ka jako vlastn\u00ed&#8230; Pr\u00e1v\u011b <strong><span style=\"color: #800000;\">Ad\u00e9la \u0160af\u00e1\u0159ov\u00e1<\/span><\/strong> byla dal\u0161\u00edm bikerem, kter\u00fd si k uplynul\u00e9mu v\u00edkendu m\u016f\u017ee p\u0159ipojit p\u0159\u00edvlastek zlat\u00fd. Adys na &#8222;bednu&#8220; doprovodily po oba dny dal\u0161\u00ed dv\u011b na\u0161e holky, jmenovit\u011b po dvakr\u00e1t st\u0159\u00edbrn\u00e1 <strong><span style=\"color: #800000;\">Jana Tesa\u0159ov\u00e1<\/span><\/strong> a po dvakr\u00e1t bronzov\u00e1 <strong><span style=\"color: #800000;\">Monika Kone\u010dn\u00e1<\/span><\/strong>. A pr\u00e1v\u011b Jana Tesa\u0159ov\u00e1 se m\u016f\u017ee tak\u00e9 s p\u0159edstihem u\u017e radovat z celkov\u00e9ho prvenstv\u00ed a poh\u00e1r ur\u010do neunikne ani Tyg\u0159ici z Okrouhl\u00e9, Monice Kone\u010dn\u00e9. S pr\u00e1zdnou se nebudeme vracet z Boskovic ani po vyhl\u00e1\u0161en\u00ed celkov\u00fdch v\u00fdsledk\u016f spole\u010dn\u00e9 kategorie junior\u016f a kadet\u016f. Nakro\u010deno k celkov\u00e9mu prvenstv\u00ed m\u00e1 v Bukov\u00e9 t\u0159et\u00ed <strong><span style=\"color: #800000;\">Patrik Kol\u00e1\u0159<\/span> <\/strong>a poh\u00e1r neunikne ani <span style=\"color: #800000;\"><strong>Honzovi \u0160m\u00eddovi.<\/strong> <\/span>Dvakr\u00e1t st\u0159\u00edbrn\u00fd byl o v\u00edkendu pak <span style=\"color: #800000;\"><strong>Dominik Prudek<\/strong><\/span>, kter\u00fd se po oba dny musel sklonit pouze p\u0159ed v\u00fdkonnost\u00ed favorita favorit\u016f &#8211; Mat\u011bje Prudka. A byl to pr\u00e1v\u011b Mat\u011bj, kter\u00fd se stal o v\u00edkendu dal\u0161\u00ed borcem s ozna\u010den\u00ed &#8222;double gold&#8220;.<\/p>\n<figure id=\"attachment_1432\" aria-describedby=\"caption-attachment-1432\" style=\"width: 840px\" class=\"wp-caption alignnone\"><a href=\"http:\/\/www.moravecteam.cz\/?attachment_id=1432\" rel=\"attachment wp-att-1432\"><img decoding=\"async\" loading=\"lazy\" class=\" wp-image-1432\" alt=\"05\" src=\"http:\/\/www.moravecteam.cz\/wp-content\/uploads\/2015\/08\/052.jpg\" width=\"840\" height=\"993\" srcset=\"https:\/\/www.moravecteam.cz\/wp-content\/uploads\/2015\/08\/052.jpg 840w, https:\/\/www.moravecteam.cz\/wp-content\/uploads\/2015\/08\/052-253x300.jpg 253w\" sizes=\"(max-width: 840px) 100vw, 840px\" \/><\/a><figcaption id=\"caption-attachment-1432\" class=\"wp-caption-text\">Legend\u00e1rn\u00ed bo\u0159itovsk\u00fd &#8222;Smr\u0165\u00e1k&#8220;, prudk\u00fd sjezd t\u011bsn\u011b p\u0159ed c\u00edlem, nevypad\u00e1 z tohoto pohledu nijak dramaticky&#8230; pr\u00e1v\u011b ho zdol\u00e1v\u00e1 ozdoba bikov\u00e9ho v\u00edkendu &#8211; mat\u011bj Pr\u016fdek, pron\u00e1sledov\u00e1n Radimem Kov\u00e1\u0159em.<\/figcaption><\/figure>\n<p style=\"text-align: justify;\">\u017de si <strong><span style=\"color: #800000;\">Martin Gottwald<\/span> <\/strong>zajistil v Mastrech II celkov\u00e9 prvenstv\u00ed ji\u017e po z\u00e1vod\u011b na Ko\u0159enci, o tom jsme ji\u017e psali a i kdy\u017e Bukovou vynechal, v Bo\u0159itov\u011b op\u011bt nedal neb\u00fdvale po\u010detn\u00e9mu poli (15 startuj\u00edc\u00edch!) soupe\u0159\u016f op\u011bt \u017e\u00e1dnou \u0161anci a potvrdil, \u017ee poh\u00e1r za celkov\u00e9 prvenstv\u00ed bude zcela ve spr\u00e1vn\u00fdch rukou&#8230; Medailov\u011b se prosadili o v\u00edkendu dal\u0161\u00ed dva na\u0161i Masters III, jmenovit\u011b bikov\u00fd vytrvalec <span style=\"color: #800000;\"><strong>Petr Koudelka\u00a0<\/strong><\/span>(st\u0159\u00edbrn\u00fd v Bukov\u00e9) a bikov\u00fd borec <span style=\"color: #800000;\"><strong>Milan \u0160af\u00e1\u0159<\/strong><\/span> (bronzov\u00fd v Bo\u0159itov\u011b). Na\u0161i v\u00edkendovou medailovou \u017ee\u0148 uzav\u0159el v ned\u011bln\u00edm startu elity st\u0159\u00edbrem <strong><span style=\"color: #800000;\">Radim Kov\u00e1\u0159<\/span><\/strong>, kdy\u017e nesta\u010dil\u00a0pouze na op\u011bt suver\u00e9nn\u00edho Dana Mayera z Polni\u010dky. V dosp\u011bl\u00fdch kategori\u00edch se na st\u0159\u00edbrn\u00fd poh\u00e1r m\u016f\u017ee do Boskovic t\u011b\u0161it ji\u017e zm\u00edn\u011bn\u00fd vytrvalec, Master trojka\u0159, Petr Koudelka a za ur\u010dit\u00fdch okolnost\u00ed by \u00a0na bronzovou metu mohl dos\u00e1hnout i toho \u010dasu zran\u011bn\u00fd <strong><span style=\"color: #800000;\">V\u00ed\u0165a Prudek<\/span><\/strong>. S razantn\u00edm n\u00e1stupem Dana Mayera do &#8222;Vrchoviny&#8220; to bude\u00a0s nejv\u011bt\u0161\u00ed pravd\u011bpodobnost\u00ed\u00a0pr\u00e1v\u011b on (pojede-li Boskovice), kdo ovl\u00e1dne celkov\u011b &#8222;eli\u0165\u00e1ky&#8220;, ve h\u0159e o prvenstv\u00ed je i Jirka O\u0161\u0165\u00e1dal a n\u00e1s t\u011b\u0161\u00ed, \u017ee na celkov\u00fd bronz si m\u016f\u017ee je\u0161t\u011b\u00a0m\u016f\u017ee brousit zuby\u00a0i n\u00e1\u0161 <strong><span style=\"color: #800000;\">Luk\u00e1\u0161 Gregor<\/span><\/strong>. Co\u017e je v nejpo\u010detn\u011bj\u0161\u00ed kategorii (doposud bodovalo 89 borc\u016f!) pro Luk\u00e1\u0161e bezesporu \u00fasp\u011bch! Neopomenu zm\u00ednit je\u0161t\u011b situaci v kategorii \u017een. Ty letos jezdily tak\u0159\u00edkaj\u00edc, jak &#8222;noty na buben&#8220; a i d\u00edky tomu je ve h\u0159e o bronzov\u00fd poh\u00e1r je\u0161t\u011b i na\u0161e <span style=\"color: #800000;\"><strong>Ev\u010da Zem\u00e1nkov\u00e1<\/strong><\/span>! Bude z\u00e1le\u017eet na tom, kter\u00e1 z kvarteta holek (Koscov\u00e1-Vesel\u00e1-Haasov\u00e1-Zem\u00e1nkov\u00e1) se objev\u00ed, \u010di neobjev\u00ed na startu boskovick\u00e9ho z\u00e1vodu. J\u00e1 v\u011b\u0159\u00edm, \u017ee Eva tam bude a o poh\u00e1r si je\u0161t\u011b hlasit\u011b \u0159ekne!<\/p>\n<figure id=\"attachment_1433\" aria-describedby=\"caption-attachment-1433\" style=\"width: 1374px\" class=\"wp-caption alignnone\"><a href=\"http:\/\/www.moravecteam.cz\/?attachment_id=1433\" rel=\"attachment wp-att-1433\"><img decoding=\"async\" loading=\"lazy\" class=\" wp-image-1433\" alt=\"06\" src=\"http:\/\/www.moravecteam.cz\/wp-content\/uploads\/2015\/08\/061.jpg\" width=\"1374\" height=\"1395\" srcset=\"https:\/\/www.moravecteam.cz\/wp-content\/uploads\/2015\/08\/061.jpg 1374w, https:\/\/www.moravecteam.cz\/wp-content\/uploads\/2015\/08\/061-25x25.jpg 25w, https:\/\/www.moravecteam.cz\/wp-content\/uploads\/2015\/08\/061-295x300.jpg 295w, https:\/\/www.moravecteam.cz\/wp-content\/uploads\/2015\/08\/061-1008x1024.jpg 1008w\" sizes=\"(max-width: 1374px) 100vw, 1374px\" \/><\/a><figcaption id=\"caption-attachment-1433\" class=\"wp-caption-text\">K na\u0161\u00ed radosti tentokr\u00e1t Radim Kov\u00e1\u0159 nejv\u00edce znerv\u00f3z\u0148oval v z\u00e1vod\u011b mu\u017e\u016f ELITE suver\u00e9na leto\u0161n\u00ed &#8222;Vrchoviny&#8220; a hlavn\u00edho kandid\u00e1ta na celkov\u00e9 prvenstv\u00ed &#8211; Dana Mayera.<\/figcaption><\/figure>\n<p style=\"text-align: justify;\">Na leto\u0161n\u00ed &#8222;Vrchovinu&#8220; tedy \u010dek\u00e1 13. z\u00e1\u0159\u00ed boskovick\u00e1 derni\u00e9ra a my u\u017e pomalu m\u016f\u017eeme vyhl\u00ed\u017eet dal\u0161\u00ed ro\u010dn\u00edk. Jak\u00e9 zm\u011bny a \u00fapravy p\u0159inese, to se je\u0161t\u011b v zimn\u00edm mezidob\u00ed uvid\u00ed, ka\u017edop\u00e1dn\u011b vylep\u0161ovat a ladit, jak jsem si v\u0161iml v Bo\u0159itov\u011b,\u00a0je po\u0159\u00e1d co. Kompletn\u00ed <a href=\"http:\/\/vysledky.pohardrahanskevrchoviny.cz\/2015\/?page=zavod&amp;mode=get\"><strong>v\u00fdsledkov\u00fd servis z v\u00edkendov\u00e9ho dvojz\u00e1vodu je zde<\/strong><\/a>, a tu\u0165 zase tradi\u010dn\u011b <a href=\"http:\/\/moravecteam.rajce.idnes.cz\/\"><strong>bohat\u00e1 fotogalerie<\/strong>.<\/a><\/p>\n","protected":false},"excerpt":{"rendered":"<p>Dva v\u00edkendov\u00e9 z\u00e1vody MTB seri\u00e1lu\u00a0o Poh\u00e1r Drahansk\u00e9 vrchoviny s po\u0159adov\u00fdmi \u010d\u00edsly jeden\u00e1ct a dvan\u00e1ct podle o\u010dek\u00e1v\u00e1n\u00ed hodn\u011b napov\u011bd\u011bly o tom, kdo m\u016f\u017ee pom\u00fd\u0161let na presti\u017en\u00ed trofeje v r\u00e1mci celkov\u00e9ho po\u0159ad\u00ed. Proto\u017ee fin\u00e1lov\u00fd z\u00e1vod, kter\u00fd se pojede v ned\u011bli 13. z\u00e1\u0159\u00ed v Boskovic\u00edch nebude (jak tomu b\u00fdvalo v minulosti) honorov\u00e1n dvojn\u00e1sobn\u00fdm bodov\u00fdm bonusem, v n\u011bkter\u00fdch kategori\u00edch &hellip; <a href=\"https:\/\/www.moravecteam.cz\/?p=1414\" class=\"more-link\">Pokra\u010dov\u00e1n\u00ed textu <span class=\"screen-reader-text\">Vyda\u0159en\u00fd bikov\u00fd v\u00edkend!<\/span> <span class=\"meta-nav\">&rarr;<\/span><\/a><\/p>\n","protected":false},"author":3,"featured_media":1425,"comment_status":"closed","ping_status":"closed","sticky":false,"template":"","format":"standard","meta":[],"categories":[1],"tags":[],"_links":{"self":[{"href":"https:\/\/www.moravecteam.cz\/index.php?rest_route=\/wp\/v2\/posts\/1414"}],"collection":[{"href":"https:\/\/www.moravecteam.cz\/index.php?rest_route=\/wp\/v2\/posts"}],"about":[{"href":"https:\/\/www.moravecteam.cz\/index.php?rest_route=\/wp\/v2\/types\/post"}],"author":[{"embeddable":true,"href":"https:\/\/www.moravecteam.cz\/index.php?rest_route=\/wp\/v2\/users\/3"}],"replies":[{"embeddable":true,"href":"https:\/\/www.moravecteam.cz\/index.php?rest_route=%2Fwp%2Fv2%2Fcomments&post=1414"}],"version-history":[{"count":13,"href":"https:\/\/www.moravecteam.cz\/index.php?rest_route=\/wp\/v2\/posts\/1414\/revisions"}],"predecessor-version":[{"id":1434,"href":"https:\/\/www.moravecteam.cz\/index.php?rest_route=\/wp\/v2\/posts\/1414\/revisions\/1434"}],"wp:featuredmedia":[{"embeddable":true,"href":"https:\/\/www.moravecteam.cz\/index.php?rest_route=\/wp\/v2\/media\/1425"}],"wp:attachment":[{"href":"https:\/\/www.moravecteam.cz\/index.php?rest_route=%2Fwp%2Fv2%2Fmedia&parent=1414"}],"wp:term":[{"taxonomy":"category","embeddable":true,"href":"https:\/\/www.moravecteam.cz\/index.php?rest_route=%2Fwp%2Fv2%2Fcategories&post=1414"},{"taxonomy":"post_tag","embeddable":true,"href":"https:\/\/www.moravecteam.cz\/index.php?rest_route=%2Fwp%2Fv2%2Ftags&post=1414"}],"curies":[{"name":"wp","href":"https:\/\/api.w.org\/{rel}","templated":true}]}}