{"id":14142,"date":"2019-11-10T22:54:03","date_gmt":"2019-11-10T21:54:03","guid":{"rendered":"http:\/\/www.moravecteam.cz\/?p=14142"},"modified":"2019-11-10T22:54:03","modified_gmt":"2019-11-10T21:54:03","slug":"co-se-bude-dit-st45-5","status":"publish","type":"post","link":"https:\/\/www.moravecteam.cz\/?p=14142","title":{"rendered":"Co se bude d\u00edt? (ST45)"},"content":{"rendered":"<h5><span style=\"color: #800000;\">Term\u00ednov\u00fd kalend\u00e1\u0159 MORAVEC Team 2019:<\/span><\/h5>\n<p><strong><a href=\"http:\/\/www.moravecteam.cz\/?attachment_id=13036\" rel=\"attachment wp-att-13036\">\u00a0<\/a><a href=\"http:\/\/www.moravecteam.cz\/?attachment_id=13784\" rel=\"attachment wp-att-13784\">MORAVEC Team &#8211; term\u00ednov\u00fd kalend\u00e1\u0159 2019 &#8211; 2<\/a><\/strong><\/p>\n<h5><span style=\"color: #800000;\">Pond\u011bl\u00ed 11.11. 2019<\/span><\/h5>\n<p style=\"text-align: justify;\">Od 17.00 hodin MTB technick\u00e1 pr\u016fprava &#8211; Zimn\u00ed stadion Blansko\u00a0 -pod veden\u00edm\u00a0<span style=\"color: #800000;\"><strong>Libora Barto\u0161e<\/strong><\/span>\u00a0a\u00a0<span style=\"color: #800000;\"><strong>Jirky \u017dern\u00ed\u010dka<\/strong><\/span>. Dovezte si svoje z\u00e1vodn\u00ed kola!<\/p>\n<h5><span style=\"color: #800000;\">St\u0159eda 13.11. 2019<\/span><\/h5>\n<p style=\"text-align: justify;\">Cvi\u010den\u00ed v t\u011blocvi\u010dn\u011b Z\u0160 Bene\u0161ov od 16.30 do 18.00 pod veden\u00edm\u00a0\u00a0<span style=\"color: #800000;\"><strong>Petra Koudelky.<\/strong><\/span><\/p>\n<h5><span style=\"color: #800000;\"><strong>\u010ctvrtek 14.11. 2019<\/strong><\/span><\/h5>\n<p style=\"text-align: justify;\"><strong><\/strong>Plaveck\u00e1 p\u0159\u00edprava v l\u00e1zn\u00edch Boskovice od 18.00 do 19.00 hodin pod vedn\u00edm\u00a0<span style=\"color: #800000;\"><strong>Martina Posp\u00ed\u0161ila<\/strong><\/span>\u00a0a\u00a0<span style=\"color: #800000;\"><strong>Ad\u00e9ly \u0160af\u00e1\u0159ov\u00e9<\/strong><\/span>.<\/p>\n<h5><span style=\"color: #800000;\"><strong>P\u00e1tek 15.11. 2019<\/strong><\/span><\/h5>\n<p>\u010ctvrt\u00e9\u00a0p\u00e1te\u010dn\u00ed cvi\u010den\u00ed, za\u00a0 Vojtu Gr\u00fcna (omluvil se), zasko\u010d\u00ed op\u011bt <span style=\"color: #800000;\"><strong>Petr Koudelka<\/strong><\/span>.\u00a0Od 18.00 do 20.00 v t\u011blocvi\u010dn\u011b p\u0159i Z\u0160 Bene\u0161ov.<\/p>\n<h5><span style=\"color: #800000;\"><strong>Ned\u011ble 17.11. 2019<\/strong><\/span><\/h5>\n<ul>\n<li style=\"text-align: justify;\">Tr\u00e9nink z\u00e1kladn\u00ed vytrvalosti formou rychl\u00e9 ch\u016fze. Sraz ve 13.30 u budovy Z\u00e1kladn\u00ed \u0161koly v Bene\u0161ov\u011b (tam, co prob\u00edhaj\u00ed st\u0159ede\u010dn\u00ed cvi\u010den\u00ed).<\/li>\n<li>\n<div style=\"text-align: justify;\">Sedm\u00fd\u00a0z\u00e1vod \u010cP v cyklokrosu v Lounech. T\u00fdk\u00e1 se na\u0161\u00ed DCR (Do\u010dasn\u00e9 Cyklokrosov\u00e9 Roty). Zde studujte\u00a0<strong><a href=\"http:\/\/www.cyklokros.cz\/data\/web\/toitoicup\/2019\/louny_propozice_2019.pdf\">propozice.<\/a><\/strong><\/div>\n<\/li>\n<\/ul>\n<h5><span style=\"color: #800000;\"><strong>AKCE T\u011aSN\u011a ZA HORIZONTEM<\/strong><\/span><\/h5>\n<ul>\n<li>\n<div style=\"text-align: justify;\"><strong><span style=\"color: #800000;\">30.11. 2019\u00a0&#8211; sobota<\/span><\/strong> &#8211; osm\u00fd\u00a0z\u00e1vod \u010cP v cyklokrosu v Kol\u00edn\u011b. T\u00fdk\u00e1 se na\u0161\u00ed DCR (Do\u010dasn\u00e9 Cyklokrosov\u00e9 Roty). Zde studujte\u00a0<a href=\"http:\/\/www.cyklokros.cz\/data\/web\/toitoicup\/2019\/kolin_propozice_2019.pdf\"><strong>propozice<\/strong>.<\/a><\/div>\n<\/li>\n<li>\n<div style=\"text-align: justify;\"><strong><span style=\"color: #800000;\">1.12. 2019<\/span>\u00a0<span style=\"color: #800000;\">&#8211; ned\u011ble<\/span><\/strong>\u00a0&#8211; dev\u00e1t\u00fd\u00a0\u00a0z\u00e1vod \u010cP v cyklokrosu v \u010c\u00e1slavi. T\u00fdk\u00e1 se na\u0161\u00ed DCR (Do\u010dasn\u00e9 Cyklokrosov\u00e9 Roty). Zde studujte <strong><a href=\"http:\/\/www.cyklokros.cz\/data\/web\/toitoicup\/2019\/caslav_propozice_2019.pdf\">propozice<\/a>.<\/strong><\/div>\n<\/li>\n<li>\n<div style=\"text-align: justify;\"><strong><span style=\"color: #800000;\">7.12. 2019<\/span>\u00a0<span style=\"color: #800000;\">&#8211; sobota<\/span><\/strong>\u00a0&#8211; des\u00e1t\u00fd\u00a0\u00a0z\u00e1vod \u010cP v cyklokrosu v Jabkenic\u00edch. T\u00fdk\u00e1 se na\u0161\u00ed DCR (Do\u010dasn\u00e9 Cyklokrosov\u00e9 Roty). Zde studujte <strong><a href=\"http:\/\/www.cyklokros.cz\/data\/web\/toitoicup\/2019\/jabkenice_propozice_2019.pdf\">propozice<\/a>.<\/strong><\/div>\n<\/li>\n<li>\n<div style=\"text-align: justify;\"><span style=\"color: #800000;\"><strong>14.12. 2019\u00a0&#8211; sobota<\/strong><\/span>\u00a0&#8211; M\u010cR v cyklokrosu v Uni\u010dov\u011b.\u00a0T\u00fdk\u00e1 se na\u0161\u00ed DCR (Do\u010dasn\u00e9 Cyklokrosov\u00e9 Roty).Zde studujte <strong><a href=\"http:\/\/www.cyklokros.cz\/data\/web\/toitoicup\/2019\/unicov_propozice_2019.pdf\">propozice<\/a>.<\/strong><\/div>\n<\/li>\n<li>\n<div style=\"text-align: justify;\"><span style=\"color: #800000;\">1<strong>5.12. 2019\u00a0&#8211; ned\u011ble<\/strong><\/span>\u00a0&#8211; n\u00e1v\u0161t\u011bva pietn\u00edch m\u00edst Vlastimila MORAVCE v Brn\u011b. Pr\u016fb\u011bh v\u00fdletu bude v\u010das up\u0159esn\u011bn.<\/div>\n<\/li>\n<li>\n<div style=\"text-align: justify;\"><span style=\"color: #800000;\"><strong>27.12. 2019\u00a0&#8211;\u00a0p\u00e1tek<\/strong><\/span>\u00a0&#8211; tradi\u010dn\u00ed v\u00fdro\u010dn\u00ed odd\u00edlov\u00e9 ro(c)kov\u00e1n\u00ed, vyhl\u00e1\u0161en\u00ed v\u00fdro\u010dn\u00edch cen. Od 15.00 hodin v restauraci Morava Bene\u0161ov.<\/div>\n<\/li>\n<\/ul>\n<h5><span style=\"color: #800000;\"><strong>AKCE\u00a0 ZA <strong>DV\u011aMA HORIZONTY<\/strong><\/strong><\/span><\/h5>\n<ul>\n<li style=\"text-align: justify;\"><span style=\"color: #800000;\"><strong>1.1. 2020\u00a0&#8211; st\u0159eda<\/strong><\/span> &#8211; Silvestrovsk\u00e1 v\u00fdji\u017e\u010fka na kolech &#8211; pravd\u011bpodobn\u011b op\u011bt sm\u011br penzion Lada, Repechy. Pr\u016fb\u011bh cyklov\u00fdletu bude v\u010das up\u0159esn\u011bn &#8211; i s ohledem na aktu\u00e1ln\u00ed po\u010das\u00ed.<\/li>\n<li style=\"text-align: justify;\"><strong><span style=\"color: #800000;\">9.- 16.2. 2020<\/span>\u00a0<\/strong>&#8211; zimn\u00ed soust\u0159ed\u011bn\u00ed v Jesen\u00edk\u00e1ch &#8211; na tradi\u010dn\u00edm m\u00edst\u011b &#8211; chata N\u00e1vr\u0161\u00ed. <span style=\"text-decoration: underline;\"><span style=\"color: #800000; text-decoration: underline;\"><strong>Pros\u00edm o sd\u011blen\u00ed z\u00e1vazn\u00e9 \u00fa\u010dasti do ned\u011ble, 17.11. 2019, do slunce z\u00e1padu.<\/strong><\/span><\/span><\/li>\n<\/ul>\n","protected":false},"excerpt":{"rendered":"<p>Term\u00ednov\u00fd kalend\u00e1\u0159 MORAVEC Team 2019: \u00a0MORAVEC Team &#8211; term\u00ednov\u00fd kalend\u00e1\u0159 2019 &#8211; 2 Pond\u011bl\u00ed 11.11. 2019 Od 17.00 hodin MTB technick\u00e1 pr\u016fprava &#8211; Zimn\u00ed stadion Blansko\u00a0 -pod veden\u00edm\u00a0Libora Barto\u0161e\u00a0a\u00a0Jirky \u017dern\u00ed\u010dka. Dovezte si svoje z\u00e1vodn\u00ed kola! St\u0159eda 13.11. 2019 Cvi\u010den\u00ed v t\u011blocvi\u010dn\u011b Z\u0160 Bene\u0161ov od 16.30 do 18.00 pod veden\u00edm\u00a0\u00a0Petra Koudelky. \u010ctvrtek 14.11. 2019 Plaveck\u00e1 p\u0159\u00edprava &hellip; <a href=\"https:\/\/www.moravecteam.cz\/?p=14142\" class=\"more-link\">Pokra\u010dov\u00e1n\u00ed textu <span class=\"screen-reader-text\">Co se bude d\u00edt? (ST45)<\/span> <span class=\"meta-nav\">&rarr;<\/span><\/a><\/p>\n","protected":false},"author":3,"featured_media":14148,"comment_status":"open","ping_status":"closed","sticky":false,"template":"","format":"standard","meta":[],"categories":[11],"tags":[],"_links":{"self":[{"href":"https:\/\/www.moravecteam.cz\/index.php?rest_route=\/wp\/v2\/posts\/14142"}],"collection":[{"href":"https:\/\/www.moravecteam.cz\/index.php?rest_route=\/wp\/v2\/posts"}],"about":[{"href":"https:\/\/www.moravecteam.cz\/index.php?rest_route=\/wp\/v2\/types\/post"}],"author":[{"embeddable":true,"href":"https:\/\/www.moravecteam.cz\/index.php?rest_route=\/wp\/v2\/users\/3"}],"replies":[{"embeddable":true,"href":"https:\/\/www.moravecteam.cz\/index.php?rest_route=%2Fwp%2Fv2%2Fcomments&post=14142"}],"version-history":[{"count":6,"href":"https:\/\/www.moravecteam.cz\/index.php?rest_route=\/wp\/v2\/posts\/14142\/revisions"}],"predecessor-version":[{"id":14149,"href":"https:\/\/www.moravecteam.cz\/index.php?rest_route=\/wp\/v2\/posts\/14142\/revisions\/14149"}],"wp:featuredmedia":[{"embeddable":true,"href":"https:\/\/www.moravecteam.cz\/index.php?rest_route=\/wp\/v2\/media\/14148"}],"wp:attachment":[{"href":"https:\/\/www.moravecteam.cz\/index.php?rest_route=%2Fwp%2Fv2%2Fmedia&parent=14142"}],"wp:term":[{"taxonomy":"category","embeddable":true,"href":"https:\/\/www.moravecteam.cz\/index.php?rest_route=%2Fwp%2Fv2%2Fcategories&post=14142"},{"taxonomy":"post_tag","embeddable":true,"href":"https:\/\/www.moravecteam.cz\/index.php?rest_route=%2Fwp%2Fv2%2Ftags&post=14142"}],"curies":[{"name":"wp","href":"https:\/\/api.w.org\/{rel}","templated":true}]}}