{"id":14151,"date":"2019-11-13T23:47:50","date_gmt":"2019-11-13T22:47:50","guid":{"rendered":"http:\/\/www.moravecteam.cz\/?p=14151"},"modified":"2019-11-14T00:08:37","modified_gmt":"2019-11-13T23:08:37","slug":"zvladli-jsme-to","status":"publish","type":"post","link":"https:\/\/www.moravecteam.cz\/?p=14151","title":{"rendered":"Vyda\u0159en\u00e1 premi\u00e9ra!"},"content":{"rendered":"<p style=\"text-align: justify;\"><strong><span style=\"color: #800000;\">Slavnostn\u00ed Ve\u010der v\u00edt\u011bz\u016f MTB Poh\u00e1ru Drahansk\u00e9 vrchoviny 2019, kter\u00fd m\u011bl v osmn\u00e1ctilet\u00e9 historii kultovn\u00ed bikov\u00e9 s\u00e9rie svoji premi\u00e9ru a jeho\u017e organizace se ujal koordin\u00e1tor seri\u00e1lu &#8211; MORAVEC Team, se &#8211; dle n\u00e1sledn\u00e9 reakce host\u016f a p\u0159\u00edm\u00fdch \u00fa\u010dastn\u00edk\u016f &#8211; vyda\u0159il! A velk\u00fd d\u00edk pat\u0159\u00ed v\u0161em MORAVC\u016eM, kte\u0159\u00ed se o zdar akce zaslou\u017eili!<\/span><\/strong><\/p>\n<figure id=\"attachment_14162\" aria-describedby=\"caption-attachment-14162\" style=\"width: 6000px\" class=\"wp-caption alignnone\"><a href=\"http:\/\/www.moravecteam.cz\/?attachment_id=14162\" rel=\"attachment wp-att-14162\"><img decoding=\"async\" loading=\"lazy\" class=\" wp-image-14162\" alt=\"DSC_0020\" src=\"http:\/\/www.moravecteam.cz\/wp-content\/uploads\/2019\/11\/DSC_0020.jpg\" width=\"6000\" height=\"3251\" srcset=\"https:\/\/www.moravecteam.cz\/wp-content\/uploads\/2019\/11\/DSC_0020.jpg 6000w, https:\/\/www.moravecteam.cz\/wp-content\/uploads\/2019\/11\/DSC_0020-300x162.jpg 300w, https:\/\/www.moravecteam.cz\/wp-content\/uploads\/2019\/11\/DSC_0020-1024x554.jpg 1024w\" sizes=\"(max-width: 6000px) 100vw, 6000px\" \/><\/a><figcaption id=\"caption-attachment-14162\" class=\"wp-caption-text\">Kr\u00e1tce p\u0159ed startem&#8230;<\/figcaption><\/figure>\n<p style=\"text-align: justify;\">S\u00e1zka na &#8222;novou okysli\u010duj\u00edc\u00ed krev&#8220;,\u00a0 v na\u0161ich \u0159ad\u00e1ch p\u0159i organizaci akce, se uk\u00e1zala spr\u00e1vn\u00fdm krokem. Nap\u0159\u00edklad\u00a0<span style=\"color: #800000;\"><strong>Tesa\u0159ovi<\/strong><\/span> z Okrouhl\u00e9 odvedli bezchybnou pr\u00e1ci v r\u00e1mci\u00a0 &#8222;ob\u010derstvovac\u00ed stanice&#8220;, kter\u00e1 se uk\u00e1zala &#8211; vzhledem k tak tro\u0161ku ne\u010dekan\u00e9mu n\u00e1valu v s\u00e1le &#8211; jako kl\u00ed\u010dov\u00fdm bodem&#8230; <strong><span style=\"color: #800000;\">Jirka Tesa\u0159<\/span> <\/strong>se p\u0159edvedl jako rodil\u00fd Pan v\u00fd\u010depn\u00ed, <strong><span style=\"color: #800000;\">pan\u00ed Tesa\u0159ov\u00e1<\/span><\/strong> zvl\u00e1dala zase velmi zdatn\u011b ostatn\u00ed pr\u00e1ce s do\u010dasn\u00fdm &#8222;depem&#8220; spojen\u00e9. V\u00fdznam\u011b p\u0159ilo\u017eili ruku k d\u00edlu i jejich \u0161ikovn\u00e9 dcry, <strong><span style=\"color: #800000;\">Barunka a Jolanka<\/span><\/strong>.<\/p>\n<figure id=\"attachment_14163\" aria-describedby=\"caption-attachment-14163\" style=\"width: 4392px\" class=\"wp-caption alignnone\"><a href=\"http:\/\/www.moravecteam.cz\/?attachment_id=14163\" rel=\"attachment wp-att-14163\"><img decoding=\"async\" loading=\"lazy\" class=\" wp-image-14163\" alt=\"DSC_0019\" src=\"http:\/\/www.moravecteam.cz\/wp-content\/uploads\/2019\/11\/DSC_0019.jpg\" width=\"4392\" height=\"2924\" srcset=\"https:\/\/www.moravecteam.cz\/wp-content\/uploads\/2019\/11\/DSC_0019.jpg 4392w, https:\/\/www.moravecteam.cz\/wp-content\/uploads\/2019\/11\/DSC_0019-300x199.jpg 300w, https:\/\/www.moravecteam.cz\/wp-content\/uploads\/2019\/11\/DSC_0019-1024x681.jpg 1024w\" sizes=\"(max-width: 4392px) 100vw, 4392px\" \/><\/a><figcaption id=\"caption-attachment-14163\" class=\"wp-caption-text\">Pozdrav u Ole\u0161nice za\u0159\u00eddili G\u00e1bina a Milan Pokorn\u00ed!<\/figcaption><\/figure>\n<p style=\"text-align: justify;\">Obdobn\u011b supr pomohli s &#8222;ob\u010derstvova\u010dkou&#8220; i <strong><span style=\"color: #800000;\">Gabriela a Milan Pokorn\u00ed<\/span><\/strong> ze Sebranic. A co v\u00edc! (Jak se to r\u00fdmuje&#8230;), p\u0159ivezli na akci nezi\u0161tn\u011b &#8211; sponzorsky &#8211; 5kg kravsk\u00e9ho s\u00fdru z ml\u00e9k\u00e1rny Ole\u0161nice &#8211; produktovou novinku s n\u00e1zvem: pa\u0159en\u00fd s\u00fdr KA\u0160KAVAL. Po pochutin\u011b se v pr\u016fb\u011bhu ve\u010dera v pravd\u011b &#8222;zapr\u00e1\u0161ilo&#8220;, co\u017e je jasn\u00fd d\u016fkaz, \u017ee s\u00fdr &#8222;very, very&#8220; chutnal! Ob\u010derstvovac\u00ed dru\u017estvo doplnili je\u0161t\u011b &#8211; a t\u00e9\u017e skv\u011blou pr\u00e1ci zde odvedli &#8211;<strong><span style=\"color: #800000;\"> Jana Ullrychov\u00e1<\/span><\/strong>, <strong><span style=\"color: #800000;\">Lidu\u0161ka Ad\u00e1mkov\u00e1<\/span><\/strong> a <span style=\"color: #800000;\"><strong>Karel V\u0161etula<\/strong><\/span>. Zat\u00edm, co fotograf Karel &#8222;ze z\u00e1st\u011bry&#8220; celkem brzy &#8222;vycouval&#8220; a v\u011bnoval se sv\u00e9mu hlavn\u00edmu \u00fakolu, Lidu\u0161ka &#8211; vzhledem k soustavn\u00e9 &#8222;okupaci&#8220; ob\u010derstvovac\u00ed stanice hosty &#8211; zde setrvala prakticky po celou dobu&#8230; P\u0159esto se\u00a0 ke sv\u00e9 p\u016fvodn\u011b pl\u00e1novan\u00e9 \u010dinnosti &#8211; tj. taky focen\u00ed &#8211; dostala a prvn\u00ed fotogalerie je pr\u00e1v\u011b z jej\u00ed ruky a z jej\u00edho &#8222;Can\u00f3nu&#8220;.<\/p>\n<figure id=\"attachment_14164\" aria-describedby=\"caption-attachment-14164\" style=\"width: 3784px\" class=\"wp-caption alignnone\"><a href=\"http:\/\/www.moravecteam.cz\/?attachment_id=14164\" rel=\"attachment wp-att-14164\"><img decoding=\"async\" loading=\"lazy\" class=\" wp-image-14164 \" alt=\"DSC_0025\" src=\"http:\/\/www.moravecteam.cz\/wp-content\/uploads\/2019\/11\/DSC_0025.jpg\" width=\"3784\" height=\"3003\" srcset=\"https:\/\/www.moravecteam.cz\/wp-content\/uploads\/2019\/11\/DSC_0025.jpg 3784w, https:\/\/www.moravecteam.cz\/wp-content\/uploads\/2019\/11\/DSC_0025-300x238.jpg 300w, https:\/\/www.moravecteam.cz\/wp-content\/uploads\/2019\/11\/DSC_0025-1024x812.jpg 1024w\" sizes=\"(max-width: 3784px) 100vw, 3784px\" \/><\/a><figcaption id=\"caption-attachment-14164\" class=\"wp-caption-text\">Patronka MTB &#8222;Vrchoviny&#8220;, sen\u00e1torka Mirka V\u00edtkov\u00e1 p\u0159ed\u00e1v\u00e1 ceny kluk\u016fm &#8211; &#8222;odr\u00e1\u017eedlist\u016fm&#8220;.<\/figcaption><\/figure>\n<p style=\"text-align: justify;\">Velitelku ob\u010derstvavac\u00ed stanice, <strong><span style=\"color: #800000;\">Lenku Tlamkovou<\/span><\/strong>, kter\u00e1 tento d\u016fle\u017eit\u00fd &#8222;bojov\u00fd&#8220; \u00fatvar bezva &#8222;nastartovala&#8220; a po startu ve spr\u00e1vn\u00fd sm\u011br\u00a0 &#8222;poko\u010d\u00edrovala&#8220;, vyst\u0159\u00eddala v prav\u00fd okam\u017eik <strong><span style=\"color: #800000;\">Pavla Eclerov\u00e1<\/span><\/strong>, proto\u017ee nade\u0161el \u010das pro vyhla\u0161ov\u00e1n\u00ed nejlep\u0161\u00edch rajdr\u016f leto\u0161n\u00ed MTB &#8222;Vrchoviny&#8220;&#8230; A byla to pr\u00e1v\u011b Lenka Tlamkov\u00e1, kter\u00e1 p\u0159i t\u00e9to hlavn\u00ed \u010dinnosti ve\u010dra vysoce erudovan\u011b &#8222;\u0159\u00eddila palbu&#8220;, kdy\u017e pod jej\u00ed taktovkou vystupovali na &#8222;Vrchovinovou bednu&#8220; postupn\u011b\u00a0 nejlep\u0161\u00ed borci a borky v 18-ti kategori\u00edch po\u0159ad\u00ed OPEN a 12-ti kategori\u00edch po\u0159ad\u00ed OBCE. Ceny nejlep\u0161\u00edm p\u0159ed\u00e1vali avizovan\u00e9 TOP cyklistick\u00e9 celebrity, kter\u00fdmi byli: prezident \u010cesk\u00e9ho svazu cyklistiky, pan <strong><span style=\"color: #800000;\">Petr Marek<\/span><\/strong>, tren\u00e9r \u010desk\u00e9 MTB reprezentace pan <strong><span style=\"color: #800000;\">Viktor Zapletal,<\/span><\/strong> b\u00fdval\u00fd skv\u011bl\u00fd \u010desk\u00fd cyklista-silni\u010d\u00e1\u0159 (v\u00edt\u011bz t\u0159\u00ed etap na Tour de France) <strong><span style=\"color: #800000;\">J\u00e1n Svorada<\/span><\/strong> a soudob\u00fd \u0161pi\u010dkov\u00fd \u010desk\u00fd cyklista &#8211; silni\u010d\u00e1r s anga\u017em\u00e1 v izraelsk\u00e9 profi-st\u00e1ji &#8211;\u00a0<strong><span style=\"color: #800000;\">Daniel Turek<\/span><\/strong>. T\u0159e\u0161ni\u010dkou na pomysln\u00e9m dortu osobnost\u00ed, p\u0159ed\u00e1vaj\u00edc\u00ed ceny nejlep\u0161\u00edm, pak byla\u00a0 sen\u00e1torka <strong><span style=\"color: #800000;\">Mirka V\u00edtkov\u00e1<\/span><\/strong> a z\u00e1stupci deseti po\u0159\u00e1daj\u00edc\u00edch m\u011bst a obc\u00ed leto\u0161n\u00ed MTB &#8222;Vrchoviny&#8220;, kte\u0159\u00ed se vzorn\u011b dostavili jako &#8222;jeden mu\u017e&#8220;, jako &#8222;jedna \u017eena&#8220;&#8230;<\/p>\n<figure id=\"attachment_14165\" aria-describedby=\"caption-attachment-14165\" style=\"width: 3403px\" class=\"wp-caption alignnone\"><a href=\"http:\/\/www.moravecteam.cz\/?attachment_id=14165\" rel=\"attachment wp-att-14165\"><img decoding=\"async\" loading=\"lazy\" class=\" wp-image-14165\" alt=\"DSC_0048\" src=\"http:\/\/www.moravecteam.cz\/wp-content\/uploads\/2019\/11\/DSC_0048.jpg\" width=\"3403\" height=\"3085\" srcset=\"https:\/\/www.moravecteam.cz\/wp-content\/uploads\/2019\/11\/DSC_0048.jpg 3403w, https:\/\/www.moravecteam.cz\/wp-content\/uploads\/2019\/11\/DSC_0048-300x271.jpg 300w, https:\/\/www.moravecteam.cz\/wp-content\/uploads\/2019\/11\/DSC_0048-1024x928.jpg 1024w\" sizes=\"(max-width: 3403px) 100vw, 3403px\" \/><\/a><figcaption id=\"caption-attachment-14165\" class=\"wp-caption-text\">Petr Marek a Viktor Zapletal tleskaj\u00ed nejlep\u0161\u00edm d\u00edvk\u00e1m kategorie 7-8 let v po\u0159ad\u00ed OBCE!<\/figcaption><\/figure>\n<p style=\"text-align: justify;\">\u017de na Ve\u010der v\u00edt\u011bz\u016f (d\u00e1le jen VV) v re\u017eii MORAVEC Teamu dorazili \u010dty\u0159i tak v\u00fdznamn\u00e9 osobnosti \u010desk\u00e9 cyklistiky (Marek, Zapletal, Svorada,\u00a0 Turek) pravd\u011bpodobn\u011b o n\u011b\u010dem napov\u00edd\u00e1&#8230;<\/p>\n<figure id=\"attachment_14166\" aria-describedby=\"caption-attachment-14166\" style=\"width: 4381px\" class=\"wp-caption alignnone\"><a href=\"http:\/\/www.moravecteam.cz\/?attachment_id=14166\" rel=\"attachment wp-att-14166\"><img decoding=\"async\" loading=\"lazy\" class=\" wp-image-14166\" alt=\"DSC_0053\" src=\"http:\/\/www.moravecteam.cz\/wp-content\/uploads\/2019\/11\/DSC_0053.jpg\" width=\"4381\" height=\"2978\" srcset=\"https:\/\/www.moravecteam.cz\/wp-content\/uploads\/2019\/11\/DSC_0053.jpg 4381w, https:\/\/www.moravecteam.cz\/wp-content\/uploads\/2019\/11\/DSC_0053-300x203.jpg 300w, https:\/\/www.moravecteam.cz\/wp-content\/uploads\/2019\/11\/DSC_0053-1024x696.jpg 1024w\" sizes=\"(max-width: 4381px) 100vw, 4381px\" \/><\/a><figcaption id=\"caption-attachment-14166\" class=\"wp-caption-text\">Sport sbli\u017euje&#8230; Aneb \u0160af\u00e1\u0159ovic hry pro d\u011bti v r\u00e1mci prvn\u00ed p\u0159est\u00e1vky jsou v pln\u00e9m proudu&#8230;<\/figcaption><\/figure>\n<p style=\"text-align: justify;\">Poj\u010fme ale pokra\u010dovat ve &#8222;special thanks&#8220; pro lidi\u010dky z MORAVCE, kte\u0159\u00ed se o vyda\u0159en\u00fd ve\u010der d\u00e1le v\u00fdznam\u011b zaslou\u017eili&#8230; <strong><span style=\"color: #800000;\">Mark\u00e9ta \u0160af\u00e1\u0159ov\u00e1<\/span><\/strong> za pomoci dcery <strong><span style=\"color: #800000;\">Ad\u00e9ly \u0160af\u00e1\u0159ov\u00e9<\/span><\/strong> se perfektn\u011b\u011b ujaly \u00fakolu vyplnit prvn\u00ed p\u0159est\u00e1vku ofici\u00e1ln\u00ed \u010d\u00e1sti ve\u010dera hrami pro p\u0159\u00edtomn\u00e9 d\u011bti&#8230; Holky dok\u00e1zaly zabavit\u00a0 bezm\u00e1la 50(!) pohybu chtiv\u00fdch, rtu\u0165ovit\u00fdch a hrav\u00fdch d\u011bt\u00ed, \u00fa\u010dastn\u00edc\u00edch se jejich her, dokonce hned dvakr\u00e1t! Klobouk dol\u016f..! Bravo! O v\u00fdpl\u0148 druh\u00e9 p\u0159est\u00e1vky (ok\u00e9nko do cyklistick\u00e9 historie) se postarali t\u00e1ta a syn, <strong><span style=\"color: #800000;\">Radek a Mat\u011bj Kalinovi<\/span> <\/strong>z Letovic, kte\u0159\u00ed zaujali bravurn\u00ed j\u00edzdou na historick\u00fdch kolech z druh\u00e9 poloviny 19. stolet\u00ed&#8230; A i n\u00e1sledn\u00e9 slovn\u00ed p\u0159edstaven\u00ed t\u011bchto historick\u00fdch speci\u00e1l\u016f, v pod\u00e1n\u00ed Radka Kaliny, p\u0159\u00edtomn\u00e9 hodn\u011b zaujalo&#8230; Super! V hor\u00e1ck\u00e9m n\u00e1\u0159e\u010d\u00ed by se hodila citovat v\u011bta: &#8222;Bez trestnyho bodo&#8230;&#8220;!<\/p>\n<figure id=\"attachment_14167\" aria-describedby=\"caption-attachment-14167\" style=\"width: 3403px\" class=\"wp-caption alignnone\"><a href=\"http:\/\/www.moravecteam.cz\/?attachment_id=14167\" rel=\"attachment wp-att-14167\"><img decoding=\"async\" loading=\"lazy\" class=\" wp-image-14167\" alt=\"DSC_0111\" src=\"http:\/\/www.moravecteam.cz\/wp-content\/uploads\/2019\/11\/DSC_0111.jpg\" width=\"3403\" height=\"2679\" srcset=\"https:\/\/www.moravecteam.cz\/wp-content\/uploads\/2019\/11\/DSC_0111.jpg 3403w, https:\/\/www.moravecteam.cz\/wp-content\/uploads\/2019\/11\/DSC_0111-300x236.jpg 300w, https:\/\/www.moravecteam.cz\/wp-content\/uploads\/2019\/11\/DSC_0111-1024x806.jpg 1024w\" sizes=\"(max-width: 3403px) 100vw, 3403px\" \/><\/a><figcaption id=\"caption-attachment-14167\" class=\"wp-caption-text\">Kluci Kalinovic n\u00e1s p\u0159enesli v \u010dase zp\u011bt o t\u00e9m\u011b\u0159 200 let&#8230;<\/figcaption><\/figure>\n<p style=\"text-align: justify;\">V souvislosti s VV mus\u00ed zazn\u00edt dal\u0161\u00ed dv\u011b &#8222;special thanks&#8220;: p\u0159edev\u0161\u00edm <strong><span style=\"color: #800000;\">Maru\u0161ce Zouharov\u00e9<\/span><\/strong>, na\u0161\u00ed nen\u00e1padn\u00e9 pomocnici, kterou m\u00e1me tak moc r\u00e1di, a kter\u00e9 si tak moc v\u00e1\u017e\u00edme&#8230; Vlastoru\u010dn\u011b vyrobila pro v\u0161echny v\u00edt\u011bze (a nejen pro n\u011b) kor\u00e1lkov\u00e9 n\u00e1ramky v barv\u00e1ch MTB &#8222;Vrchoviny&#8220;! Kdy\u017e uv\u00e1\u017e\u00edte, \u017ee ru\u010dn\u00ed motorick\u00e9 schopnosti Maru\u0161ky jsou\u00a0 omezen\u00e9, odvedla p\u0159i t\u00e9to pr\u00e1ci obdivuhodn\u00fd v\u00fdkon! Bravo Maru\u0161ko a moc d\u011bkujeme!<\/p>\n<figure id=\"attachment_14168\" aria-describedby=\"caption-attachment-14168\" style=\"width: 4502px\" class=\"wp-caption alignnone\"><a href=\"http:\/\/www.moravecteam.cz\/?attachment_id=14168\" rel=\"attachment wp-att-14168\"><img decoding=\"async\" loading=\"lazy\" class=\" wp-image-14168\" alt=\"DSC_0024\" src=\"http:\/\/www.moravecteam.cz\/wp-content\/uploads\/2019\/11\/DSC_0024.jpg\" width=\"4502\" height=\"3371\" srcset=\"https:\/\/www.moravecteam.cz\/wp-content\/uploads\/2019\/11\/DSC_0024.jpg 4502w, https:\/\/www.moravecteam.cz\/wp-content\/uploads\/2019\/11\/DSC_0024-300x224.jpg 300w, https:\/\/www.moravecteam.cz\/wp-content\/uploads\/2019\/11\/DSC_0024-1024x766.jpg 1024w\" sizes=\"(max-width: 4502px) 100vw, 4502px\" \/><\/a><figcaption id=\"caption-attachment-14168\" class=\"wp-caption-text\">Maru\u0161\u010din n\u00e1ramek, p\u0159\u00edmo z jej\u00edch rukou&#8230; Velmi cenn\u00fd d\u00e1rek z Ve\u010dera v\u00edt\u011bz\u016f&#8230;<\/figcaption><\/figure>\n<p style=\"text-align: justify;\">Druh\u00fd n\u00e1\u0161 &#8222;special thanks&#8220; pat\u0159\u00ed\u00a0 starostovi obc Such\u00fd, <strong><span style=\"color: #800000;\">Jakubovi Hlubinkovi,<\/span><\/strong> kter\u00fd n\u00e1m pro akci zcela bezplatn\u011b m\u00edstn\u00ed kuturn\u00ed d\u016fm poskytnul a co v\u00edc: na pr\u00e1ce p\u0159i p\u0159\u00edprav\u011b a likvidaci akce n\u00e1m poskytnul i svoje \u010dty\u0159i prvot\u0159\u00eddn\u00ed obecn\u00ed pracanty: Bravo Kubo, moc d\u011bkujeme! \u017de by se jela v r.2020 m\u00edsto z\u00e1vodu v NMnM po letech op\u011bt velk\u00e1 cena obce Such\u00fd? \u017de by byl na obzoru velk\u00fd &#8222;come-back&#8220;? Uvid\u00edme&#8230; Potenci\u00e1l na toto obec Such\u00fd beze sporu m\u00e1&#8230;<\/p>\n<figure id=\"attachment_14169\" aria-describedby=\"caption-attachment-14169\" style=\"width: 4839px\" class=\"wp-caption alignnone\"><a href=\"http:\/\/www.moravecteam.cz\/?attachment_id=14169\" rel=\"attachment wp-att-14169\"><img decoding=\"async\" loading=\"lazy\" class=\" wp-image-14169\" alt=\"DSC_0129\" src=\"http:\/\/www.moravecteam.cz\/wp-content\/uploads\/2019\/11\/DSC_0129.jpg\" width=\"4839\" height=\"3264\" srcset=\"https:\/\/www.moravecteam.cz\/wp-content\/uploads\/2019\/11\/DSC_0129.jpg 4839w, https:\/\/www.moravecteam.cz\/wp-content\/uploads\/2019\/11\/DSC_0129-300x202.jpg 300w, https:\/\/www.moravecteam.cz\/wp-content\/uploads\/2019\/11\/DSC_0129-1024x690.jpg 1024w\" sizes=\"(max-width: 4839px) 100vw, 4839px\" \/><\/a><figcaption id=\"caption-attachment-14169\" class=\"wp-caption-text\">Dres MORAVEC Teamu na presti\u017en\u00ed &#8222;bedn\u011b&#8220; elitn\u00ed kategori mu\u017e\u016f!<\/figcaption><\/figure>\n<p style=\"text-align: justify;\">Nen\u00ed ale lidsk\u00e9ho kon\u00e1n\u00ed, kter\u00e9 by nevyk\u00e1zalo chyb (neb p\u0159i na\u0161\u00ed snaze ud\u011blat n\u011bco pro druh\u00e9 nejsme bezchybn\u00fdmi stroji, ale chybuj\u00edc\u00edmi lidmi&#8230;). Tak\u017ee ty m\u00ednusy: ur\u010dit\u011b mus\u00edme p\u0159\u00ed\u0161t\u011b va VV (p\u0159ipom\u00edn\u00e1m, \u017ee\u00a0 to nen\u00ed\u00a0 zkratka ji\u017e d\u00e1vno mrtv\u00e9 politick\u00e9 strany &#8222;V\u011bci ve\u0159ejn\u00e9&#8220;, ale zkratka na\u0161eho Ve\u010deru V\u00edt\u011bz\u016f) pozvat zakladatele MTB &#8222;Vrchoviny&#8220; pana <strong><span style=\"color: #800000;\">Aloise Hlo\u017eka<\/span><\/strong> z Okrouhl\u00e9. Ob\u010derstven\u00ed bude t\u0159eba p\u0159ipravit s p\u0159edstihem, aby v \u010dase p\u0159ed zah\u00e1jen\u00edm akce nemusela\u00a0 &#8222;ob\u010derstvovaci jednotka&#8220; za\u017e\u00edvat v &#8222;ob\u010derstvovac\u00edm okopu&#8220; tak &#8222;t\u011b\u017ekou palbu&#8220; a toliko se potit&#8230; Bude t\u0159eba i ostatn\u00edm MORAVC\u016eM, kter\u00fdch se nebude VV t\u00fdkat (proto\u017ee se na odm\u011b\u0148ovan\u00fdch pozic\u00edch neum\u00edstnili &#8211; co\u017e se mohlo st\u00e1t z r\u016fzn\u00fdch d\u016fvod\u016f), zd\u016fraznit, \u017ee jejich \u00fa\u010dast na ve\u010deru je samoz\u0159ejm\u011b mo\u017en\u00e1: bu\u010f v pozici pomocn\u00edk\u016f s organizac\u00ed ve\u010dera a nebo jako statick\u00fdch \u00fa\u010dastn\u00edk\u016f, tleskaj\u00edc\u00edch&#8230; Opravdu nikdo nikdy nikomu nechce a nebude \u017e\u00e1dn\u00e9mu neumistniv\u0161\u00edmu se MORAVCI \u00fa\u010dast na VV zakazovat&#8230; A j\u00e1 jsem moc r\u00e1d, by\u0165 jsem to takhle &#8222;po lopat\u011b&#8220; p\u0159ed VV nevysv\u011btloval (moc se V\u00e1m za to touto cestou omlouv\u00e1m), \u017ee to p\u0159i premi\u00e9rov\u00e9m VV drtiv\u00e1 v\u011bt\u0161ina MORAVC\u016e pochopila spr\u00e1vn\u011b!<\/p>\n<figure id=\"attachment_14171\" aria-describedby=\"caption-attachment-14171\" style=\"width: 4000px\" class=\"wp-caption alignnone\"><a href=\"http:\/\/www.moravecteam.cz\/?attachment_id=14171\" rel=\"attachment wp-att-14171\"><img decoding=\"async\" loading=\"lazy\" class=\" wp-image-14171\" alt=\"DSC_0091\" src=\"http:\/\/www.moravecteam.cz\/wp-content\/uploads\/2019\/11\/DSC_0091.jpg\" width=\"4000\" height=\"2591\" srcset=\"https:\/\/www.moravecteam.cz\/wp-content\/uploads\/2019\/11\/DSC_0091.jpg 4000w, https:\/\/www.moravecteam.cz\/wp-content\/uploads\/2019\/11\/DSC_0091-300x194.jpg 300w, https:\/\/www.moravecteam.cz\/wp-content\/uploads\/2019\/11\/DSC_0091-1024x663.jpg 1024w\" sizes=\"(max-width: 4000px) 100vw, 4000px\" \/><\/a><figcaption id=\"caption-attachment-14171\" class=\"wp-caption-text\">J\u00e1n Svorada s Danem Turkem oce\u0148uj\u00ed jeden z objev\u016f leto\u0161n\u00ed cyklistick\u00e9 sez\u00f3ny &#8211; Eli\u0161ku Han\u00e1kovou!<\/figcaption><\/figure>\n<p style=\"text-align: justify;\">Dal\u0161\u00ed &#8222;mu\u0161kou&#8220; byla skute\u010dnost, \u017ee autogrami\u00e1da, kter\u00e1 prob\u011bhla po druh\u00e9m bloku vyhla\u0161ov\u00e1n\u00ed celkov\u00fdch v\u00edt\u011bz\u016f, m\u011bla b\u00fdt podle p\u016fvodn\u00edho l\u00e1nu s v\u00edce lidmi: p\u011btici V\u00edtkov\u00e1, Svorada, Turek, Marek a Zapletal m\u011bli je\u0161t\u011b doplnit Ad\u00e9la \u0160af\u00e1\u0159ov\u00e1, Eli\u0161ka Han\u00e1kov\u00e1 a Tom\u00e1\u0161 Tlamka &#8222;Contador&#8220;. Jist\u011b i jejich signatury by byli pro &#8222;lovce&#8220; podpis\u016f dost cenn\u00e9&#8230; P\u0159\u00ed\u0161t\u011b&#8230;<\/p>\n<figure id=\"attachment_14170\" aria-describedby=\"caption-attachment-14170\" style=\"width: 1829px\" class=\"wp-caption alignnone\"><a href=\"http:\/\/www.moravecteam.cz\/?attachment_id=14170\" rel=\"attachment wp-att-14170\"><img decoding=\"async\" loading=\"lazy\" class=\" wp-image-14170\" alt=\"DSC_0076\" src=\"http:\/\/www.moravecteam.cz\/wp-content\/uploads\/2019\/11\/DSC_0076.jpg\" width=\"1829\" height=\"2184\" srcset=\"https:\/\/www.moravecteam.cz\/wp-content\/uploads\/2019\/11\/DSC_0076.jpg 1829w, https:\/\/www.moravecteam.cz\/wp-content\/uploads\/2019\/11\/DSC_0076-251x300.jpg 251w, https:\/\/www.moravecteam.cz\/wp-content\/uploads\/2019\/11\/DSC_0076-857x1024.jpg 857w\" sizes=\"(max-width: 1829px) 100vw, 1829px\" \/><\/a><figcaption id=\"caption-attachment-14170\" class=\"wp-caption-text\">B\u00fdval\u00fd \u0161ampion blahop\u0159eje budouc\u00ed \u0161ampionce? V\u011b\u0159\u00edme, \u017ee \u010das potvrd\u00ed tuto progn\u00f3zu!<\/figcaption><\/figure>\n<p style=\"text-align: justify;\">Je\u0161t\u011b jednou d\u00edky v\u0161em, kter\u0159\u00ed se o zdar akce zaslou\u017eili! \u017de se to l\u00edbilo, potvrzuje SMS zpr\u00e1va, kterou jsem &#8222;den pot\u00e9&#8220; obdr\u017eel od prezidenta \u010cesk\u00e9ho svazu cyklistiky. Zde je jej\u00ed &#8222;full version&#8220;: <em><strong><span style=\"color: #800000;\">&#8222;Petre, dekujeme za hezky vecer! Bylo to moc hezke a citili jsme se u Vas jako mezi svymi \ud83d\ude42 Tesim se na dalsi setkani. Petr.<\/span> <\/strong><\/em>Fotogalerie Lidu\u0161ky Ad\u00e1mkov\u00e9 a Karla V\u0161etuly omrkn\u011bte zde:<\/p>\n<ul>\n<li><strong><a href=\"https:\/\/moravecteam.rajce.idnes.cz\/2019.11.08_Vecer_vitezu_MTB_PDV\/\">Fotogalerie \u010d.1<\/a><\/strong><\/li>\n<li><strong><a href=\"https:\/\/moravecteam.rajce.idnes.cz\/2019.11.08_Vecer_vitezu_MTB_PDV_-_2\/\">Fotogalerie \u010d.2<\/a><\/strong><\/li>\n<\/ul>\n<p style=\"text-align: justify;\">Dal\u0161\u00ed info k akci se m\u016f\u017eete dozv\u011bd\u011bt na <strong><a href=\"http:\/\/www.pohardrahanskevrchoviny.cz\/vrchovina-cili\/\">webov\u00fdch str\u00e1nk\u00e1ch MTB &#8222;Vrchoviny&#8220;<\/a>&#8230;<\/strong><\/p>\n<figure id=\"attachment_14172\" aria-describedby=\"caption-attachment-14172\" style=\"width: 4216px\" class=\"wp-caption alignnone\"><a href=\"http:\/\/www.moravecteam.cz\/?attachment_id=14172\" rel=\"attachment wp-att-14172\"><img decoding=\"async\" loading=\"lazy\" class=\" wp-image-14172\" alt=\"DSC_0139\" src=\"http:\/\/www.moravecteam.cz\/wp-content\/uploads\/2019\/11\/DSC_0139.jpg\" width=\"4216\" height=\"3054\" srcset=\"https:\/\/www.moravecteam.cz\/wp-content\/uploads\/2019\/11\/DSC_0139.jpg 4216w, https:\/\/www.moravecteam.cz\/wp-content\/uploads\/2019\/11\/DSC_0139-300x217.jpg 300w, https:\/\/www.moravecteam.cz\/wp-content\/uploads\/2019\/11\/DSC_0139-1024x741.jpg 1024w\" sizes=\"(max-width: 4216px) 100vw, 4216px\" \/><\/a><figcaption id=\"caption-attachment-14172\" class=\"wp-caption-text\">Byl to ve\u010der \u00fasm\u011bv\u016f&#8230; Jak z reklamy na zubn\u00ed pasty&#8230;<\/figcaption><\/figure>\n","protected":false},"excerpt":{"rendered":"<p>Slavnostn\u00ed Ve\u010der v\u00edt\u011bz\u016f MTB Poh\u00e1ru Drahansk\u00e9 vrchoviny 2019, kter\u00fd m\u011bl v osmn\u00e1ctilet\u00e9 historii kultovn\u00ed bikov\u00e9 s\u00e9rie svoji premi\u00e9ru a jeho\u017e organizace se ujal koordin\u00e1tor seri\u00e1lu &#8211; MORAVEC Team, se &#8211; dle n\u00e1sledn\u00e9 reakce host\u016f a p\u0159\u00edm\u00fdch \u00fa\u010dastn\u00edk\u016f &#8211; vyda\u0159il! A velk\u00fd d\u00edk pat\u0159\u00ed v\u0161em MORAVC\u016eM, kte\u0159\u00ed se o zdar akce zaslou\u017eili! S\u00e1zka na &#8222;novou okysli\u010duj\u00edc\u00ed &hellip; <a href=\"https:\/\/www.moravecteam.cz\/?p=14151\" class=\"more-link\">Pokra\u010dov\u00e1n\u00ed textu <span class=\"screen-reader-text\">Vyda\u0159en\u00e1 premi\u00e9ra!<\/span> <span class=\"meta-nav\">&rarr;<\/span><\/a><\/p>\n","protected":false},"author":3,"featured_media":14161,"comment_status":"open","ping_status":"closed","sticky":false,"template":"","format":"standard","meta":[],"categories":[13],"tags":[],"_links":{"self":[{"href":"https:\/\/www.moravecteam.cz\/index.php?rest_route=\/wp\/v2\/posts\/14151"}],"collection":[{"href":"https:\/\/www.moravecteam.cz\/index.php?rest_route=\/wp\/v2\/posts"}],"about":[{"href":"https:\/\/www.moravecteam.cz\/index.php?rest_route=\/wp\/v2\/types\/post"}],"author":[{"embeddable":true,"href":"https:\/\/www.moravecteam.cz\/index.php?rest_route=\/wp\/v2\/users\/3"}],"replies":[{"embeddable":true,"href":"https:\/\/www.moravecteam.cz\/index.php?rest_route=%2Fwp%2Fv2%2Fcomments&post=14151"}],"version-history":[{"count":16,"href":"https:\/\/www.moravecteam.cz\/index.php?rest_route=\/wp\/v2\/posts\/14151\/revisions"}],"predecessor-version":[{"id":14181,"href":"https:\/\/www.moravecteam.cz\/index.php?rest_route=\/wp\/v2\/posts\/14151\/revisions\/14181"}],"wp:featuredmedia":[{"embeddable":true,"href":"https:\/\/www.moravecteam.cz\/index.php?rest_route=\/wp\/v2\/media\/14161"}],"wp:attachment":[{"href":"https:\/\/www.moravecteam.cz\/index.php?rest_route=%2Fwp%2Fv2%2Fmedia&parent=14151"}],"wp:term":[{"taxonomy":"category","embeddable":true,"href":"https:\/\/www.moravecteam.cz\/index.php?rest_route=%2Fwp%2Fv2%2Fcategories&post=14151"},{"taxonomy":"post_tag","embeddable":true,"href":"https:\/\/www.moravecteam.cz\/index.php?rest_route=%2Fwp%2Fv2%2Ftags&post=14151"}],"curies":[{"name":"wp","href":"https:\/\/api.w.org\/{rel}","templated":true}]}}