{"id":14182,"date":"2019-11-17T23:22:33","date_gmt":"2019-11-17T22:22:33","guid":{"rendered":"http:\/\/www.moravecteam.cz\/?p=14182"},"modified":"2019-11-17T23:25:17","modified_gmt":"2019-11-17T22:25:17","slug":"co-se-bude-dit-st46-5","status":"publish","type":"post","link":"https:\/\/www.moravecteam.cz\/?p=14182","title":{"rendered":"Co se bude d\u00edt? (ST46)"},"content":{"rendered":"<h5><strong><span style=\"color: #800000;\">Term\u00ednov\u00fd kalend\u00e1\u0159 MORAVEC Team 2019:<\/span><\/strong><\/h5>\n<p><a href=\"http:\/\/www.moravecteam.cz\/?attachment_id=13036\" rel=\"attachment wp-att-13036\">\u00a0<\/a><strong><a href=\"http:\/\/www.moravecteam.cz\/?attachment_id=13784\" rel=\"attachment wp-att-13784\">MORAVEC Team &#8211; term\u00ednov\u00fd kalend\u00e1\u0159 2019 &#8211; 2<\/a><\/strong><\/p>\n<h5><strong><span style=\"color: #800000;\">Pond\u011bl\u00ed 18.11. 2019<\/span><\/strong><\/h5>\n<p style=\"text-align: justify;\"><span style=\"color: #000000;\">Od 17.00 hodin MTB technick\u00e1 pr\u016fprava &#8211; Zimn\u00ed stadion Blansko\u00a0 -pod veden\u00edm\u00a0<strong><span style=\"color: #800000;\">Libora Barto\u0161e<\/span><\/strong>\u00a0a\u00a0<strong><span style=\"color: #800000;\">Jirky \u017dern\u00ed\u010dka<\/span><\/strong>. Dovezte si svoje z\u00e1vodn\u00ed kola!<\/span><\/p>\n<h5><strong><span style=\"color: #800000;\">St\u0159eda 20.11. 2019<\/span><\/strong><\/h5>\n<p style=\"text-align: justify;\">Cvi\u010den\u00ed v t\u011blocvi\u010dn\u011b Z\u0160 Bene\u0161ov od 16.30 do 18.00 pod veden\u00edm\u00a0\u00a0<strong><span style=\"color: #800000;\">Petra Koudelky<\/span><\/strong>. V r\u00e1mci cvi\u010den\u00ed p\u0159ed\u00e1 <strong><span style=\"color: #800000;\">Lenka Tlamkov\u00e1<\/span><\/strong>\u00a0 nov\u00e1\u010dk\u016fm\u00a0 dresy a odd\u00edlov\u00e9 oble\u010den\u00ed v majetku MORAVEC Teamu, kter\u00e9 byli v rezerv\u011b, a kter\u00e9 n\u00e1m vr\u00e1tili z\u00e1vodn\u00edci, kte\u0159\u00ed z p\u0159estupuj\u00ed do jin\u00fdch odd\u00edl\u016f.<\/p>\n<h5><span style=\"color: #800000;\">\u010ctvrtek 21.11. 2019<\/span><\/h5>\n<p style=\"text-align: justify;\">Plaveck\u00e1 p\u0159\u00edprava v l\u00e1zn\u00edch Boskovice od 18.00 do 19.00 hodin pod vedn\u00edm\u00a0<strong><span style=\"color: #800000;\">Martina Posp\u00ed\u0161ila<\/span><\/strong>\u00a0a\u00a0<span style=\"color: #800000;\"><strong>Ad\u00e9ly \u0160af\u00e1\u0159ov\u00e9<\/strong><\/span>.<\/p>\n<h5><span style=\"color: #800000;\">P\u00e1tek 22.11. 2019<\/span><\/h5>\n<p style=\"text-align: justify;\">P\u00e1t\u00e9 p\u00e1te\u010dn\u00ed cvi\u010den\u00ed, za\u00a0 Vojtu Gr\u00fcna (omluvil se), zasko\u010d\u00ed op\u011bt\u00a0<strong><span style=\"color: #800000;\">Petr Koudelka<\/span><\/strong>.\u00a0Od 18.00 do 20.00 v t\u011blocvi\u010dn\u011b p\u0159i Z\u0160 Bene\u0161ov. <span style=\"text-decoration: underline;\"><strong><span style=\"color: #800000; text-decoration: underline;\">Po cvi\u010den\u00ed prob\u011bhne sch\u016fzka z\u00e1vodn\u00edk\u016f s tren\u00e9ry, proto pros\u00edm o Va\u0161i \u00fa\u010dast v maxim\u00e1ln\u00edm mo\u017en\u00e9m po\u010dtu<\/span><\/strong>!<\/span><\/p>\n<h5><span style=\"color: #800000;\">Ned\u011ble 24.11. 2019<\/span><\/h5>\n<ul>\n<li style=\"text-align: justify;\">Tr\u00e9nink z\u00e1kladn\u00ed vytrvalosti formou rychl\u00e9 ch\u016fze. Sraz ve 13.30\u00a0u budovy Z\u00e1kladn\u00ed \u0161koly v Bene\u0161ov\u011b (tam, co prob\u00edhaj\u00ed st\u0159ede\u010dn\u00ed cvi\u010den\u00ed).<\/li>\n<\/ul>\n<h5><span style=\"color: #800000;\">AKCE T\u011aSN\u011a ZA HORIZONTEM<\/span><\/h5>\n<ul>\n<li>\n<div style=\"text-align: justify;\"><strong><span style=\"color: #800000;\">30.11. 2019<\/span><\/strong>\u00a0&#8211; sobota\u00a0&#8211; osm\u00fd\u00a0z\u00e1vod \u010cP v cyklokrosu v Kol\u00edn\u011b. T\u00fdk\u00e1 se na\u0161\u00ed DCR (Do\u010dasn\u00e9 Cyklokrosov\u00e9 Roty). Zde studujte<strong><span style=\"color: #339966;\">\u00a0<\/span><span style=\"color: #008000;\"><a href=\"http:\/\/www.cyklokros.cz\/data\/web\/toitoicup\/2019\/kolin_propozice_2019.pdf\"><span style=\"color: #008000;\">propozice.<\/span><\/a><\/span><\/strong><\/div>\n<\/li>\n<li style=\"text-align: justify;\"><strong><span style=\"color: #800000;\">30.11. 2019<\/span><\/strong> &#8211; sobota &#8211; 2. z\u00e1vod Brn\u011bnsk\u00e9ho b\u011b\u017eeck\u00e9ho poh\u00e1ru &#8211; Mikul\u00e1\u0161sk\u00fd b\u011bh v Okrouhl\u00e9. Zde studujte <strong><a href=\"https:\/\/www.atletikauni.cz\/cz\/s1522\/Kalendar-akci\/Seznam-akci\/c2130-Detail-akce\/ata702-BBP-2-Mikulassky-beh-Okrouhla\">propozice&#8230;<\/a><\/strong><\/li>\n<li style=\"text-align: justify;\">\n<div><strong><span style=\"color: #800000;\">1.12. 2019<\/span><\/strong>\u00a0&#8211; ned\u011ble\u00a0&#8211; dev\u00e1t\u00fd\u00a0\u00a0z\u00e1vod \u010cP v cyklokrosu v \u010c\u00e1slavi. T\u00fdk\u00e1 se na\u0161\u00ed DCR (Do\u010dasn\u00e9 Cyklokrosov\u00e9 Roty). Zde studujte<strong>\u00a0<a href=\"http:\/\/www.cyklokros.cz\/data\/web\/toitoicup\/2019\/caslav_propozice_2019.pdf\">propozice<\/a>.<\/strong><\/div>\n<\/li>\n<li style=\"text-align: justify;\">\n<div><span style=\"color: #800000;\"><strong>7.12. 2019\u00a0<\/strong><\/span>&#8211; sobota\u00a0&#8211; des\u00e1t\u00fd\u00a0\u00a0z\u00e1vod \u010cP v cyklokrosu v Jabkenic\u00edch. T\u00fdk\u00e1 se na\u0161\u00ed DCR (Do\u010dasn\u00e9 Cyklokrosov\u00e9 Roty). Zde studujte\u00a0<strong><a href=\"http:\/\/www.cyklokros.cz\/data\/web\/toitoicup\/2019\/jabkenice_propozice_2019.pdf\">propozice<\/a>.<\/strong><\/div>\n<\/li>\n<li style=\"text-align: justify;\">\n<div><strong><span style=\"color: #800000;\">14.12. 2019<\/span><\/strong>\u00a0&#8211; sobota\u00a0&#8211; M\u010cR v cyklokrosu v Uni\u010dov\u011b.\u00a0T\u00fdk\u00e1 se na\u0161\u00ed DCR (Do\u010dasn\u00e9 Cyklokrosov\u00e9 Roty).Zde studujte\u00a0<strong><a href=\"http:\/\/www.cyklokros.cz\/data\/web\/toitoicup\/2019\/unicov_propozice_2019.pdf\">propozice<\/a>.<\/strong><\/div>\n<\/li>\n<li style=\"text-align: justify;\">\n<div><span style=\"color: #800000;\"><strong>15.12. 2019<\/strong><\/span>\u00a0&#8211; ned\u011ble\u00a0&#8211; n\u00e1v\u0161t\u011bva pietn\u00edch m\u00edst Vlastimila MORAVCE v Brn\u011b. Pr\u016fb\u011bh v\u00fdletu bude v\u010das up\u0159esn\u011bn.<\/div>\n<\/li>\n<li>\n<div style=\"text-align: justify;\"><strong><span style=\"color: #800000;\">27.12. 2019\u00a0<\/span><\/strong>&#8211;\u00a0p\u00e1tek\u00a0&#8211; tradi\u010dn\u00ed v\u00fdro\u010dn\u00ed odd\u00edlov\u00e9 ro(c)kov\u00e1n\u00ed, vyhl\u00e1\u0161en\u00ed v\u00fdro\u010dn\u00edch cen. Od 15.00 hodin v restauraci Morava Bene\u0161ov.<\/div>\n<\/li>\n<\/ul>\n<h5><span style=\"color: #800000;\">AKCE\u00a0 ZA\u00a0DV\u011aMA HORIZONTY<\/span><\/h5>\n<ul>\n<li style=\"text-align: justify;\"><strong><span style=\"color: #800000;\">1.1. 2020\u00a0&#8211; st\u0159eda\u00a0<\/span><\/strong>&#8211; Silvestrovsk\u00e1 v\u00fdji\u017e\u010fka na kolech &#8211; pravd\u011bpodobn\u011b op\u011bt sm\u011br penzion Lada, Repechy. Pr\u016fb\u011bh cyklov\u00fdletu bude v\u010das up\u0159esn\u011bn &#8211; i s ohledem na aktu\u00e1ln\u00ed po\u010das\u00ed.<\/li>\n<li style=\"text-align: justify;\"><span style=\"color: #800000;\"><strong>9.- 16.2. 2020<\/strong><\/span>\u00a0&#8211; zimn\u00ed soust\u0159ed\u011bn\u00ed v Jesen\u00edk\u00e1ch &#8211; na tradi\u010dn\u00edm m\u00edst\u011b &#8211; chata N\u00e1vr\u0161\u00ed.\u00a0Seznam je k 17.11. 2019 se sluncem z\u00e1padu v po\u010dtu 32 osob uzav\u0159en.<\/li>\n<\/ul>\n","protected":false},"excerpt":{"rendered":"<p>Term\u00ednov\u00fd kalend\u00e1\u0159 MORAVEC Team 2019: \u00a0MORAVEC Team &#8211; term\u00ednov\u00fd kalend\u00e1\u0159 2019 &#8211; 2 Pond\u011bl\u00ed 18.11. 2019 Od 17.00 hodin MTB technick\u00e1 pr\u016fprava &#8211; Zimn\u00ed stadion Blansko\u00a0 -pod veden\u00edm\u00a0Libora Barto\u0161e\u00a0a\u00a0Jirky \u017dern\u00ed\u010dka. Dovezte si svoje z\u00e1vodn\u00ed kola! St\u0159eda 20.11. 2019 Cvi\u010den\u00ed v t\u011blocvi\u010dn\u011b Z\u0160 Bene\u0161ov od 16.30 do 18.00 pod veden\u00edm\u00a0\u00a0Petra Koudelky. V r\u00e1mci cvi\u010den\u00ed p\u0159ed\u00e1 Lenka &hellip; <a href=\"https:\/\/www.moravecteam.cz\/?p=14182\" class=\"more-link\">Pokra\u010dov\u00e1n\u00ed textu <span class=\"screen-reader-text\">Co se bude d\u00edt? (ST46)<\/span> <span class=\"meta-nav\">&rarr;<\/span><\/a><\/p>\n","protected":false},"author":3,"featured_media":14185,"comment_status":"open","ping_status":"closed","sticky":false,"template":"","format":"standard","meta":[],"categories":[11],"tags":[],"_links":{"self":[{"href":"https:\/\/www.moravecteam.cz\/index.php?rest_route=\/wp\/v2\/posts\/14182"}],"collection":[{"href":"https:\/\/www.moravecteam.cz\/index.php?rest_route=\/wp\/v2\/posts"}],"about":[{"href":"https:\/\/www.moravecteam.cz\/index.php?rest_route=\/wp\/v2\/types\/post"}],"author":[{"embeddable":true,"href":"https:\/\/www.moravecteam.cz\/index.php?rest_route=\/wp\/v2\/users\/3"}],"replies":[{"embeddable":true,"href":"https:\/\/www.moravecteam.cz\/index.php?rest_route=%2Fwp%2Fv2%2Fcomments&post=14182"}],"version-history":[{"count":6,"href":"https:\/\/www.moravecteam.cz\/index.php?rest_route=\/wp\/v2\/posts\/14182\/revisions"}],"predecessor-version":[{"id":14189,"href":"https:\/\/www.moravecteam.cz\/index.php?rest_route=\/wp\/v2\/posts\/14182\/revisions\/14189"}],"wp:featuredmedia":[{"embeddable":true,"href":"https:\/\/www.moravecteam.cz\/index.php?rest_route=\/wp\/v2\/media\/14185"}],"wp:attachment":[{"href":"https:\/\/www.moravecteam.cz\/index.php?rest_route=%2Fwp%2Fv2%2Fmedia&parent=14182"}],"wp:term":[{"taxonomy":"category","embeddable":true,"href":"https:\/\/www.moravecteam.cz\/index.php?rest_route=%2Fwp%2Fv2%2Fcategories&post=14182"},{"taxonomy":"post_tag","embeddable":true,"href":"https:\/\/www.moravecteam.cz\/index.php?rest_route=%2Fwp%2Fv2%2Ftags&post=14182"}],"curies":[{"name":"wp","href":"https:\/\/api.w.org\/{rel}","templated":true}]}}