{"id":14191,"date":"2019-11-24T19:18:18","date_gmt":"2019-11-24T18:18:18","guid":{"rendered":"http:\/\/www.moravecteam.cz\/?p=14191"},"modified":"2019-11-25T20:03:56","modified_gmt":"2019-11-25T19:03:56","slug":"cyklokrosove-tazeni-3","status":"publish","type":"post","link":"https:\/\/www.moravecteam.cz\/?p=14191","title":{"rendered":"Cyklokrosov\u00e9 ta\u017een\u00ed&#8230;-2"},"content":{"rendered":"<p style=\"text-align: justify;\"><strong><span style=\"color: #800000;\">&#8230; pro MORAVEC Team st\u00e1le pokra\u010duje. \u010cesk\u00fd poh\u00e1r v t\u00e9to cyklistick\u00e9 disciplin\u011b se ji\u017e p\u0159ehoupnul do sv\u00e9 druh\u00e9 poloviny a na dvou po sob\u011b jdouc\u00edch z\u00e1vodech, kter\u00e9 o prvn\u00edm listopadov\u00e9m &#8211; &#8222;du\u0161i\u010dkov\u00e9m&#8220; &#8211; v\u00edkendu pohostila Severn\u00ed Morava si op\u011bt vedly velice sympaticky t\u0159i na\u0161e kadetky &#8211;\u00a0 &#8222;gr\u00e1cie&#8220;, kter\u00e9 v t\u00e9to sout\u011b\u017ei letos n\u00e1\u0161 prapor dr\u017e\u00ed fakt hodn\u011b vysoko&#8230; Jedna z nich &#8211; Barbora Janovsk\u00e1 nav\u00edc stihla reprezentovat i na posledn\u00edm z\u00e1vodu Odesk\u00e9ho poh\u00e1ru, na p\u0159eboru JmK a &#8222;nep\u0159\u00edmo&#8220; byly na\u0161e barvy v akci i na cyklokrosov\u00e9m &#8222;sv\u011b\u0165\u00e1ku&#8220; v T\u00e1bo\u0159e, kter\u00fd se zde jel p\u0159ed t\u00fddnem.<\/span><\/strong><\/p>\n<figure id=\"attachment_14204\" aria-describedby=\"caption-attachment-14204\" style=\"width: 2907px\" class=\"wp-caption alignnone\"><a href=\"http:\/\/www.moravecteam.cz\/?attachment_id=14204\" rel=\"attachment wp-att-14204\"><img decoding=\"async\" loading=\"lazy\" class=\" wp-image-14204\" alt=\"DSC_0030\" src=\"http:\/\/www.moravecteam.cz\/wp-content\/uploads\/2019\/11\/DSC_0030.jpg\" width=\"2907\" height=\"3205\" srcset=\"https:\/\/www.moravecteam.cz\/wp-content\/uploads\/2019\/11\/DSC_0030.jpg 2907w, https:\/\/www.moravecteam.cz\/wp-content\/uploads\/2019\/11\/DSC_0030-272x300.jpg 272w, https:\/\/www.moravecteam.cz\/wp-content\/uploads\/2019\/11\/DSC_0030-928x1024.jpg 928w\" sizes=\"(max-width: 2907px) 100vw, 2907px\" \/><\/a><figcaption id=\"caption-attachment-14204\" class=\"wp-caption-text\">Eli\u0161ka Han\u00e1kov\u00e1 v R\u00fdma\u0159ov\u011b letos do t\u0159etice dos\u00e1hla na cyklokrosovou poh\u00e1rovou &#8222;bednu&#8220;!<\/figcaption><\/figure>\n<p style=\"text-align: justify;\">Severomoravsk\u00e1 m\u011bsta Ostrava a R\u00fdma\u0159ov se v rychl\u00e9m sledu pod\u011blila o po\u0159\u00e1d\u00e1n\u00ed cyklokrosov\u00fdch ml\u00e1de\u017eick\u00fdch poh\u00e1rov\u00fdch z\u00e1vod\u016f s po\u0159adov\u00fdmi \u010d\u00edsly 5 a 6. V sobotu se v Ostrav\u011b\u00a0 bl\u00fdskla v\u00fdborn\u00fdm v\u00fdkonem op\u011bt <strong><span style=\"color: #800000;\">Eli\u0161ka Han\u00e1kov\u00e1<\/span><\/strong>, kter\u00e1 v z\u00e1vod\u011b kadetek p\u0159i\u0161la o bronz o pouhou vte\u0159inku&#8230; Da\u0159ilo se i jej\u00edm t\u00fdmov\u00fdm kolegyn\u00edm: <strong><span style=\"color: #800000;\">Anna Han\u00e1kov\u00e1<\/span><\/strong> fini\u0161ovala v TOP 10 na 9. m\u00edst\u011b a <strong><span style=\"color: #800000;\">Barbora Janovsk\u00e1<\/span><\/strong> brala 41. m\u00edsto, \u010d\u00edm\u017e si vyrovnala sv\u016fj dosavadn\u00ed leto\u0161n\u00ed TOP v\u00fdsledek,\u00a0 kter\u00e9ho dos\u00e1hla na druh\u00e9m &#8222;poh\u00e1ru&#8220; v Hlinsku.<\/p>\n<figure id=\"attachment_14201\" aria-describedby=\"caption-attachment-14201\" style=\"width: 4114px\" class=\"wp-caption alignnone\"><a href=\"http:\/\/www.moravecteam.cz\/?attachment_id=14201\" rel=\"attachment wp-att-14201\"><img decoding=\"async\" loading=\"lazy\" class=\" wp-image-14201\" alt=\"DSC_0024\" src=\"http:\/\/www.moravecteam.cz\/wp-content\/uploads\/2019\/11\/DSC_00241.jpg\" width=\"4114\" height=\"3333\" srcset=\"https:\/\/www.moravecteam.cz\/wp-content\/uploads\/2019\/11\/DSC_00241.jpg 4114w, https:\/\/www.moravecteam.cz\/wp-content\/uploads\/2019\/11\/DSC_00241-300x243.jpg 300w, https:\/\/www.moravecteam.cz\/wp-content\/uploads\/2019\/11\/DSC_00241-1024x829.jpg 1024w\" sizes=\"(max-width: 4114px) 100vw, 4114px\" \/><\/a><figcaption id=\"caption-attachment-14201\" class=\"wp-caption-text\">Anna Han\u00e1kov\u00e1 zvl\u00e1d\u00e1 cyklokrosov\u00e9 v\u00fdb\u011bhy excelentn\u011b! V R\u00fdma\u0159ov\u011b se bl\u00fdskla um\u00edst\u011bn\u00edm v TOP5!<\/figcaption><\/figure>\n<p style=\"text-align: justify;\">O den pozd\u011bji p\u0159iv\u00edtal \u010deskou ml\u00e1de\u017enickou elitu R\u00fdma\u0159ov a byla to znovu <strong><span style=\"color: #800000;\">Eli\u0161ka Han\u00e1kov\u00e1<\/span><\/strong>, kter\u00e1 zajela op\u011bt v\u00fdborn\u011b a 2. m\u00edsto za &#8211; zat\u00edm letos zcela suver\u00e9nn\u00ed Kate\u0159inou Hlad\u00edkovou (IVAR CS &#8211; Author Team) &#8211; je ur\u010dit\u011b velice, velice cenn\u00e9&#8230; Stejn\u011b tak, jako ty dv\u011b p\u0159edchoz\u00ed\u00a0 st\u0159\u00edbra, kter\u00e1 ji\u017e letos Eli\u0161ka na cyklokosa\u0159sk\u00fdch poh\u00e1rech vyjela. A co v\u00edc: jej\u00ed ztr\u00e1ta necel\u00e9 p\u016fl minuty na v\u00edt\u011bzku nen\u00ed pro bl\u00ed\u017e\u00edc\u00ed se mistr\u00e1k v Uni\u010dov\u011b (14.12.2019), podle m\u00e9ho soudu, pro Eli\u0161ku Han\u00e1kovou ne\u0159e\u0161iteln\u00fd probl\u00e9m&#8230;<\/p>\n<figure id=\"attachment_14202\" aria-describedby=\"caption-attachment-14202\" style=\"width: 2820px\" class=\"wp-caption alignnone\"><a href=\"http:\/\/www.moravecteam.cz\/?attachment_id=14202\" rel=\"attachment wp-att-14202\"><img decoding=\"async\" loading=\"lazy\" class=\" wp-image-14202\" alt=\"DSC_0026\" src=\"http:\/\/www.moravecteam.cz\/wp-content\/uploads\/2019\/11\/DSC_0026.jpg\" width=\"2820\" height=\"2786\" srcset=\"https:\/\/www.moravecteam.cz\/wp-content\/uploads\/2019\/11\/DSC_0026.jpg 2820w, https:\/\/www.moravecteam.cz\/wp-content\/uploads\/2019\/11\/DSC_0026-25x25.jpg 25w, https:\/\/www.moravecteam.cz\/wp-content\/uploads\/2019\/11\/DSC_0026-300x296.jpg 300w, https:\/\/www.moravecteam.cz\/wp-content\/uploads\/2019\/11\/DSC_0026-1024x1011.jpg 1024w\" sizes=\"(max-width: 2820px) 100vw, 2820px\" \/><\/a><figcaption id=\"caption-attachment-14202\" class=\"wp-caption-text\">Cyklokrosa\u0159ka Barbora Janovsk\u00e1 &#8211; poprv\u00e9: na trati z\u00e1vodu \u010cesk\u00e9ho poh\u00e1ru.<\/figcaption><\/figure>\n<p style=\"text-align: justify;\">Skv\u011ble zajela R\u00fdma\u0159ov i <strong><span style=\"color: #800000;\">Anna Han\u00e1kov\u00e1<\/span><\/strong>, jej\u00ed\u017e 5. m\u00edsto je jej\u00edm dosavadn\u00edm nejlep\u0161\u00edm v\u00fdsledkem a t\u00edmto se tak za\u0159adila do pozice &#8222;\u010dern\u00e9ho kon\u011b&#8220; ve h\u0159e\u00a0 na Uni\u010dovsk\u00fd &#8222;mistr\u00e1k&#8220;. A aby t\u011bch polep\u0161en\u00ed nebylo v R\u00fdma\u0159ov\u011b m\u00e1lo: O p\u0159\u00ed\u010dku si svoje leto\u0161n\u00ed v\u00fdsledkov\u00e9 maximum vylep\u0161ila i v c\u00edli 40. <strong><span style=\"color: #800000;\">Barbora Janovsk\u00e1<\/span><\/strong>! Pozice na\u0161ich d\u011bv\u010dat v celkov\u00e9m hodnocen\u00ed \u010cP nem\u00e1 vypov\u00eddaj\u00edc\u00ed schopnost, nebo\u0165 holky nestartovaly &#8211; vzhledem k p\u0159\u00edpravn\u00e9mu charakteru t\u00e9to s\u00e9rie &#8211; zdaleka ve v\u0161ech z\u00e1vodech. Zde si m\u016f\u017eete odkontrolovat <strong><a href=\"http:\/\/www.cyklokros.cz\/cz\/toi-toi-cup\/toi-toi-cup-2019\">z Ostravy i R\u00fdma\u0159ova v\u00fdsledky<\/a>&#8230;<\/strong><\/p>\n<figure id=\"attachment_14207\" aria-describedby=\"caption-attachment-14207\" style=\"width: 688px\" class=\"wp-caption alignnone\"><a href=\"http:\/\/www.moravecteam.cz\/?attachment_id=14207\" rel=\"attachment wp-att-14207\"><img decoding=\"async\" loading=\"lazy\" class=\" wp-image-14207\" alt=\"IMG-20191114-WA0005\" src=\"http:\/\/www.moravecteam.cz\/wp-content\/uploads\/2019\/11\/IMG-20191114-WA0005.jpg\" width=\"688\" height=\"509\" srcset=\"https:\/\/www.moravecteam.cz\/wp-content\/uploads\/2019\/11\/IMG-20191114-WA0005.jpg 688w, https:\/\/www.moravecteam.cz\/wp-content\/uploads\/2019\/11\/IMG-20191114-WA0005-300x221.jpg 300w\" sizes=\"(max-width: 688px) 100vw, 688px\" \/><\/a><figcaption id=\"caption-attachment-14207\" class=\"wp-caption-text\">Cyklokrosa\u0159ka Barbora Janovsk\u00e1 &#8211; podruh\u00e9: v pln\u00e9 rychlosti na trati z\u00e1vodu v Brn\u011b.<\/figcaption><\/figure>\n<p style=\"text-align: justify;\">V ned\u011bli 16. listopadu vyvrcholil posledn\u00edm z\u00e1vodem v Krnov\u011b i\u00a0 Odersk\u00fd poh\u00e1r v cyklokrosu. <strong><span style=\"color: #800000;\">Barbora Janovsk\u00e1<\/span><\/strong> se znovu dok\u00e1zala prosadit v kategorii \u017ea\u010dek, kdy\u017e dojela t\u011bsn\u011b pod stupni\u00a0 v\u00edt\u011bz\u016f, na 4. m\u00edst\u011b. Pro zaj\u00edmavost: V kategorii star\u0161\u00edch \u017e\u00e1k\u016f se postavil na start dokonce i jej\u00ed mlad\u0161\u00ed bratr <strong><span style=\"color: #800000;\">Jon\u00e1\u0161 Janovsk\u00fd<\/span><\/strong>\u00a0 (narozen *2014 &#8211; z\u00e1vodil, samoz\u0159ejm\u011b na horsk\u00e9m kole, co\u017e pravidla dovoluj\u00ed), a po state\u010dn\u00e9m v\u00fdkonu si vyjel v z\u00e1vod\u011b jeden bod!<\/p>\n<figure id=\"attachment_14223\" aria-describedby=\"caption-attachment-14223\" style=\"width: 965px\" class=\"wp-caption alignnone\"><a href=\"http:\/\/www.moravecteam.cz\/?attachment_id=14223\" rel=\"attachment wp-att-14223\"><img decoding=\"async\" loading=\"lazy\" class=\" wp-image-14223\" alt=\"IMG-20191125-WA0006\" src=\"http:\/\/www.moravecteam.cz\/wp-content\/uploads\/2019\/11\/IMG-20191125-WA0006.jpg\" width=\"965\" height=\"582\" srcset=\"https:\/\/www.moravecteam.cz\/wp-content\/uploads\/2019\/11\/IMG-20191125-WA0006.jpg 965w, https:\/\/www.moravecteam.cz\/wp-content\/uploads\/2019\/11\/IMG-20191125-WA0006-300x180.jpg 300w\" sizes=\"(max-width: 965px) 100vw, 965px\" \/><\/a><figcaption id=\"caption-attachment-14223\" class=\"wp-caption-text\">David &#8211; Jon\u00e1\u0161 jde do cyklokrosov\u00e9ho boje s Goli\u00e1\u0161i&#8230;<\/figcaption><\/figure>\n<p style=\"text-align: justify;\">\n<p style=\"text-align: justify;\">Ten ho v celkov\u00e9 klasifikaci &#8222;Oder\u00e1ku&#8220; kategorie star\u0161\u00edch \u017e\u00e1k\u016f (ovl\u00e1dl ji n\u00e1m dob\u0159e zn\u00e1m\u00fd v\u00edt\u011bz leto\u0161n\u00ed MTB &#8222;Vrchoviny&#8220; &#8211; David Friedl &#8211; SK Ji\u0159\u00ed Team) &#8222;katapultoval&#8220; na celkov\u00e9 70. m\u00edsto z 83 klasifikovan\u00fdch borc\u016f! Jenom je\u0161t\u011b dopln\u00edm, \u017ee Bar\u010da Janovsk\u00e1 skon\u010dila v celkov\u00e9m po\u0159ad\u00ed mezi \u017ea\u010dkami na 9. m\u00edst\u011b. Zde jsou celkov\u00e9 v\u00fdsledky leto\u0161n\u00edho &#8222;oder\u00e1ku&#8220;\u00a0<strong><a href=\"http:\/\/www.moravecteam.cz\/?attachment_id=14195\" rel=\"attachment wp-att-14195\">op19-net<\/a>,\u00a0<\/strong>a tady je k ov\u011b\u0159en\u00ed Barun\u010dina krnovsk\u00e1 &#8222;brambora&#8220;\u00a0<strong><a href=\"http:\/\/www.moravecteam.cz\/?attachment_id=14196\" rel=\"attachment wp-att-14196\">op19-10krnov-1-<\/a><\/strong><a href=\"http:\/\/www.moravecteam.cz\/?attachment_id=14195\" rel=\"attachment wp-att-14195\"><br \/>\n<\/a><\/p>\n<figure id=\"attachment_14208\" aria-describedby=\"caption-attachment-14208\" style=\"width: 1065px\" class=\"wp-caption alignnone\"><a href=\"http:\/\/www.moravecteam.cz\/?attachment_id=14208\" rel=\"attachment wp-att-14208\"><img decoding=\"async\" loading=\"lazy\" class=\" wp-image-14208\" alt=\"IMG-20191114-WA0003\" src=\"http:\/\/www.moravecteam.cz\/wp-content\/uploads\/2019\/11\/IMG-20191114-WA00031.jpg\" width=\"1065\" height=\"879\" srcset=\"https:\/\/www.moravecteam.cz\/wp-content\/uploads\/2019\/11\/IMG-20191114-WA00031.jpg 1065w, https:\/\/www.moravecteam.cz\/wp-content\/uploads\/2019\/11\/IMG-20191114-WA00031-300x247.jpg 300w, https:\/\/www.moravecteam.cz\/wp-content\/uploads\/2019\/11\/IMG-20191114-WA00031-1024x845.jpg 1024w\" sizes=\"(max-width: 1065px) 100vw, 1065px\" \/><\/a><figcaption id=\"caption-attachment-14208\" class=\"wp-caption-text\">Cyklokrosa\u0159ka Barbora Janovsk\u00e1 pot\u0159et\u00ed: jako p\u0159ebornice Jmk 2019!<\/figcaption><\/figure>\n<p style=\"text-align: justify;\">A je\u0161t\u011b do t\u0159etice zazn\u00ed v t\u00e9to aktualit\u011b\u00a0 jm\u00e9no <strong><span style=\"color: #800000;\">Barbora Janovsk\u00e1<\/span><\/strong>. Ta je toti\u017e od\u00a0 13. listopadu\u00a0 2019 zave\u010dera\u00a0 z Brna &#8211; Anthroposu\u00a0 \u00a0 ve sv\u00e9 kategorii cyklokrosovou p\u0159ebornic\u00ed Jihomoravsk\u00e9ho kraje. Titul vybojovala v r\u00e1mci fin\u00e1lov\u00e9ho z\u00e1vodu Brn\u011bnsk\u00e9ho cyklokrosov\u00e9ho poh\u00e1ru a co na tom, \u017ee se na start postavila ve sv\u00e9 kategorii jako jedin\u00e1&#8230; Na to se historie moc pt\u00e1t nebude&#8230; Pracovit\u00e9 Barunce blahop\u0159ejeme! Zde je z Brna v\u00fdsledkov\u00fd servis: <strong><a href=\"http:\/\/www.moravecteam.cz\/?attachment_id=14197\" rel=\"attachment wp-att-14197\">Celkov\u011b-Brn\u011bnsk\u00fd-cyklokrosov\u00fd-poh\u00e1r-2019-po-4-z\u00e1vodech (2)<\/a>.\u00a0<\/strong>A \u00fapln\u011b na z\u00e1v\u011br je\u0161t\u011b vysekneme poklonu na\u0161emu odchovanci, <strong><span style=\"color: #800000;\">Tom\u00e1\u0161i Tlamkovi &#8222;Contadorovi&#8220;.<\/span><\/strong> Byl to\u00a0 v sobotu , 15. listopadu na cyklokrosov\u00e9m Sv\u011btov\u00e9m poh\u00e1ru v T\u00e1bo\u0159e v z\u00e1vod\u011b junior\u016f pr\u00e1v\u011b on, kdo na t\u00e9to presti\u017en\u00ed akci ud\u011blal onu nep\u0159\u00edmou\u00a0 a dost patrnou stopu MORAVEC Teamu.<\/p>\n<figure id=\"attachment_14203\" aria-describedby=\"caption-attachment-14203\" style=\"width: 2508px\" class=\"wp-caption alignnone\"><a href=\"http:\/\/www.moravecteam.cz\/?attachment_id=14203\" rel=\"attachment wp-att-14203\"><img decoding=\"async\" loading=\"lazy\" class=\" wp-image-14203\" alt=\"DSC_0073\" src=\"http:\/\/www.moravecteam.cz\/wp-content\/uploads\/2019\/11\/DSC_0073.jpg\" width=\"2508\" height=\"2559\" srcset=\"https:\/\/www.moravecteam.cz\/wp-content\/uploads\/2019\/11\/DSC_0073.jpg 2508w, https:\/\/www.moravecteam.cz\/wp-content\/uploads\/2019\/11\/DSC_0073-25x25.jpg 25w, https:\/\/www.moravecteam.cz\/wp-content\/uploads\/2019\/11\/DSC_0073-294x300.jpg 294w, https:\/\/www.moravecteam.cz\/wp-content\/uploads\/2019\/11\/DSC_0073-1003x1024.jpg 1003w\" sizes=\"(max-width: 2508px) 100vw, 2508px\" \/><\/a><figcaption id=\"caption-attachment-14203\" class=\"wp-caption-text\">N\u00e1\u0161 odchovanec Tom\u00e1\u0161 Tlamka &#8222;Contador&#8220; se s konkurenc\u00ed na cyklokrosov\u00e9m &#8222;sv\u011b\u0165\u00e1ku&#8220; v T\u00e1bo\u0159e popasoval velice zdatn\u011b!<\/figcaption><\/figure>\n<p style=\"text-align: justify;\">V z\u00e1vod\u011b, ve kter\u00e9m\u00a0 v\u00edt\u011bz leto\u0161n\u00ed MTB &#8222;Vrchoviny&#8220; v Bukov\u00e9 a Tom\u00e1\u0161\u016fv t\u00fdmov\u00fd par\u0165\u00e1k z Nutrend Specialize Racing, <strong><span style=\"color: #800000;\">Honza Zatloukal,<\/span><\/strong> vybojoval pro \u010cesko jedinou medaili (bronzovou) bral &#8222;Contador&#8220; p\u0159i sv\u00e9 &#8222;sv\u011btov\u00e9&#8220; cyklokrosov\u00e9 premi\u00e9\u0159e cenn\u00e9 40. m\u00edsto. Zde je k prostudov\u00e1n\u00ed ofici\u00e1ln\u00ed \u010dl\u00e1nek ze z\u00e1vodu i <strong><a href=\"http:\/\/www.cyklokros.cz\/cz\/cyklokros-cz\/aktuality\/1149-vyhral-syn-slavneho-otce-zatloukal-ma-bronz\">v\u00fdsledkov\u00fd servis<\/a><\/strong> z t\u00e1borsk\u00e9 &#8222;juniorky&#8220;&#8230;<\/p>\n<figure id=\"attachment_14200\" aria-describedby=\"caption-attachment-14200\" style=\"width: 864px\" class=\"wp-caption alignnone\"><a href=\"http:\/\/www.moravecteam.cz\/?attachment_id=14200\" rel=\"attachment wp-att-14200\"><img decoding=\"async\" loading=\"lazy\" class=\" wp-image-14200\" alt=\"--data--web--aktuality--2020--sp-tabor--01c-7051.fitbox.x1280.y968.r0.q85.nr0.me2\" src=\"http:\/\/www.moravecteam.cz\/wp-content\/uploads\/2019\/11\/data-web-aktuality-2020-sp-tabor-01c-7051.fitbox.x1280.y968.r0.q85.nr0_.me2_.jpg\" width=\"864\" height=\"667\" srcset=\"https:\/\/www.moravecteam.cz\/wp-content\/uploads\/2019\/11\/data-web-aktuality-2020-sp-tabor-01c-7051.fitbox.x1280.y968.r0.q85.nr0_.me2_.jpg 864w, https:\/\/www.moravecteam.cz\/wp-content\/uploads\/2019\/11\/data-web-aktuality-2020-sp-tabor-01c-7051.fitbox.x1280.y968.r0.q85.nr0_.me2_-300x231.jpg 300w\" sizes=\"(max-width: 864px) 100vw, 864px\" \/><\/a><figcaption id=\"caption-attachment-14200\" class=\"wp-caption-text\">Honza Zatloukal zachr\u00e1nil v T\u00e1bo\u0159e ziskem bronzu pov\u011bst \u010desk\u00e9ho cyklokrosu&#8230;<\/figcaption><\/figure>\n","protected":false},"excerpt":{"rendered":"<p>&#8230; pro MORAVEC Team st\u00e1le pokra\u010duje. \u010cesk\u00fd poh\u00e1r v t\u00e9to cyklistick\u00e9 disciplin\u011b se ji\u017e p\u0159ehoupnul do sv\u00e9 druh\u00e9 poloviny a na dvou po sob\u011b jdouc\u00edch z\u00e1vodech, kter\u00e9 o prvn\u00edm listopadov\u00e9m &#8211; &#8222;du\u0161i\u010dkov\u00e9m&#8220; &#8211; v\u00edkendu pohostila Severn\u00ed Morava si op\u011bt vedly velice sympaticky t\u0159i na\u0161e kadetky &#8211;\u00a0 &#8222;gr\u00e1cie&#8220;, kter\u00e9 v t\u00e9to sout\u011b\u017ei letos n\u00e1\u0161 prapor dr\u017e\u00ed &hellip; <a href=\"https:\/\/www.moravecteam.cz\/?p=14191\" class=\"more-link\">Pokra\u010dov\u00e1n\u00ed textu <span class=\"screen-reader-text\">Cyklokrosov\u00e9 ta\u017een\u00ed&#8230;-2<\/span> <span class=\"meta-nav\">&rarr;<\/span><\/a><\/p>\n","protected":false},"author":3,"featured_media":14209,"comment_status":"open","ping_status":"closed","sticky":false,"template":"","format":"standard","meta":[],"categories":[1],"tags":[],"_links":{"self":[{"href":"https:\/\/www.moravecteam.cz\/index.php?rest_route=\/wp\/v2\/posts\/14191"}],"collection":[{"href":"https:\/\/www.moravecteam.cz\/index.php?rest_route=\/wp\/v2\/posts"}],"about":[{"href":"https:\/\/www.moravecteam.cz\/index.php?rest_route=\/wp\/v2\/types\/post"}],"author":[{"embeddable":true,"href":"https:\/\/www.moravecteam.cz\/index.php?rest_route=\/wp\/v2\/users\/3"}],"replies":[{"embeddable":true,"href":"https:\/\/www.moravecteam.cz\/index.php?rest_route=%2Fwp%2Fv2%2Fcomments&post=14191"}],"version-history":[{"count":13,"href":"https:\/\/www.moravecteam.cz\/index.php?rest_route=\/wp\/v2\/posts\/14191\/revisions"}],"predecessor-version":[{"id":14224,"href":"https:\/\/www.moravecteam.cz\/index.php?rest_route=\/wp\/v2\/posts\/14191\/revisions\/14224"}],"wp:featuredmedia":[{"embeddable":true,"href":"https:\/\/www.moravecteam.cz\/index.php?rest_route=\/wp\/v2\/media\/14209"}],"wp:attachment":[{"href":"https:\/\/www.moravecteam.cz\/index.php?rest_route=%2Fwp%2Fv2%2Fmedia&parent=14191"}],"wp:term":[{"taxonomy":"category","embeddable":true,"href":"https:\/\/www.moravecteam.cz\/index.php?rest_route=%2Fwp%2Fv2%2Fcategories&post=14191"},{"taxonomy":"post_tag","embeddable":true,"href":"https:\/\/www.moravecteam.cz\/index.php?rest_route=%2Fwp%2Fv2%2Ftags&post=14191"}],"curies":[{"name":"wp","href":"https:\/\/api.w.org\/{rel}","templated":true}]}}