{"id":14216,"date":"2019-11-24T22:01:25","date_gmt":"2019-11-24T21:01:25","guid":{"rendered":"http:\/\/www.moravecteam.cz\/?p=14216"},"modified":"2019-12-09T21:08:49","modified_gmt":"2019-12-09T20:08:49","slug":"co-se-bude-dit-st47-3","status":"publish","type":"post","link":"https:\/\/www.moravecteam.cz\/?p=14216","title":{"rendered":"Co se bude d\u00edt? (ST47)"},"content":{"rendered":"<h5><span style=\"color: #800000;\">Pond\u011bl\u00ed 25.11. 2019<\/span><\/h5>\n<p style=\"text-align: justify;\">Od 17.00 hodin MTB technick\u00e1 pr\u016fprava &#8211; Zimn\u00ed stadion Blansko\u00a0 -pod veden\u00edm\u00a0<strong><span style=\"color: #800000;\">Libora Barto\u0161e<\/span><\/strong>\u00a0a\u00a0<strong><span style=\"color: #800000;\">Jirky \u017dern\u00ed\u010dka<\/span><\/strong>. Dovezte si svoje z\u00e1vodn\u00ed kola!<\/p>\n<h5><span style=\"color: #800000;\">St\u0159eda 27.11. 2019<\/span><\/h5>\n<p style=\"text-align: justify;\">Cvi\u010den\u00ed v t\u011blocvi\u010dn\u011b Z\u0160 Bene\u0161ov od 16.30 do 18.00 pod veden\u00edm\u00a0\u00a0<strong><span style=\"color: #800000;\">Petra Koudelky<\/span><\/strong>. V r\u00e1mci cvi\u010den\u00ed prob\u011bhnou dle pokyn\u016f tren\u00e9r\u016f prvn\u00ed leto\u0161n\u00ed m\u011b\u0159en\u00ed v\u00fdkonnosti. Tak\u017ee doporu\u010duji: p\u0159ij\u010fte na cvi\u010den\u00ed v maxim\u00e1ln\u00edm mo\u017en\u00e9m po\u010dtu!<\/p>\n<h5><span style=\"color: #800000;\">\u010ctvrtek 28.11. 2019<\/span><\/h5>\n<p style=\"text-align: justify;\">Plaveck\u00e1 p\u0159\u00edprava v l\u00e1zn\u00edch Boskovice od 18.00 do 19.00 hodin pod vedn\u00edm<strong><span style=\"color: #800000;\">\u00a0Martina Posp\u00ed\u0161ila<\/span><\/strong>\u00a0a\u00a0<strong><span style=\"color: #800000;\">Ad\u00e9ly \u0160af\u00e1\u0159ov\u00e9.<\/span><\/strong><\/p>\n<h5><span style=\"color: #800000;\">P\u00e1tek 29.11. 2019<\/span><\/h5>\n<p style=\"text-align: justify;\">\u0160est\u00e9 p\u00e1te\u010dn\u00ed cvi\u010den\u00ed, tentokr\u00e1t op\u011bt po \u010dase s\u00a0 <strong><span style=\"color: #800000;\">Vojtou Gr\u00fcnem<\/span> !<\/strong> Od 18.00 do 20.00 v t\u011blocvi\u010dn\u011b p\u0159i Z\u0160 Bene\u0161ov. Nenechte si Vojtu uj\u00edt a p\u0159ij\u010fte potr\u00e9novat v maxim\u00e1ln\u00edm mo\u017en\u00e9m po\u010dtu!<\/p>\n<h5 style=\"text-align: justify;\"><span style=\"color: #800000;\">Sobota 30.11. 2019<\/span><\/h5>\n<ul>\n<li style=\"text-align: justify;\">osm\u00fd\u00a0z\u00e1vod \u010cP v cyklokrosu v Kol\u00edn\u011b. T\u00fdk\u00e1 se na\u0161\u00ed DCR (Do\u010dasn\u00e9 Cyklokrosov\u00e9 Roty). Zde studujte\u00a0<strong><a href=\"http:\/\/www.cyklokros.cz\/data\/web\/toitoicup\/2019\/kolin_propozice_2019.pdf\">propozice<\/a><\/strong><\/li>\n<li style=\"text-align: justify;\">2. z\u00e1vod Brn\u011bnsk\u00e9ho b\u011b\u017eeck\u00e9ho poh\u00e1ru &#8211; Mikul\u00e1\u0161sk\u00fd b\u011bh v Okrouhl\u00e9. Zde studujte\u00a0<strong><a href=\"https:\/\/www.atletikauni.cz\/cz\/s1522\/Kalendar-akci\/Seznam-akci\/c2130-Detail-akce\/ata702-BBP-2-Mikulassky-beh-Okrouhla\">propozice&#8230;<\/a><\/strong><\/li>\n<\/ul>\n<h5><span style=\"color: #800000;\">Ned\u011ble 1.12. 2019<\/span><\/h5>\n<ul>\n<li style=\"text-align: justify;\">Tr\u00e9nink z\u00e1kladn\u00ed vytrvalosti formou rychl\u00e9 ch\u016fze. Sraz ve 13.30\u00a0u budovy Z\u00e1kladn\u00ed \u0161koly v Bene\u0161ov\u011b (tam, co prob\u00edhaj\u00ed st\u0159ede\u010dn\u00ed cvi\u010den\u00ed). Dokud V\u00e1s alespo\u0148 5 na ten tr\u00e9nink nep\u0159ijde, tak V\u00e1m s t\u00edm pokoj ned\u00e1m&#8230; Posledn\u00ed listopadovou ned\u011bli m\u00e1te &#8211; MORAVCI &#8211; dal\u0161\u00ed \u0161anci&#8230; Tak jsem zv\u011bdav&#8230;<\/li>\n<li style=\"text-align: justify;\">Dev\u00e1t\u00fd\u00a0\u00a0z\u00e1vod \u010cP v cyklokrosu v \u010c\u00e1slavi. T\u00fdk\u00e1 se na\u0161\u00ed DCR (Do\u010dasn\u00e9 Cyklokrosov\u00e9 Roty). Zde studujte\u00a0<strong><a href=\"http:\/\/www.cyklokros.cz\/data\/web\/toitoicup\/2019\/caslav_propozice_2019.pdf\">propozice<\/a>.<\/strong><\/li>\n<\/ul>\n<h5><span style=\"color: #800000;\">AKCE T\u011aSN\u011a ZA HORIZONTE<\/span><\/h5>\n<ul>\n<li style=\"text-align: justify;\">7.12. 2019\u00a0&#8211; sobota\u00a0&#8211; des\u00e1t\u00fd\u00a0\u00a0z\u00e1vod \u010cP v cyklokrosu v Jabkenic\u00edch. T\u00fdk\u00e1 se na\u0161\u00ed DCR (Do\u010dasn\u00e9 Cyklokrosov\u00e9 Roty). Zde studujte\u00a0<strong><a href=\"http:\/\/www.cyklokros.cz\/data\/web\/toitoicup\/2019\/jabkenice_propozice_2019.pdf\">propozice<\/a>.<\/strong><\/li>\n<li style=\"text-align: justify;\">14.12. 2019\u00a0&#8211; sobota\u00a0&#8211; M\u010cR v cyklokrosu v Uni\u010dov\u011b.\u00a0T\u00fdk\u00e1 se na\u0161\u00ed DCR (Do\u010dasn\u00e9 Cyklokrosov\u00e9 Roty).Zde studujte\u00a0<strong><a href=\"http:\/\/www.cyklokros.cz\/data\/web\/toitoicup\/2019\/unicov_propozice_2019.pdf\">propozice<\/a>.<\/strong><\/li>\n<li style=\"text-align: justify;\">15.12. 2019\u00a0&#8211; ned\u011ble\u00a0&#8211; n\u00e1v\u0161t\u011bva pietn\u00edch m\u00edst Vlastimila MORAVCE v Brn\u011b. Pr\u016fb\u011bh v\u00fdletu bude v\u010das up\u0159esn\u011bn.<\/li>\n<li>\n<div style=\"text-align: justify;\">27.12. 2019\u00a0&#8211;\u00a0p\u00e1tek\u00a0&#8211; tradi\u010dn\u00ed v\u00fdro\u010dn\u00ed odd\u00edlov\u00e9 ro(c)kov\u00e1n\u00ed, vyhl\u00e1\u0161en\u00ed v\u00fdro\u010dn\u00edch cen. Od 15.00 hodin v restauraci Morava Bene\u0161ov.<\/div>\n<\/li>\n<\/ul>\n<h5><span style=\"color: #800000;\">AKCE\u00a0 ZA\u00a0DV\u011aMA HORIZONTY<\/span><\/h5>\n<ul>\n<li style=\"text-align: justify;\">1.1. 2020\u00a0&#8211; st\u0159eda\u00a0&#8211; Silvestrovsk\u00e1 v\u00fdji\u017e\u010fka na kolech &#8211; pravd\u011bpodobn\u011b op\u011bt sm\u011br penzion Lada, Repechy. Pr\u016fb\u011bh cyklov\u00fdletu bude v\u010das up\u0159esn\u011bn &#8211; i s ohledem na aktu\u00e1ln\u00ed po\u010das\u00ed.<\/li>\n<li style=\"text-align: justify;\">9.- 16.2. 2020\u00a0&#8211; zimn\u00ed soust\u0159ed\u011bn\u00ed v Jesen\u00edk\u00e1ch &#8211; na tradi\u010dn\u00edm m\u00edst\u011b &#8211; chata N\u00e1vr\u0161\u00ed.\u00a0Seznam je k 17.11. 2019 se sluncem z\u00e1padu v po\u010dtu 27 osob uzav\u0159en.<\/li>\n<\/ul>\n","protected":false},"excerpt":{"rendered":"<p>Pond\u011bl\u00ed 25.11. 2019 Od 17.00 hodin MTB technick\u00e1 pr\u016fprava &#8211; Zimn\u00ed stadion Blansko\u00a0 -pod veden\u00edm\u00a0Libora Barto\u0161e\u00a0a\u00a0Jirky \u017dern\u00ed\u010dka. Dovezte si svoje z\u00e1vodn\u00ed kola! St\u0159eda 27.11. 2019 Cvi\u010den\u00ed v t\u011blocvi\u010dn\u011b Z\u0160 Bene\u0161ov od 16.30 do 18.00 pod veden\u00edm\u00a0\u00a0Petra Koudelky. V r\u00e1mci cvi\u010den\u00ed prob\u011bhnou dle pokyn\u016f tren\u00e9r\u016f prvn\u00ed leto\u0161n\u00ed m\u011b\u0159en\u00ed v\u00fdkonnosti. Tak\u017ee doporu\u010duji: p\u0159ij\u010fte na cvi\u010den\u00ed v maxim\u00e1ln\u00edm &hellip; <a href=\"https:\/\/www.moravecteam.cz\/?p=14216\" class=\"more-link\">Pokra\u010dov\u00e1n\u00ed textu <span class=\"screen-reader-text\">Co se bude d\u00edt? (ST47)<\/span> <span class=\"meta-nav\">&rarr;<\/span><\/a><\/p>\n","protected":false},"author":3,"featured_media":14221,"comment_status":"open","ping_status":"closed","sticky":false,"template":"","format":"standard","meta":[],"categories":[11],"tags":[],"_links":{"self":[{"href":"https:\/\/www.moravecteam.cz\/index.php?rest_route=\/wp\/v2\/posts\/14216"}],"collection":[{"href":"https:\/\/www.moravecteam.cz\/index.php?rest_route=\/wp\/v2\/posts"}],"about":[{"href":"https:\/\/www.moravecteam.cz\/index.php?rest_route=\/wp\/v2\/types\/post"}],"author":[{"embeddable":true,"href":"https:\/\/www.moravecteam.cz\/index.php?rest_route=\/wp\/v2\/users\/3"}],"replies":[{"embeddable":true,"href":"https:\/\/www.moravecteam.cz\/index.php?rest_route=%2Fwp%2Fv2%2Fcomments&post=14216"}],"version-history":[{"count":5,"href":"https:\/\/www.moravecteam.cz\/index.php?rest_route=\/wp\/v2\/posts\/14216\/revisions"}],"predecessor-version":[{"id":14261,"href":"https:\/\/www.moravecteam.cz\/index.php?rest_route=\/wp\/v2\/posts\/14216\/revisions\/14261"}],"wp:featuredmedia":[{"embeddable":true,"href":"https:\/\/www.moravecteam.cz\/index.php?rest_route=\/wp\/v2\/media\/14221"}],"wp:attachment":[{"href":"https:\/\/www.moravecteam.cz\/index.php?rest_route=%2Fwp%2Fv2%2Fmedia&parent=14216"}],"wp:term":[{"taxonomy":"category","embeddable":true,"href":"https:\/\/www.moravecteam.cz\/index.php?rest_route=%2Fwp%2Fv2%2Fcategories&post=14216"},{"taxonomy":"post_tag","embeddable":true,"href":"https:\/\/www.moravecteam.cz\/index.php?rest_route=%2Fwp%2Fv2%2Ftags&post=14216"}],"curies":[{"name":"wp","href":"https:\/\/api.w.org\/{rel}","templated":true}]}}