{"id":14226,"date":"2019-12-01T23:16:31","date_gmt":"2019-12-01T22:16:31","guid":{"rendered":"http:\/\/www.moravecteam.cz\/?p=14226"},"modified":"2019-12-01T23:19:01","modified_gmt":"2019-12-01T22:19:01","slug":"co-se-bude-dit-st-4","status":"publish","type":"post","link":"https:\/\/www.moravecteam.cz\/?p=14226","title":{"rendered":"Co se bude d\u00edt? (ST48)"},"content":{"rendered":"<h5><strong><span style=\"color: #800000;\">Pond\u011bl\u00ed 2.12. 2019<\/span><\/strong><\/h5>\n<p style=\"text-align: justify;\">Od 17.00 hodin MTB technick\u00e1 pr\u016fprava &#8211; Zimn\u00ed stadion Blansko\u00a0 -pod veden\u00edm\u00a0<span style=\"color: #800000;\"><strong>Libora Barto\u0161e<\/strong><\/span>\u00a0a\u00a0<strong><span style=\"color: #800000;\">Jirky \u017dern\u00ed\u010dka<\/span><\/strong>. Dovezte si svoje z\u00e1vodn\u00ed kola!<\/p>\n<h5><span style=\"color: #800000;\">St\u0159eda 4.12. 2019<\/span><\/h5>\n<p style=\"text-align: justify;\">Cvi\u010den\u00ed v t\u011blocvi\u010dn\u011b Z\u0160 Bene\u0161ov od 16.30 do 18.00 pod veden\u00edm\u00a0\u00a0<span style=\"color: #800000;\"><strong>Petra Koudelky.<\/strong><\/span> Do cvi\u010den\u00ed bude op\u011bt vlo\u017eeno dle pokyn\u016f tren\u00e9r\u016f (budou p\u0159\u00edtomni) m\u011b\u0159en\u00ed v\u00fdkonnosti. Tak\u017ee op\u011bt doporu\u010duji: p\u0159ij\u010fte na cvi\u010den\u00ed v maxim\u00e1ln\u00edm mo\u017en\u00e9m po\u010dtu!<\/p>\n<h5><strong><span style=\"color: #800000;\">\u010ctvrtek 5.12. 2019<\/span><\/strong><\/h5>\n<p style=\"text-align: justify;\">Plaveck\u00e1 p\u0159\u00edprava v l\u00e1zn\u00edch Boskovice od 18.00 do 19.00 hodin pod vedn\u00edm\u00a0<strong><span style=\"color: #800000;\">Martina Posp\u00ed\u0161ila<\/span><\/strong>\u00a0a\u00a0<span style=\"color: #800000;\"><strong>Ad\u00e9ly \u0160af\u00e1\u0159ov\u00e9<\/strong><\/span>.<\/p>\n<h5><strong><span style=\"color: #800000;\">P\u00e1tek 6.12. 2019<\/span><\/strong><\/h5>\n<p style=\"text-align: justify;\">Dal\u0161\u00ed p\u00e1te\u010dn\u00ed cvi\u010den\u00ed, tentokr\u00e1t op\u011bt s\u00a0\u00a0<strong><span style=\"color: #800000;\">Petrem Koudelkou<\/span><\/strong>.\u00a0Od 18.00 do 20.00 v t\u011blocvi\u010dn\u011b p\u0159i Z\u0160 Bene\u0161ov.\u00a0Do cvi\u010den\u00ed bude op\u011bt vlo\u017eeno &#8211; dle pokyn\u016f tren\u00e9r\u016f &#8211; m\u011b\u0159en\u00ed v\u00fdkonnosti. Tak\u017ee\u00a0 doporu\u010duji: p\u0159ij\u010fte na cvi\u010den\u00ed v maxim\u00e1ln\u00edm mo\u017en\u00e9m po\u010dtu!<\/p>\n<h5><span style=\"color: #800000;\">Sobota 7.12. 2019<\/span><\/h5>\n<p>Des\u00e1t\u00fd z\u00e1vod \u010cP v cyklokrosu v Jabkenic\u00edch. T\u00fdk\u00e1 se na\u0161\u00ed DCR (Do\u010dasn\u00e9 Cyklokrosov\u00e9 Roty). Zde studujte\u00a0<strong><a href=\"http:\/\/www.cyklokros.cz\/data\/web\/toitoicup\/2019\/jabkenice_propozice_2019.pdf\">propozice<\/a>.<\/strong><\/p>\n<h5><strong><span style=\"color: #800000;\">Ned\u011ble 8.12. 2019<\/span><\/strong><\/h5>\n<p style=\"text-align: justify;\"><strong><\/strong>Tr\u00e9nink z\u00e1kladn\u00ed vytrvalosti formou rychl\u00e9 ch\u016fze. Sraz ve 13.30\u00a0u budovy Z\u00e1kladn\u00ed \u0161koly v Bene\u0161ov\u011b (tam, co prob\u00edhaj\u00ed st\u0159ede\u010dn\u00ed cvi\u010den\u00ed). Dokud V\u00e1s alespo\u0148 5 na ten tr\u00e9nink nep\u0159ijde, tak V\u00e1m s t\u00edm pokoj ned\u00e1m&#8230; Druhou prosincovou ned\u011bli m\u00e1te &#8211; MORAVCI &#8211; dal\u0161\u00ed \u0161anci&#8230; Tak jsem op\u011bt zv\u011bdav&#8230;<\/p>\n<h5><span style=\"color: #800000;\">AKCE T\u011aSN\u011a ZA HORIZONTEM<\/span><\/h5>\n<ul>\n<li style=\"text-align: justify;\">14.12. 2019\u00a0&#8211; sobota\u00a0&#8211; M\u010cR v cyklokrosu v Uni\u010dov\u011b.\u00a0T\u00fdk\u00e1 se na\u0161\u00ed DCR (Do\u010dasn\u00e9 Cyklokrosov\u00e9 Roty).Zde studujte\u00a0<strong><a href=\"http:\/\/www.cyklokros.cz\/data\/web\/toitoicup\/2019\/unicov_propozice_2019.pdf\">propozice<\/a>.<\/strong><\/li>\n<li style=\"text-align: justify;\">15.12. 2019\u00a0&#8211; ned\u011ble\u00a0&#8211; n\u00e1v\u0161t\u011bva pietn\u00edch m\u00edst Vlastimila MORAVCE v Brn\u011b. Pr\u016fb\u011bh v\u00fdletu bude v\u010das up\u0159esn\u011bn.<\/li>\n<li>\n<div style=\"text-align: justify;\">27.12. 2019\u00a0&#8211;\u00a0p\u00e1tek\u00a0&#8211; tradi\u010dn\u00ed v\u00fdro\u010dn\u00ed odd\u00edlov\u00e9 ro(c)kov\u00e1n\u00ed, vyhl\u00e1\u0161en\u00ed v\u00fdro\u010dn\u00edch cen. Od 15.00 hodin v restauraci Morava Bene\u0161ov.<\/div>\n<\/li>\n<\/ul>\n<h5><span style=\"color: #800000;\">AKCE\u00a0 ZA\u00a0DV\u011aMA HORIZONTY<\/span><\/h5>\n<ul>\n<li style=\"text-align: justify;\"><strong><span style=\"color: #800000;\">1.1. 2020\u00a0&#8211; st\u0159eda<\/span><\/strong>\u00a0&#8211; Silvestrovsk\u00e1 v\u00fdji\u017e\u010fka na kolech &#8211; pravd\u011bpodobn\u011b op\u011bt sm\u011br penzion Lada, Repechy. Pr\u016fb\u011bh cyklov\u00fdletu bude v\u010das up\u0159esn\u011bn &#8211; i s ohledem na aktu\u00e1ln\u00ed po\u010das\u00ed.<\/li>\n<li style=\"text-align: justify;\"><span style=\"color: #800000;\"><strong>9.- 16.2. 2020<\/strong>\u00a0<\/span>&#8211; zimn\u00ed soust\u0159ed\u011bn\u00ed v Jesen\u00edk\u00e1ch &#8211; na tradi\u010dn\u00edm m\u00edst\u011b &#8211; chata N\u00e1vr\u0161\u00ed.\u00a0Seznam je v po\u010dtu 24 osob uzav\u0159en.<\/li>\n<li style=\"text-align: justify;\"><strong><span style=\"color: #800000;\">29.2. &#8211; 8.3. 2020<\/span><\/strong> &#8211; jarn\u00ed soust\u0159ed\u011bn\u00ed v Pule (Chorvatsko). Seznam \u00fa\u010dastn\u00edk\u016f bude up\u0159esn\u011bn po skon\u010den\u00ed zimn\u00edho\u00a0 soust\u0159ed\u011bn\u00ed v Jesen\u00edk\u00e1ch.<\/li>\n<\/ul>\n","protected":false},"excerpt":{"rendered":"<p>Pond\u011bl\u00ed 2.12. 2019 Od 17.00 hodin MTB technick\u00e1 pr\u016fprava &#8211; Zimn\u00ed stadion Blansko\u00a0 -pod veden\u00edm\u00a0Libora Barto\u0161e\u00a0a\u00a0Jirky \u017dern\u00ed\u010dka. Dovezte si svoje z\u00e1vodn\u00ed kola! St\u0159eda 4.12. 2019 Cvi\u010den\u00ed v t\u011blocvi\u010dn\u011b Z\u0160 Bene\u0161ov od 16.30 do 18.00 pod veden\u00edm\u00a0\u00a0Petra Koudelky. Do cvi\u010den\u00ed bude op\u011bt vlo\u017eeno dle pokyn\u016f tren\u00e9r\u016f (budou p\u0159\u00edtomni) m\u011b\u0159en\u00ed v\u00fdkonnosti. Tak\u017ee op\u011bt doporu\u010duji: p\u0159ij\u010fte na cvi\u010den\u00ed &hellip; <a href=\"https:\/\/www.moravecteam.cz\/?p=14226\" class=\"more-link\">Pokra\u010dov\u00e1n\u00ed textu <span class=\"screen-reader-text\">Co se bude d\u00edt? (ST48)<\/span> <span class=\"meta-nav\">&rarr;<\/span><\/a><\/p>\n","protected":false},"author":3,"featured_media":14230,"comment_status":"open","ping_status":"closed","sticky":false,"template":"","format":"standard","meta":[],"categories":[11],"tags":[],"_links":{"self":[{"href":"https:\/\/www.moravecteam.cz\/index.php?rest_route=\/wp\/v2\/posts\/14226"}],"collection":[{"href":"https:\/\/www.moravecteam.cz\/index.php?rest_route=\/wp\/v2\/posts"}],"about":[{"href":"https:\/\/www.moravecteam.cz\/index.php?rest_route=\/wp\/v2\/types\/post"}],"author":[{"embeddable":true,"href":"https:\/\/www.moravecteam.cz\/index.php?rest_route=\/wp\/v2\/users\/3"}],"replies":[{"embeddable":true,"href":"https:\/\/www.moravecteam.cz\/index.php?rest_route=%2Fwp%2Fv2%2Fcomments&post=14226"}],"version-history":[{"count":6,"href":"https:\/\/www.moravecteam.cz\/index.php?rest_route=\/wp\/v2\/posts\/14226\/revisions"}],"predecessor-version":[{"id":14233,"href":"https:\/\/www.moravecteam.cz\/index.php?rest_route=\/wp\/v2\/posts\/14226\/revisions\/14233"}],"wp:featuredmedia":[{"embeddable":true,"href":"https:\/\/www.moravecteam.cz\/index.php?rest_route=\/wp\/v2\/media\/14230"}],"wp:attachment":[{"href":"https:\/\/www.moravecteam.cz\/index.php?rest_route=%2Fwp%2Fv2%2Fmedia&parent=14226"}],"wp:term":[{"taxonomy":"category","embeddable":true,"href":"https:\/\/www.moravecteam.cz\/index.php?rest_route=%2Fwp%2Fv2%2Fcategories&post=14226"},{"taxonomy":"post_tag","embeddable":true,"href":"https:\/\/www.moravecteam.cz\/index.php?rest_route=%2Fwp%2Fv2%2Ftags&post=14226"}],"curies":[{"name":"wp","href":"https:\/\/api.w.org\/{rel}","templated":true}]}}