{"id":14235,"date":"2019-12-07T19:56:22","date_gmt":"2019-12-07T18:56:22","guid":{"rendered":"http:\/\/www.moravecteam.cz\/?p=14235"},"modified":"2019-12-07T20:01:51","modified_gmt":"2019-12-07T19:01:51","slug":"cyklokrosarem-i-lukas","status":"publish","type":"post","link":"https:\/\/www.moravecteam.cz\/?p=14235","title":{"rendered":"Cyklokrosa\u0159em i Luk\u00e1\u0161!"},"content":{"rendered":"<p style=\"text-align: justify;\"><strong><span style=\"color: #800000;\">Severomoravsk\u00e1 Star\u00e1 Ves nad Ond\u0159ejnic\u00ed je vyhl\u00e1\u0161enou cyklistickou ba\u0161tou, kdy p\u0159edev\u0161\u00edm cyklokrosa\u0159i z t\u00e9to l\u00edhn\u011b maj\u00ed vysok\u00fd kredit a to nejen na Morav\u011b. Nebylo pro to divu, \u017ee, jeden z podn\u00edk\u016f presti\u017en\u00edho Odersk\u00e9ho poh\u00e1ru prob\u011bhl formou dvojz\u00e1vodu o druh\u00e9m listopadov\u00e9m v\u00edkendu pr\u00e1v\u011b zde. Po sourozenc\u00edch Janovsk\u00fdch to byl dal\u0161\u00ed n\u00e1\u0161 borec, Luk\u00e1\u0161 Sedl\u00e1k, kter\u00fd zde zanechal ne nezanedbatelnou stopu. Do druh\u00e9 poloviny se z\u00e1vody v Kol\u00edn\u011b, \u010c\u00e1slavi a Jabkenic\u00edch se t\u00e9\u017e za v\u00fdrazn\u00e9 p\u0159\u00edtomnosti borek MORAVEC Teamu p\u0159ehoupnul i n\u00e1rodn\u00ed cyklokrosov\u00fd poh\u00e1r.<\/span><\/strong><\/p>\n<figure id=\"attachment_14244\" aria-describedby=\"caption-attachment-14244\" style=\"width: 1459px\" class=\"wp-caption alignnone\"><a href=\"http:\/\/www.moravecteam.cz\/?attachment_id=14244\" rel=\"attachment wp-att-14244\"><img decoding=\"async\" loading=\"lazy\" class=\" wp-image-14244\" alt=\"DSC_4413\" src=\"http:\/\/www.moravecteam.cz\/wp-content\/uploads\/2019\/12\/DSC_4413.jpg\" width=\"1459\" height=\"2000\" srcset=\"https:\/\/www.moravecteam.cz\/wp-content\/uploads\/2019\/12\/DSC_4413.jpg 1459w, https:\/\/www.moravecteam.cz\/wp-content\/uploads\/2019\/12\/DSC_4413-218x300.jpg 218w, https:\/\/www.moravecteam.cz\/wp-content\/uploads\/2019\/12\/DSC_4413-747x1024.jpg 747w\" sizes=\"(max-width: 1459px) 100vw, 1459px\" \/><\/a><figcaption id=\"caption-attachment-14244\" class=\"wp-caption-text\">Velk\u00fd v\u00fdkonnostn\u00ed skok v leto\u0161n\u00edm roce potvrdil Luk\u00e1\u0161 Sedl\u00e1k v\u00fdborn\u00fdm v\u00fdsledkem p\u0159i prvn\u00edm ostr\u00e9m cyklokrosa\u0159sk\u00e9m kadetsk\u00e9m souboji.<\/figcaption><\/figure>\n<p style=\"text-align: justify;\">Poj\u010fme ale \u0159e\u0161it cyklokrosovou rekapitulaci uplynul\u00fdch dn\u016f po po\u0159\u00e1dku. Ve star\u00e9 Vsi nad Ond\u0159ejnic\u00ed to m\u011bl &#8222;Lukin&#8220; <strong><span style=\"color: #800000;\">Luk\u00e1\u0161 Sedl\u00e1k<\/span><\/strong> t\u011b\u017ek\u00e9 hned ze t\u0159\u00ed \u00fahl\u016f pohledu: p\u0159edev\u0161\u00edm m\u011bl jako prvoro\u010d\u00e1k premi\u00e9ru mezi kadety, tud\u00ed\u017e z\u00e1vodil vesm\u011bs s o rok star\u0161\u00edmi soupe\u0159i a nav\u00edc se zde sjela i siln\u00e1 mezin\u00e1rodn\u00ed konkurence,kterou reprezentovali p\u0159edev\u0161\u00edm \u0161ikovn\u00ed cyklokrosa\u0159i z Polska. No a do t\u0159etice:\u00a0 handicapem pro Luk\u00e1\u0161e bylo kolo, kdy\u017e z\u00e1vod odjel\u00a0 na bikov\u00e9m speci\u00e1lu (po\u0159adatel to umo\u017e\u0148oval). Povaha trat\u011b \u0161la ale jednozna\u010dn\u011b na ruku cyklokrosov\u00fdm speci\u00e1l\u016fm. O to je jeho 9. m\u00edsto v konkurenci t\u0159iceti soupe\u0159\u016f cenn\u011bj\u0161\u00ed! Zde je Luk\u00e1\u0161\u016fv <strong><a href=\"https:\/\/acsvrbno.estranky.cz\/clanky\/odersky-pohar\/vysledky-staroveskych-cyklokrosu.html\">v\u00fdsledek ke kontrole<\/a><\/strong>.<\/p>\n<figure id=\"attachment_14245\" aria-describedby=\"caption-attachment-14245\" style=\"width: 3333px\" class=\"wp-caption alignnone\"><a href=\"http:\/\/www.moravecteam.cz\/?attachment_id=14245\" rel=\"attachment wp-att-14245\"><img decoding=\"async\" loading=\"lazy\" class=\" wp-image-14245\" alt=\"DSC_0016\" src=\"http:\/\/www.moravecteam.cz\/wp-content\/uploads\/2019\/12\/DSC_0016.jpg\" width=\"3333\" height=\"2807\" srcset=\"https:\/\/www.moravecteam.cz\/wp-content\/uploads\/2019\/12\/DSC_0016.jpg 3333w, https:\/\/www.moravecteam.cz\/wp-content\/uploads\/2019\/12\/DSC_0016-300x252.jpg 300w, https:\/\/www.moravecteam.cz\/wp-content\/uploads\/2019\/12\/DSC_0016-1024x862.jpg 1024w\" sizes=\"(max-width: 3333px) 100vw, 3333px\" \/><\/a><figcaption id=\"caption-attachment-14245\" class=\"wp-caption-text\">Eli\u0161ka Han\u00e1kov\u00e1 i nad\u00e1le z\u00e1\u0159\u00ed v kategorii kadetek. Fotka je ze z\u00e1vodu v Kol\u00edn\u011b, kde dojela \u010dtvrt\u00e1.<\/figcaption><\/figure>\n<p style=\"text-align: justify;\">Ve spanil\u00e9 j\u00edzd\u011b pokra\u010duje v \u010desk\u00e9m poh\u00e1ru v cyklokrosu <strong><span style=\"color: #800000;\">Eli\u0161ka Han\u00e1kov\u00e1. <\/span><\/strong><span style=\"color: #800000;\"><span style=\"color: #000000;\">Ta<\/span><\/span>\u00a0se ve v\u00fdsledkov\u00fdch listin\u00e1ch v posledn\u00edch t\u0159ech z\u00e1vodech, kter\u00e9 pohostila m\u011bsta\u00a0 Kol\u00edn, \u010c\u00e1slav a Jabkenice, dr\u017e\u00ed st\u00e1le v neju\u017e\u0161\u00ed \u0161pi\u010dce. V Kol\u00edn\u011b dojela na 4. m\u00edst\u011b a na trat\u00edch v \u010c\u00e1slavi a Jabkenic\u00edch se dok\u00e1zala op\u011bt prosadit na stupn\u011b v\u00edt\u011bz\u016f, kdy\u017e v obou z\u00e1vodech dojela na letos pro ni tradi\u010dn\u00edm 2. m\u00edst\u011b za st\u00e1le bezkonkuren\u010dn\u00ed Kate\u0159inou Hlad\u00edkovou (IVAR CS Author Team). P\u0159eru\u0161it na &#8222;mistr\u00e1ku&#8220; v Uni\u010dov\u011b leto\u0161n\u00ed Hlad\u00edkov\u00e9 hegemonii je pro Eli\u0161ku ur\u010dit\u011b v\u00fdzva! Budeme p\u0159i tom a budeme ma\u010dkat pale\u010dky!<\/p>\n<figure id=\"attachment_14246\" aria-describedby=\"caption-attachment-14246\" style=\"width: 4191px\" class=\"wp-caption alignnone\"><a href=\"http:\/\/www.moravecteam.cz\/?attachment_id=14246\" rel=\"attachment wp-att-14246\"><img decoding=\"async\" loading=\"lazy\" class=\" wp-image-14246\" alt=\"DSC_0018\" src=\"http:\/\/www.moravecteam.cz\/wp-content\/uploads\/2019\/12\/DSC_0018.jpg\" width=\"4191\" height=\"3130\" srcset=\"https:\/\/www.moravecteam.cz\/wp-content\/uploads\/2019\/12\/DSC_0018.jpg 4191w, https:\/\/www.moravecteam.cz\/wp-content\/uploads\/2019\/12\/DSC_0018-300x224.jpg 300w, https:\/\/www.moravecteam.cz\/wp-content\/uploads\/2019\/12\/DSC_0018-1024x764.jpg 1024w\" sizes=\"(max-width: 4191px) 100vw, 4191px\" \/><\/a><figcaption id=\"caption-attachment-14246\" class=\"wp-caption-text\">Na kol\u00ednsk\u00e9 trati v boji se soupe\u0159kami Anna Han\u00e1ov\u00e1.<\/figcaption><\/figure>\n<p style=\"text-align: justify;\">Eli\u0161ce i nad\u00e1le sekunduj\u00ed i dv\u011b jej\u00ed kolegyn\u011b. Sestra <strong><span style=\"color: #800000;\">Anna Han<\/span><\/strong><strong><span style=\"color: #800000;\">\u00e1kov\u00e1<\/span><\/strong> zaznamenala v posledn\u00edch t\u0159ech z\u00e1vodech \u00fastup z pozic, kter\u00e9 zaj\u00ed\u017ed\u011bla v \u00favodn\u00ed polovin\u011b poh\u00e1rov\u00e9ho seri\u00e1lu (32. V\u00a0Kol\u00edn\u011b, 25. v\u00a0\u010c\u00e1slavi a 18. v\u00a0Jabkenic\u00edch). Naopak Barbora Janovsk\u00e1, kter\u00e1 zajela v\u00a0Kol\u00edn\u011b sv\u016fj v\u00fdsledkov\u00fd standard (41. m\u00edsto) si v\u00a0\u010c\u00e1slavi dojela pro sv\u016fj doposud nejlep\u0161\u00ed poh\u00e1rov\u00fd v\u00fdsledek \u2013 37. m\u00edsto. Jabkenice Bar\u010da nejela, startovala na cyklokrosa\u0159sk\u00fdch z\u00e1vodech v\u00a0B\u0159eclavi. Zde si m\u016f\u017eete poh\u00e1rov\u00e9 v\u00fdsledky na\u0161ich holek odkontrolovat:<\/p>\n<ul>\n<li><strong><a href=\"https:\/\/sportsoft.cz\/OfficialResults\/2019\/20191130_ttc8_kolin_kky.pdf?201911.30.10.18\">Kol\u00edn<\/a><\/strong><\/li>\n<li><strong><a href=\"http:\/\/www.cyklokros.cz\/data\/web\/toitoicup\/2019\/caslav\/caslav-vysledky2019.pdf\">\u010c\u00e1slav<\/a><\/strong><\/li>\n<li><strong><a href=\"https:\/\/sportsoft.cz\/OfficialResults\/2019\/20190712_cx_jabkenice_kadetky.pdf?201912.07.01.58\">Jabkenice<\/a><\/strong><\/li>\n<\/ul>\n<figure id=\"attachment_14247\" aria-describedby=\"caption-attachment-14247\" style=\"width: 3822px\" class=\"wp-caption alignnone\"><a href=\"http:\/\/www.moravecteam.cz\/?attachment_id=14247\" rel=\"attachment wp-att-14247\"><img decoding=\"async\" loading=\"lazy\" class=\" wp-image-14247\" alt=\"DSC_0002\" src=\"http:\/\/www.moravecteam.cz\/wp-content\/uploads\/2019\/12\/DSC_0002.jpg\" width=\"3822\" height=\"3568\" srcset=\"https:\/\/www.moravecteam.cz\/wp-content\/uploads\/2019\/12\/DSC_0002.jpg 3822w, https:\/\/www.moravecteam.cz\/wp-content\/uploads\/2019\/12\/DSC_0002-300x280.jpg 300w, https:\/\/www.moravecteam.cz\/wp-content\/uploads\/2019\/12\/DSC_0002-1024x955.jpg 1024w\" sizes=\"(max-width: 3822px) 100vw, 3822px\" \/><\/a><figcaption id=\"caption-attachment-14247\" class=\"wp-caption-text\">Barbora Janovsk\u00e1 p\u0159i rozj\u00ed\u017ed\u011bn\u00ed p\u0159ed kol\u00ednsk\u00fdm z\u00e1vodem.<\/figcaption><\/figure>\n<p style=\"text-align: justify;\">A zde jsou z\u00a0Kol\u00edna i \u010c\u00e1slavi k\u00a0omrknut\u00ed od <strong><span style=\"color: #800000;\">Karla V\u0161etuly<\/span><\/strong> dv\u011b supr fotogalerie :<\/p>\n<ul>\n<li><strong><a href=\"https:\/\/moravecteam.rajce.idnes.cz\/2019.11.30_Cyklokros_CP_Kolin\/\">Fotogalerie Kol\u00edn<\/a><\/strong><\/li>\n<li><strong><a href=\"https:\/\/moravecteam.rajce.idnes.cz\/2019.12.01_Cyklokros_CP_Caslav\/\">Fotogalerie \u010c\u00e1slav<\/a><\/strong><\/li>\n<\/ul>\n<p style=\"text-align: justify;\">\u010cesk\u00fd cyklokrosov\u00fd poh\u00e1r ml\u00e1de\u017enick\u00fdch kategori\u00ed vyvrchol\u00ed z\u00e1vodem v\u00a0Uni\u010dov\u011b, kter\u00fd bude sou\u010dasn\u011b i Mistrovstv\u00edm \u010cR, a na kter\u00e9m nebude chyb\u011bt ani\u00a0 tvrd\u00e9 j\u00e1dro FAN klubu MORAVEC Teamu.<\/p>\n<figure id=\"attachment_14248\" aria-describedby=\"caption-attachment-14248\" style=\"width: 3391px\" class=\"wp-caption alignnone\"><a href=\"http:\/\/www.moravecteam.cz\/?attachment_id=14248\" rel=\"attachment wp-att-14248\"><img decoding=\"async\" loading=\"lazy\" class=\" wp-image-14248\" alt=\"DSC_0077\" src=\"http:\/\/www.moravecteam.cz\/wp-content\/uploads\/2019\/12\/DSC_0077.jpg\" width=\"3391\" height=\"3086\" srcset=\"https:\/\/www.moravecteam.cz\/wp-content\/uploads\/2019\/12\/DSC_0077.jpg 3391w, https:\/\/www.moravecteam.cz\/wp-content\/uploads\/2019\/12\/DSC_0077-300x273.jpg 300w, https:\/\/www.moravecteam.cz\/wp-content\/uploads\/2019\/12\/DSC_0077-1024x931.jpg 1024w\" sizes=\"(max-width: 3391px) 100vw, 3391px\" \/><\/a><figcaption id=\"caption-attachment-14248\" class=\"wp-caption-text\">Juniorsk\u00e9 opory Nutrend Spcialized Racing, kter\u00e9 zn\u00e1me dob\u0159e z leto\u0161n\u00ed MTB &#8222;Vrchoviny&#8220;: V pop\u0159ed\u00ed Honza Zatloukal za n\u00edm na startu z\u00e1vodu v Kol\u00edn\u011b Tom\u00e1\u0161 Tlamka &#8222;Contador&#8220;-<\/figcaption><\/figure>\n<p>&nbsp;<\/p>\n<p style=\"text-align: justify;\">\n","protected":false},"excerpt":{"rendered":"<p>Severomoravsk\u00e1 Star\u00e1 Ves nad Ond\u0159ejnic\u00ed je vyhl\u00e1\u0161enou cyklistickou ba\u0161tou, kdy p\u0159edev\u0161\u00edm cyklokrosa\u0159i z t\u00e9to l\u00edhn\u011b maj\u00ed vysok\u00fd kredit a to nejen na Morav\u011b. Nebylo pro to divu, \u017ee, jeden z podn\u00edk\u016f presti\u017en\u00edho Odersk\u00e9ho poh\u00e1ru prob\u011bhl formou dvojz\u00e1vodu o druh\u00e9m listopadov\u00e9m v\u00edkendu pr\u00e1v\u011b zde. Po sourozenc\u00edch Janovsk\u00fdch to byl dal\u0161\u00ed n\u00e1\u0161 borec, Luk\u00e1\u0161 Sedl\u00e1k, kter\u00fd zde &hellip; <a href=\"https:\/\/www.moravecteam.cz\/?p=14235\" class=\"more-link\">Pokra\u010dov\u00e1n\u00ed textu <span class=\"screen-reader-text\">Cyklokrosa\u0159em i Luk\u00e1\u0161!<\/span> <span class=\"meta-nav\">&rarr;<\/span><\/a><\/p>\n","protected":false},"author":3,"featured_media":14243,"comment_status":"open","ping_status":"closed","sticky":false,"template":"","format":"standard","meta":[],"categories":[1],"tags":[],"_links":{"self":[{"href":"https:\/\/www.moravecteam.cz\/index.php?rest_route=\/wp\/v2\/posts\/14235"}],"collection":[{"href":"https:\/\/www.moravecteam.cz\/index.php?rest_route=\/wp\/v2\/posts"}],"about":[{"href":"https:\/\/www.moravecteam.cz\/index.php?rest_route=\/wp\/v2\/types\/post"}],"author":[{"embeddable":true,"href":"https:\/\/www.moravecteam.cz\/index.php?rest_route=\/wp\/v2\/users\/3"}],"replies":[{"embeddable":true,"href":"https:\/\/www.moravecteam.cz\/index.php?rest_route=%2Fwp%2Fv2%2Fcomments&post=14235"}],"version-history":[{"count":11,"href":"https:\/\/www.moravecteam.cz\/index.php?rest_route=\/wp\/v2\/posts\/14235\/revisions"}],"predecessor-version":[{"id":14250,"href":"https:\/\/www.moravecteam.cz\/index.php?rest_route=\/wp\/v2\/posts\/14235\/revisions\/14250"}],"wp:featuredmedia":[{"embeddable":true,"href":"https:\/\/www.moravecteam.cz\/index.php?rest_route=\/wp\/v2\/media\/14243"}],"wp:attachment":[{"href":"https:\/\/www.moravecteam.cz\/index.php?rest_route=%2Fwp%2Fv2%2Fmedia&parent=14235"}],"wp:term":[{"taxonomy":"category","embeddable":true,"href":"https:\/\/www.moravecteam.cz\/index.php?rest_route=%2Fwp%2Fv2%2Fcategories&post=14235"},{"taxonomy":"post_tag","embeddable":true,"href":"https:\/\/www.moravecteam.cz\/index.php?rest_route=%2Fwp%2Fv2%2Ftags&post=14235"}],"curies":[{"name":"wp","href":"https:\/\/api.w.org\/{rel}","templated":true}]}}