{"id":14253,"date":"2019-12-08T18:45:34","date_gmt":"2019-12-08T17:45:34","guid":{"rendered":"http:\/\/www.moravecteam.cz\/?p=14253"},"modified":"2019-12-13T13:27:08","modified_gmt":"2019-12-13T12:27:08","slug":"co-se-bude-dit-st49-5","status":"publish","type":"post","link":"https:\/\/www.moravecteam.cz\/?p=14253","title":{"rendered":"Co se bude d\u00edt? (ST49)-3"},"content":{"rendered":"<h5><span style=\"color: #800000;\">Pond\u011bl\u00ed 9.12. 2019<\/span><\/h5>\n<p style=\"text-align: justify;\">Od 17.00 hodin MTB technick\u00e1 pr\u016fprava &#8211; Zimn\u00ed stadion Blansko\u00a0 -pod veden\u00edm\u00a0<strong><span style=\"color: #800000;\">Libora Barto\u0161e<\/span><\/strong>\u00a0a\u00a0<strong><span style=\"color: #800000;\">Jirky \u017dern\u00ed\u010dka<\/span><\/strong>. Dovezte si svoje z\u00e1vodn\u00ed kola!<\/p>\n<h5><strong><span style=\"color: #800000;\">St\u0159eda 11.12. 2019<\/span><\/strong><\/h5>\n<p style=\"text-align: justify;\">Cvi\u010den\u00ed v t\u011blocvi\u010dn\u011b Z\u0160 Bene\u0161ov od 16.30 do 18.00 pod veden\u00edm\u00a0\u00a0<strong><span style=\"color: #800000;\">Petra Koudelky<\/span><\/strong>. Ve cvi\u010den\u00ed bude dokon\u010deno dle pokyn\u016f tren\u00e9r\u016f m\u011b\u0159en\u00ed v\u00fdkonnosti. Tak\u017ee op\u011bt doporu\u010duji: p\u0159ij\u010fte na cvi\u010den\u00ed v maxim\u00e1ln\u00edm mo\u017en\u00e9m po\u010dtu!<\/p>\n<h5><span style=\"color: #800000;\">\u010ctvrtek 12.12. 2019<\/span><\/h5>\n<p style=\"text-align: justify;\">Plaveck\u00e1 p\u0159\u00edprava v l\u00e1zn\u00edch Boskovice od 18.00 do 19.00 hodin pod vedn\u00edm\u00a0<strong><span style=\"color: #800000;\">Martina Posp\u00ed\u0161ila<\/span><\/strong>\u00a0a\u00a0<strong><span style=\"color: #800000;\">Ad\u00e9ly \u0160af\u00e1\u0159ov\u00e9<\/span><\/strong>.<\/p>\n<h5><span style=\"color: #800000;\">P\u00e1tek 13.12. 2019<\/span><\/h5>\n<p style=\"text-align: justify;\">Dal\u0161\u00ed p\u00e1te\u010dn\u00ed cvi\u010den\u00ed, tentokr\u00e1t op\u011bt s\u00a0\u00a0<span style=\"color: #800000;\"><strong>Petrem Koudelkou,<\/strong> <span style=\"color: #000000;\">Vojta Gr\u00fcn se\u00a0 bohu\u017eel, olmluvil.<\/span><\/span>\u00a0Od 18.00 do 20.00 v t\u011blocvi\u010dn\u011b p\u0159i Z\u0160 Bene\u0161ov.<\/p>\n<h5><span style=\"color: #800000;\">Sobota 14.12. 2019<\/span><\/h5>\n<ul>\n<li style=\"text-align: justify;\">M\u010cR v cyklokrosu v Uni\u010dov\u011b.\u00a0T\u00fdk\u00e1 se na\u0161\u00ed DCR (Do\u010dasn\u00e9 Cyklokrosov\u00e9 Roty). Zde studujte\u00a0<strong><a href=\"http:\/\/www.cyklokros.cz\/data\/web\/toitoicup\/2019\/unicov_propozice_2019.pdf\">propozice<\/a>.\u00a0<\/strong>Proto\u017ee se jedn\u00e1 o ml\u00e1de\u017enick\u00fd &#8222;mistr\u00e1k&#8220;, a proto\u017ee budeme m\u00edt na startu n\u011bkolik &#8222;\u017eel\u00edzek v ohni&#8220; a hlavn\u011b: proto\u017ee Uni\u010dov nen\u00ed daleko, p\u0159ije\u010fte na\u0161e reprezentanty povzbudit! &#8222;Tvrd\u00e9 j\u00e1dro&#8220; Fan klubu MORAVEC Teamu tentokr\u00e1t nebude chyb\u011bt!<\/li>\n<li style=\"text-align: justify;\">T\u0159et\u00ed z\u00e1vod Brn\u011bnsk\u00e9ho b\u011b\u017eeck\u00e9ho poh\u00e1ru pohost\u00ed Vranov. Zde studujte <strong><a href=\"https:\/\/www.atletikauni.cz\/cz\/s1522\/Kalendar-akci\/Seznam-akci\/c2130-Detail-akce\/ata703-BBP-3-Vranovsky-zleb\">propozice&#8230;<\/a><\/strong><\/li>\n<\/ul>\n<h5 style=\"text-align: justify;\"><strong><span style=\"color: #800000;\">Ned\u011ble 15.12. 2019<\/span><\/strong><\/h5>\n<p style=\"text-align: justify;\">N\u00e1v\u0161t\u011bva pietn\u00edch m\u00edst Vlastimila MORAVCE v Brn\u011b. Pr\u016fb\u011bh v\u00fdletu bude v\u010das up\u0159esn\u011bn. Hlavn\u00ed skupina vyraz\u00ed <strong><a href=\"https:\/\/idos.idnes.cz\/vlaky\/spojeni\/vysledky\/?date=15.12.2019&amp;time=10:00&amp;f=Boskovice&amp;fc=1&amp;t=Brno%20hl.n.&amp;tc=100003\">vlakem z Boskovic v 10.01 hod.,<\/a><\/strong> sm\u011br Skalice nad Svitavou, kde p\u0159esedneme na vlak 10.12 hod., sm\u011br Brno. Sraz u hrobu Vlastimila MORAVCE s jeho nejbli\u017e\u0161\u00edmi p\u0159\u00edbuzn\u00fdmi\u00a0 a s jeho kamar\u00e1dy (nejen) z Kohoutovic na brn\u011bnsk\u00e9m \u00dast\u0159edn\u00edm h\u0159bitov\u011b &#8211; v cca 11.30. Pot\u00e9 p\u0159esun na m\u00edsto tragick\u00e9ho Vlast\u00edkova skonu- do Kohoutovic, zde ob\u011bd v n\u011bkter\u00e9 z m\u00edstn\u00edch restaurac\u00ed, zave\u010der p\u0159esun do centra Brna &#8211; n\u00e1v\u0161t\u011bva v\u00e1no\u010dn\u00edch trh\u016f. P\u0159edpokl\u00e1dan\u00fd <strong><a href=\"https:\/\/idos.idnes.cz\/vlaky\/spojeni\/vysledky\/?date=15.12.2019&amp;time=17:00&amp;f=Brno&amp;fc=1&amp;t=Boskovice&amp;tc=1\">odjezd vlakem z Brna<\/a><\/strong> bu\u010f v 17.00 nebo v 18.00.<\/p>\n<p style=\"text-align: justify;\"><a href=\"http:\/\/www.moravecteam.cz\/?attachment_id=14263\" rel=\"attachment wp-att-14263\"><img decoding=\"async\" loading=\"lazy\" class=\"alignnone size-full wp-image-14263\" alt=\"IMG_7654\" src=\"http:\/\/www.moravecteam.cz\/wp-content\/uploads\/2019\/12\/IMG_7654.jpg\" width=\"2358\" height=\"2527\" srcset=\"https:\/\/www.moravecteam.cz\/wp-content\/uploads\/2019\/12\/IMG_7654.jpg 2358w, https:\/\/www.moravecteam.cz\/wp-content\/uploads\/2019\/12\/IMG_7654-279x300.jpg 279w, https:\/\/www.moravecteam.cz\/wp-content\/uploads\/2019\/12\/IMG_7654-955x1024.jpg 955w\" sizes=\"(max-width: 2358px) 100vw, 2358px\" \/><\/a><\/p>\n<p><span style=\"font-size: 18px; font-weight: bold; color: #800000;\">AKCE T\u011aSN\u011a ZA HORIZONTEM<\/span><\/p>\n<ul>\n<li>\n<div style=\"text-align: justify;\"><strong><span style=\"color: #800000;\">27.12. 2019\u00a0&#8211;\u00a0p\u00e1tek<\/span><\/strong>\u00a0&#8211; tradi\u010dn\u00ed v\u00fdro\u010dn\u00ed odd\u00edlov\u00e9 ro(c)kov\u00e1n\u00ed, vyhl\u00e1\u0161en\u00ed v\u00fdro\u010dn\u00edch cen. Od 15.00 hodin v restauraci Morava Bene\u0161ov.<\/div>\n<\/li>\n<li>\n<div style=\"text-align: justify;\"><strong><span style=\"color: #800000;\">1.1. 2020\u00a0&#8211; st\u0159eda<\/span><\/strong>\u00a0&#8211; Silvestrovsk\u00e1 v\u00fdji\u017e\u010fka na kolech &#8211; pravd\u011bpodobn\u011b op\u011bt sm\u011br penzion Lada, Repechy. Pr\u016fb\u011bh cyklov\u00fdletu bude v\u010das up\u0159esn\u011bn &#8211; i s ohledem na aktu\u00e1ln\u00ed po\u010das\u00ed.<\/div>\n<\/li>\n<\/ul>\n<h5><span style=\"color: #800000;\"><strong>AKCE\u00a0 ZA\u00a0DV\u011aMA HORIZONTY<\/strong><\/span><\/h5>\n<ul>\n<li style=\"text-align: justify;\"><strong><span style=\"color: #800000;\">9.- 16.2. 2020<\/span><\/strong>\u00a0&#8211; zimn\u00ed soust\u0159ed\u011bn\u00ed v Jesen\u00edk\u00e1ch &#8211; na tradi\u010dn\u00edm m\u00edst\u011b &#8211; chata N\u00e1vr\u0161\u00ed.\u00a0Seznam je v po\u010dtu 24 osob uzav\u0159en.<\/li>\n<li style=\"text-align: justify;\"><strong><span style=\"color: #800000;\">29.2. &#8211; 8.3. 2020<\/span><\/strong>\u00a0&#8211; jarn\u00ed soust\u0159ed\u011bn\u00ed v Pule (Chorvatsko). Seznam \u00fa\u010dastn\u00edk\u016f bude up\u0159esn\u011bn po skon\u010den\u00ed zimn\u00edho\u00a0 soust\u0159ed\u011bn\u00ed v Jesen\u00edk\u00e1ch.<\/li>\n<\/ul>\n","protected":false},"excerpt":{"rendered":"<p>Pond\u011bl\u00ed 9.12. 2019 Od 17.00 hodin MTB technick\u00e1 pr\u016fprava &#8211; Zimn\u00ed stadion Blansko\u00a0 -pod veden\u00edm\u00a0Libora Barto\u0161e\u00a0a\u00a0Jirky \u017dern\u00ed\u010dka. Dovezte si svoje z\u00e1vodn\u00ed kola! St\u0159eda 11.12. 2019 Cvi\u010den\u00ed v t\u011blocvi\u010dn\u011b Z\u0160 Bene\u0161ov od 16.30 do 18.00 pod veden\u00edm\u00a0\u00a0Petra Koudelky. Ve cvi\u010den\u00ed bude dokon\u010deno dle pokyn\u016f tren\u00e9r\u016f m\u011b\u0159en\u00ed v\u00fdkonnosti. Tak\u017ee op\u011bt doporu\u010duji: p\u0159ij\u010fte na cvi\u010den\u00ed v maxim\u00e1ln\u00edm mo\u017en\u00e9m &hellip; <a href=\"https:\/\/www.moravecteam.cz\/?p=14253\" class=\"more-link\">Pokra\u010dov\u00e1n\u00ed textu <span class=\"screen-reader-text\">Co se bude d\u00edt? (ST49)-3<\/span> <span class=\"meta-nav\">&rarr;<\/span><\/a><\/p>\n","protected":false},"author":3,"featured_media":14257,"comment_status":"open","ping_status":"closed","sticky":false,"template":"","format":"standard","meta":[],"categories":[11],"tags":[],"_links":{"self":[{"href":"https:\/\/www.moravecteam.cz\/index.php?rest_route=\/wp\/v2\/posts\/14253"}],"collection":[{"href":"https:\/\/www.moravecteam.cz\/index.php?rest_route=\/wp\/v2\/posts"}],"about":[{"href":"https:\/\/www.moravecteam.cz\/index.php?rest_route=\/wp\/v2\/types\/post"}],"author":[{"embeddable":true,"href":"https:\/\/www.moravecteam.cz\/index.php?rest_route=\/wp\/v2\/users\/3"}],"replies":[{"embeddable":true,"href":"https:\/\/www.moravecteam.cz\/index.php?rest_route=%2Fwp%2Fv2%2Fcomments&post=14253"}],"version-history":[{"count":8,"href":"https:\/\/www.moravecteam.cz\/index.php?rest_route=\/wp\/v2\/posts\/14253\/revisions"}],"predecessor-version":[{"id":14277,"href":"https:\/\/www.moravecteam.cz\/index.php?rest_route=\/wp\/v2\/posts\/14253\/revisions\/14277"}],"wp:featuredmedia":[{"embeddable":true,"href":"https:\/\/www.moravecteam.cz\/index.php?rest_route=\/wp\/v2\/media\/14257"}],"wp:attachment":[{"href":"https:\/\/www.moravecteam.cz\/index.php?rest_route=%2Fwp%2Fv2%2Fmedia&parent=14253"}],"wp:term":[{"taxonomy":"category","embeddable":true,"href":"https:\/\/www.moravecteam.cz\/index.php?rest_route=%2Fwp%2Fv2%2Fcategories&post=14253"},{"taxonomy":"post_tag","embeddable":true,"href":"https:\/\/www.moravecteam.cz\/index.php?rest_route=%2Fwp%2Fv2%2Ftags&post=14253"}],"curies":[{"name":"wp","href":"https:\/\/api.w.org\/{rel}","templated":true}]}}