{"id":14266,"date":"2019-12-09T22:45:27","date_gmt":"2019-12-09T21:45:27","guid":{"rendered":"http:\/\/www.moravecteam.cz\/?p=14266"},"modified":"2019-12-09T22:57:10","modified_gmt":"2019-12-09T21:57:10","slug":"sedm-statecnych-2","status":"publish","type":"post","link":"https:\/\/www.moravecteam.cz\/?p=14266","title":{"rendered":"Sedm state\u010dn\u00fdch..!"},"content":{"rendered":"<p style=\"text-align: justify;\"><strong><span style=\"color: #800000;\">O posledn\u00ed listopadov\u00e9 sobot\u011b pokra\u010doval Brn\u011bnsk\u00fd b\u011b\u017eeck\u00fd poh\u00e1r druh\u00fdm z\u00e1vodem, kter\u00fd u\u017e tradi\u010dn\u011b ve jm\u00e9nu Mikul\u00e1\u0161e a \u010derta pohostila Okrouhl\u00e1, jinak obec tak\u00e9 horsk\u00fdm kol\u016fm zasl\u00edben\u00e1&#8230; Hned 7 state\u010dn\u00fdch MORAVC\u016e jsem napo\u010d\u00edtal ve v\u00fdsledkov\u00fdch listin\u00e1ch (snad jsem nikoho nep\u0159ehl\u00e9dnul, kdy\u017e, tak se ozv\u011bte) a dosa\u017een\u00e9 v\u00fdsledky na\u0161ich reprezentant\u016f ur\u010dit\u011b stoj\u00ed &#8211; prost\u0159ednictv\u00edm t\u00e9to aktuality &#8211; za zm\u00edn\u011bn\u00ed!<\/span><\/strong><\/p>\n<figure id=\"attachment_14270\" aria-describedby=\"caption-attachment-14270\" style=\"width: 497px\" class=\"wp-caption alignnone\"><a href=\"http:\/\/www.moravecteam.cz\/?attachment_id=14270\" rel=\"attachment wp-att-14270\"><img decoding=\"async\" loading=\"lazy\" class=\" wp-image-14270\" alt=\"sta\u017een\u00fd soubor\" src=\"http:\/\/www.moravecteam.cz\/wp-content\/uploads\/2019\/12\/sta\u017een\u00fd-soubor.jpg\" width=\"497\" height=\"663\" srcset=\"https:\/\/www.moravecteam.cz\/wp-content\/uploads\/2019\/12\/sta\u017een\u00fd-soubor.jpg 497w, https:\/\/www.moravecteam.cz\/wp-content\/uploads\/2019\/12\/sta\u017een\u00fd-soubor-224x300.jpg 224w\" sizes=\"(max-width: 497px) 100vw, 497px\" \/><\/a><figcaption id=\"caption-attachment-14270\" class=\"wp-caption-text\">Brat\u0159i \u0160imon (vlevo) a Patrik Pokorn\u00ed reprezentovali MORAVEC Team na BBP v Okrouhl\u00e9 na v\u00fdbornou!<\/figcaption><\/figure>\n<p style=\"text-align: justify;\">Vezmeme- li starty chronologicky, tak jako prvn\u00ed zas\u00e1hli do boj\u016f nov\u00e1\u010dci MORAVEC Teamu &#8211; brat\u0159i Patrik a \u0160imon Pokorn\u00ed. Mlad\u0161\u00ed \u017e\u00e1k <strong><span style=\"color: #800000;\">Patrik Pokorn\u00fd<\/span><\/strong> odvedl na distanci 900m kvalitn\u00ed v\u00fdkon a odm\u011bnou mu bylo v c\u00edli hodnotn\u00e9 12. m\u00edsto. Jeho mlad\u0161\u00ed bratr <strong><span style=\"color: #800000;\">\u0160imon Pokorn\u00fd<\/span><\/strong> m\u011bl ve sv\u00e9m z\u00e1vod\u011b kategorie &#8222;p\u0159\u00edpravka star\u0161\u00ed ho\u0161i&#8220; sm\u016flu. Po startu m\u011bl nezavin\u011bn\u00fd p\u00e1d a po n\u011bm vyb\u00edhal na tra\u0165 jako posledn\u00ed. P\u0159esto se na necel\u00e9m p\u016flkilometru, by\u0165 lehce zran\u011bn,\u00a0 &#8222;zm\u00e1\u010dknul&#8220;, zabojoval jako lev a dok\u00e1zal dokonce je\u0161t\u011b jednoho soupe\u0159e p\u0159edb\u011bhnout! Velk\u00e1 pochvala \u0160imonovi za bojovnost!<\/p>\n<figure id=\"attachment_14271\" aria-describedby=\"caption-attachment-14271\" style=\"width: 2112px\" class=\"wp-caption alignnone\"><a href=\"http:\/\/www.moravecteam.cz\/?attachment_id=14271\" rel=\"attachment wp-att-14271\"><img decoding=\"async\" loading=\"lazy\" class=\" wp-image-14271\" alt=\"IMG_8956\" src=\"http:\/\/www.moravecteam.cz\/wp-content\/uploads\/2019\/12\/IMG_8956.jpg\" width=\"2112\" height=\"2506\" srcset=\"https:\/\/www.moravecteam.cz\/wp-content\/uploads\/2019\/12\/IMG_8956.jpg 2112w, https:\/\/www.moravecteam.cz\/wp-content\/uploads\/2019\/12\/IMG_8956-252x300.jpg 252w, https:\/\/www.moravecteam.cz\/wp-content\/uploads\/2019\/12\/IMG_8956-863x1024.jpg 863w\" sizes=\"(max-width: 2112px) 100vw, 2112px\" \/><\/a><figcaption id=\"caption-attachment-14271\" class=\"wp-caption-text\">Po \u00fasp\u011b\u0161n\u00e9 &#8222;odr\u00e1\u017eedlov\u00e9&#8220; premi\u00e9\u0159e na dvou leto\u0161n\u00edch MTB &#8222;Vrchovin\u00e1ch&#8220; (Boskovice, Ko\u0159enec) z\u00e1vodila letos je\u0161t\u011b ne t\u0159\u00edlet\u00e1 Lada Bartol\u0161icov\u00e1 i na BBP v Okrouhl\u00e9!<\/figcaption><\/figure>\n<p style=\"text-align: justify;\">V kategorii &#8222;p\u0159\u00edpravka mlad\u0161\u00ed d\u00edvky&#8220; se bl\u00fdskla 8. m\u00edstem <strong><span style=\"color: #800000;\">Jana Maru\u0161ka Lipensk\u00e1<\/span><\/strong> a je\u0161t\u011b l\u00e9pe zab\u011bhl z\u00e1vod jej\u00ed br\u00e1\u0161ka &#8211; <strong><span style=\"color: #800000;\">Honza Franti\u0161k Lipensk\u00fd<\/span><\/strong>, kter\u00fd fini\u0161oval v z\u00e1vod\u011b kategorie &#8222;p\u0159\u00edpravka\u00a0 mlad\u0161\u00ed ho\u0161i&#8220; na 7. m\u00edst\u011b a zaznamenal tak ten den nejlep\u0161\u00ed v\u00fdsledek MORAVEC Teamu. Tlesk\u00e1me ale i v\u00fdkon\u016fm vnu\u010dek Vlastimila MORAVCE, <strong><span style=\"color: #800000;\">Zit\u011b a Lad\u011b Bartol\u0161icov\u00fdch<\/span><\/strong>, kter\u00e9 ve startu kategorie &#8222;p\u0159\u00edpravka nejmlad\u0161\u00ed d\u00edvky&#8220; dob\u011bhly na 11. m\u00edst\u011b (Zita) a na 22. m\u00edst\u011b (Lada &#8211; nejmlad\u0161\u00ed \u00fa\u010dastnice z\u00e1vodu). A state\u010dn\u00fd v\u00fdkon d\u011bv\u010dat podtrhla i jejich m\u00e1ma &#8211; <strong><span style=\"color: #800000;\">Eva Bartol\u0161ic &#8211; MORAVCOV\u00c1<\/span><\/strong>, kter\u00e1 dob\u011bhla v z\u00e1vod\u011b \u017een na trati 5km v konkurenci 42 soupe\u0159ek na velmi dobr\u00e9m &#8211; 24. m\u00edst\u011b! Bravo MORAVEC! A d\u00edke v\u0161em za vzorn\u00e9 atletick\u00e9 repre odd\u00edlu! Zde je k omrknut\u00ed <strong><a href=\"https:\/\/www.atletikauni.cz\/cz\/s1522\/Vysledky\/Seznam-probehlych-akci\/c2132-Detail-akce\/ata702-BBP-2-Mikulassky-beh-Okrouhla\">v\u00fdsledkov\u00fd servis.<\/a><\/strong><\/p>\n","protected":false},"excerpt":{"rendered":"<p>O posledn\u00ed listopadov\u00e9 sobot\u011b pokra\u010doval Brn\u011bnsk\u00fd b\u011b\u017eeck\u00fd poh\u00e1r druh\u00fdm z\u00e1vodem, kter\u00fd u\u017e tradi\u010dn\u011b ve jm\u00e9nu Mikul\u00e1\u0161e a \u010derta pohostila Okrouhl\u00e1, jinak obec tak\u00e9 horsk\u00fdm kol\u016fm zasl\u00edben\u00e1&#8230; Hned 7 state\u010dn\u00fdch MORAVC\u016e jsem napo\u010d\u00edtal ve v\u00fdsledkov\u00fdch listin\u00e1ch (snad jsem nikoho nep\u0159ehl\u00e9dnul, kdy\u017e, tak se ozv\u011bte) a dosa\u017een\u00e9 v\u00fdsledky na\u0161ich reprezentant\u016f ur\u010dit\u011b stoj\u00ed &#8211; prost\u0159ednictv\u00edm t\u00e9to aktuality &#8211; &hellip; <a href=\"https:\/\/www.moravecteam.cz\/?p=14266\" class=\"more-link\">Pokra\u010dov\u00e1n\u00ed textu <span class=\"screen-reader-text\">Sedm state\u010dn\u00fdch..!<\/span> <span class=\"meta-nav\">&rarr;<\/span><\/a><\/p>\n","protected":false},"author":3,"featured_media":14269,"comment_status":"open","ping_status":"closed","sticky":false,"template":"","format":"standard","meta":[],"categories":[1],"tags":[],"_links":{"self":[{"href":"https:\/\/www.moravecteam.cz\/index.php?rest_route=\/wp\/v2\/posts\/14266"}],"collection":[{"href":"https:\/\/www.moravecteam.cz\/index.php?rest_route=\/wp\/v2\/posts"}],"about":[{"href":"https:\/\/www.moravecteam.cz\/index.php?rest_route=\/wp\/v2\/types\/post"}],"author":[{"embeddable":true,"href":"https:\/\/www.moravecteam.cz\/index.php?rest_route=\/wp\/v2\/users\/3"}],"replies":[{"embeddable":true,"href":"https:\/\/www.moravecteam.cz\/index.php?rest_route=%2Fwp%2Fv2%2Fcomments&post=14266"}],"version-history":[{"count":6,"href":"https:\/\/www.moravecteam.cz\/index.php?rest_route=\/wp\/v2\/posts\/14266\/revisions"}],"predecessor-version":[{"id":14275,"href":"https:\/\/www.moravecteam.cz\/index.php?rest_route=\/wp\/v2\/posts\/14266\/revisions\/14275"}],"wp:featuredmedia":[{"embeddable":true,"href":"https:\/\/www.moravecteam.cz\/index.php?rest_route=\/wp\/v2\/media\/14269"}],"wp:attachment":[{"href":"https:\/\/www.moravecteam.cz\/index.php?rest_route=%2Fwp%2Fv2%2Fmedia&parent=14266"}],"wp:term":[{"taxonomy":"category","embeddable":true,"href":"https:\/\/www.moravecteam.cz\/index.php?rest_route=%2Fwp%2Fv2%2Fcategories&post=14266"},{"taxonomy":"post_tag","embeddable":true,"href":"https:\/\/www.moravecteam.cz\/index.php?rest_route=%2Fwp%2Fv2%2Ftags&post=14266"}],"curies":[{"name":"wp","href":"https:\/\/api.w.org\/{rel}","templated":true}]}}