{"id":14279,"date":"2019-12-15T21:06:13","date_gmt":"2019-12-15T20:06:13","guid":{"rendered":"http:\/\/www.moravecteam.cz\/?p=14279"},"modified":"2019-12-15T21:13:47","modified_gmt":"2019-12-15T20:13:47","slug":"co-se-bude-dit-st50-4","status":"publish","type":"post","link":"https:\/\/www.moravecteam.cz\/?p=14279","title":{"rendered":"Co se bude d\u00edt? (ST50)"},"content":{"rendered":"<h5><strong><span style=\"color: #800000;\">Pond\u011bl\u00ed 16.12. 2019<\/span><\/strong><\/h5>\n<p style=\"text-align: justify;\">Od 17.00 hodin MTB technick\u00e1 pr\u016fprava &#8211; Zimn\u00ed stadion Blansko\u00a0 -pod veden\u00edm\u00a0<strong><span style=\"color: #800000;\">Libora Barto\u0161e<\/span><\/strong>\u00a0a\u00a0<strong><span style=\"color: #800000;\">Jirky \u017dern\u00ed\u010dka<\/span><\/strong>. Posledn\u00ed v leto\u0161n\u00edm roce, v nov\u00e9m roce se v t\u00e9to p\u0159\u00edprav\u011b pokra\u010duje od\u00a0 pond\u011bl\u00ed, 6.1. 2020.<\/p>\n<h5><span style=\"color: #800000;\">St\u0159eda 18.12. 2019<\/span><\/h5>\n<p style=\"text-align: justify;\">Cvi\u010den\u00ed v t\u011blocvi\u010dn\u011b Z\u0160 Bene\u0161ov od 16.30 do 18.00 pod veden\u00edm\u00a0\u00a0<strong><span style=\"color: #800000;\">Petra Koudelky<\/span><\/strong>. Tak\u00e9 posledn\u00ed st\u0159ede\u010dn\u00ed cvi\u010dko v leto\u0161n\u00edm roce,\u00a0v nov\u00e9m roce se v t\u00e9to p\u0159\u00edprav\u011b pokra\u010duje od\u00a0 st\u0159edy, 8.1. 2020.<\/p>\n<h5><span style=\"color: #800000;\">\u010ctvrtek 19.12. 2019<\/span><\/h5>\n<p style=\"text-align: justify;\"><strong><span style=\"color: #ff0000;\">Plaveck\u00e1 p\u0159\u00edprava<\/span><\/strong> v l\u00e1zn\u00edch Boskovice od 18.00 do 19.00 hodin pod vedn\u00edm\u00a0Martina Posp\u00ed\u0161ila\u00a0a\u00a0Ad\u00e9ly \u0160af\u00e1\u0159ov\u00e9 <strong><span style=\"color: #ff0000;\">tento den<\/span><\/strong>\u00a0 &#8211; <strong><span style=\"color: #ff0000;\">ji\u017e\u00a0<\/span><span style=\"color: #ff0000;\">NEBUDE!\u00a0<\/span><\/strong><span style=\"color: #ff0000;\"><span style=\"color: #000000;\">V nov\u00e9m roce se v t\u00e9to p\u0159\u00edprav\u011b pokra\u010duje od\u00a0 \u010dtvrtku, 9.1. 2020.<\/span><\/span><\/p>\n<h5><span style=\"color: #800000;\">P\u00e1tek 20.12. 2019<\/span><\/h5>\n<p style=\"text-align: justify;\">Leto\u0161n\u00ed posledn\u00ed p\u00e1te\u010dn\u00ed cvi\u010den\u00ed, tentokr\u00e1t op\u011bt s\u00a0\u00a0<strong><span style=\"color: #800000;\">Petrem Koudelkou<\/span><\/strong>,\u00a0 Od 18.00 do 20.00 v t\u011blocvi\u010dn\u011b p\u0159i Z\u0160 Bene\u0161ov, tentokr\u00e1t tro\u0161ku slavnostn\u011bj\u0161\u00ed, ve znamen\u00ed bl\u00ed\u017e\u00edc\u00edho se \u0160t\u011bdr\u00e9ho dne a za \u00fa\u010dasti tren\u00e9r\u016f..! Tak\u017ee si cvi\u010dko ur\u010do nenechte uj\u00edt!\u00a0V nov\u00e9m roce se v t\u00e9to p\u0159\u00edprav\u011b pokra\u010duje od\u00a0 p\u00e1tku, 10.1. 2020.<\/p>\n<h5><strong><span style=\"font-size: 16px; color: #800000;\">AKCE T\u011aSN\u011a ZA HORIZONTEM<\/span><\/strong><\/h5>\n<ul>\n<li style=\"text-align: justify;\"><strong><span style=\"color: #800000;\">26.12. 2019 &#8211; \u010dtvrtek<\/span><\/strong> &#8211; \u010dtvrt\u00fd z\u00e1vod Brn\u011bnsk\u00e9ho b\u011b\u017eeck\u00e9ho poh\u00e1ru v &#8211; \u0160t\u011bp\u00e1nsk\u00fd b\u011bh v Syrovic\u00edch. Zde studujte <strong><a href=\"https:\/\/www.atletikauni.cz\/cz\/s1522\/Kalendar-akci\/Seznam-akci\/c2130-Detail-akce\/ata704-BBP-4-Stepansky-beh-Syrovice\">propozice.<\/a><\/strong><\/li>\n<li style=\"text-align: justify;\">\n<div><strong><span style=\"color: #800000;\">27.12. 2019\u00a0&#8211;\u00a0p\u00e1tek<\/span><\/strong>\u00a0&#8211; tradi\u010dn\u00ed v\u00fdro\u010dn\u00ed odd\u00edlov\u00e9 ro(c)kov\u00e1n\u00ed, vyhl\u00e1\u0161en\u00ed v\u00fdro\u010dn\u00edch cen. Od 15.00 hodin v restauraci Morava Bene\u0161ov.<\/div>\n<\/li>\n<li>\n<div style=\"text-align: justify;\"><strong><span style=\"color: #800000;\">1<\/span><span style=\"color: #800000;\"><strong>.<\/strong>1. 2020\u00a0&#8211; st\u0159eda<\/span><\/strong>\u00a0&#8211; Silvestrovsk\u00e1 v\u00fdji\u017e\u010fka na kolech &#8211; pravd\u011bpodobn\u011b op\u011bt sm\u011br penzion Lada, Repechy. Pr\u016fb\u011bh cyklov\u00fdletu bude v\u010das up\u0159esn\u011bn &#8211; i s ohledem na aktu\u00e1ln\u00ed po\u010das\u00ed.<\/div>\n<\/li>\n<li>\n<div style=\"text-align: justify;\"><strong><span style=\"color: #800000;\">4.1. 2020 &#8211; sobota<\/span><\/strong> &#8211; p\u00e1t\u00fd z\u00e1vod Brn\u011bnsk\u00e9ho b\u011b\u017eeck\u00e9ho poh\u00e1ru v Ku\u0159imi &#8211; Ku\u0159imsk\u00fd kros. Zde studujte\u00a0<strong><a href=\"https:\/\/www.atletikauni.cz\/cz\/s1522\/Kalendar-akci\/Seznam-akci\/c2130-Detail-akce\/ata705-BBP-5-Kurimsky-kros\">propozice.<\/a><\/strong><\/div>\n<\/li>\n<\/ul>\n<h5><span style=\"color: #800000;\">AKCE\u00a0 ZA\u00a0DV\u011aMA HORIZONTY<\/span><\/h5>\n<ul>\n<li style=\"text-align: justify;\"><strong><span style=\"color: #800000;\">9.- 16.2. 2020\u00a0<\/span><\/strong>&#8211; zimn\u00ed soust\u0159ed\u011bn\u00ed v Jesen\u00edk\u00e1ch &#8211; na tradi\u010dn\u00edm m\u00edst\u011b &#8211; chata N\u00e1vr\u0161\u00ed.\u00a0Seznam je v po\u010dtu 24 osob uzav\u0159en.<\/li>\n<li style=\"text-align: justify;\"><strong><span style=\"color: #800000;\">29.2. &#8211; 8.3. 2020<\/span><\/strong>\u00a0&#8211; jarn\u00ed soust\u0159ed\u011bn\u00ed v Pule (Chorvatsko). Seznam \u00fa\u010dastn\u00edk\u016f bude up\u0159esn\u011bn po skon\u010den\u00ed zimn\u00edho\u00a0 soust\u0159ed\u011bn\u00ed v Jesen\u00edk\u00e1ch.<\/li>\n<\/ul>\n","protected":false},"excerpt":{"rendered":"<p>Pond\u011bl\u00ed 16.12. 2019 Od 17.00 hodin MTB technick\u00e1 pr\u016fprava &#8211; Zimn\u00ed stadion Blansko\u00a0 -pod veden\u00edm\u00a0Libora Barto\u0161e\u00a0a\u00a0Jirky \u017dern\u00ed\u010dka. Posledn\u00ed v leto\u0161n\u00edm roce, v nov\u00e9m roce se v t\u00e9to p\u0159\u00edprav\u011b pokra\u010duje od\u00a0 pond\u011bl\u00ed, 6.1. 2020. St\u0159eda 18.12. 2019 Cvi\u010den\u00ed v t\u011blocvi\u010dn\u011b Z\u0160 Bene\u0161ov od 16.30 do 18.00 pod veden\u00edm\u00a0\u00a0Petra Koudelky. Tak\u00e9 posledn\u00ed st\u0159ede\u010dn\u00ed cvi\u010dko v leto\u0161n\u00edm roce,\u00a0v &hellip; <a href=\"https:\/\/www.moravecteam.cz\/?p=14279\" class=\"more-link\">Pokra\u010dov\u00e1n\u00ed textu <span class=\"screen-reader-text\">Co se bude d\u00edt? (ST50)<\/span> <span class=\"meta-nav\">&rarr;<\/span><\/a><\/p>\n","protected":false},"author":3,"featured_media":14280,"comment_status":"open","ping_status":"closed","sticky":false,"template":"","format":"standard","meta":[],"categories":[11],"tags":[],"_links":{"self":[{"href":"https:\/\/www.moravecteam.cz\/index.php?rest_route=\/wp\/v2\/posts\/14279"}],"collection":[{"href":"https:\/\/www.moravecteam.cz\/index.php?rest_route=\/wp\/v2\/posts"}],"about":[{"href":"https:\/\/www.moravecteam.cz\/index.php?rest_route=\/wp\/v2\/types\/post"}],"author":[{"embeddable":true,"href":"https:\/\/www.moravecteam.cz\/index.php?rest_route=\/wp\/v2\/users\/3"}],"replies":[{"embeddable":true,"href":"https:\/\/www.moravecteam.cz\/index.php?rest_route=%2Fwp%2Fv2%2Fcomments&post=14279"}],"version-history":[{"count":6,"href":"https:\/\/www.moravecteam.cz\/index.php?rest_route=\/wp\/v2\/posts\/14279\/revisions"}],"predecessor-version":[{"id":14286,"href":"https:\/\/www.moravecteam.cz\/index.php?rest_route=\/wp\/v2\/posts\/14279\/revisions\/14286"}],"wp:featuredmedia":[{"embeddable":true,"href":"https:\/\/www.moravecteam.cz\/index.php?rest_route=\/wp\/v2\/media\/14280"}],"wp:attachment":[{"href":"https:\/\/www.moravecteam.cz\/index.php?rest_route=%2Fwp%2Fv2%2Fmedia&parent=14279"}],"wp:term":[{"taxonomy":"category","embeddable":true,"href":"https:\/\/www.moravecteam.cz\/index.php?rest_route=%2Fwp%2Fv2%2Fcategories&post=14279"},{"taxonomy":"post_tag","embeddable":true,"href":"https:\/\/www.moravecteam.cz\/index.php?rest_route=%2Fwp%2Fv2%2Ftags&post=14279"}],"curies":[{"name":"wp","href":"https:\/\/api.w.org\/{rel}","templated":true}]}}