{"id":14287,"date":"2019-12-16T19:07:56","date_gmt":"2019-12-16T18:07:56","guid":{"rendered":"http:\/\/www.moravecteam.cz\/?p=14287"},"modified":"2019-12-17T11:30:52","modified_gmt":"2019-12-17T10:30:52","slug":"bronzova-derniera","status":"publish","type":"post","link":"https:\/\/www.moravecteam.cz\/?p=14287","title":{"rendered":"Bronzov\u00e1 derni\u00e9ra!"},"content":{"rendered":"<p style=\"text-align: justify;\"><strong><span style=\"color: #800000;\">Uni\u010dov, kter\u00fd je beze sporu spojov\u00e1n na sportovn\u00edm poli hlavn\u011b\u00a0 s cyklokrosem, po\u0159adatelsky\u00a0 pohostil (ur\u010dit\u011b ne poprv\u00e9)\u00a0 leto\u0161n\u00ed ml\u00e1de\u017enickou cyklokrosovou &#8222;republiku&#8220;. P\u016fvodn\u011b m\u011bly barvy MORAVEC Teamu h\u00e1jit v t\u00e9to specifick\u00e9, zimn\u00ed cyklistick\u00e9 disciplin\u011b\u00a0 jen sestry Anna a Eli\u0161ka Han\u00e1kovy. K na\u0161\u00ed velk\u00e9 radosti se ale po\u010dty dres\u016f MORAVEC Teamu na mistrovsk\u00fdch startech na Han\u00e9 zdvojn\u00e1sobily! A velkou radost\u00ed pro n\u00e1s je skute\u010dnost, \u017ee kadetka Eli\u0161ka Han\u00e1kov\u00e1 se v cyklokrosov\u00e9m &#8222;mistr\u00e1ku&#8220; dok\u00e1zala prosadit dokonce na &#8222;bednu&#8220;!<\/span><\/strong><\/p>\n<figure id=\"attachment_14292\" aria-describedby=\"caption-attachment-14292\" style=\"width: 1869px\" class=\"wp-caption alignnone\"><a href=\"http:\/\/www.moravecteam.cz\/?attachment_id=14292\" rel=\"attachment wp-att-14292\"><img decoding=\"async\" loading=\"lazy\" class=\" wp-image-14292\" alt=\"DSC_0286\" src=\"http:\/\/www.moravecteam.cz\/wp-content\/uploads\/2019\/12\/DSC_0286.jpg\" width=\"1869\" height=\"2000\" srcset=\"https:\/\/www.moravecteam.cz\/wp-content\/uploads\/2019\/12\/DSC_0286.jpg 1869w, https:\/\/www.moravecteam.cz\/wp-content\/uploads\/2019\/12\/DSC_0286-280x300.jpg 280w, https:\/\/www.moravecteam.cz\/wp-content\/uploads\/2019\/12\/DSC_0286-956x1024.jpg 956w\" sizes=\"(max-width: 1869px) 100vw, 1869px\" \/><\/a><figcaption id=\"caption-attachment-14292\" class=\"wp-caption-text\">Eli\u0161ka Han\u00e1kov\u00e1 ud\u011blala za leto\u0161n\u00ed vyda\u0159enou sez\u00f3nou bronzovou te\u010dku!<\/figcaption><\/figure>\n<p style=\"text-align: justify;\"><strong><span style=\"color: #800000;\">Barbora Janovsk\u00e1<\/span><\/strong> byla tou t\u0159et\u00ed, state\u010dnou &#8222;mu\u0161ket\u00fdrkou&#8220; v na\u0161em dresu, kter\u00e1 se (nejen) v Uni\u010dov\u011b postavila na start prvoligov\u00e9ho ml\u00e1de\u017enick\u00e9ho cyklokrosov\u00e9ho kl\u00e1n\u00ed&#8230; \u017de si vyjela sv\u016fj leto\u0161n\u00ed TOP v\u00fdsledek (35. m\u00edsto), je pozitivn\u00ed realitou. Realitou je ale\u00a0 i skute\u010dnost, \u017ee \u010dasov\u00fd odstup od v\u00edt\u011bzky se oproti p\u0159edchoz\u00edm z\u00e1vod\u016fm nav\u00fd\u0161il&#8230; Ano, teprve v Uni\u010dov\u011b za\u017eila Barbora Janovsk\u00e1 ve skute\u010dnosti\u00a0 cyklokros ve smyslu toho slova&#8230;\u00a0 Zima, led, bahno, vlhko, kluzko, nav\u00edc psychick\u00fd tlak d\u016fle\u017eitosti z\u00e1vodu&#8230; Ale Bar\u010da to zvl\u00e1dla na jedni\u010dku a do budoucna je pro MORAVEC Team ur\u010dit\u011b velkou nad\u011bj\u00ed a p\u0159\u00edslibem!<\/p>\n<figure id=\"attachment_14293\" aria-describedby=\"caption-attachment-14293\" style=\"width: 2000px\" class=\"wp-caption alignnone\"><a href=\"http:\/\/www.moravecteam.cz\/?attachment_id=14293\" rel=\"attachment wp-att-14293\"><img decoding=\"async\" loading=\"lazy\" class=\" wp-image-14293\" alt=\"DSC_0165\" src=\"http:\/\/www.moravecteam.cz\/wp-content\/uploads\/2019\/12\/DSC_0165.jpg\" width=\"2000\" height=\"1977\" srcset=\"https:\/\/www.moravecteam.cz\/wp-content\/uploads\/2019\/12\/DSC_0165.jpg 2000w, https:\/\/www.moravecteam.cz\/wp-content\/uploads\/2019\/12\/DSC_0165-25x25.jpg 25w, https:\/\/www.moravecteam.cz\/wp-content\/uploads\/2019\/12\/DSC_0165-300x296.jpg 300w, https:\/\/www.moravecteam.cz\/wp-content\/uploads\/2019\/12\/DSC_0165-1024x1012.jpg 1024w\" sizes=\"(max-width: 2000px) 100vw, 2000px\" \/><\/a><figcaption id=\"caption-attachment-14293\" class=\"wp-caption-text\">Na trati v pln\u00e9 rychlosti Barbora Janovsk\u00e1.<\/figcaption><\/figure>\n<p style=\"text-align: justify;\">Sestry Anna a Eli\u0161ka Han\u00e1kovy\u00a0 (p\u0159edev\u0161\u00edm Eli\u0161ka), jsou u\u017e ve srovn\u00e1n\u00ed v Barborou Janovskou zku\u0161en\u00fdmi cyklokrosa\u0159sk\u00fdmi rutin\u00e9rkami a tomuto faktu odpov\u00eddal i jejich v\u00fdkon v Uni\u010dov\u011b. Jedna z kandid\u00e1tek na titul \u010desk\u00e9 kadetsk\u00e9 mistryn\u011b, <strong><span style=\"color: #800000;\">Eli\u0161ka Han\u00e1kov\u00e1<\/span><\/strong> sice na prvenstv\u00ed\u00a0 zat\u00edm nedos\u00e1hla, ale titul druh\u00e9 vice-mistryn\u011b j\u00ed ur\u010dit\u011b slu\u0161\u00ed! Blahop\u0159ejeme! Do TOP15 se ve\u0161la i jej\u00ed mlad\u0161\u00ed sestra,\u00a0<strong><span style=\"color: #800000;\">Anna Han\u00e1kov\u00e1<\/span><\/strong> a i tento v\u00fdsledek\u00a0 m\u00e1 &#8211; vzhledem k jej\u00ed je\u0161t\u011b ur\u010dit\u011b hodn\u011b dlouh\u00e9 cyklistick\u00e9 budoucnosti &#8211; svoji cenu!<\/p>\n<figure id=\"attachment_14295\" aria-describedby=\"caption-attachment-14295\" style=\"width: 1866px\" class=\"wp-caption alignnone\"><a href=\"http:\/\/www.moravecteam.cz\/?attachment_id=14295\" rel=\"attachment wp-att-14295\"><img decoding=\"async\" loading=\"lazy\" class=\" wp-image-14295\" alt=\"DSC_0022\" src=\"http:\/\/www.moravecteam.cz\/wp-content\/uploads\/2019\/12\/DSC_0022.jpg\" width=\"1866\" height=\"2000\" srcset=\"https:\/\/www.moravecteam.cz\/wp-content\/uploads\/2019\/12\/DSC_0022.jpg 1866w, https:\/\/www.moravecteam.cz\/wp-content\/uploads\/2019\/12\/DSC_0022-279x300.jpg 279w, https:\/\/www.moravecteam.cz\/wp-content\/uploads\/2019\/12\/DSC_0022-955x1024.jpg 955w\" sizes=\"(max-width: 1866px) 100vw, 1866px\" \/><\/a><figcaption id=\"caption-attachment-14295\" class=\"wp-caption-text\">Ur\u010dit\u011b cenn\u00e9 zku\u0161enosti pro svoji cyklistickou budoucnost posb\u00edrala na leto\u0161n\u00edch poh\u00e1rov\u00fdch cyklokrosech i Anna Han\u00e1kov\u00e1.<\/figcaption><\/figure>\n<p style=\"text-align: justify;\">Na startu nabit\u00e9ho mistrovsk\u00e9ho z\u00e1vodu kadet\u016f se objevil i n\u00e1\u0161 v tom dni \u010dtvrt\u00fd &#8222;mu\u0161ket\u00fdr&#8220; &#8211; <strong><span style=\"color: #800000;\">Luk\u00e1\u0161 Sedl\u00e1k<\/span><\/strong>, kter\u00fd jel v Uni\u010dov\u011b prakticky sv\u016fj\u00a0 prvn\u00ed &#8222;full&#8220; cyklokrosov\u00fd z\u00e1vod, na opravdov\u00e9m cyklokrosov\u00e9m kole&#8230; \u017de to na poprv\u00e9 byla docela &#8222;kl\u00e1da&#8220;, to Luk\u00e1\u0161 poznal asi velmi z\u00e1hy. P\u0159esto je t\u0159eba i na jeho adresu ne\u0161et\u0159it slovy chv\u00e1ly. Bez jak\u00e9hokoli bodov\u00e9ho zisku z p\u0159edchoz\u00edch jeden\u00e1cti\u00a0 poh\u00e1rov\u00fdch z\u00e1vod\u016f (startoval z \u00fapln\u00e9ho &#8222;chvostu&#8220;\u00a0 startovn\u00edho pole &#8211; m\u011bl st. \u010d\u00edslo 61) se p\u0159esto se dok\u00e1zal prosadit vp\u0159ed a jeho uni\u010dovsk\u00fd v\u00fdsledek je ur\u010dit\u011b pozoruhodn\u00fd!<\/p>\n<figure id=\"attachment_14296\" aria-describedby=\"caption-attachment-14296\" style=\"width: 1342px\" class=\"wp-caption alignnone\"><a href=\"http:\/\/www.moravecteam.cz\/?attachment_id=14296\" rel=\"attachment wp-att-14296\"><img decoding=\"async\" loading=\"lazy\" class=\" wp-image-14296\" alt=\"DSC_0168\" src=\"http:\/\/www.moravecteam.cz\/wp-content\/uploads\/2019\/12\/DSC_0168.jpg\" width=\"1342\" height=\"2000\" srcset=\"https:\/\/www.moravecteam.cz\/wp-content\/uploads\/2019\/12\/DSC_0168.jpg 1342w, https:\/\/www.moravecteam.cz\/wp-content\/uploads\/2019\/12\/DSC_0168-201x300.jpg 201w, https:\/\/www.moravecteam.cz\/wp-content\/uploads\/2019\/12\/DSC_0168-687x1024.jpg 687w\" sizes=\"(max-width: 1342px) 100vw, 1342px\" \/><\/a><figcaption id=\"caption-attachment-14296\" class=\"wp-caption-text\">Nov\u00e1\u010dek &#8211; kadet &#8211; Luk\u00e1\u0161 &#8222;Lukin&#8220; Sedl\u00e1k n\u00e1m sv\u00fdm bojovn\u00fdm v\u00fdkonem ud\u011blal velkou radost!<\/figcaption><\/figure>\n<p style=\"text-align: justify;\">Mimo &#8222;po\u0159ad\u00ed&#8220; jsme zafandili v z\u00e1vod\u011b junior\u016f i dv\u011bma na\u0161im k\u00e1mo\u0161\u016fm, &#8222;repro\u0161\u016fm&#8220; \u010desk\u00e9ho supr TOP t\u00fdmu Nutrend Specialized Racing. Jak <strong><span style=\"color: #800000;\">Honza Zatloukal<\/span><\/strong>, tak i <strong><span style=\"color: #800000;\">Tom\u00e1\u0161 Tlamka &#8222;Contador&#8220;<\/span><\/strong> ud\u011blali ur\u010dit\u011b tren\u00e9r\u016f radost. &#8222;Zatl\u00edk&#8220; si v z\u00e1vod\u011b pohr\u00e1l se soupe\u0159i jako ona pov\u011bstn\u00e1 ko\u010dka s my\u0161\u00ed a dojel si pro\u00a0 u\u017e druh\u00fd titul juniorsk\u00e9ho \u0161ampiona. Pracovit\u00e9mu &#8222;Contadorovi&#8220; pak\u00a0 uniklo um\u00edst\u011bn\u00ed v TOP10 jen velmi t\u011bsn\u011b&#8230; Zkr\u00e1tka &#8222;Rud\u00ed \u010f\u00e1blov\u00e9&#8220; Viktora Zapletala ud\u011blali sv\u00e9mu tren\u00e9rovi v Uni\u010dov\u011b ur\u010dit\u011b radost..! Zde si odkontrolujte v\u00fdsledky (nejen) na\u0161ich barev a taky supr fotky <strong><span style=\"color: #800000;\">Karla V\u0161etuly<\/span><\/strong> jsou u\u017e taky tu\u0165:<\/p>\n<ul>\n<li><strong><a href=\"https:\/\/moravecteam.rajce.idnes.cz\/2019.12.14_Cyklokros_MCR_Unicov\/\">fotogalerie \u010d.1<\/a><\/strong><\/li>\n<li><strong><a href=\"https:\/\/moravecteam.rajce.idnes.cz\/2019.12.14_Cyklokros_MCR_Unicov_-_2\/\">fotogalerie \u010d.2<\/a><\/strong><\/li>\n<li><strong><a href=\"https:\/\/moravecteam.rajce.idnes.cz\/2019.12.14_Cyklokros_MCR_Unicov_-_3\/\">fotogalerie \u010d.3<\/a><\/strong><\/li>\n<\/ul>\n<figure id=\"attachment_14297\" aria-describedby=\"caption-attachment-14297\" style=\"width: 2000px\" class=\"wp-caption alignnone\"><a href=\"http:\/\/www.moravecteam.cz\/?attachment_id=14297\" rel=\"attachment wp-att-14297\"><img decoding=\"async\" loading=\"lazy\" class=\" wp-image-14297\" alt=\"DSC_0275\" src=\"http:\/\/www.moravecteam.cz\/wp-content\/uploads\/2019\/12\/DSC_0275.jpg\" width=\"2000\" height=\"1333\" srcset=\"https:\/\/www.moravecteam.cz\/wp-content\/uploads\/2019\/12\/DSC_0275.jpg 2000w, https:\/\/www.moravecteam.cz\/wp-content\/uploads\/2019\/12\/DSC_0275-300x199.jpg 300w, https:\/\/www.moravecteam.cz\/wp-content\/uploads\/2019\/12\/DSC_0275-1024x682.jpg 1024w\" sizes=\"(max-width: 2000px) 100vw, 2000px\" \/><\/a><figcaption id=\"caption-attachment-14297\" class=\"wp-caption-text\">Bike\u0159i v\u0161ech zem\u00ed, spojte se!<\/figcaption><\/figure>\n<p style=\"text-align: justify;\">\n","protected":false},"excerpt":{"rendered":"<p>Uni\u010dov, kter\u00fd je beze sporu spojov\u00e1n na sportovn\u00edm poli hlavn\u011b\u00a0 s cyklokrosem, po\u0159adatelsky\u00a0 pohostil (ur\u010dit\u011b ne poprv\u00e9)\u00a0 leto\u0161n\u00ed ml\u00e1de\u017enickou cyklokrosovou &#8222;republiku&#8220;. P\u016fvodn\u011b m\u011bly barvy MORAVEC Teamu h\u00e1jit v t\u00e9to specifick\u00e9, zimn\u00ed cyklistick\u00e9 disciplin\u011b\u00a0 jen sestry Anna a Eli\u0161ka Han\u00e1kovy. K na\u0161\u00ed velk\u00e9 radosti se ale po\u010dty dres\u016f MORAVEC Teamu na mistrovsk\u00fdch startech na Han\u00e9 zdvojn\u00e1sobily! &hellip; <a href=\"https:\/\/www.moravecteam.cz\/?p=14287\" class=\"more-link\">Pokra\u010dov\u00e1n\u00ed textu <span class=\"screen-reader-text\">Bronzov\u00e1 derni\u00e9ra!<\/span> <span class=\"meta-nav\">&rarr;<\/span><\/a><\/p>\n","protected":false},"author":3,"featured_media":14291,"comment_status":"open","ping_status":"closed","sticky":false,"template":"","format":"standard","meta":[],"categories":[1],"tags":[],"_links":{"self":[{"href":"https:\/\/www.moravecteam.cz\/index.php?rest_route=\/wp\/v2\/posts\/14287"}],"collection":[{"href":"https:\/\/www.moravecteam.cz\/index.php?rest_route=\/wp\/v2\/posts"}],"about":[{"href":"https:\/\/www.moravecteam.cz\/index.php?rest_route=\/wp\/v2\/types\/post"}],"author":[{"embeddable":true,"href":"https:\/\/www.moravecteam.cz\/index.php?rest_route=\/wp\/v2\/users\/3"}],"replies":[{"embeddable":true,"href":"https:\/\/www.moravecteam.cz\/index.php?rest_route=%2Fwp%2Fv2%2Fcomments&post=14287"}],"version-history":[{"count":7,"href":"https:\/\/www.moravecteam.cz\/index.php?rest_route=\/wp\/v2\/posts\/14287\/revisions"}],"predecessor-version":[{"id":14302,"href":"https:\/\/www.moravecteam.cz\/index.php?rest_route=\/wp\/v2\/posts\/14287\/revisions\/14302"}],"wp:featuredmedia":[{"embeddable":true,"href":"https:\/\/www.moravecteam.cz\/index.php?rest_route=\/wp\/v2\/media\/14291"}],"wp:attachment":[{"href":"https:\/\/www.moravecteam.cz\/index.php?rest_route=%2Fwp%2Fv2%2Fmedia&parent=14287"}],"wp:term":[{"taxonomy":"category","embeddable":true,"href":"https:\/\/www.moravecteam.cz\/index.php?rest_route=%2Fwp%2Fv2%2Fcategories&post=14287"},{"taxonomy":"post_tag","embeddable":true,"href":"https:\/\/www.moravecteam.cz\/index.php?rest_route=%2Fwp%2Fv2%2Ftags&post=14287"}],"curies":[{"name":"wp","href":"https:\/\/api.w.org\/{rel}","templated":true}]}}