{"id":14303,"date":"2019-12-19T15:55:08","date_gmt":"2019-12-19T14:55:08","guid":{"rendered":"http:\/\/www.moravecteam.cz\/?p=14303"},"modified":"2019-12-19T15:58:30","modified_gmt":"2019-12-19T14:58:30","slug":"ze-by-jeste-darek","status":"publish","type":"post","link":"https:\/\/www.moravecteam.cz\/?p=14303","title":{"rendered":"\u017de by je\u0161t\u011b d\u00e1rek..?"},"content":{"rendered":"<p style=\"text-align: justify;\">N\u00e1\u0161 nov\u00fd &#8222;Head coach&#8220; <strong><span style=\"color: #800000;\">Vl\u00e1\u010fa Opletal<\/span><\/strong> nab\u00edz\u00ed k prodeji tento\u00a0 kvalitn\u00ed &#8222;SCOTT&#8220; velomateri\u00e1l:<\/p>\n<p style=\"text-align: justify;\"><a href=\"http:\/\/www.moravecteam.cz\/?attachment_id=14305\" rel=\"attachment wp-att-14305\"><img decoding=\"async\" loading=\"lazy\" class=\"alignnone size-full wp-image-14305\" alt=\"sta\u017een\u00fd soubor (1)\" src=\"http:\/\/www.moravecteam.cz\/wp-content\/uploads\/2019\/12\/sta\u017een\u00fd-soubor-1.jpg\" width=\"884\" height=\"663\" srcset=\"https:\/\/www.moravecteam.cz\/wp-content\/uploads\/2019\/12\/sta\u017een\u00fd-soubor-1.jpg 884w, https:\/\/www.moravecteam.cz\/wp-content\/uploads\/2019\/12\/sta\u017een\u00fd-soubor-1-300x225.jpg 300w\" sizes=\"(max-width: 884px) 100vw, 884px\" \/><\/a><\/p>\n<p>Kolo je skoro nov\u00e9, najeto m\u00e1 400 km&#8230; Kola 24&#8243;, r\u00e1m od klik po sedlovku 34 cm, p\u0159evody 2&#215;8, cena 13.000.- K\u010d.<\/p>\n<p><a href=\"http:\/\/www.moravecteam.cz\/?attachment_id=14306\" rel=\"attachment wp-att-14306\"><img decoding=\"async\" loading=\"lazy\" class=\"alignnone size-full wp-image-14306\" alt=\"sta\u017een\u00fd soubor\" src=\"http:\/\/www.moravecteam.cz\/wp-content\/uploads\/2019\/12\/sta\u017een\u00fd-soubor1.jpg\" width=\"497\" height=\"663\" srcset=\"https:\/\/www.moravecteam.cz\/wp-content\/uploads\/2019\/12\/sta\u017een\u00fd-soubor1.jpg 497w, https:\/\/www.moravecteam.cz\/wp-content\/uploads\/2019\/12\/sta\u017een\u00fd-soubor1-224x300.jpg 224w\" sizes=\"(max-width: 497px) 100vw, 497px\" \/><\/a><\/p>\n<p><strong><span style=\"color: #800000;\">V\u00edce info na <span style=\"text-decoration: underline;\">603 295 973<\/span>.<\/span><\/strong><\/p>\n","protected":false},"excerpt":{"rendered":"<p>N\u00e1\u0161 nov\u00fd &#8222;Head coach&#8220; Vl\u00e1\u010fa Opletal nab\u00edz\u00ed k prodeji tento\u00a0 kvalitn\u00ed &#8222;SCOTT&#8220; velomateri\u00e1l: Kolo je skoro nov\u00e9, najeto m\u00e1 400 km&#8230; Kola 24&#8243;, r\u00e1m od klik po sedlovku 34 cm, p\u0159evody 2&#215;8, cena 13.000.- K\u010d. V\u00edce info na 603 295 973.<\/p>\n","protected":false},"author":3,"featured_media":14305,"comment_status":"open","ping_status":"closed","sticky":false,"template":"","format":"standard","meta":[],"categories":[10],"tags":[],"_links":{"self":[{"href":"https:\/\/www.moravecteam.cz\/index.php?rest_route=\/wp\/v2\/posts\/14303"}],"collection":[{"href":"https:\/\/www.moravecteam.cz\/index.php?rest_route=\/wp\/v2\/posts"}],"about":[{"href":"https:\/\/www.moravecteam.cz\/index.php?rest_route=\/wp\/v2\/types\/post"}],"author":[{"embeddable":true,"href":"https:\/\/www.moravecteam.cz\/index.php?rest_route=\/wp\/v2\/users\/3"}],"replies":[{"embeddable":true,"href":"https:\/\/www.moravecteam.cz\/index.php?rest_route=%2Fwp%2Fv2%2Fcomments&post=14303"}],"version-history":[{"count":2,"href":"https:\/\/www.moravecteam.cz\/index.php?rest_route=\/wp\/v2\/posts\/14303\/revisions"}],"predecessor-version":[{"id":14307,"href":"https:\/\/www.moravecteam.cz\/index.php?rest_route=\/wp\/v2\/posts\/14303\/revisions\/14307"}],"wp:featuredmedia":[{"embeddable":true,"href":"https:\/\/www.moravecteam.cz\/index.php?rest_route=\/wp\/v2\/media\/14305"}],"wp:attachment":[{"href":"https:\/\/www.moravecteam.cz\/index.php?rest_route=%2Fwp%2Fv2%2Fmedia&parent=14303"}],"wp:term":[{"taxonomy":"category","embeddable":true,"href":"https:\/\/www.moravecteam.cz\/index.php?rest_route=%2Fwp%2Fv2%2Fcategories&post=14303"},{"taxonomy":"post_tag","embeddable":true,"href":"https:\/\/www.moravecteam.cz\/index.php?rest_route=%2Fwp%2Fv2%2Ftags&post=14303"}],"curies":[{"name":"wp","href":"https:\/\/api.w.org\/{rel}","templated":true}]}}