{"id":14308,"date":"2019-12-20T15:50:32","date_gmt":"2019-12-20T14:50:32","guid":{"rendered":"http:\/\/www.moravecteam.cz\/?p=14308"},"modified":"2019-12-21T09:18:49","modified_gmt":"2019-12-21T08:18:49","slug":"nova-tradice","status":"publish","type":"post","link":"https:\/\/www.moravecteam.cz\/?p=14308","title":{"rendered":"Nov\u00e1 tradice..!"},"content":{"rendered":"<p style=\"text-align: justify;\"><strong><span style=\"color: #800000;\">U\u017e ani nev\u00edm, kdy\u00a0 jsem byl &#8222;velkou&#8220; Evou (MORAVCOVOU)\u00a0 poprv\u00e9 zaveden k hrobu jej\u00edho tragicky zesnul\u00e9ho man\u017eela, skv\u011bl\u00e9ho \u010deskoslovensk\u00e9ho silni\u010d\u00e1\u0159e ze 70. let minul\u00e9ho stolet\u00ed, Vlastimila MORAVCE&#8230; N\u00ed\u017ee uv\u00e1d\u00edm nejstar\u0161\u00ed nalezenou archivn\u00ed fotku z brn\u011bnsk\u00e9ho \u00fast\u0159edn\u00edho h\u0159bitova z listopadu 2006 a Vy na n\u00ed m\u016f\u017eete h\u00e1dat, kdo jsou Ti \u010dty\u0159i, kte\u0159\u00ed tehdy p\u0159i\u0161li vzd\u00e1t hold velk\u00e9mu sportovci a \u010dlov\u011bku&#8230; D\u00edky t\u00e9to fotce je tedy jasn\u00e9, \u017ee &#8222;velk\u00e1&#8220; Eva m\u011b m\u00edsto posledn\u00edho Vlast\u00edkova odpo\u010dinut\u00ed, uk\u00e1zala ur\u010do p\u0159ed r. 2006&#8230; Jak ten \u010das let\u00ed&#8230;<\/span><\/strong><\/p>\n<figure id=\"attachment_14318\" aria-describedby=\"caption-attachment-14318\" style=\"width: 853px\" class=\"wp-caption alignnone\"><a href=\"http:\/\/www.moravecteam.cz\/?attachment_id=14318\" rel=\"attachment wp-att-14318\"><img decoding=\"async\" loading=\"lazy\" class=\" wp-image-14318\" alt=\"DSC_0026a\" src=\"http:\/\/www.moravecteam.cz\/wp-content\/uploads\/2019\/12\/DSC_0026a.jpg\" width=\"853\" height=\"767\" srcset=\"https:\/\/www.moravecteam.cz\/wp-content\/uploads\/2019\/12\/DSC_0026a.jpg 853w, https:\/\/www.moravecteam.cz\/wp-content\/uploads\/2019\/12\/DSC_0026a-300x269.jpg 300w\" sizes=\"(max-width: 853px) 100vw, 853px\" \/><\/a><figcaption id=\"caption-attachment-14318\" class=\"wp-caption-text\">Ziti\u0161ka a Ladu\u0161ka. Barto\u0161icovy, vnu\u010dky Vlastimila MORAVCE.<\/figcaption><\/figure>\n<p style=\"text-align: justify;\">Ve druh\u00e9 polovin\u011b prvn\u00edho desetilet\u00ed 21. stolet\u00ed, jsme n\u00e1v\u0161t\u011bvu hrobu <strong><span style=\"color: #800000;\">Vlastimila MORAVCE<\/span><\/strong> vykon\u00e1vali v\u017edy v r\u00e1mci veletrhu Sportlife, kter\u00fd byl tehdy na brn\u011bnsk\u00e9m v\u00fdstavi\u0161ti ka\u017edoro\u010dn\u011b na podzim organizov\u00e1n, a je i v sou\u010dasnosti ve sportovn\u00edm podv\u011bdom\u00ed, proto\u017ee k obnoven\u00ed t\u011bto tradi\u010dn\u00ed akce prob\u00edh\u00e1 nejedna aktivita&#8230; S tehdej\u0161\u00edm z\u00e1nikem sportovn\u00ed v\u00fdstavy jsme za\u010dali jezdit (MORAVCI) za Vlast\u00edkem v pozd\u011bj\u0161\u00edm obdob\u00ed Adventu a ne jinak tomu bylo i letos.<\/p>\n<figure id=\"attachment_14322\" aria-describedby=\"caption-attachment-14322\" style=\"width: 2241px\" class=\"wp-caption alignnone\"><a href=\"http:\/\/www.moravecteam.cz\/?attachment_id=14322\" rel=\"attachment wp-att-14322\"><img decoding=\"async\" loading=\"lazy\" class=\" wp-image-14322\" alt=\"DSC_0006\" src=\"http:\/\/www.moravecteam.cz\/wp-content\/uploads\/2019\/12\/DSC_0006.jpg\" width=\"2241\" height=\"1755\" srcset=\"https:\/\/www.moravecteam.cz\/wp-content\/uploads\/2019\/12\/DSC_0006.jpg 2241w, https:\/\/www.moravecteam.cz\/wp-content\/uploads\/2019\/12\/DSC_0006-300x234.jpg 300w, https:\/\/www.moravecteam.cz\/wp-content\/uploads\/2019\/12\/DSC_0006-1024x801.jpg 1024w\" sizes=\"(max-width: 2241px) 100vw, 2241px\" \/><\/a><figcaption id=\"caption-attachment-14322\" class=\"wp-caption-text\">Hrob rodiny MORAVCOV\u00ddCH&#8230;<\/figcaption><\/figure>\n<p style=\"text-align: justify;\">Nevelk\u00e1 skupinka &#8222;t\u0159\u00ed mu\u0161ket\u00fdr\u016f&#8220;, zastupuj\u00edc\u00ed \u0159ady MORAVEC Teamu, se &#8222;scukla&#8220; ve vlaku na Brno ve Skalici nad Svitavou a v stanoven\u00e9m p\u0159edpoledn\u00edm \u010dase &#8222;\u010c&#8220;, jsem se pobl\u00ed\u017e krematoria setkali jednak se \u010dty\u0159mi z\u00e1stupci <span style=\"color: #800000;\"><strong>&#8222;Kohout\u016f&#8220;<\/strong><\/span> a taky se stejn\u011b silnou skupinou <strong><span style=\"color: #800000;\">rodiny MORAVCOV\u00ddCH<\/span><\/strong>, kterou tvo\u0159ily <span style=\"color: #800000;\"><strong>&#8222;velk\u00e1&#8220; a &#8222;mal\u00e1&#8220; Eva<\/strong><\/span> a ob\u011b Vlast\u00edkovy vnu\u010dky &#8211; <strong><span style=\"color: #800000;\">Ladu\u0161ka se Zitu\u0161kou<\/span><\/strong>. K hrobu za n\u00e1mi p\u0159i\u0161la je\u0161t\u011b i <strong><span style=\"color: #800000;\">Pavl\u00ednka Pant\u016f\u010dkov\u00e1<\/span><\/strong>, tak\u017ee tentok\u00e1t MORAVCI z Brna byli jednozna\u010dn\u011b v siln\u00e9 po\u010detn\u00ed p\u0159esile nad MORAVCI z Drahansk\u00e9 vrchoviny&#8230;<\/p>\n<figure id=\"attachment_14324\" aria-describedby=\"caption-attachment-14324\" style=\"width: 5682px\" class=\"wp-caption alignnone\"><a href=\"http:\/\/www.moravecteam.cz\/?attachment_id=14324\" rel=\"attachment wp-att-14324\"><img decoding=\"async\" loading=\"lazy\" class=\" wp-image-14324\" alt=\"DSC_0019\" src=\"http:\/\/www.moravecteam.cz\/wp-content\/uploads\/2019\/12\/DSC_0019.jpg\" width=\"5682\" height=\"3600\" srcset=\"https:\/\/www.moravecteam.cz\/wp-content\/uploads\/2019\/12\/DSC_0019.jpg 5682w, https:\/\/www.moravecteam.cz\/wp-content\/uploads\/2019\/12\/DSC_0019-300x190.jpg 300w, https:\/\/www.moravecteam.cz\/wp-content\/uploads\/2019\/12\/DSC_0019-1024x648.jpg 1024w\" sizes=\"(max-width: 5682px) 100vw, 5682px\" \/><\/a><figcaption id=\"caption-attachment-14324\" class=\"wp-caption-text\"><strong><span style=\"color: #800000;\">Rudu Labuse<\/span><\/strong> jsme k setk\u00e1n\u00ed s Vlast\u00edkem zl\u00e1kali na <strong><a href=\"http:\/\/www.moravecteam.cz\/?p=14287\">cyklokrosu v Uni\u010dov\u011b<\/a>.<\/strong>&#8230;<\/figcaption><\/figure>\n<p style=\"text-align: justify;\">Mysl\u00edm, \u017ee to ale nikomu moc nevadilo&#8230; P\u0159i zapalov\u00e1n\u00ed sv\u00ed\u010dek na Vlast\u00edkov\u011b hrobu m\u011b p\u0159ekvapila ot\u00e1zkou vn\u00edmav\u00e1 Zitu\u0161ka, kter\u00e1 se ne\u010dekan\u011b zeptala n\u011bjak takto: <em>&#8222;&#8230; a strejdo, byl fakt d\u011bde\u010dek Vlast\u00edk po\u0159\u00e1d tak vesel\u00fd a\u00a0 usm\u011bvav\u00fd?&#8220;<\/em> S reakc\u00ed na dotaz, kter\u00fd m\u011b moc pot\u011b\u0161il (tato Zitu\u0161tina up\u0159\u00edmn\u00e1 ot\u00e1zka toti\u017e neznamen\u00e1 nic jin\u00e9ho, ne\u017e \u017ee holky na\u0161i aktivitu s n\u00e1zvem <strong><span style=\"color: #800000;\">MORAVEC Team<\/span><\/strong>, kter\u00e1 u\u017e bezm\u00e1la 20 rok\u016f existuje ve jm\u00e9nu jejich d\u011bde\u010dka, vn\u00edmaj\u00ed kladn\u011b, pozitivn\u011b&#8230;), jsem nem\u011bl probl\u00e9m a odpov\u011bd\u011bl jsem j\u00ed pohotov\u011b asi takto: <em>&#8222;V\u00ed\u0161, Zitu\u0161ko, m\u00e1me des\u00edtky fotek Tv\u00e9ho d\u011bdy a na \u017e\u00e1dn\u00e9 z nich se namra\u010d\u00ed&#8230; Na ka\u017ed\u00e9 se usm\u00edv\u00e1&#8230; Tv\u016fj d\u011bda byl fakt vesel\u00fd a sm\u00e1l se skoro furt&#8230;&#8220;.<\/em>Spole\u010dn\u00e9 setk\u00e1n\u00ed u hrobu iony nemohl <strong><span style=\"color: #800000;\">Karel V\u0161etula<\/span> <\/strong>nezdokumentovat a vy se na fotky m\u016f\u017eete pod\u00edvat ve <strong><a href=\"https:\/\/moravecteam.rajce.idnes.cz\/2019.12.15_Navsteva_hrobu_Vlastika_MORAVCE\/\">fotogalerii&#8230;<\/a> <\/strong>Stalo se u\u017e l\u00e9ty tradic\u00ed, \u017ee nezapom\u00edn\u00e1me vyrazit ze h\u0159bitova ani na m\u00edsto Vlast\u00edkov\u00fdch posledn\u00edch vte\u0159in, na osudn\u00e9 m\u00edsto v Kohoutovic\u00edch a sem n\u00e1s u\u017e doprovodili op\u011bt pouze jeho nejbli\u017e\u0161\u00ed kamar\u00e1di a tehdej\u0161\u00ed spoluob\u010dan\u00e9, pod veden\u00edm <strong><span style=\"color: #800000;\">Jardy Blahy.<\/span><\/strong> D\u0159\u00edv ale, ne\u017e jsme p\u0159\u00edmo na m\u00edst\u011b trag\u00e9die zap\u00e1lili sv\u00ed\u010dky, zavedli n\u00e1s na\u0161i hostitele do \u00fatuln\u00e9 hosp\u016fdky &#8222;Na h\u0159i\u0161ti&#8220; v \u017deb\u011bt\u00edn\u011b, kde jsme uti\u0161ili na\u0161e u\u017e dost\u00a0 se oz\u00fdvaj\u00edc\u00ed \u017ealudky&#8230;.<\/p>\n<figure id=\"attachment_14319\" aria-describedby=\"caption-attachment-14319\" style=\"width: 4172px\" class=\"wp-caption alignnone\"><a href=\"http:\/\/www.moravecteam.cz\/?attachment_id=14319\" rel=\"attachment wp-att-14319\"><img decoding=\"async\" loading=\"lazy\" class=\" wp-image-14319\" alt=\"DSC_0045\" src=\"http:\/\/www.moravecteam.cz\/wp-content\/uploads\/2019\/12\/DSC_0045.jpg\" width=\"4172\" height=\"3194\" srcset=\"https:\/\/www.moravecteam.cz\/wp-content\/uploads\/2019\/12\/DSC_0045.jpg 4172w, https:\/\/www.moravecteam.cz\/wp-content\/uploads\/2019\/12\/DSC_0045-300x229.jpg 300w, https:\/\/www.moravecteam.cz\/wp-content\/uploads\/2019\/12\/DSC_0045-1024x783.jpg 1024w\" sizes=\"(max-width: 4172px) 100vw, 4172px\" \/><\/a><figcaption id=\"caption-attachment-14319\" class=\"wp-caption-text\">Foto od nezn\u00e1m\u00e9ho p\u0159\u00edznivce Vlast\u00edka MORAVCE!<\/figcaption><\/figure>\n<p style=\"text-align: justify;\">P\u0159\u00edmo na m\u00edsto ne\u0161t\u011bst\u00ed jsme dorazili v doporvodu na\u0161ich pozorn\u00fdch kohoutovick\u00fdch hostitel\u016f ji\u017e za soumraku a i zde jsme za\u017eili dv\u011b mil\u00e1 p\u0159ekvapen\u00ed&#8230; Kdy\u017e do\u0161lo na organizov\u00e1n\u00ed spole\u010dn\u00e9ho fota u pomn\u00ed\u010dku, poprosili jsme n\u00e1hodn\u011b kolemjdouc\u00edho, aby n\u00e1s v\u0161echny &#8222;cvaknul&#8220;. Kdy\u017e tento mlad\u00fd mu\u017e pochopil &#8222;vo co gou&#8220;, byla jeho reakce pro n\u00e1s ne\u010dekan\u011b pozitivn\u00ed: nejen \u017ee ud\u011blal rychle a p\u0159esn\u011b, co jsme po n\u011bm cht\u011bli, ale\u00a0 n\u00e1sledn\u011b n\u00e1s poprosil, zda si n\u00e1s m\u016f\u017ee taky vyfotit na sv\u016fj mobil&#8230; Z jeho pozitivn\u00ed reakce na n\u00e1s a jeho nadpr\u016fm\u011brn\u00e9 ochoty jsme zcela jasn\u011b pochopili, se se jednalo o n\u011bkoho z Kohoutovic, o taky p\u0159\u00edznivce a obdivovatele <strong><span style=\"color: #800000;\">Vlast\u00edka MORAVCE&#8230;<\/span><\/strong><\/p>\n<figure id=\"attachment_14320\" aria-describedby=\"caption-attachment-14320\" style=\"width: 5156px\" class=\"wp-caption alignnone\"><a href=\"http:\/\/www.moravecteam.cz\/?attachment_id=14320\" rel=\"attachment wp-att-14320\"><img decoding=\"async\" loading=\"lazy\" class=\" wp-image-14320\" alt=\"DSC_0053\" src=\"http:\/\/www.moravecteam.cz\/wp-content\/uploads\/2019\/12\/DSC_0053.jpg\" width=\"5156\" height=\"3619\" srcset=\"https:\/\/www.moravecteam.cz\/wp-content\/uploads\/2019\/12\/DSC_0053.jpg 5156w, https:\/\/www.moravecteam.cz\/wp-content\/uploads\/2019\/12\/DSC_0053-300x210.jpg 300w, https:\/\/www.moravecteam.cz\/wp-content\/uploads\/2019\/12\/DSC_0053-1024x718.jpg 1024w\" sizes=\"(max-width: 5156px) 100vw, 5156px\" \/><\/a><figcaption id=\"caption-attachment-14320\" class=\"wp-caption-text\">Nov\u00e1 tradice je zde: zkropen\u00ed pomn\u00ed\u010dku Vlast\u00edka kvalitn\u00edm destil\u00e1tem..!<\/figcaption><\/figure>\n<p style=\"text-align: justify;\">To druh\u00e9 avizovan\u00e9 p\u0159ekvapen\u00ed jsme za\u017eili u\u017e bez na\u0161ich kohoutovick\u00fdch p\u0159\u00e1tel. \u010cekalo na n\u00e1s p\u0159i vystoupen\u00ed z trolejbusu, kter\u00fd n\u00e1s (j\u00e1, Karel a Leo) p\u0159evezl na &#8222;Mendl\u00e1k&#8220;, odkud jsme pak pokra\u010dovali do sv\u00e1te\u010dn\u00edho centra Brna. P\u0159i vystupov\u00e1n\u00ed z &#8222;trajfu&#8220; n\u00e1s op\u011bt ne\u010dekan\u011b oslovila usm\u011bvav\u00e1 star\u0161\u00ed pan\u00ed, kter\u00e1 necht\u011bn\u011b vyslechla rozhovor n\u00e1s t\u0159\u00ed MORAVC\u016e o denn\u00edch pro\u017eitc\u00edch ve jm\u00e9nu Vlastimila MORAVCE. <strong><span style=\"color: #800000;\">Pan\u00ed Havlov\u00e1<\/span><\/strong> &#8211; jak jsme z\u00e1hy od n\u00ed vyzv\u011bd\u011bli &#8211; byla taky z Kohoutovic, Vlast\u00edka za jeho \u017eivota dob\u0159e znala a byla dojat\u00e1 z toho, co \u017ee v jeho jm\u00e9nu d\u011bl\u00e1me&#8230;.<\/p>\n<figure id=\"attachment_14323\" aria-describedby=\"caption-attachment-14323\" style=\"width: 700px\" class=\"wp-caption alignnone\"><a href=\"http:\/\/www.moravecteam.cz\/?attachment_id=14323\" rel=\"attachment wp-att-14323\"><img decoding=\"async\" loading=\"lazy\" class=\" wp-image-14323\" alt=\"OLYMPUS DIGITAL CAMERA\" src=\"http:\/\/www.moravecteam.cz\/wp-content\/uploads\/2019\/12\/p1014768.jpg\" width=\"700\" height=\"525\" srcset=\"https:\/\/www.moravecteam.cz\/wp-content\/uploads\/2019\/12\/p1014768.jpg 700w, https:\/\/www.moravecteam.cz\/wp-content\/uploads\/2019\/12\/p1014768-300x225.jpg 300w\" sizes=\"(max-width: 700px) 100vw, 700px\" \/><\/a><figcaption id=\"caption-attachment-14323\" class=\"wp-caption-text\">MORAVCI u hrobu Vlas\u00edka, podzim 2006. H\u00e1dejte, kdo je na fotce kdo&#8230;. Neuh\u00e1dnete&#8230;?<\/figcaption><\/figure>\n<p style=\"text-align: justify;\">Spr\u00e1vn\u011b se je\u0161t\u011b pt\u00e1te, co ta nov\u00e1 tradice, kter\u00e1 je avizovan\u00e1 v n\u00e1zvu t\u00e9to aktuality? Objasn\u00edm v tomto fin\u00e1ln\u00edm odstavci&#8230; Na m\u00edst\u011b Vlast\u00edkova skonu jsme letos zaseli nov\u00e9 sem\u00ednko&#8230; <strong><span style=\"color: #800000;\">Vlasta MORAVEC<\/span><\/strong> byl jedn\u00edm z n\u00e1s, byl to<strong><span style=\"color: #800000;\"> norm\u00e1ln\u00ed \u010dlov\u011bk<\/span><\/strong>, i proto mo\u017en\u00e1 jsme asi s jeho nejli\u017e\u0161\u00edmi nav\u00e1zali z\u00e1hy tak siln\u00e9 pouto&#8230; Tak jako my, ani Vlast\u00edk se ve zdrav\u00e9 m\u00ed\u0159e nevyh\u00fdbal alkoholu a nen\u00ed tajemstv\u00edm, \u017ee nejrad\u0161i m\u011bl slivovi\u010dku&#8230; P\u0159i n\u00e1v\u0161t\u011bv\u011b Brna jsme samoz\u0159ejm\u011b kvalitn\u00ed dsetil\u00e1t\u00a0 s sebou (d\u00edky <strong><span style=\"color: #800000;\">Karlu V\u0161etulovi<\/span><\/strong>) m\u011bli a Vlast\u00edkovi jsme tentokr\u00e1t poprv\u00e9 (a do udoucna na v\u011b\u010dn\u00e9 \u010dasy a nikdy jinak) neopom\u011bli d\u00e1t ko\u0161tovat!<strong><br \/>\n<\/strong><\/p>\n","protected":false},"excerpt":{"rendered":"<p>U\u017e ani nev\u00edm, kdy\u00a0 jsem byl &#8222;velkou&#8220; Evou (MORAVCOVOU)\u00a0 poprv\u00e9 zaveden k hrobu jej\u00edho tragicky zesnul\u00e9ho man\u017eela, skv\u011bl\u00e9ho \u010deskoslovensk\u00e9ho silni\u010d\u00e1\u0159e ze 70. let minul\u00e9ho stolet\u00ed, Vlastimila MORAVCE&#8230; N\u00ed\u017ee uv\u00e1d\u00edm nejstar\u0161\u00ed nalezenou archivn\u00ed fotku z brn\u011bnsk\u00e9ho \u00fast\u0159edn\u00edho h\u0159bitova z listopadu 2006 a Vy na n\u00ed m\u016f\u017eete h\u00e1dat, kdo jsou Ti \u010dty\u0159i, kte\u0159\u00ed tehdy p\u0159i\u0161li vzd\u00e1t hold &hellip; <a href=\"https:\/\/www.moravecteam.cz\/?p=14308\" class=\"more-link\">Pokra\u010dov\u00e1n\u00ed textu <span class=\"screen-reader-text\">Nov\u00e1 tradice..!<\/span> <span class=\"meta-nav\">&rarr;<\/span><\/a><\/p>\n","protected":false},"author":3,"featured_media":14317,"comment_status":"open","ping_status":"closed","sticky":false,"template":"","format":"standard","meta":[],"categories":[13],"tags":[],"_links":{"self":[{"href":"https:\/\/www.moravecteam.cz\/index.php?rest_route=\/wp\/v2\/posts\/14308"}],"collection":[{"href":"https:\/\/www.moravecteam.cz\/index.php?rest_route=\/wp\/v2\/posts"}],"about":[{"href":"https:\/\/www.moravecteam.cz\/index.php?rest_route=\/wp\/v2\/types\/post"}],"author":[{"embeddable":true,"href":"https:\/\/www.moravecteam.cz\/index.php?rest_route=\/wp\/v2\/users\/3"}],"replies":[{"embeddable":true,"href":"https:\/\/www.moravecteam.cz\/index.php?rest_route=%2Fwp%2Fv2%2Fcomments&post=14308"}],"version-history":[{"count":14,"href":"https:\/\/www.moravecteam.cz\/index.php?rest_route=\/wp\/v2\/posts\/14308\/revisions"}],"predecessor-version":[{"id":14331,"href":"https:\/\/www.moravecteam.cz\/index.php?rest_route=\/wp\/v2\/posts\/14308\/revisions\/14331"}],"wp:featuredmedia":[{"embeddable":true,"href":"https:\/\/www.moravecteam.cz\/index.php?rest_route=\/wp\/v2\/media\/14317"}],"wp:attachment":[{"href":"https:\/\/www.moravecteam.cz\/index.php?rest_route=%2Fwp%2Fv2%2Fmedia&parent=14308"}],"wp:term":[{"taxonomy":"category","embeddable":true,"href":"https:\/\/www.moravecteam.cz\/index.php?rest_route=%2Fwp%2Fv2%2Fcategories&post=14308"},{"taxonomy":"post_tag","embeddable":true,"href":"https:\/\/www.moravecteam.cz\/index.php?rest_route=%2Fwp%2Fv2%2Ftags&post=14308"}],"curies":[{"name":"wp","href":"https:\/\/api.w.org\/{rel}","templated":true}]}}