{"id":14349,"date":"2019-12-29T14:05:12","date_gmt":"2019-12-29T13:05:12","guid":{"rendered":"http:\/\/www.moravecteam.cz\/?p=14349"},"modified":"2019-12-29T17:40:56","modified_gmt":"2019-12-29T16:40:56","slug":"eliska-a-lukas","status":"publish","type":"post","link":"https:\/\/www.moravecteam.cz\/?p=14349","title":{"rendered":"Eli\u0161ka a Luk\u00e1\u0161!"},"content":{"rendered":"<p style=\"text-align: justify;\"><strong><span style=\"color: #800000;\">MORAVEC Team zavr\u0161il \u00fasp\u011b\u0161nou sez\u00f3nu 2019 o posledn\u00edm prosincov\u00e9m p\u00e1tku sv\u00fdm tradi\u010dn\u00edm slavnostn\u00edm v\u00fdro\u010dn\u00edm ro(c)kov\u00e1n\u00edm. Na pomysln\u00fd d\u00edv\u010d\u00ed tr\u016fn podle o\u010dek\u00e1v\u00e1n\u00ed op\u011bt usedla a velmi cen\u011bnou bronzovou \u00a0trofej bude m\u00edt i po cel\u00fd p\u0159\u00ed\u0161t\u00ed rok v\u00a0dr\u017een\u00ed, <span style=\"text-decoration: underline;\">Eli\u0161ka Han\u00e1kov\u00e1<\/span>, pl\u00e1novan\u00e9 \u201est\u0159\u00edd\u00e1n\u00ed str\u00e1\u017e\u00ed\u201c se konalo mezi chlapci, kdy druhou vz\u00e1cnou trofej z\u00edskal premi\u00e9rov\u011b <span style=\"text-decoration: underline;\">Luk\u00e1\u0161 Sedl\u00e1k<\/span>!<\/span><\/strong><\/p>\n<figure id=\"attachment_14355\" aria-describedby=\"caption-attachment-14355\" style=\"width: 1196px\" class=\"wp-caption alignnone\"><a href=\"http:\/\/www.moravecteam.cz\/?attachment_id=14355\" rel=\"attachment wp-att-14355\"><img decoding=\"async\" loading=\"lazy\" class=\" wp-image-14355\" alt=\"DSC_0009b\" src=\"http:\/\/www.moravecteam.cz\/wp-content\/uploads\/2019\/12\/DSC_0009b.jpg\" width=\"1196\" height=\"1732\" srcset=\"https:\/\/www.moravecteam.cz\/wp-content\/uploads\/2019\/12\/DSC_0009b.jpg 1196w, https:\/\/www.moravecteam.cz\/wp-content\/uploads\/2019\/12\/DSC_0009b-207x300.jpg 207w, https:\/\/www.moravecteam.cz\/wp-content\/uploads\/2019\/12\/DSC_0009b-707x1024.jpg 707w\" sizes=\"(max-width: 1196px) 100vw, 1196px\" \/><\/a><figcaption id=\"caption-attachment-14355\" class=\"wp-caption-text\">P\u016fvabn\u00e1 trojka z Brna &#8211; Mod\u0159ic \/ Bohunic pr\u00e1v\u011b dorazila!<\/figcaption><\/figure>\n<p style=\"text-align: justify;\">Krom\u011b hlavn\u00edch cen Vlastimila MORAVCE byla Radou Star\u0161\u00edch Biker\u016f MORAVEC Teamu ud\u011blena i dal\u0161\u00ed ocen\u011bn\u00ed. Objevy roku 2019 jsou od minul\u00e9ho p\u00e1tku <strong><span style=\"color: #800000;\">Lada Bartol\u0161ic \u2013 MORAVCOV\u00c1<\/span><\/strong> a <strong><span style=\"color: #800000;\">Matou\u0161 Usnul<\/span><\/strong>, popul\u00e1rn\u00edmi \u201eskokany\u201c se stali <strong><span style=\"color: #800000;\">Lucie Gottwaldov\u00e1<\/span><\/strong> a <strong><span style=\"color: #800000;\">Jon\u00e1\u0161 Janovsk\u00fd<\/span><\/strong>, z\u00a0ceny Dravec MORAVEC se m\u016f\u017eou premi\u00e9rov\u011b t\u011b\u0161it <strong><span style=\"color: #800000;\">Zita \u017dern\u00ed\u010dkov\u00e1<\/span><\/strong> s\u00a0<strong><span style=\"color: #800000;\">Dominikem Pt\u00e1\u010dn\u00edkem<\/span><\/strong>. Cenu Evy MORAVCOV\u00c9 pat\u0159\u00edc\u00ed dosp\u011bl\u00fdm z\u00e1vodn\u00edk\u016f p\u0159ebral zcela po z\u00e1sluze<strong><span style=\"color: #800000;\"> Petr \u0160ich<\/span><\/strong> a t\u0159emi osobnostmi MTB Superior \u2013 Colorprofi Poh\u00e1ru Drahansk\u00e9 vrchoviny 2019 jsou vyhl\u00e1\u0161eni <strong><span style=\"color: #800000;\">Mirka V\u00edtkov\u00e1<\/span><\/strong>, <strong><span style=\"color: #800000;\">Maru\u0161ka Zouharov\u00e1<\/span><\/strong> a <strong><span style=\"color: #800000;\">Karel V\u0161etula<\/span><\/strong>!<\/p>\n<figure id=\"attachment_14356\" aria-describedby=\"caption-attachment-14356\" style=\"width: 3910px\" class=\"wp-caption alignnone\"><a href=\"http:\/\/www.moravecteam.cz\/?attachment_id=14356\" rel=\"attachment wp-att-14356\"><img decoding=\"async\" loading=\"lazy\" class=\" wp-image-14356\" alt=\"DSC_0027\" src=\"http:\/\/www.moravecteam.cz\/wp-content\/uploads\/2019\/12\/DSC_0027.jpg\" width=\"3910\" height=\"2961\" srcset=\"https:\/\/www.moravecteam.cz\/wp-content\/uploads\/2019\/12\/DSC_0027.jpg 3910w, https:\/\/www.moravecteam.cz\/wp-content\/uploads\/2019\/12\/DSC_0027-300x227.jpg 300w, https:\/\/www.moravecteam.cz\/wp-content\/uploads\/2019\/12\/DSC_0027-1024x775.jpg 1024w\" sizes=\"(max-width: 3910px) 100vw, 3910px\" \/><\/a><figcaption id=\"caption-attachment-14356\" class=\"wp-caption-text\">Mirka V\u00edtkov\u00e1 byla VIP hostem slavnostn\u00edho podve\u010dera!<\/figcaption><\/figure>\n<p style=\"text-align: justify;\">Vyjmenov\u00e1vat leto\u0161n\u00ed \u00fasp\u011bchy <strong><span style=\"color: #800000;\">Eli\u0161ky Han\u00e1kov\u00e9<\/span><\/strong> je tak trochu no\u0161en\u00edm d\u0159\u00edv\u00ed do lesa. P\u0159esto: v\u00a0\u010cesk\u00e9m poh\u00e1ru horsk\u00fdch kol vyhr\u00e1la v\u00a0kategorii star\u0161\u00edch \u017e\u00e1ky\u0148 v\u0161e, co se vyhr\u00e1t dalo a je nejen Mistryn\u00ed \u010cR ale i <strong><a href=\"https:\/\/cpxcmtb.sportsoft.cz\/2019\/results.aspx\">suver\u00e9nn\u00ed celkovou v\u00edt\u011bzkou t\u00e9to s\u00e9rie<\/a><\/strong>. Zlato a bronz \u201ebrala\u201c i na presti\u017en\u00ed <strong><a href=\"https:\/\/odm.olympic.cz\/tisk\/vysledky-zavodu\/625\">Olympi\u00e1d\u011b d\u011bt\u00ed a ml\u00e1de\u017ee v\u00a0Liberci <\/a><\/strong>(zlato ze z\u00e1vodu MTB, bronz ze silni\u010dn\u00edho z\u00e1vodu s\u00a0hromadn\u00fdm startem). TOP v\u00fdsledkem talentovan\u00e9, pracovit\u00e9 a c\u00edlev\u011bdom\u00e9 bikerky pak letos bezesporu je <strong><a href=\"http:\/\/www.reprezentacemtb.cz\/hanakova-a-novotna-na-me-v-pile-stribrne\/\">2. m\u00edsto v\u00a0MTB z\u00e1vod\u011b na Mistorvstv\u00ed Evropy v\u00a0italsk\u00e9 Pile<\/a>.<\/strong> V\u00fdjime\u010dnou sez\u00f3nu pak korunovala Eli\u0161ka \u2013 u\u017e co by kadetka \u2013 je\u0161t\u011b teprve ned\u00e1vno <strong><a href=\"https:\/\/sportsoft.cz\/OfficialResults\/2019\/vysl_20191214_ttc11_unicov_kadetky.pdf?201912.14.10.21\">ziskem bronzu na M\u010cR v\u00a0cyklokrosu v\u00a0Uni\u010dov\u011b<\/a><\/strong> a v\u00a0celkov\u00e9m po\u0159ad\u00ed \u010cesk\u00e9ho poh\u00e1ru v\u00a0t\u00e9to disciplin\u011b skon\u010dila na 2. m\u00edst\u011b! Bravo Eli\u0161ka, blahop\u0159ejeme a d\u011bkujeme! <strong><span style=\"color: #800000;\">Bravo MORAVEC<\/span><\/strong>! Bylo n\u00e1m ct\u00ed, \u017ee jsme se mohli pod\u00edlet na jej\u00edm v\u00fdkonnostn\u00edm r\u016fstu a do dal\u0161\u00edho cyklistick\u00e9ho \u017eivota j\u00ed p\u0159ejeme jen to NEJ a hlavn\u011b \u2013 pevn\u00e9 zdrav\u00ed!<\/p>\n<figure id=\"attachment_14357\" aria-describedby=\"caption-attachment-14357\" style=\"width: 5973px\" class=\"wp-caption alignnone\"><a href=\"http:\/\/www.moravecteam.cz\/?attachment_id=14357\" rel=\"attachment wp-att-14357\"><img decoding=\"async\" loading=\"lazy\" class=\" wp-image-14357\" alt=\"DSC_0121\" src=\"http:\/\/www.moravecteam.cz\/wp-content\/uploads\/2019\/12\/DSC_0121.jpg\" width=\"5973\" height=\"2658\" srcset=\"https:\/\/www.moravecteam.cz\/wp-content\/uploads\/2019\/12\/DSC_0121.jpg 5973w, https:\/\/www.moravecteam.cz\/wp-content\/uploads\/2019\/12\/DSC_0121-300x133.jpg 300w, https:\/\/www.moravecteam.cz\/wp-content\/uploads\/2019\/12\/DSC_0121-1024x455.jpg 1024w\" sizes=\"(max-width: 5973px) 100vw, 5973px\" \/><\/a><figcaption id=\"caption-attachment-14357\" class=\"wp-caption-text\">&#8222;Kohout\u016fm&#8220; (zleva, Mirin, Blagin a Va\u0161ek) d\u011bl\u00e1 pr\u00e1v\u011b &#8222;garde&#8220; n\u00e1\u0161 Franta Pad\u011bra.<\/figcaption><\/figure>\n<p style=\"text-align: justify;\">Nen\u00e1padn\u00fd <strong><span style=\"color: #800000;\">Luk\u00e1\u0161 Sedl\u00e1k<\/span><\/strong> je t\u00edm druh\u00fdm, kter\u00fd obdr\u017eel cen\u011bnou trofej, kterou v\u011bnovala na\u0161emu odd\u00edlu \u201eVelk\u00e1\u201c Eva MORAVCOV\u00c1, a kterou konkr\u00e9tn\u011b vybojoval v\u00a0dob\u011b sv\u00e9 aktivn\u00ed z\u00e1vodn\u00ed kari\u00e9ry <span style=\"color: #008000;\"><strong><a href=\"https:\/\/cs.wikipedia.org\/wiki\/Vlastimil_Moravec\"><span style=\"color: #008000;\">Vlastimil MORAVEC<\/span><\/a><\/strong><\/span>\u00a0na etapov\u00e9m z\u00e1vod\u011b Giro d\u00b4Italia. I \u201eLukin\u201c ud\u011blal v\u00a0pr\u016fb\u011bhu sez\u00f3ny pozoruhodn\u00fd v\u00fdkonnostn\u00ed skok, \u010deho\u017e je d\u016fkazem p\u0159edev\u0161\u00edm um\u00edst\u011bn\u00ed v\u00a0TOP 30 v \u201ena\u0159\u00edznut\u00e9m\u201c <strong><a href=\"http:\/\/www.moravecteam.cz\/?p=13581\">mistrovsk\u00e9m MTB z\u00e1vod\u011b v\u00a0Hlinsku<\/a><\/strong> a dv\u011b v\u00edt\u011bzstv\u00ed na ob\u00e1van\u00fdch \u201eGrand Slamov\u00fdch\u201c trat\u00edch leto\u0161n\u00ed MTB \u201eVrchoviny\u201c \u2013 v\u00a0Okrouhl\u00e9 a ve fin\u00e1le v\u00a0Nov\u00e9m M\u011bst\u011b na Morav\u011b. I on \u00a0stihnul letos i n\u011bjak\u00fd ten cyklokros a co by ryz\u00ed nov\u00e1\u010dek, nav\u00edc \u00a0na vyp\u016fj\u010den\u00e9m kole, odvedl na \u201emistr\u00e1ku\u201c v\u00a0Uni\u010dov\u011b pozoruhodnou pr\u00e1ci! V\u0161ak tak\u00e9 uni\u010dovsk\u00e9 bahno a chlad zp\u016fsobilo po z\u00e1vod\u011b jeho nachlazen\u00ed a n\u00e1sledn\u00e9 onemocn\u011bn\u00ed, a proto se p\u0159ed\u00e1v\u00e1n\u00ed V\u00fdro\u010dn\u00edch cen nakonec nemohl z\u00fa\u010dastnit. I Luk\u00e1\u0161ovi k\u00a0ocen\u011bn\u00ed blahop\u0159ejeme!<\/p>\n<figure id=\"attachment_14358\" aria-describedby=\"caption-attachment-14358\" style=\"width: 418px\" class=\"wp-caption aligncenter\"><a href=\"http:\/\/www.moravecteam.cz\/?attachment_id=14358\" rel=\"attachment wp-att-14358\"><img decoding=\"async\" loading=\"lazy\" class=\"size-full wp-image-14358 \" alt=\"DSC_0028\" src=\"http:\/\/www.moravecteam.cz\/wp-content\/uploads\/2019\/12\/DSC_0028.jpg\" width=\"418\" height=\"500\" srcset=\"https:\/\/www.moravecteam.cz\/wp-content\/uploads\/2019\/12\/DSC_0028.jpg 418w, https:\/\/www.moravecteam.cz\/wp-content\/uploads\/2019\/12\/DSC_0028-250x300.jpg 250w\" sizes=\"(max-width: 418px) 100vw, 418px\" \/><\/a><figcaption id=\"caption-attachment-14358\" class=\"wp-caption-text\">Cyklistick\u00e1 mistryn\u011b sv\u011bta Lada Kozlkov\u00e1 se synem Matou\u0161kem. Vyroste z n\u011bho taky cyklistick\u00fd \u0161ampi\u00f3n?<\/figcaption><\/figure>\n<p style=\"text-align: justify;\">\u00a0\u201eSliby se maj plnit o V\u00e1noc\u00edch\u2026\u201c, <strong><a href=\"https:\/\/www.youtube.com\/watch?v=YLbgajaQ_U8\">zp\u00edv\u00e1 Janek Ledeck\u00fd<\/a><\/strong> v\u00a0jedn\u00e9 ze sv\u00fdch p\u011bkn\u00fdch p\u00edsni\u010dek\u2026 Proto jsem byl moc r\u00e1d, kdy\u017e se na na\u0161em slavnostn\u00edm setk\u00e1n\u00ed objevili oba mnou sl\u00edben\u00ed Mist\u0159i sv\u011bta: skv\u011bl\u00e1 dr\u00e1ha\u0159ka a silni\u010d\u00e1\u0159ka minul\u00fdch let, <a href=\"https:\/\/cs.wikipedia.org\/wiki\/Lada_Kozl%C3%ADkov%C3%A1\"><strong><span style=\"color: #008000;\">Lada Kozl\u00edkov\u00e1<\/span><\/strong><\/a>\u00a0a mnohon\u00e1sobn\u00fd Mistr sv\u011bta v\u00a0biketrialu,<span style=\"text-decoration: underline;\"><span style=\"color: #008000;\"><strong><a href=\"https:\/\/www.motormix.cz\/clanek\/vaclav-kolar-v-katalansku-obhajil-titul-mistra-sveta-v-biketrialu\/16721\"><span style=\"color: #008000; text-decoration: underline;\"> V<\/span><\/a>\u00e1clav Kol\u00e1\u0159<\/strong><\/span><\/span>! Oba se velmi zdatn\u011b ujali p\u0159ed\u00e1v\u00e1n\u00ed v\u00fdro\u010dn\u00edch cen, nav\u00edc Lada Kozl\u00edkov\u00e1 doprovodila na slavnostn\u00ed podve\u010der sv\u00e9ho moc \u0161ikovn\u00e9ho syna, <strong><span style=\"color: #800000;\">Matou\u0161ka Usnula<\/span><\/strong>, kter\u00fd je \u010derstv\u00fdm dr\u017eitelem odd\u00edlov\u00e9 v\u00fdro\u010dn\u00ed ceny \u201eObjev roku\u201c!<\/p>\n<figure id=\"attachment_14359\" aria-describedby=\"caption-attachment-14359\" style=\"width: 2357px\" class=\"wp-caption alignnone\"><a href=\"http:\/\/www.moravecteam.cz\/?attachment_id=14359\" rel=\"attachment wp-att-14359\"><img decoding=\"async\" loading=\"lazy\" class=\" wp-image-14359\" alt=\"DSC_0097\" src=\"http:\/\/www.moravecteam.cz\/wp-content\/uploads\/2019\/12\/DSC_0097.jpg\" width=\"2357\" height=\"2972\" srcset=\"https:\/\/www.moravecteam.cz\/wp-content\/uploads\/2019\/12\/DSC_0097.jpg 2357w, https:\/\/www.moravecteam.cz\/wp-content\/uploads\/2019\/12\/DSC_0097-237x300.jpg 237w, https:\/\/www.moravecteam.cz\/wp-content\/uploads\/2019\/12\/DSC_0097-812x1024.jpg 812w\" sizes=\"(max-width: 2357px) 100vw, 2357px\" \/><\/a><figcaption id=\"caption-attachment-14359\" class=\"wp-caption-text\">P\u0159i autogrami\u00e1d\u011b byla na Va\u0161ka Kol\u00e1\u0159e, biketrialov\u00e9ho sv\u011btov\u00e9ho \u0161ampiona, jak-jinak, fronta&#8230;!<\/figcaption><\/figure>\n<p style=\"text-align: justify;\">Pracovn\u011bn\u011b nechyb\u011bl \u2013 jako u\u017e po l\u00e9ta \u2013 ani starosta <strong><a href=\"https:\/\/www.benesov-u-boskovic.cz\/\">obce Bene\u0161ova<\/a><\/strong>, p. <strong><span style=\"color: #800000;\">Anton\u00edn Rus<\/span><\/strong>, kter\u00fd se tentokr\u00e1t \u201enadnorm\u00e1l\u201c zdr\u017eel p\u0159i vyhla\u0161ov\u00e1n\u00ed mistr\u016f Bene\u0161ova. T\u011bch se urodilo \u2013 oproti lo\u0148sku, m\u011b\u0159eno okem p\u0159esn\u00e9ho matematika \u2013 o 75% v\u00edc! Celkem 7 jmen zazn\u011blo z \u00fast sp\u00edkra, fyzicky sice byli p\u0159\u00edtomni jen t\u0159i a jeden v\u00a0zastoupen\u00ed, to ale nic nem\u011bn\u00ed na faktu, \u017ee se letos \u201ebikersky\u201c Bene\u0161ov op\u011bt po letech \u201epochlapil\u201c!<\/p>\n<p style=\"text-align: justify;\">I sen\u00e1torka, pan\u00ed <strong><a href=\"http:\/\/www.jaromiravitkova.cz\/\">Jarom\u00edra V\u00edtkov\u00e1<\/a><\/strong>, byla moc mil\u00fdm hostem na\u0161eho slavnostn\u00edho podve\u010dera\u2026 Nejen, \u017ee se sv\u00fdm man\u017eelem a tak\u00e9 na\u0161\u00edm kamar\u00e1dem, <strong><span style=\"color: #800000;\">Jardou V\u00edtkem<\/span><\/strong> doprovodila na akci svoje \u0161ikovn\u00e9 vnu\u010dky \u2013 mlad\u00e9 bikerky &#8211; <strong><span style=\"color: #800000;\">Ad\u00e9lku s\u00a0Kl\u00e1rkou V\u011brn\u00fdch<\/span><\/strong>, ale v\u0161em ocen\u011bn\u00fdm dovezla &#8211; d\u00e1re\u010dky! Mirko moc d\u011bkujeme a jsme r\u00e1di, \u017ee T\u011b m\u00e1me, a \u017ee jsi s\u00a0n\u00e1mi!<\/p>\n<figure id=\"attachment_14360\" aria-describedby=\"caption-attachment-14360\" style=\"width: 865px\" class=\"wp-caption alignnone\"><a href=\"http:\/\/www.moravecteam.cz\/?attachment_id=14360\" rel=\"attachment wp-att-14360\"><img decoding=\"async\" loading=\"lazy\" class=\" wp-image-14360\" alt=\"DSC_0014\" src=\"http:\/\/www.moravecteam.cz\/wp-content\/uploads\/2019\/12\/DSC_0014.jpg\" width=\"865\" height=\"907\" srcset=\"https:\/\/www.moravecteam.cz\/wp-content\/uploads\/2019\/12\/DSC_0014.jpg 865w, https:\/\/www.moravecteam.cz\/wp-content\/uploads\/2019\/12\/DSC_0014-25x25.jpg 25w, https:\/\/www.moravecteam.cz\/wp-content\/uploads\/2019\/12\/DSC_0014-286x300.jpg 286w\" sizes=\"(max-width: 865px) 100vw, 865px\" \/><\/a><figcaption id=\"caption-attachment-14360\" class=\"wp-caption-text\">Starosta Bene\u0161ova Tonda Rus m\u011bl z n\u00e1r\u016fstu m\u00edstn\u00edch biker\u016f v r. 2019 ur\u010dit\u011b radost!<\/figcaption><\/figure>\n<p style=\"text-align: justify;\">A nebylo by na\u0161eho v\u00fdro\u010dn\u00edho ro(c)kov\u00e1n\u00ed, aby na n\u011bm chyb\u011bli nejbli\u017e\u0161\u00ed a nejdra\u017e\u0161\u00ed od na\u0161eho <strong><span style=\"color: #800000;\">Vlastimila MORAVCE<\/span><\/strong>\u2026 <strong><span style=\"color: #800000;\">\u201e1. Kohoutovick\u00fd motorizovan\u00fd front\u201c<\/span><\/strong> dorazil v\u00a0sestav\u011b <strong><span style=\"color: #800000;\">Va\u0161ek Kurd\u00edk<\/span><\/strong> (velitel), <strong><span style=\"color: #800000;\">Mirek Baksa<\/span><\/strong> (st\u0159elec) a <strong><span style=\"color: #800000;\">Jarda Blaha<\/span><\/strong> (\u0159idi\u010d) a i \u00a0<strong><span style=\"color: #800000;\">\u201e1. Mod\u0159ick\u00fd \/ Bohunick\u00fd motorizovan\u00fd front\u201c<\/span><\/strong> se u restaurace Morava \u201evylodil\u201c ve velmi siln\u00e9 sestav\u011b: <strong><span style=\"color: #800000;\">\u201eVelk\u00e1\u201c Eva MORAVCOV\u00c1<\/span><\/strong> (velitel), <strong><span style=\"color: #800000;\">\u201eMal\u00e1\u201c Eva Bartol\u0161ic-MORAVCOV\u00c1<\/span><\/strong> (\u0159idi\u010d), \u00a0mal\u00e1 <strong><span style=\"color: #800000;\">Zitu\u0161ka Bartol\u0161icov\u00e1<\/span><\/strong> (st\u0159elec)\u2026 Pozorn\u00ed \u201eKoh\u00f3ti\u201c n\u00e1s op\u011bt p\u0159ekvapili mil\u00fdmi dary ves tylu \u201eZbrojovka Brno\u201c a \u201eHawai\u201c a hlavn\u011b: n\u00e1padit\u00fd \u201eMirin\u201c dovezl i obraz <strong><span style=\"color: #800000;\">Vlastimila MORAVCE<\/span><\/strong> (m\u011bl ho s\u00a0sebou i p\u0159i MTB z\u00e1vod\u011b na Bene\u0161ov\u011b, Vlast\u00edk, kter\u00fd by letos 7. kv\u011btna oslavil 70. narozeniny,\u00a0 byl tehdy vlastn\u011b osobn\u011b p\u0159\u00edtomen v\u0161em vyhla\u0161ovan\u00fdm v\u00edt\u011bz\u016fm) a z\u00e1hy na slavnostn\u00edm podve\u010deru geni\u00e1ln\u011b vy\u0159e\u0161il um\u00edstn\u011bn\u00ed obrazu v interi\u00e9ru, aby byl Vlasta MORAVEC s\u00a0n\u00e1mi a m\u011bl n\u00e1s po\u0159\u00e1d na o\u010d\u00edch!<\/p>\n<figure id=\"attachment_14362\" aria-describedby=\"caption-attachment-14362\" style=\"width: 2800px\" class=\"wp-caption alignnone\"><a href=\"http:\/\/www.moravecteam.cz\/?attachment_id=14362\" rel=\"attachment wp-att-14362\"><img decoding=\"async\" loading=\"lazy\" class=\" wp-image-14362\" alt=\"DSC_0086\" src=\"http:\/\/www.moravecteam.cz\/wp-content\/uploads\/2019\/12\/DSC_0086.jpg\" width=\"2800\" height=\"2476\" srcset=\"https:\/\/www.moravecteam.cz\/wp-content\/uploads\/2019\/12\/DSC_0086.jpg 2800w, https:\/\/www.moravecteam.cz\/wp-content\/uploads\/2019\/12\/DSC_0086-300x265.jpg 300w, https:\/\/www.moravecteam.cz\/wp-content\/uploads\/2019\/12\/DSC_0086-1024x905.jpg 1024w\" sizes=\"(max-width: 2800px) 100vw, 2800px\" \/><\/a><figcaption id=\"caption-attachment-14362\" class=\"wp-caption-text\">Svistot \u0161avle kolem u\u0161\u00ed &#8222;Malou&#8220; Evu p\u0159i pasov\u00e1n\u00ed do jednotky MORAVEC Rangers evidentn\u011b nikterak ned\u011bsil..!<\/figcaption><\/figure>\n<p style=\"text-align: justify;\">Trojgenera\u010dn\u00ed sestava MORAVCOV\u00ddCH-Bartol\u0161icov\u00edch, \u00a0byla pro zm\u011bnu v\u00a0pr\u016fb\u011bhu podve\u010dera hodn\u011b sp\u00edkrem vyz\u00fdv\u00e1na v\u00a0r\u00e1mci oce\u0148ov\u00e1n\u00ed: <strong><span style=\"color: #800000;\">Zitu\u0161ka Bartol\u0161icov\u00e1<\/span><\/strong> nejd\u0159\u00edve p\u0159evzala za nemocnou mlad\u0161\u00ed sest\u0159i\u010dku <strong><span style=\"color: #800000;\">Ladu\u0161ku Bartol\u0161icovou<\/span><\/strong> v\u00fdro\u010dn\u00ed d\u00edv\u010d\u00ed cenu \u201eObjev roku\u201c, aby pak osobn\u011b p\u0159evzala nominace na V\u00fdro\u010dn\u00ed ceny v\u00a0kategori\u00edch \u201eSkokan roku\u201c a \u201eDravec MORAVEC\u201c! Zkr\u00e1tka, jabl\u00ed\u010dka nepadla \u2013 zd\u00e1 se \u2013 daleko od stromu\u2026 \u201e1. Mod\u0159ick\u00fd \/ Bohunick\u00fd motorizovan\u00fd front\u201c vybojoval ale je\u0161t\u011b jedno ocen\u011bn\u00ed&#8230; Toho podve\u010dera jedin\u00e1 \u201epasova\u010dka\u201c do \u0159ad elitn\u00edch jezdc\u016f \u201eMORAVEC Rangers\u201c \u00a0se t\u00fdkala pr\u00e1v\u011b <strong><span style=\"color: #800000;\">\u201eMal\u00e9\u201c Evy Bartol\u0161ic &#8211; MORAVCOV\u00c9<\/span><\/strong>..! Blahop\u0159ejeme! <strong><span style=\"color: #800000;\">Bravo MORAVEC!<\/span><\/strong><\/p>\n<p style=\"text-align: justify;\">\u201eMal\u00e1\u201c Eva p\u0159edala cenu i nejlep\u0161\u00edmu na\u0161emu dosp\u011bl\u00e9mu \u201erajdrovi\u201c \u2013 <strong><span style=\"color: #800000;\">Petru \u0160ichovi<\/span><\/strong>, kter\u00fd sklidil letos nejeden \u00fasp\u011bch nejen v\u00a0z\u00e1vodech \u010cesk\u00e9ho poh\u00e1ru horsk\u00fdch kol v\u00a0kategorii mu\u017ei EXPERT (vyhr\u00e1l nap\u0159\u00edklad z\u00e1vod v\u00a0Peci pod Sn\u011b\u017ekou), ale da\u0159ilo se mu i v\u00a0kategorii mu\u017ei ELITE i <strong><a href=\"http:\/\/vysledky.pohardrahanskevrchoviny.cz\/2019\/?page=vysledky\">na leto\u0161n\u00ed MTB \u201eVrchovin\u011b\u201c<\/a> <\/strong>(celkov\u00e9 2. m\u00edsto, bral v\u00edt\u011bzstv\u00ed nap\u0159. v\u00a0presti\u017en\u00edm fin\u00e1lov\u00e9m z\u00e1vod\u011b v\u00a0 Nov\u00e9m M\u011bst\u011b na Morav\u011b). Na ot\u00e1zku, zda u\u017e p\u0159\u00ed\u0161t\u00ed rok nezkus\u00ed v\u00a0\u010cesk\u00e9m poh\u00e1ru kategorii mu\u017ei ELITE, odpov\u011bd\u011bl skromn\u00fd a sympatick\u00fd Pe\u0165a p\u0159i p\u0159eb\u00edr\u00e1n\u00ed ceny: <em>\u201eJe\u0161t\u011b ne. S\u00a0tren\u00e9rem Jirkou O\u0161\u0165\u00e1dalem budeme oba jezdit p\u0159\u00ed\u0161t\u00ed rok v poh\u00e1ru \u201eexperty\u201c&#8230;\u201c.<\/em> I Petrovi blahop\u0159ejeme, za v\u00fdkony a v\u00fdsledky d\u011bkujeme a do bikov\u00fdch souboj\u016f v\u00a0r. 2020 p\u0159ejeme hodn\u011b \u0161t\u011bst\u00ed! <strong><span style=\"color: #800000;\">Bravo MORAVEC!<\/span><\/strong><\/p>\n<figure id=\"attachment_14363\" aria-describedby=\"caption-attachment-14363\" style=\"width: 2603px\" class=\"wp-caption alignnone\"><a href=\"http:\/\/www.moravecteam.cz\/?attachment_id=14363\" rel=\"attachment wp-att-14363\"><img decoding=\"async\" loading=\"lazy\" class=\" wp-image-14363\" alt=\"DSC_0095\" src=\"http:\/\/www.moravecteam.cz\/wp-content\/uploads\/2019\/12\/DSC_0095.jpg\" width=\"2603\" height=\"2491\" srcset=\"https:\/\/www.moravecteam.cz\/wp-content\/uploads\/2019\/12\/DSC_0095.jpg 2603w, https:\/\/www.moravecteam.cz\/wp-content\/uploads\/2019\/12\/DSC_0095-25x25.jpg 25w, https:\/\/www.moravecteam.cz\/wp-content\/uploads\/2019\/12\/DSC_0095-300x287.jpg 300w, https:\/\/www.moravecteam.cz\/wp-content\/uploads\/2019\/12\/DSC_0095-1024x979.jpg 1024w\" sizes=\"(max-width: 2603px) 100vw, 2603px\" \/><\/a><figcaption id=\"caption-attachment-14363\" class=\"wp-caption-text\">Mal\u00fd a Velk\u00fd mu\u017e..! Aneb Jon\u00e1\u0161 a Vl\u00e1\u010fa &#8211; v\u00edt\u011bzov\u00e9 &#8222;Typovac\u00ed sout\u011b\u017ee ze \u017eivota Vlastimila MORAVCE&#8220;.<\/figcaption><\/figure>\n<p style=\"text-align: justify;\">\u017de byli vyhl\u00e1\u0161eny osobnostmi MTB \u201eVrchrchoviny\u201c 2019 <strong><span style=\"color: #800000;\">Mirka V\u00edtkov\u00e1, Maru\u0161ka Zouharov\u00e1 a Karel V\u0161etula<\/span><\/strong>, byl dozajist\u00e9 akt zcela legitimn\u00ed a pro ocen\u011bn\u00e9 v\u00edce ne\u017e zaslou\u017een\u00fd! Bez t\u011bchto t\u0159\u00ed jmen si u\u017e po l\u00e9ta neum\u00edme z\u00e1vody \u201eVrchoviny\u201c p\u0159edstavit&#8230; Jejich nen\u00e1padn\u00e9, nezi\u0161tn\u00e9, ale velmi cenn\u00e9 a soustavn\u00e9 pomoci se dostalo zaslou\u017een\u00e9 odm\u011bny formou poh\u00e1r\u016f pro Osobnosti MTB \u201eVrchoviny\u201c 2019! A \u017ee dostala <strong><span style=\"color: #800000;\">Maru\u0161ka Zouharov\u00e1<\/span><\/strong> poh\u00e1r nejv\u011bt\u0161\u00ed, to ur\u010dit\u011b Mirce a ani Karlovi v\u016fbec nevadilo\u2026 Jen \u0161koda, \u017ee Mirka tolik sp\u011bchala\u2026 Cenu jsme j\u00ed nestihnuli p\u0159edat&#8230; Nevad\u00ed\u2026 Jej\u00ed soustavnou zanepr\u00e1zdn\u011bnost respektujeme a poh\u00e1r j\u00ed p\u0159ed\u00e1me p\u0159i nejbli\u017e\u0161\u00ed vhodn\u00e9 p\u0159\u00edle\u017eitosti\u2026 A\u0165 tak, \u010di tak: velk\u00e9 d\u00edky za Va\u0161i pr\u00e1ci pro MORAVEC Team <strong><span style=\"color: #800000;\">Mirko, Maru\u0161ko, Karle<\/span><\/strong>..!<\/p>\n<figure id=\"attachment_14364\" aria-describedby=\"caption-attachment-14364\" style=\"width: 349px\" class=\"wp-caption aligncenter\"><a href=\"http:\/\/www.moravecteam.cz\/?attachment_id=14364\" rel=\"attachment wp-att-14364\"><img decoding=\"async\" loading=\"lazy\" class=\"size-full wp-image-14364 \" alt=\"DSC_0092\" src=\"http:\/\/www.moravecteam.cz\/wp-content\/uploads\/2019\/12\/DSC_0092.jpg\" width=\"349\" height=\"401\" srcset=\"https:\/\/www.moravecteam.cz\/wp-content\/uploads\/2019\/12\/DSC_0092.jpg 349w, https:\/\/www.moravecteam.cz\/wp-content\/uploads\/2019\/12\/DSC_0092-261x300.jpg 261w\" sizes=\"(max-width: 349px) 100vw, 349px\" \/><\/a><figcaption id=\"caption-attachment-14364\" class=\"wp-caption-text\">Cena Vlastimila MORAVCE &#8211; Borec MORAVEC si fyzicky na sv\u00e9ho dr\u017eitele mus\u00ed je\u0161t\u011b po\u010dkat&#8230;<\/figcaption><\/figure>\n<p style=\"text-align: justify;\"><span style=\"color: #000000;\">Proto\u017ee se k\u00a0n\u00e1m v\u00a0pr\u016fb\u011bhu podve\u010dera p\u0159ipojil i soudob\u00fd skv\u011bl\u00fd \u010desk\u00fd biker \u2013 junior a n\u00e1\u0161 odchovanec, <strong><span style=\"color: #800000;\">Tom\u00e1\u0161 Tlamka \u201eContador\u201c <\/span><\/strong>(<strong><a href=\"http:\/\/www.skcpraha.cz\/?p=5428\">Nutrend Specialized Racing Team<\/a><\/strong>) , nemohla b\u00fdt nevyhl\u00e1\u0161ena autogrami\u00e1da, kdy\u017e d\u011bti \u201elovily\u201c podpisy hlavn\u011b pr\u00e1v\u011b u trojice <strong><span style=\"color: #800000;\">Kozl\u00edkov\u00e1 \u2013 Kol\u00e1\u0159 \u2013 Tlamka \u201eContador\u201c<\/span><\/strong>\u2026 Hostem u\u017e ani nejmenujeme na\u0161eho nov\u00e9ho tren\u00e9ra, <strong><span style=\"color: #800000;\">Vl\u00e1\u010fu Opletela<\/span><\/strong>, kter\u00fd je s n\u00e1mi \u010d\u00edm d\u00e1l \u010dast\u011bji&#8230; Jeho \u00fa\u010dast byla avizov\u00e1na, jeho p\u0159\u00edtomnosti jsem si ale v\u0161imnul, a\u017e kdy\u017e do\u0161lo na vyhla\u0161ov\u00e1n\u00ed v\u00edt\u011bz\u016f &#8222;Typovac\u00ed sout\u011b\u017ee ze \u017eivota <strong><span style=\"color: #800000;\">Vlastimila MORAVCE&#8220;<\/span><\/strong>. Byl to pr\u00e1v\u011b Vl\u00e1\u010fa spolu s\u00a0mal\u00fdm <strong><span style=\"color: #800000;\">Jon\u00e1\u0161em Janovsk\u00fdm<\/span><\/strong>, kte\u0159\u00ed uhodli, \u017ee druh\u00e9 etapov\u00e9 v\u00edt\u011bzstv\u00ed na Z\u00e1vodu M\u00edru slavil <strong><span style=\"color: #800000;\">Vlast\u00edk MORAVEC<\/span> <\/strong>v\u00a0r. 1977 (toto \u201etrefil\u201c mal\u00fd \u201eD\u017eonas\u201c) a byla to etapa z\u00a0Poznan\u011b do Torun\u011b (to pro zm\u011bnu zase uhodnul Vl\u00e1\u010fa Opletal)\u2026 <strong><span style=\"color: #800000;\">Bravo MORAVEC!\u00a0<\/span><\/strong>Suma sum\u00e1rum: kdo si v ten posledn\u00ed p\u00e1te\u010dn\u00ed podve\u010der r. 2019,\u00a0 nechal v\u00fdro\u010dn\u00ed ro(c)kov\u00e1n\u00ed MORAVEC Teamu uj\u00edt, ten jakoby nebyl\u2026 Zde mrkn\u011bte na t\u0159i supr fotogalerie <span style=\"color: #800000;\"><strong>Karla V\u0161etuly<\/strong><\/span> (videosekvence v\u010detn\u011b):<\/span><\/p>\n<ul>\n<li><span style=\"color: #008000;\"><strong><a href=\"https:\/\/moravecteam.rajce.idnes.cz\/2019.12.27_Vyrocni_ro_c_kovani\/\"><span style=\"color: #008000;\">Foto-video galerie \u010d.1<\/span><\/a><\/strong><\/span><\/li>\n<li><strong><a href=\"https:\/\/moravecteam.rajce.idnes.cz\/2019.12.27_Vyrocni_ro_c_kovani_-_2\/\">Foto-video galerie \u010d.2<\/a><\/strong><\/li>\n<li><strong><a href=\"https:\/\/moravecteam.rajce.idnes.cz\/2019.12.27_Vyrocni_ro_c_kovani_-_3\/\">Foto-video galerie \u010d.3<\/a><\/strong><\/li>\n<\/ul>\n<h5><span style=\"text-decoration: underline;\"><strong><span style=\"color: #800000; text-decoration: underline;\">Galerie ocen\u011bn\u00fdch:<\/span><\/strong><\/span><\/h5>\n<p><span style=\"color: #800000;\"><strong>Objev roku d\u00edvky &#8211; <span style=\"text-decoration: underline;\">Lada Bartol\u0161icov\u00e1<\/span><\/strong><\/span><\/p>\n<p><a href=\"http:\/\/www.moravecteam.cz\/?attachment_id=14365\" rel=\"attachment wp-att-14365\"><img decoding=\"async\" loading=\"lazy\" class=\"alignnone  wp-image-14365\" title=\"V zastoupen\u00ed cenu p\u0159evzala star\u0161\u00ed sestra, Zita Bartol\u0161icov\u00e1.\" alt=\"DSC_0031\" src=\"http:\/\/www.moravecteam.cz\/wp-content\/uploads\/2019\/12\/DSC_0031.jpg\" width=\"1493\" height=\"2062\" srcset=\"https:\/\/www.moravecteam.cz\/wp-content\/uploads\/2019\/12\/DSC_0031.jpg 1493w, https:\/\/www.moravecteam.cz\/wp-content\/uploads\/2019\/12\/DSC_0031-217x300.jpg 217w, https:\/\/www.moravecteam.cz\/wp-content\/uploads\/2019\/12\/DSC_0031-741x1024.jpg 741w\" sizes=\"(max-width: 1493px) 100vw, 1493px\" \/><\/a><\/p>\n<p>&nbsp;<\/p>\n<p><strong><span style=\"color: #800000;\">Objev roku chlapci &#8211; <span style=\"text-decoration: underline;\">Matou\u0161 Usnul<\/span><\/span><\/strong><\/p>\n<p><a href=\"http:\/\/www.moravecteam.cz\/?attachment_id=14367\" rel=\"attachment wp-att-14367\"><img decoding=\"async\" loading=\"lazy\" class=\"alignnone size-full wp-image-14367\" alt=\"DSC_0033\" src=\"http:\/\/www.moravecteam.cz\/wp-content\/uploads\/2019\/12\/DSC_0033.jpg\" width=\"1445\" height=\"1848\" srcset=\"https:\/\/www.moravecteam.cz\/wp-content\/uploads\/2019\/12\/DSC_0033.jpg 1445w, https:\/\/www.moravecteam.cz\/wp-content\/uploads\/2019\/12\/DSC_0033-234x300.jpg 234w, https:\/\/www.moravecteam.cz\/wp-content\/uploads\/2019\/12\/DSC_0033-800x1024.jpg 800w\" sizes=\"(max-width: 1445px) 100vw, 1445px\" \/><\/a><\/p>\n<p>&nbsp;<\/p>\n<p><strong><span style=\"color: #800000;\">Skokan roku d\u00edvky &#8211; <span style=\"text-decoration: underline;\">Lucie Gottwaldov\u00e1<\/span><\/span><\/strong><\/p>\n<p><a href=\"http:\/\/www.moravecteam.cz\/?attachment_id=14368\" rel=\"attachment wp-att-14368\"><img decoding=\"async\" loading=\"lazy\" class=\"alignnone size-full wp-image-14368\" alt=\"DSC_0041a\" src=\"http:\/\/www.moravecteam.cz\/wp-content\/uploads\/2019\/12\/DSC_0041a.jpg\" width=\"813\" height=\"1133\" srcset=\"https:\/\/www.moravecteam.cz\/wp-content\/uploads\/2019\/12\/DSC_0041a.jpg 813w, https:\/\/www.moravecteam.cz\/wp-content\/uploads\/2019\/12\/DSC_0041a-215x300.jpg 215w, https:\/\/www.moravecteam.cz\/wp-content\/uploads\/2019\/12\/DSC_0041a-734x1024.jpg 734w\" sizes=\"(max-width: 813px) 100vw, 813px\" \/><\/a><\/p>\n<p>&nbsp;<\/p>\n<p><strong><span style=\"color: #800000;\">Skokan roku chlapci &#8211; <span style=\"text-decoration: underline;\">Jon\u00e1\u0161 Janovsk\u00fd<\/span><\/span><\/strong><\/p>\n<p><a href=\"http:\/\/www.moravecteam.cz\/?attachment_id=14369\" rel=\"attachment wp-att-14369\"><img decoding=\"async\" loading=\"lazy\" class=\"alignnone size-full wp-image-14369\" alt=\"DSC_0046\" src=\"http:\/\/www.moravecteam.cz\/wp-content\/uploads\/2019\/12\/DSC_0046.jpg\" width=\"1032\" height=\"1508\" srcset=\"https:\/\/www.moravecteam.cz\/wp-content\/uploads\/2019\/12\/DSC_0046.jpg 1032w, https:\/\/www.moravecteam.cz\/wp-content\/uploads\/2019\/12\/DSC_0046-205x300.jpg 205w, https:\/\/www.moravecteam.cz\/wp-content\/uploads\/2019\/12\/DSC_0046-700x1024.jpg 700w\" sizes=\"(max-width: 1032px) 100vw, 1032px\" \/><\/a><\/p>\n<p>&nbsp;<\/p>\n<p><strong><span style=\"color: #800000;\">Dravec MORAVEC d\u00edvky &#8211; <span style=\"text-decoration: underline;\">Zita \u017dern\u00ed\u010dkov\u00e1<\/span><\/span><\/strong><\/p>\n<p><a href=\"http:\/\/www.moravecteam.cz\/?attachment_id=14370\" rel=\"attachment wp-att-14370\"><img decoding=\"async\" loading=\"lazy\" class=\"alignnone size-full wp-image-14370\" alt=\"DSC_0053\" src=\"http:\/\/www.moravecteam.cz\/wp-content\/uploads\/2019\/12\/DSC_00531.jpg\" width=\"816\" height=\"1393\" srcset=\"https:\/\/www.moravecteam.cz\/wp-content\/uploads\/2019\/12\/DSC_00531.jpg 816w, https:\/\/www.moravecteam.cz\/wp-content\/uploads\/2019\/12\/DSC_00531-175x300.jpg 175w, https:\/\/www.moravecteam.cz\/wp-content\/uploads\/2019\/12\/DSC_00531-599x1024.jpg 599w\" sizes=\"(max-width: 816px) 100vw, 816px\" \/><\/a><\/p>\n<p>&nbsp;<\/p>\n<p><strong><span style=\"color: #800000;\">Dravec MORAVEC chlapci &#8211;\u00a0<span style=\"text-decoration: underline;\">Dominik Pt\u00e1\u010dn\u00edk<\/span><\/span><\/strong><\/p>\n<p><a href=\"http:\/\/www.moravecteam.cz\/?attachment_id=14371\" rel=\"attachment wp-att-14371\"><img decoding=\"async\" loading=\"lazy\" class=\"alignnone size-full wp-image-14371\" alt=\"DSC_0057\" src=\"http:\/\/www.moravecteam.cz\/wp-content\/uploads\/2019\/12\/DSC_0057.jpg\" width=\"1199\" height=\"1760\" srcset=\"https:\/\/www.moravecteam.cz\/wp-content\/uploads\/2019\/12\/DSC_0057.jpg 1199w, https:\/\/www.moravecteam.cz\/wp-content\/uploads\/2019\/12\/DSC_0057-204x300.jpg 204w, https:\/\/www.moravecteam.cz\/wp-content\/uploads\/2019\/12\/DSC_0057-697x1024.jpg 697w\" sizes=\"(max-width: 1199px) 100vw, 1199px\" \/><\/a><\/p>\n<p>&nbsp;<\/p>\n<p><strong><span style=\"color: #800000;\">Borec MORAVEC d\u00edvky &#8211; <span style=\"text-decoration: underline;\">Eli\u0161ka Han\u00e1kov\u00e1<br \/>\n<\/span><\/span><\/strong><\/p>\n<p><a href=\"http:\/\/www.moravecteam.cz\/?attachment_id=14372\" rel=\"attachment wp-att-14372\"><img decoding=\"async\" loading=\"lazy\" class=\"alignnone size-full wp-image-14372\" alt=\"DSC_0069a\" src=\"http:\/\/www.moravecteam.cz\/wp-content\/uploads\/2019\/12\/DSC_0069a.jpg\" width=\"805\" height=\"1169\" srcset=\"https:\/\/www.moravecteam.cz\/wp-content\/uploads\/2019\/12\/DSC_0069a.jpg 805w, https:\/\/www.moravecteam.cz\/wp-content\/uploads\/2019\/12\/DSC_0069a-206x300.jpg 206w, https:\/\/www.moravecteam.cz\/wp-content\/uploads\/2019\/12\/DSC_0069a-705x1024.jpg 705w\" sizes=\"(max-width: 805px) 100vw, 805px\" \/><\/a><\/p>\n<p>&nbsp;<\/p>\n<p><strong><span style=\"color: #800000;\">Borec MORAVEC chlapci &#8211; <span style=\"text-decoration: underline;\">Luk\u00e1\u0161 Sedl\u00e1k<\/span><\/span><\/strong><\/p>\n<p><a href=\"http:\/\/www.moravecteam.cz\/?attachment_id=14296\" rel=\"attachment wp-att-14296\"><img decoding=\"async\" loading=\"lazy\" class=\"alignnone size-full wp-image-14296\" alt=\"DSC_0168\" src=\"http:\/\/www.moravecteam.cz\/wp-content\/uploads\/2019\/12\/DSC_0168.jpg\" width=\"1342\" height=\"2000\" srcset=\"https:\/\/www.moravecteam.cz\/wp-content\/uploads\/2019\/12\/DSC_0168.jpg 1342w, https:\/\/www.moravecteam.cz\/wp-content\/uploads\/2019\/12\/DSC_0168-201x300.jpg 201w, https:\/\/www.moravecteam.cz\/wp-content\/uploads\/2019\/12\/DSC_0168-687x1024.jpg 687w\" sizes=\"(max-width: 1342px) 100vw, 1342px\" \/><\/a><\/p>\n<p>&nbsp;<\/p>\n<p><strong><span style=\"color: #800000;\">Cena Evy MORAVCOV\u00c9 &#8211; <span style=\"text-decoration: underline;\">Petr \u0160ich<\/span><\/span><\/strong><\/p>\n<p><a href=\"http:\/\/www.moravecteam.cz\/?attachment_id=14373\" rel=\"attachment wp-att-14373\"><img decoding=\"async\" loading=\"lazy\" class=\"alignnone size-full wp-image-14373\" alt=\"DSC_0076\" src=\"http:\/\/www.moravecteam.cz\/wp-content\/uploads\/2019\/12\/DSC_00761.jpg\" width=\"2239\" height=\"2412\" srcset=\"https:\/\/www.moravecteam.cz\/wp-content\/uploads\/2019\/12\/DSC_00761.jpg 2239w, https:\/\/www.moravecteam.cz\/wp-content\/uploads\/2019\/12\/DSC_00761-278x300.jpg 278w, https:\/\/www.moravecteam.cz\/wp-content\/uploads\/2019\/12\/DSC_00761-950x1024.jpg 950w\" sizes=\"(max-width: 2239px) 100vw, 2239px\" \/><\/a><\/p>\n<p>&nbsp;<\/p>\n<p><strong><span style=\"color: #800000;\">Osobnost MTB &#8222;Vrchoviny&#8220; 2019 &#8211; <span style=\"text-decoration: underline;\">Ing. Jarom\u00edra V\u00edtkov\u00e1<\/span><\/span><\/strong><\/p>\n<p><a href=\"http:\/\/www.moravecteam.cz\/?attachment_id=14374\" rel=\"attachment wp-att-14374\"><img decoding=\"async\" loading=\"lazy\" class=\"alignnone size-full wp-image-14374\" alt=\"DSC_0027a\" src=\"http:\/\/www.moravecteam.cz\/wp-content\/uploads\/2019\/12\/DSC_0027a.jpg\" width=\"1438\" height=\"1650\" srcset=\"https:\/\/www.moravecteam.cz\/wp-content\/uploads\/2019\/12\/DSC_0027a.jpg 1438w, https:\/\/www.moravecteam.cz\/wp-content\/uploads\/2019\/12\/DSC_0027a-261x300.jpg 261w, https:\/\/www.moravecteam.cz\/wp-content\/uploads\/2019\/12\/DSC_0027a-892x1024.jpg 892w\" sizes=\"(max-width: 1438px) 100vw, 1438px\" \/><\/a><\/p>\n<p>&nbsp;<\/p>\n<p><strong><span style=\"color: #800000;\">Osobnost MTB &#8222;Vrchoviny&#8220; 2019 &#8211; <span style=\"text-decoration: underline;\">Maru\u0161ka Zouharov\u00e1<\/span><\/span><\/strong><\/p>\n<p><a href=\"http:\/\/www.moravecteam.cz\/?attachment_id=14354\" rel=\"attachment wp-att-14354\"><img decoding=\"async\" loading=\"lazy\" class=\"alignnone size-full wp-image-14354\" alt=\"DSC_0082\" src=\"http:\/\/www.moravecteam.cz\/wp-content\/uploads\/2019\/12\/DSC_0082.jpg\" width=\"3854\" height=\"3073\" srcset=\"https:\/\/www.moravecteam.cz\/wp-content\/uploads\/2019\/12\/DSC_0082.jpg 3854w, https:\/\/www.moravecteam.cz\/wp-content\/uploads\/2019\/12\/DSC_0082-300x239.jpg 300w, https:\/\/www.moravecteam.cz\/wp-content\/uploads\/2019\/12\/DSC_0082-1024x816.jpg 1024w\" sizes=\"(max-width: 3854px) 100vw, 3854px\" \/><\/a><\/p>\n<p>&nbsp;<\/p>\n<p><strong><span style=\"color: #800000;\">Osobnost MTB &#8222;Vrchoviny&#8220; 2019 &#8211; <span style=\"text-decoration: underline;\">Karel V\u0161etula<\/span><\/span><\/strong><\/p>\n<p><a href=\"http:\/\/www.moravecteam.cz\/?attachment_id=14376\" rel=\"attachment wp-att-14376\"><img decoding=\"async\" loading=\"lazy\" class=\"alignnone size-full wp-image-14376\" alt=\"DSC_0078a\" src=\"http:\/\/www.moravecteam.cz\/wp-content\/uploads\/2019\/12\/DSC_0078a.jpg\" width=\"1048\" height=\"1287\" srcset=\"https:\/\/www.moravecteam.cz\/wp-content\/uploads\/2019\/12\/DSC_0078a.jpg 1048w, https:\/\/www.moravecteam.cz\/wp-content\/uploads\/2019\/12\/DSC_0078a-244x300.jpg 244w, https:\/\/www.moravecteam.cz\/wp-content\/uploads\/2019\/12\/DSC_0078a-833x1024.jpg 833w\" sizes=\"(max-width: 1048px) 100vw, 1048px\" \/><\/a><\/p>\n<p>&nbsp;<\/p>\n<p>&nbsp;<\/p>\n","protected":false},"excerpt":{"rendered":"<p>MORAVEC Team zavr\u0161il \u00fasp\u011b\u0161nou sez\u00f3nu 2019 o posledn\u00edm prosincov\u00e9m p\u00e1tku sv\u00fdm tradi\u010dn\u00edm slavnostn\u00edm v\u00fdro\u010dn\u00edm ro(c)kov\u00e1n\u00edm. Na pomysln\u00fd d\u00edv\u010d\u00ed tr\u016fn podle o\u010dek\u00e1v\u00e1n\u00ed op\u011bt usedla a velmi cen\u011bnou bronzovou \u00a0trofej bude m\u00edt i po cel\u00fd p\u0159\u00ed\u0161t\u00ed rok v\u00a0dr\u017een\u00ed, Eli\u0161ka Han\u00e1kov\u00e1, pl\u00e1novan\u00e9 \u201est\u0159\u00edd\u00e1n\u00ed str\u00e1\u017e\u00ed\u201c se konalo mezi chlapci, kdy druhou vz\u00e1cnou trofej z\u00edskal premi\u00e9rov\u011b Luk\u00e1\u0161 Sedl\u00e1k! Krom\u011b hlavn\u00edch &hellip; <a href=\"https:\/\/www.moravecteam.cz\/?p=14349\" class=\"more-link\">Pokra\u010dov\u00e1n\u00ed textu <span class=\"screen-reader-text\">Eli\u0161ka a Luk\u00e1\u0161!<\/span> <span class=\"meta-nav\">&rarr;<\/span><\/a><\/p>\n","protected":false},"author":3,"featured_media":14352,"comment_status":"open","ping_status":"closed","sticky":false,"template":"","format":"standard","meta":[],"categories":[13],"tags":[],"_links":{"self":[{"href":"https:\/\/www.moravecteam.cz\/index.php?rest_route=\/wp\/v2\/posts\/14349"}],"collection":[{"href":"https:\/\/www.moravecteam.cz\/index.php?rest_route=\/wp\/v2\/posts"}],"about":[{"href":"https:\/\/www.moravecteam.cz\/index.php?rest_route=\/wp\/v2\/types\/post"}],"author":[{"embeddable":true,"href":"https:\/\/www.moravecteam.cz\/index.php?rest_route=\/wp\/v2\/users\/3"}],"replies":[{"embeddable":true,"href":"https:\/\/www.moravecteam.cz\/index.php?rest_route=%2Fwp%2Fv2%2Fcomments&post=14349"}],"version-history":[{"count":15,"href":"https:\/\/www.moravecteam.cz\/index.php?rest_route=\/wp\/v2\/posts\/14349\/revisions"}],"predecessor-version":[{"id":14388,"href":"https:\/\/www.moravecteam.cz\/index.php?rest_route=\/wp\/v2\/posts\/14349\/revisions\/14388"}],"wp:featuredmedia":[{"embeddable":true,"href":"https:\/\/www.moravecteam.cz\/index.php?rest_route=\/wp\/v2\/media\/14352"}],"wp:attachment":[{"href":"https:\/\/www.moravecteam.cz\/index.php?rest_route=%2Fwp%2Fv2%2Fmedia&parent=14349"}],"wp:term":[{"taxonomy":"category","embeddable":true,"href":"https:\/\/www.moravecteam.cz\/index.php?rest_route=%2Fwp%2Fv2%2Fcategories&post=14349"},{"taxonomy":"post_tag","embeddable":true,"href":"https:\/\/www.moravecteam.cz\/index.php?rest_route=%2Fwp%2Fv2%2Ftags&post=14349"}],"curies":[{"name":"wp","href":"https:\/\/api.w.org\/{rel}","templated":true}]}}