{"id":1435,"date":"2015-08-25T13:16:55","date_gmt":"2015-08-25T11:16:55","guid":{"rendered":"http:\/\/www.moravecteam.cz\/?p=1435"},"modified":"2015-08-25T13:21:02","modified_gmt":"2015-08-25T11:21:02","slug":"co-se-bude-dit-st35","status":"publish","type":"post","link":"https:\/\/www.moravecteam.cz\/?p=1435","title":{"rendered":"Co se bude d\u00edt? (ST35)"},"content":{"rendered":"<h5><span style=\"color: #800000;\"><strong>\u00dater\u00fd\u00a025.8. 2015<\/strong><\/span><\/h5>\n<p style=\"text-align: justify;\">Dal\u0161\u00ed\u00a0 tr\u00e9nink z\u00e1vodn\u00edho t\u00fdmu pro \u010cesk\u00e9 poh\u00e1ry s\u00a0V\u00ed\u0165ou Prudkem.\u00a0Sraz v Boskovic\u00edch u Novibry v 17.00 hodin. Kdo se nebude moci \u00fa\u010dastnit, omluvte se v\u010das V\u00ed\u0165ovi na jeho mobiln\u00ed apart\u00e1t s identifik\u00e1torem\u00a0731 180 096.<\/p>\n<h5><span style=\"color: #800000;\"><strong>St\u0159eda 26.8. 2015<\/strong><\/span><\/h5>\n<p style=\"text-align: justify;\">Pravideln\u00fd tr\u00e9nink biker\u016f MORAVCE &#8222;druh\u00e9ho sledu&#8220; &#8211; tj. t\u011bch, kte\u0159\u00ed je\u0161t\u011b \u010cesk\u00fd poh\u00e1r horsk\u00fdch kol nejezd\u00ed, ale jsou zdatn\u00ed v region\u00e1ln\u00edm seri\u00e1lu o Poh\u00e1r Drahansk\u00e9 vrchoviny. Sraz mlad\u00fdch biker\u016f je v 17.00 hodin, u Z\u0160 Bene\u0161ov, tr\u00e9nink povede\u00a0Milan Tlamka.\u00a0V p\u0159\u00edpad\u011b \u00a0dotaz\u016f kontaktujte Milana na jeho mobiln\u00ed apar\u00e1t s identifik\u00e1torem\u00a0776 108 046.<\/p>\n<h5><span style=\"color: #800000;\">Sobota\u00a029.8. 2015<\/span><\/h5>\n<p style=\"text-align: justify;\">\u00da\u010dast na MTB z\u00e1vodech v Ostrav\u011b &#8211; Ostravsk\u00fd Chachar. Organiza\u010dn\u011b zaji\u0161\u0165uje V\u00ed\u0165a Prudek, s n\u00edm domlouvejte detaily, t\u00fdkaj\u00edc\u00ed se \u00fa\u010dasti na tomto z\u00e1vod\u011b. Zde jsou <strong><a href=\"http:\/\/www.ostravskychachar.cz\/\">propozice a dal\u0161\u00ed podrobnosti k tradi\u010dn\u00ed race.<\/a><\/strong><\/p>\n<h5><strong>\u00a0<\/strong><\/h5>\n<p>&nbsp;<\/p>\n","protected":false},"excerpt":{"rendered":"<p>\u00dater\u00fd\u00a025.8. 2015 Dal\u0161\u00ed\u00a0 tr\u00e9nink z\u00e1vodn\u00edho t\u00fdmu pro \u010cesk\u00e9 poh\u00e1ry s\u00a0V\u00ed\u0165ou Prudkem.\u00a0Sraz v Boskovic\u00edch u Novibry v 17.00 hodin. Kdo se nebude moci \u00fa\u010dastnit, omluvte se v\u010das V\u00ed\u0165ovi na jeho mobiln\u00ed apart\u00e1t s identifik\u00e1torem\u00a0731 180 096. St\u0159eda 26.8. 2015 Pravideln\u00fd tr\u00e9nink biker\u016f MORAVCE &#8222;druh\u00e9ho sledu&#8220; &#8211; tj. t\u011bch, kte\u0159\u00ed je\u0161t\u011b \u010cesk\u00fd poh\u00e1r horsk\u00fdch kol nejezd\u00ed, ale &hellip; <a href=\"https:\/\/www.moravecteam.cz\/?p=1435\" class=\"more-link\">Pokra\u010dov\u00e1n\u00ed textu <span class=\"screen-reader-text\">Co se bude d\u00edt? (ST35)<\/span> <span class=\"meta-nav\">&rarr;<\/span><\/a><\/p>\n","protected":false},"author":3,"featured_media":1437,"comment_status":"closed","ping_status":"closed","sticky":false,"template":"","format":"standard","meta":[],"categories":[11],"tags":[],"_links":{"self":[{"href":"https:\/\/www.moravecteam.cz\/index.php?rest_route=\/wp\/v2\/posts\/1435"}],"collection":[{"href":"https:\/\/www.moravecteam.cz\/index.php?rest_route=\/wp\/v2\/posts"}],"about":[{"href":"https:\/\/www.moravecteam.cz\/index.php?rest_route=\/wp\/v2\/types\/post"}],"author":[{"embeddable":true,"href":"https:\/\/www.moravecteam.cz\/index.php?rest_route=\/wp\/v2\/users\/3"}],"replies":[{"embeddable":true,"href":"https:\/\/www.moravecteam.cz\/index.php?rest_route=%2Fwp%2Fv2%2Fcomments&post=1435"}],"version-history":[{"count":1,"href":"https:\/\/www.moravecteam.cz\/index.php?rest_route=\/wp\/v2\/posts\/1435\/revisions"}],"predecessor-version":[{"id":1436,"href":"https:\/\/www.moravecteam.cz\/index.php?rest_route=\/wp\/v2\/posts\/1435\/revisions\/1436"}],"wp:featuredmedia":[{"embeddable":true,"href":"https:\/\/www.moravecteam.cz\/index.php?rest_route=\/wp\/v2\/media\/1437"}],"wp:attachment":[{"href":"https:\/\/www.moravecteam.cz\/index.php?rest_route=%2Fwp%2Fv2%2Fmedia&parent=1435"}],"wp:term":[{"taxonomy":"category","embeddable":true,"href":"https:\/\/www.moravecteam.cz\/index.php?rest_route=%2Fwp%2Fv2%2Fcategories&post=1435"},{"taxonomy":"post_tag","embeddable":true,"href":"https:\/\/www.moravecteam.cz\/index.php?rest_route=%2Fwp%2Fv2%2Ftags&post=1435"}],"curies":[{"name":"wp","href":"https:\/\/api.w.org\/{rel}","templated":true}]}}