{"id":14389,"date":"2019-12-30T23:42:55","date_gmt":"2019-12-30T22:42:55","guid":{"rendered":"http:\/\/www.moravecteam.cz\/?p=14389"},"modified":"2019-12-30T23:44:05","modified_gmt":"2019-12-30T22:44:05","slug":"co-se-bude-dit-st01-4","status":"publish","type":"post","link":"https:\/\/www.moravecteam.cz\/?p=14389","title":{"rendered":"Co se bude d\u00edt? (ST01)"},"content":{"rendered":"<h5><span style=\"color: #800000;\"><strong>St\u0159eda 1.1. 2020<\/strong><\/span><\/h5>\n<p style=\"text-align: justify;\">Novoro\u010dn\u00ed\u00a0 v\u00fdji\u017e\u010fka na kolech &#8211;\u00a0sm\u011br penzion Lada, Repechy.\u00a0 <strong><span style=\"color: #800000;\">Sraz cyklist\u016f tentokr\u00e1t u\u017e v 11.15 u restaurace Morava Bene\u0161ov<\/span><\/strong>, sl\u00edbili jsme, \u017ee si n\u00e1s u\u017eij\u00ed o trochu d\u00e9le, be\u017e obvykle! Pros\u00edm, kdo\u00a0 s v\u00fdletem\u00a0 na 12.00 do penzionu Lada po\u010d\u00edt\u00e1te, <strong><span style=\"color: #800000;\">dejte mi v\u011bd\u011bt do \u00fater\u00fd, 31.12. 2019 do slunce z\u00e1padu<\/span><\/strong>, zarezervuji v\u010das pro V\u00e1s m\u00edsto u stolu.<\/p>\n<h5><span style=\"color: #800000;\">Sobota 4.1. 2020<\/span><\/h5>\n<p style=\"text-align: justify;\">P\u00e1t\u00fd z\u00e1vod Brn\u011bnsk\u00e9ho b\u011b\u017eeck\u00e9ho poh\u00e1ru v Ku\u0159imi &#8211; Ku\u0159imsk\u00fd kros. Zde studujte\u00a0<strong><a href=\"https:\/\/www.atletikauni.cz\/cz\/s1522\/Kalendar-akci\/Seznam-akci\/c2130-Detail-akce\/ata705-BBP-5-Kurimsky-kros\">propozice.<\/a><\/strong><\/p>\n<h5><span style=\"color: #800000;\"><strong>AKCE\u00a0 ZA\u00a0HORIZONTEM<\/strong><\/span><\/h5>\n<ul>\n<li style=\"text-align: justify;\"><strong><span style=\"color: #800000;\">9.- 16.2. 2020<\/span><\/strong>\u00a0&#8211; zimn\u00ed soust\u0159ed\u011bn\u00ed v Jesen\u00edk\u00e1ch &#8211; na tradi\u010dn\u00edm m\u00edst\u011b &#8211; chata N\u00e1vr\u0161\u00ed.\u00a0Seznam je v po\u010dtu 26 osob uzav\u0159en.<\/li>\n<li style=\"text-align: justify;\"><strong><span style=\"color: #800000;\">23. 2. 2020<\/span><\/strong> &#8211; p\u00e1tr\u00e1n\u00ed po stop\u00e1ch YETTI. Sraz p\u00e1tra\u010d\u016f ve 13.00 hodin u restaurace Morava Bene\u0161ov<\/li>\n<li style=\"text-align: justify;\"><strong><span style=\"color: #800000;\">2<\/span><span style=\"color: #800000;\">9.2. &#8211; 8.3. 2020<\/span><\/strong>\u00a0&#8211; jarn\u00ed soust\u0159ed\u011bn\u00ed v Pule (Chorvatsko). Seznam \u00fa\u010dastn\u00edk\u016f bude up\u0159esn\u011bn po skon\u010den\u00ed zimn\u00edho\u00a0 soust\u0159ed\u011bn\u00ed v Jesen\u00edk\u00e1ch.<\/li>\n<\/ul>\n","protected":false},"excerpt":{"rendered":"<p>St\u0159eda 1.1. 2020 Novoro\u010dn\u00ed\u00a0 v\u00fdji\u017e\u010fka na kolech &#8211;\u00a0sm\u011br penzion Lada, Repechy.\u00a0 Sraz cyklist\u016f tentokr\u00e1t u\u017e v 11.15 u restaurace Morava Bene\u0161ov, sl\u00edbili jsme, \u017ee si n\u00e1s u\u017eij\u00ed o trochu d\u00e9le, be\u017e obvykle! Pros\u00edm, kdo\u00a0 s v\u00fdletem\u00a0 na 12.00 do penzionu Lada po\u010d\u00edt\u00e1te, dejte mi v\u011bd\u011bt do \u00fater\u00fd, 31.12. 2019 do slunce z\u00e1padu, zarezervuji v\u010das pro &hellip; <a href=\"https:\/\/www.moravecteam.cz\/?p=14389\" class=\"more-link\">Pokra\u010dov\u00e1n\u00ed textu <span class=\"screen-reader-text\">Co se bude d\u00edt? (ST01)<\/span> <span class=\"meta-nav\">&rarr;<\/span><\/a><\/p>\n","protected":false},"author":3,"featured_media":14390,"comment_status":"open","ping_status":"closed","sticky":false,"template":"","format":"standard","meta":[],"categories":[11],"tags":[],"_links":{"self":[{"href":"https:\/\/www.moravecteam.cz\/index.php?rest_route=\/wp\/v2\/posts\/14389"}],"collection":[{"href":"https:\/\/www.moravecteam.cz\/index.php?rest_route=\/wp\/v2\/posts"}],"about":[{"href":"https:\/\/www.moravecteam.cz\/index.php?rest_route=\/wp\/v2\/types\/post"}],"author":[{"embeddable":true,"href":"https:\/\/www.moravecteam.cz\/index.php?rest_route=\/wp\/v2\/users\/3"}],"replies":[{"embeddable":true,"href":"https:\/\/www.moravecteam.cz\/index.php?rest_route=%2Fwp%2Fv2%2Fcomments&post=14389"}],"version-history":[{"count":3,"href":"https:\/\/www.moravecteam.cz\/index.php?rest_route=\/wp\/v2\/posts\/14389\/revisions"}],"predecessor-version":[{"id":14393,"href":"https:\/\/www.moravecteam.cz\/index.php?rest_route=\/wp\/v2\/posts\/14389\/revisions\/14393"}],"wp:featuredmedia":[{"embeddable":true,"href":"https:\/\/www.moravecteam.cz\/index.php?rest_route=\/wp\/v2\/media\/14390"}],"wp:attachment":[{"href":"https:\/\/www.moravecteam.cz\/index.php?rest_route=%2Fwp%2Fv2%2Fmedia&parent=14389"}],"wp:term":[{"taxonomy":"category","embeddable":true,"href":"https:\/\/www.moravecteam.cz\/index.php?rest_route=%2Fwp%2Fv2%2Fcategories&post=14389"},{"taxonomy":"post_tag","embeddable":true,"href":"https:\/\/www.moravecteam.cz\/index.php?rest_route=%2Fwp%2Fv2%2Ftags&post=14389"}],"curies":[{"name":"wp","href":"https:\/\/api.w.org\/{rel}","templated":true}]}}