{"id":1439,"date":"2015-08-29T15:40:27","date_gmt":"2015-08-29T13:40:27","guid":{"rendered":"http:\/\/www.moravecteam.cz\/?p=1439"},"modified":"2015-08-31T12:34:53","modified_gmt":"2015-08-31T10:34:53","slug":"petr-bezruc-ostrava","status":"publish","type":"post","link":"https:\/\/www.moravecteam.cz\/?p=1439","title":{"rendered":"Petr Bezru\u010d: OSTRAVA..!"},"content":{"rendered":"<p style=\"text-align: justify;\"><strong><span style=\"color: #800000;\">U\u017e\u00a0dlouho je nejen s uhl\u00edm\u00a0spojov\u00e1no m\u011bsto na severu Moravy, kter\u00e9 v t\u00e9to souvislosti\u00a0proslavil v minul\u00e9m stolet\u00ed svou legend\u00e1rn\u00ed b\u00e1sn\u00ed\u00a0 bard ve sv\u00e9m oboru &#8211; Petr Bezru\u010d.\u00a0Po mnoho let je\u00a0Ostrava zasl\u00edbena i biker\u016fm a to p\u0159edev\u0161\u00edm d\u00edky mu\u017ei rozv\u00e1\u017en\u00e9mu, p\u0159em\u00fd\u0161liv\u00e9mu a r\u00e1zn\u00e9mu z\u00e1rove\u0148, na\u0161emu kamar\u00e1dovi, Martinu \u0160\u00edmovi. \u00a0Nepsan\u00fd \u0161\u00e9f severomoravsk\u00e9 cyklistiky a majitel z\u00e1vodn\u00ed st\u00e1je a firmy MaxCursor zde za\u010dal p\u0159ed \u010dtrn\u00e1cti lety po\u0159\u00e1dat v \u00fadol\u00ed B\u011blsk\u00e9ho potoku bikov\u00fd z\u00e1vod Ostravsk\u00fd Chachar a d\u00edky n\u011bmu se dnes u\u017e k t\u00e9to race \u0159ad\u00ed p\u0159\u00edvlastek &#8222;kultovn\u00ed&#8220;. Posledn\u00ed srpnov\u00fd v\u00edkend si zde dali bike\u0159i\u00a0 po roce op\u011bt dostaven\u00ed\u010dko a siln\u00fd \u00a0v\u00fdb\u011br MORAVCE samoz\u0159ejm\u011b nemohl chyb\u011bt&#8230; A jako v minul\u00fdch letech ani letos se nevrac\u00edme s pr\u00e1zdnou&#8230; <\/span><\/strong><\/p>\n<figure id=\"attachment_1460\" aria-describedby=\"caption-attachment-1460\" style=\"width: 882px\" class=\"wp-caption alignnone\"><a href=\"http:\/\/www.moravecteam.cz\/?attachment_id=1460\" rel=\"attachment wp-att-1460\"><img decoding=\"async\" loading=\"lazy\" class=\" wp-image-1460 \" alt=\"IMG_2610\" src=\"http:\/\/www.moravecteam.cz\/wp-content\/uploads\/2015\/08\/IMG_2610.jpg\" width=\"882\" height=\"850\" srcset=\"https:\/\/www.moravecteam.cz\/wp-content\/uploads\/2015\/08\/IMG_2610.jpg 882w, https:\/\/www.moravecteam.cz\/wp-content\/uploads\/2015\/08\/IMG_2610-25x25.jpg 25w, https:\/\/www.moravecteam.cz\/wp-content\/uploads\/2015\/08\/IMG_2610-300x289.jpg 300w\" sizes=\"(max-width: 882px) 100vw, 882px\" \/><\/a><figcaption id=\"caption-attachment-1460\" class=\"wp-caption-text\">Vyhr\u00e1t v Ostrav\u011b a porazit p\u0159i tom dom\u00e1c\u00ed favoritky &#8211; to pot\u011b\u0161\u00ed! A toto p\u0159esn\u011b se poda\u0159ilo Ad\u00e9le \u0160af\u00e1\u0159ov\u00e9. Cennou trofej jsem m\u011bl mo\u017enost po z\u00e1vod\u011b pot\u011b\u017ekat..<\/figcaption><\/figure>\n<p style=\"text-align: justify;\">Dv\u011b zlat\u00e9, t\u0159i st\u0159\u00edbrn\u00e9 a dv\u011b bronzov\u00e9 medaile jsou d\u016fkazem toho, \u017ee\u00a0z\u00e1vodnick\u00e1 pohoda\u00a0na\u0161im st\u00e1le dr\u017e\u00ed! P\u0159edev\u0161\u00edm juniorka <span style=\"color: #800000;\"><strong>Ad\u00e9la \u0160af\u00e1\u0159ov\u00e1<\/strong> <\/span>jist\u00fdm v\u00edt\u011bzstv\u00edm a hlavn\u011b bezchybnou j\u00edzdou uk\u00e1zala, \u017ee j\u00ed\u00a0forma p\u0159ed bl\u00ed\u017e\u00edc\u00edm se Mistrovstv\u00ed sv\u011bta v Ando\u0159e kulminuje v prav\u00fd \u010das! Zlat\u00fdm v\u00fdsledkem ji okop\u00edrovala v kategorii star\u0161\u00edch \u017e\u00e1ky\u0148 <span style=\"color: #800000;\"><strong>Tereza Obo\u0159ilov\u00e1<\/strong><\/span> a i ona uk\u00e1zala, \u017ee m\u00e1 st\u00e1le sil na rozd\u00e1v\u00e1n\u00ed&#8230; Cenn\u00e1 st\u0159\u00edbra si z Ostravy vezou junior <strong><span style=\"color: #800000;\">Dominik Prudek<\/span><\/strong>, kadetka <strong><span style=\"color: #800000;\">Jana Tesa\u0159ov\u00e1<\/span><\/strong> a jej\u00ed\u00a0bratr, mlad\u0161\u00ed \u017e\u00e1k <strong><span style=\"color: #800000;\">Jakub\u00a0Tesa\u0159<\/span><\/strong>. Bronzem pak ozdobili svoje starty v \u00fadol\u00ed B\u011blsk\u00e9ho potoka dal\u0161\u00ed na\u0161i: star\u0161\u00ed \u017e\u00e1k <strong><span style=\"color: #800000;\">Michal \u0160m\u00edda<\/span><\/strong> a ve stejn\u00e9 kategorii d\u00edvek\u00a0i <span style=\"color: #800000;\"><strong>Anna Zem\u00e1nkov\u00e1<\/strong><\/span>. N\u00e1vdavkem r\u00e1di registrujeme, \u017ee\u00a0 dal\u0161\u00edch \u0161est\u00a0na\u0161ich rider\u016f figuruje v prvn\u00ed des\u00edtce v\u00fdsledkov\u00fdch listin! Zkr\u00e1tka MORAVEC, jak b\u00fdv\u00e1 tradic\u00ed, op\u011bt nechal na leto\u0161n\u00edm Chacharu (nebo je spr\u00e1vn\u011b Chacharovi?) v\u00fdraznou medailovou stopu. \u017de z\u00e1vod mu\u017e\u016f ELITE si nenechal uj\u00edt Jarda Kulhav\u00fd, snad nikoho nep\u0159ekvapilo, stejn\u011b tak jako jeho jist\u00e9 prvenstv\u00ed, kdy\u017e podle o\u010dek\u00e1v\u00e1n\u00ed mu byl st\u00ednem st\u00e1le v\u00fdborn\u00fd a nest\u00e1rnouc\u00ed, n\u00e1m z lo\u0148sk\u00e9ho Slavkova dob\u0159e zn\u00e1m\u00fd, Pavel Boudn\u00fd. Zd\u00e1 se, \u017ee i &#8222;Kulhecovi&#8220; jde p\u0159ed vrcholem leto\u0161n\u00ed sez\u00f3ny forma spr\u00e1vn\u00fdm sm\u011brem&#8230; <span style=\"color: #000000;\">Supr v\u00fdsledky z presti\u017en\u00edho Ostravsk\u00e9ho Chachara, na kter\u00e9m MORAVCI i letos zanechaj\u00ed v\u00fdraznou medailovou stopu, si m\u016f\u017eete prostudovat zde:\u00a0<\/span><\/p>\n<ul>\n<li>Michal Fritz &#8211; 10. m\u00edsto (\u017e\u00e1ci 3.-5. t\u0159\u00edda)<\/li>\n<li><span style=\"color: #800000;\"><strong>Jakub Tesa\u0159 &#8211; 2. m\u00edsto (mlad\u0161\u00ed \u017e\u00e1ci)<\/strong><\/span><\/li>\n<li>Anna Smutn\u00e1 &#8211; 5. m\u00edsto (mlad\u0161\u00ed \u017e\u00e1kyn\u011b)<\/li>\n<li><strong><span style=\"color: #800000;\">Tereza Obo\u0159ilov\u00e1 &#8211; 1. m\u00edsto (star\u0161\u00ed \u017e\u00e1kyn\u011b)<\/span><\/strong><\/li>\n<li><span style=\"color: #800000;\"><strong>Anna Zem\u00e1nkov\u00e1 &#8211; 3. m\u00edsto (star\u0161\u00ed \u017e\u00e1yn\u011b)<\/strong><\/span><\/li>\n<li>Aneta Fritzov\u00e1 &#8211; 5. m\u00edsto (star\u0161\u00ed \u017e\u00e1kyn\u011b)<\/li>\n<li><span style=\"color: #800000;\"><strong>Michal \u0160m\u00edda &#8211; 3. m\u00edsto (star\u0161\u00ed \u017e\u00e1ci)<\/strong><\/span><\/li>\n<li><span style=\"color: #800000;\"><strong>Jana Tesa\u0159ov\u00e1 &#8211; 2. m\u00edsto (kadetky)<\/strong><\/span><\/li>\n<li>Jan \u0160m\u00edda &#8211; 9. m\u00edsto (kadeti)<\/li>\n<li><span style=\"color: #800000;\"><strong>Ad\u00e9la \u0160af\u00e1rov\u00e1 &#8211; 1. m\u00edsto (juniorky)<\/strong><\/span><\/li>\n<li><span style=\"color: #800000;\"><strong>Dominik Prudek &#8211; 2. m\u00edsto (junio\u0159i)<\/strong><\/span><\/li>\n<li>Luk\u00e1\u0161 Gregor &#8211; nedojel (mu\u017ei 19-29 let)<\/li>\n<li>Radim Kov\u00e1\u0159 &#8211; nedojel (mu\u017ei ELITE)<\/li>\n<li>V\u00ed\u0165a Prudek &#8211; 5. m\u00edsto (mu\u017ei 50-59 let)<\/li>\n<li>Milan \u0160af\u00e1\u0159 &#8211; 7. m\u00edsto (mu\u017ei 50-59 let)<\/li>\n<\/ul>\n<p style=\"text-align: justify;\">Kompletn\u00ed <strong><a href=\"http:\/\/sportsoft.cz\/cs\/zavod\/overview\/1554\">v\u00fdsledky jsou u\u017e zde<\/a>,<\/strong>\u00a0na\u0161e p\u00f3diov\u00e9 <a href=\"http:\/\/moravecteam.rajce.idnes.cz\/2015.08.29_Ostravsky_chachar\/\"><strong>fotky omrkn\u011bte tady<\/strong><\/a><strong>.\u00a0<\/strong><\/p>\n<p>&nbsp;<\/p>\n<p>&nbsp;<\/p>\n","protected":false},"excerpt":{"rendered":"<p>U\u017e\u00a0dlouho je nejen s uhl\u00edm\u00a0spojov\u00e1no m\u011bsto na severu Moravy, kter\u00e9 v t\u00e9to souvislosti\u00a0proslavil v minul\u00e9m stolet\u00ed svou legend\u00e1rn\u00ed b\u00e1sn\u00ed\u00a0 bard ve sv\u00e9m oboru &#8211; Petr Bezru\u010d.\u00a0Po mnoho let je\u00a0Ostrava zasl\u00edbena i biker\u016fm a to p\u0159edev\u0161\u00edm d\u00edky mu\u017ei rozv\u00e1\u017en\u00e9mu, p\u0159em\u00fd\u0161liv\u00e9mu a r\u00e1zn\u00e9mu z\u00e1rove\u0148, na\u0161emu kamar\u00e1dovi, Martinu \u0160\u00edmovi. \u00a0Nepsan\u00fd \u0161\u00e9f severomoravsk\u00e9 cyklistiky a majitel z\u00e1vodn\u00ed st\u00e1je a &hellip; <a href=\"https:\/\/www.moravecteam.cz\/?p=1439\" class=\"more-link\">Pokra\u010dov\u00e1n\u00ed textu <span class=\"screen-reader-text\">Petr Bezru\u010d: OSTRAVA..!<\/span> <span class=\"meta-nav\">&rarr;<\/span><\/a><\/p>\n","protected":false},"author":3,"featured_media":1449,"comment_status":"closed","ping_status":"closed","sticky":false,"template":"","format":"standard","meta":[],"categories":[1],"tags":[],"_links":{"self":[{"href":"https:\/\/www.moravecteam.cz\/index.php?rest_route=\/wp\/v2\/posts\/1439"}],"collection":[{"href":"https:\/\/www.moravecteam.cz\/index.php?rest_route=\/wp\/v2\/posts"}],"about":[{"href":"https:\/\/www.moravecteam.cz\/index.php?rest_route=\/wp\/v2\/types\/post"}],"author":[{"embeddable":true,"href":"https:\/\/www.moravecteam.cz\/index.php?rest_route=\/wp\/v2\/users\/3"}],"replies":[{"embeddable":true,"href":"https:\/\/www.moravecteam.cz\/index.php?rest_route=%2Fwp%2Fv2%2Fcomments&post=1439"}],"version-history":[{"count":11,"href":"https:\/\/www.moravecteam.cz\/index.php?rest_route=\/wp\/v2\/posts\/1439\/revisions"}],"predecessor-version":[{"id":1464,"href":"https:\/\/www.moravecteam.cz\/index.php?rest_route=\/wp\/v2\/posts\/1439\/revisions\/1464"}],"wp:featuredmedia":[{"embeddable":true,"href":"https:\/\/www.moravecteam.cz\/index.php?rest_route=\/wp\/v2\/media\/1449"}],"wp:attachment":[{"href":"https:\/\/www.moravecteam.cz\/index.php?rest_route=%2Fwp%2Fv2%2Fmedia&parent=1439"}],"wp:term":[{"taxonomy":"category","embeddable":true,"href":"https:\/\/www.moravecteam.cz\/index.php?rest_route=%2Fwp%2Fv2%2Fcategories&post=1439"},{"taxonomy":"post_tag","embeddable":true,"href":"https:\/\/www.moravecteam.cz\/index.php?rest_route=%2Fwp%2Fv2%2Ftags&post=1439"}],"curies":[{"name":"wp","href":"https:\/\/api.w.org\/{rel}","templated":true}]}}